{"id":95105,"date":"2025-08-23T16:38:00","date_gmt":"2025-08-23T19:38:00","guid":{"rendered":"https:\/\/www.em.com.br\/emfoco\/?p=95105"},"modified":"2025-08-22T01:45:34","modified_gmt":"2025-08-22T04:45:34","slug":"governo-mira-equilibrio-fiscal-e-preve-crescimento-da-economia","status":"publish","type":"post","link":"https:\/\/www.em.com.br\/emfoco\/2025\/08\/23\/governo-mira-equilibrio-fiscal-e-preve-crescimento-da-economia\/","title":{"rendered":"Governo mira equil\u00edbrio fiscal e prev\u00ea crescimento da economia"},"content":{"rendered":"\n<p>Nos \u00faltimos tempos, o cen\u00e1rio econ\u00f4mico brasileiro vem enfrentando desafios significativos, especialmente no que diz respeito ao planejamento e execu\u00e7\u00e3o do or\u00e7amento. A ministra do <strong>Planejamento e Or\u00e7amento, Simone Tebet<\/strong>, abordou essas quest\u00f5es durante uma audi\u00eancia na <strong>Comiss\u00e3o Mista de Or\u00e7amento no Congresso Nacional<\/strong>, enfatizando a complexidade envolvida nas metas para 2026. Apesar dos obst\u00e1culos, a ministra reafirmou a viabilidade dessas metas, destacando o compromisso do <strong>Executivo <\/strong>com regras fiscais r\u00edgidas, essenciais para a sustentabilidade da d\u00edvida p\u00fablica do pa\u00eds.<\/p>\n\n\n\n<p>Um dos pilares do planejamento or\u00e7ament\u00e1rio do governo \u00e9 o foco no super\u00e1vit prim\u00e1rio de R$ 34,3 bilh\u00f5es, ou 0,25% do <strong>Produto Interno Bruto<\/strong> (<a href=\"https:\/\/www.em.com.br\/emfoco\/2025\/02\/03\/conheca-as-metropoles-que-lideram-o-pib-do-brasil\/\" target=\"_blank\" rel=\"noreferrer noopener\">PIB<\/a>). Essa previs\u00e3o \u00e9 sustentada por c\u00e1lculos fundamentados na realidade econ\u00f4mica atual, apesar do cen\u00e1rio adverso. A ministra <strong>Tebet <\/strong>indicou que o crescimento do <strong>PIB<\/strong>, estimado em 2,5% para 2026, insere um otimismo cauteloso nas previs\u00f5es econ\u00f4micas. Paralelamente, est\u00e1 previsto um aumento no sal\u00e1rio m\u00ednimo para R$ 1.630,00, o que pode contribuir para a melhoria das condi\u00e7\u00f5es de vida dos brasileiros.<\/p>\n\n\n\n<h2 class=\"wp-block-heading\">Por que o controle fiscal \u00e9 crucial?<\/h2>\n\n\n<div class=\"wp-block-image\">\n<figure class=\"aligncenter size-large\"><img loading=\"lazy\" decoding=\"async\" width=\"1024\" height=\"576\" src=\"https:\/\/www.em.com.br\/emfoco\/wp-content\/uploads\/2025\/08\/calculadora-dinheiro-reais_1754959311655-1024x576.jpg\" alt=\"\" class=\"wp-image-89940\" srcset=\"https:\/\/www.em.com.br\/emfoco\/wp-content\/uploads\/2025\/08\/calculadora-dinheiro-reais_1754959311655-1024x576.jpg 1024w, https:\/\/www.em.com.br\/emfoco\/wp-content\/uploads\/2025\/08\/calculadora-dinheiro-reais_1754959311655-300x169.jpg 300w, https:\/\/www.em.com.br\/emfoco\/wp-content\/uploads\/2025\/08\/calculadora-dinheiro-reais_1754959311655-768x432.jpg 768w, https:\/\/www.em.com.br\/emfoco\/wp-content\/uploads\/2025\/08\/calculadora-dinheiro-reais_1754959311655-750x422.jpg 750w, https:\/\/www.em.com.br\/emfoco\/wp-content\/uploads\/2025\/08\/calculadora-dinheiro-reais_1754959311655-1140x641.jpg 1140w, https:\/\/www.em.com.br\/emfoco\/wp-content\/uploads\/2025\/08\/calculadora-dinheiro-reais_1754959311655.jpg 1280w\" sizes=\"auto, (max-width: 1024px) 100vw, 1024px\" \/><figcaption class=\"wp-element-caption\">Calculadora e porquinho simbolizando economia &#8211; Cr\u00e9ditos: depositphotos.com \/ EdZbarzhyvetsky<\/figcaption><\/figure><\/div>\n\n\n<p>A administra\u00e7\u00e3o eficiente dos recursos p\u00fablicos \u00e9 vital para garantir a estabilidade econ\u00f4mica do pa\u00eds. Enquanto as despesas obrigat\u00f3rias, como sal\u00e1rios de servidores e benef\u00edcios sociais, limitam a liberdade or\u00e7ament\u00e1ria, as despesas discricion\u00e1rias podem ser ajustadas conforme necess\u00e1rio para manter o equil\u00edbrio fiscal.<\/p>\n\n\n\n<p>Assim, o controle fiscal n\u00e3o \u00e9 apenas uma quest\u00e3o de equilibrar receitas e despesas, mas tamb\u00e9m de prover seguran\u00e7a e confian\u00e7a na economia nacional. Pol\u00edticas de austeridade e monitoramento criterioso dos gastos se mostram fundamentais para garantir credibilidade diante de investidores e da sociedade.<\/p>\n\n\n\n<h2 class=\"wp-block-heading\">Quais desafios envolvem a revis\u00e3o dos gastos tribut\u00e1rios?<\/h2>\n\n\n\n<p>Entre os desafios enfrentados pelo governo est\u00e1 a revis\u00e3o dos gastos tribut\u00e1rios, que s\u00e3o essencialmente benef\u00edcios fiscais concedidos a diversos setores. Atualmente, o <strong>Brasil <\/strong>possui cerca de<strong> 150 tipos <\/strong>de gastos desse tipo, evidenciando a necessidade de uma an\u00e1lise profunda para eliminar benef\u00edcios pouco eficazes.<\/p>\n\n\n\n<p>A ministra <strong>Tebet <\/strong>destacou a import\u00e2ncia de reavalia\u00e7\u00e3o desses benef\u00edcios, especialmente os n\u00e3o essenciais, que podem estar drenando recursos importantes do or\u00e7amento p\u00fablico. Reformas nessa \u00e1rea t\u00eam o potencial de gerar bilh\u00f5es para os cofres p\u00fablicos, ajudando a aliviar a press\u00e3o sobre a sustentabilidade fiscal.<\/p>\n\n\n\n<h2 class=\"wp-block-heading\">Quais os impactos das medidas de incentivo fiscal na economia?<\/h2>\n\n\n\n<p>A implementa\u00e7\u00e3o de medidas para reduzir incentivos fiscais est\u00e1 sendo considerada como uma estrat\u00e9gia para fortalecer a sustentabilidade econ\u00f4mica do <strong>Brasil<\/strong>. Embora sejam importantes para determinados setores, tais incentivos, quando excessivos, comprometem a arrecada\u00e7\u00e3o e reduzem a margem de manobra do governo.<\/p>\n\n\n\n<p>A revis\u00e3o e poss\u00edvel elimina\u00e7\u00e3o de incentivos n\u00e3o essenciais podem proporcionar um significativo aumento na arrecada\u00e7\u00e3o, permitindo ao governo investir em \u00e1reas priorit\u00e1rias, como sa\u00fade, educa\u00e7\u00e3o e infraestrutura. Dessa forma, \u00e9 poss\u00edvel promover um desenvolvimento mais equilibrado e sustent\u00e1vel para o pa\u00eds.<\/p>\n\n\n\n<h2 class=\"wp-block-heading\">Como a proje\u00e7\u00e3o do crescimento do PIB afeta as metas fiscais?<\/h2>\n\n\n\n<p>As expectativas para o <strong>PIB <\/strong>t\u00eam papel relevante no planejamento das metas fiscais. O crescimento estimado de 2,5% para 2026 pelo <strong><a href=\"https:\/\/www.gov.br\/planejamento\/pt-br\" target=\"_blank\" rel=\"noreferrer noopener\">Minist\u00e9rio do Planejamento<\/a><\/strong> demonstra otimismo cauteloso em rela\u00e7\u00e3o \u00e0 expans\u00e3o da economia brasileira.<\/p>\n\n\n\n<p>Esse crescimento pode resultar em maior arrecada\u00e7\u00e3o tribut\u00e1ria, facilitando o cumprimento das metas fiscais estabelecidas e ampliando a capacidade de investimento do governo. Contudo, \u00e9 necess\u00e1rio que pol\u00edticas macroecon\u00f4micas acompanhem esse ritmo para garantir a estabilidade dos indicadores econ\u00f4micos.<\/p>\n\n\n\n<h2 class=\"wp-block-heading\">A import\u00e2ncia do aumento do sal\u00e1rio m\u00ednimo na sustentabilidade social<\/h2>\n\n\n\n<p>O aumento do sal\u00e1rio m\u00ednimo para R$ 1.630,00, previsto para <strong>2026<\/strong>, visa n\u00e3o s\u00f3 valorizar o trabalhador, mas tamb\u00e9m estimular o consumo e fortalecer a economia interna. Um piso salarial mais elevado pode contribuir diretamente para a redu\u00e7\u00e3o das desigualdades sociais no pa\u00eds.<\/p>\n\n\n\n<p>Entretanto, o reajuste demanda equil\u00edbrio para n\u00e3o pressionar excessivamente as contas p\u00fablicas, considerando o impacto nos benef\u00edcios previdenci\u00e1rios e em outros setores. Por isso, a eleva\u00e7\u00e3o do sal\u00e1rio m\u00ednimo deve ser combinada com pol\u00edticas de controle de gastos para garantir sua sustentabilidade a longo prazo.<\/p>\n\n\n\n<h2 class=\"wp-block-heading\">Perspectivas futuras e o papel das reformas para o desenvolvimento sustent\u00e1vel<\/h2>\n\n\n\n<p>Em conclus\u00e3o, o caminho para alcan\u00e7ar as metas fiscais de 2026 est\u00e1 repleto de desafios, mas tamb\u00e9m de oportunidades para fortalecer a economia brasileira. Reformas estruturais, como a tribut\u00e1ria e a administrativa, s\u00e3o essenciais para aprimorar a efici\u00eancia do gasto p\u00fablico.<\/p>\n\n\n\n<p>Com medidas estrat\u00e9gicas como a revis\u00e3o de incentivos fiscais e o controle rigoroso das despesas, o governo busca equilibrar o or\u00e7amento, garantir a sustentabilidade fiscal e promover o desenvolvimento econ\u00f4mico sustent\u00e1vel a longo prazo, garantindo melhores condi\u00e7\u00f5es de vida para toda a popula\u00e7\u00e3o.<\/p>\n","protected":false},"excerpt":{"rendered":"<p>Nos \u00faltimos tempos, o cen\u00e1rio econ\u00f4mico brasileiro vem enfrentando desafios significativos, especialmente no que diz respeito ao planejamento e execu\u00e7\u00e3o do or\u00e7amento. A ministra do Planejamento e Or\u00e7amento, Simone Tebet, abordou essas quest\u00f5es durante uma audi\u00eancia na Comiss\u00e3o Mista de Or\u00e7amento no Congresso Nacional, enfatizando a complexidade envolvida nas metas para 2026. Apesar dos obst\u00e1culos, [&hellip;]<\/p>\n","protected":false},"author":20,"featured_media":89942,"comment_status":"open","ping_status":"open","sticky":false,"template":"","format":"standard","meta":{"jnews-multi-image_gallery":[],"jnews_single_post":{"format":"standard"},"jnews_primary_category":[],"jnews_social_meta":[],"jnews_override_counter":[],"footnotes":""},"categories":[28,1],"tags":[14698,1269,1439,812],"class_list":["post-95105","post","type-post","status-publish","format-standard","has-post-thumbnail","hentry","category-economia","category-noticias","tag-controle-fiscal","tag-orcamento-publico","tag-pib","tag-planejamento-2"],"yoast_head":"<!-- This site is optimized with the Yoast SEO plugin v23.8 - https:\/\/yoast.com\/wordpress\/plugins\/seo\/ -->\n<title>Governo mira equil\u00edbrio fiscal e prev\u00ea crescimento da economia - Estado de Minas - Em foco<\/title>\n<meta name=\"description\" content=\"Planejamento 2026 busca equil\u00edbrio fiscal com revis\u00e3o de incentivos, controle de gastos e previs\u00e3o de aumento do sal\u00e1rio m\u00ednimo.\" \/>\n<meta name=\"robots\" content=\"index, follow, max-snippet:-1, max-image-preview:large, max-video-preview:-1\" \/>\n<link rel=\"canonical\" href=\"https:\/\/www.em.com.br\/emfoco\/2025\/08\/23\/governo-mira-equilibrio-fiscal-e-preve-crescimento-da-economia\/\" \/>\n<meta property=\"og:locale\" content=\"pt_BR\" \/>\n<meta property=\"og:type\" content=\"article\" \/>\n<meta property=\"og:title\" content=\"Governo mira equil\u00edbrio fiscal e prev\u00ea crescimento da economia - Estado de Minas - Em foco\" \/>\n<meta property=\"og:description\" content=\"Planejamento 2026 busca equil\u00edbrio fiscal com revis\u00e3o de incentivos, controle de gastos e previs\u00e3o de aumento do sal\u00e1rio m\u00ednimo.\" \/>\n<meta property=\"og:url\" content=\"https:\/\/www.em.com.br\/emfoco\/2025\/08\/23\/governo-mira-equilibrio-fiscal-e-preve-crescimento-da-economia\/\" \/>\n<meta property=\"og:site_name\" content=\"Estado de Minas - Em foco\" \/>\n<meta property=\"article:published_time\" content=\"2025-08-23T19:38:00+00:00\" \/>\n<meta property=\"article:modified_time\" content=\"2025-08-22T04:45:34+00:00\" \/>\n<meta property=\"og:image\" content=\"https:\/\/www.em.com.br\/emfoco\/wp-content\/uploads\/2025\/08\/calculadora-dinheiro_1754959238129.jpg\" \/>\n\t<meta property=\"og:image:width\" content=\"1280\" \/>\n\t<meta property=\"og:image:height\" content=\"720\" \/>\n\t<meta property=\"og:image:type\" content=\"image\/jpeg\" \/>\n<meta name=\"author\" content=\"Ingrid Diniz\" \/>\n<meta name=\"twitter:card\" content=\"summary_large_image\" \/>\n<meta name=\"twitter:label1\" content=\"Escrito por\" \/>\n\t<meta name=\"twitter:data1\" content=\"Ingrid Diniz\" \/>\n\t<meta name=\"twitter:label2\" content=\"Est. tempo de leitura\" \/>\n\t<meta name=\"twitter:data2\" content=\"5 minutos\" \/>\n<!-- \/ Yoast SEO plugin. -->","yoast_head_json":{"title":"Governo mira equil\u00edbrio fiscal e prev\u00ea crescimento da economia - Estado de Minas - Em foco","description":"Planejamento 2026 busca equil\u00edbrio fiscal com revis\u00e3o de incentivos, controle de gastos e previs\u00e3o de aumento do sal\u00e1rio m\u00ednimo.","robots":{"index":"index","follow":"follow","max-snippet":"max-snippet:-1","max-image-preview":"max-image-preview:large","max-video-preview":"max-video-preview:-1"},"canonical":"https:\/\/www.em.com.br\/emfoco\/2025\/08\/23\/governo-mira-equilibrio-fiscal-e-preve-crescimento-da-economia\/","og_locale":"pt_BR","og_type":"article","og_title":"Governo mira equil\u00edbrio fiscal e prev\u00ea crescimento da economia - Estado de Minas - Em foco","og_description":"Planejamento 2026 busca equil\u00edbrio fiscal com revis\u00e3o de incentivos, controle de gastos e previs\u00e3o de aumento do sal\u00e1rio m\u00ednimo.","og_url":"https:\/\/www.em.com.br\/emfoco\/2025\/08\/23\/governo-mira-equilibrio-fiscal-e-preve-crescimento-da-economia\/","og_site_name":"Estado de Minas - Em foco","article_published_time":"2025-08-23T19:38:00+00:00","article_modified_time":"2025-08-22T04:45:34+00:00","og_image":[{"width":1280,"height":720,"url":"https:\/\/www.em.com.br\/emfoco\/wp-content\/uploads\/2025\/08\/calculadora-dinheiro_1754959238129.jpg","type":"image\/jpeg"}],"author":"Ingrid Diniz","twitter_card":"summary_large_image","twitter_misc":{"Escrito por":"Ingrid Diniz","Est. tempo de leitura":"5 minutos"},"schema":{"@context":"https:\/\/schema.org","@graph":[{"@type":"WebPage","@id":"https:\/\/www.em.com.br\/emfoco\/2025\/08\/23\/governo-mira-equilibrio-fiscal-e-preve-crescimento-da-economia\/","url":"https:\/\/www.em.com.br\/emfoco\/2025\/08\/23\/governo-mira-equilibrio-fiscal-e-preve-crescimento-da-economia\/","name":"Governo mira equil\u00edbrio fiscal e prev\u00ea crescimento da economia - Estado de Minas - Em foco","isPartOf":{"@id":"https:\/\/www.em.com.br\/emfoco\/#website"},"primaryImageOfPage":{"@id":"https:\/\/www.em.com.br\/emfoco\/2025\/08\/23\/governo-mira-equilibrio-fiscal-e-preve-crescimento-da-economia\/#primaryimage"},"image":{"@id":"https:\/\/www.em.com.br\/emfoco\/2025\/08\/23\/governo-mira-equilibrio-fiscal-e-preve-crescimento-da-economia\/#primaryimage"},"thumbnailUrl":"https:\/\/www.em.com.br\/emfoco\/wp-content\/uploads\/2025\/08\/calculadora-dinheiro_1754959238129.jpg","datePublished":"2025-08-23T19:38:00+00:00","dateModified":"2025-08-22T04:45:34+00:00","author":{"@id":"https:\/\/www.em.com.br\/emfoco\/#\/schema\/person\/649e610b4eb8fff87ff394e54fe17b2b"},"description":"Planejamento 2026 busca equil\u00edbrio fiscal com revis\u00e3o de incentivos, controle de gastos e previs\u00e3o de aumento do sal\u00e1rio m\u00ednimo.","breadcrumb":{"@id":"https:\/\/www.em.com.br\/emfoco\/2025\/08\/23\/governo-mira-equilibrio-fiscal-e-preve-crescimento-da-economia\/#breadcrumb"},"inLanguage":"pt-BR","potentialAction":[{"@type":"ReadAction","target":["https:\/\/www.em.com.br\/emfoco\/2025\/08\/23\/governo-mira-equilibrio-fiscal-e-preve-crescimento-da-economia\/"]}]},{"@type":"ImageObject","inLanguage":"pt-BR","@id":"https:\/\/www.em.com.br\/emfoco\/2025\/08\/23\/governo-mira-equilibrio-fiscal-e-preve-crescimento-da-economia\/#primaryimage","url":"https:\/\/www.em.com.br\/emfoco\/wp-content\/uploads\/2025\/08\/calculadora-dinheiro_1754959238129.jpg","contentUrl":"https:\/\/www.em.com.br\/emfoco\/wp-content\/uploads\/2025\/08\/calculadora-dinheiro_1754959238129.jpg","width":1280,"height":720,"caption":"BPC 2026 novo valor e quem tem direito - Cr\u00e9ditos: depositphotos.com \/ Tapanakornkaow@gmail.com"},{"@type":"BreadcrumbList","@id":"https:\/\/www.em.com.br\/emfoco\/2025\/08\/23\/governo-mira-equilibrio-fiscal-e-preve-crescimento-da-economia\/#breadcrumb","itemListElement":[{"@type":"ListItem","position":1,"name":"In\u00edcio","item":"https:\/\/www.em.com.br\/emfoco\/"},{"@type":"ListItem","position":2,"name":"Governo mira equil\u00edbrio fiscal e prev\u00ea crescimento da economia"}]},{"@type":"WebSite","@id":"https:\/\/www.em.com.br\/emfoco\/#website","url":"https:\/\/www.em.com.br\/emfoco\/","name":"Estado de Minas - Em foco","description":"Acompanhe as \u00faltimas not\u00edcias e fique bem informado sobre tudo o que acontece em Minas Gerais, Brasil e no mundo.","potentialAction":[{"@type":"SearchAction","target":{"@type":"EntryPoint","urlTemplate":"https:\/\/www.em.com.br\/emfoco\/?s={search_term_string}"},"query-input":{"@type":"PropertyValueSpecification","valueRequired":true,"valueName":"search_term_string"}}],"inLanguage":"pt-BR"},{"@type":"Person","@id":"https:\/\/www.em.com.br\/emfoco\/#\/schema\/person\/649e610b4eb8fff87ff394e54fe17b2b","name":"Ingrid Diniz","image":{"@type":"ImageObject","inLanguage":"pt-BR","@id":"https:\/\/www.em.com.br\/emfoco\/#\/schema\/person\/image\/","url":"https:\/\/secure.gravatar.com\/avatar\/a3baa1449ec5c39b4c42babc9d4f3951?s=96&d=mm&r=g","contentUrl":"https:\/\/secure.gravatar.com\/avatar\/a3baa1449ec5c39b4c42babc9d4f3951?s=96&d=mm&r=g","caption":"Ingrid Diniz"},"sameAs":["https:\/\/www.em.com.br\/"],"url":"https:\/\/www.em.com.br\/emfoco\/author\/ingridmyth\/"}]}},"_links":{"self":[{"href":"https:\/\/www.em.com.br\/emfoco\/wp-json\/wp\/v2\/posts\/95105","targetHints":{"allow":["GET"]}}],"collection":[{"href":"https:\/\/www.em.com.br\/emfoco\/wp-json\/wp\/v2\/posts"}],"about":[{"href":"https:\/\/www.em.com.br\/emfoco\/wp-json\/wp\/v2\/types\/post"}],"author":[{"embeddable":true,"href":"https:\/\/www.em.com.br\/emfoco\/wp-json\/wp\/v2\/users\/20"}],"replies":[{"embeddable":true,"href":"https:\/\/www.em.com.br\/emfoco\/wp-json\/wp\/v2\/comments?post=95105"}],"version-history":[{"count":1,"href":"https:\/\/www.em.com.br\/emfoco\/wp-json\/wp\/v2\/posts\/95105\/revisions"}],"predecessor-version":[{"id":95115,"href":"https:\/\/www.em.com.br\/emfoco\/wp-json\/wp\/v2\/posts\/95105\/revisions\/95115"}],"wp:featuredmedia":[{"embeddable":true,"href":"https:\/\/www.em.com.br\/emfoco\/wp-json\/wp\/v2\/media\/89942"}],"wp:attachment":[{"href":"https:\/\/www.em.com.br\/emfoco\/wp-json\/wp\/v2\/media?parent=95105"}],"wp:term":[{"taxonomy":"category","embeddable":true,"href":"https:\/\/www.em.com.br\/emfoco\/wp-json\/wp\/v2\/categories?post=95105"},{"taxonomy":"post_tag","embeddable":true,"href":"https:\/\/www.em.com.br\/emfoco\/wp-json\/wp\/v2\/tags?post=95105"}],"curies":[{"name":"wp","href":"https:\/\/api.w.org\/{rel}","templated":true}]}}