{"id":94816,"date":"2025-08-23T15:38:40","date_gmt":"2025-08-23T18:38:40","guid":{"rendered":"https:\/\/www.em.com.br\/emfoco\/?p=94816"},"modified":"2025-08-21T14:41:55","modified_gmt":"2025-08-21T17:41:55","slug":"o-que-significa-sentir-se-cansado-mesmo-dormindo-bem","status":"publish","type":"post","link":"https:\/\/www.em.com.br\/emfoco\/2025\/08\/23\/o-que-significa-sentir-se-cansado-mesmo-dormindo-bem\/","title":{"rendered":"O que significa sentir-se cansado mesmo dormindo bem"},"content":{"rendered":"\n<p>Sentir-se <strong>cansado<\/strong> ap\u00f3s uma noite de sono aparentemente <strong>restauradora<\/strong> \u00e9 mais comum do que se imagina. Em muitos casos, esse fen\u00f4meno est\u00e1 relacionado a fatores de sa\u00fade e h\u00e1bitos cotidianos que podem passar despercebidos, mas interferem diretamente na qualidade do descanso. Compreender essas causas \u00e9 essencial para buscar solu\u00e7\u00f5es que fa\u00e7am diferen\u00e7a no seu bem-estar.<\/p>\n\n\n\n<p>Neste artigo, vamos abordar as principais raz\u00f5es por tr\u00e1s do cansa\u00e7o persistente, discutindo condi\u00e7\u00f5es de sa\u00fade invis\u00edveis, h\u00e1bitos que prejudicam o sono e estrat\u00e9gias pr\u00e1ticas para aumentar sua energia e melhorar o desempenho di\u00e1rio. Saber identificar os gatilhos do cansa\u00e7o \u00e9 o primeiro passo para recuperar sua disposi\u00e7\u00e3o e qualidade de vida.<\/p>\n\n\n\n<ul class=\"wp-block-list\">\n<li><strong>Causas ocultas<\/strong> que interferem no descanso noturno.<\/li>\n\n\n\n<li><strong>H\u00e1bitos di\u00e1rios<\/strong> que prejudicam o sono reparador.<\/li>\n\n\n\n<li><strong>Solu\u00e7\u00f5es<\/strong> pr\u00e1ticas para melhorar a energia diurna.<\/li>\n<\/ul>\n\n\n\n<h2 class=\"wp-block-heading\">Quais s\u00e3o as Causas Comuns do Cansa\u00e7o Mesmo Dormindo Bem?<\/h2>\n\n\n\n<p>O <strong>cansa\u00e7o<\/strong> recorrente pode ter origem em condi\u00e7\u00f5es m\u00e9dicas n\u00e3o diagnosticadas. Dist\u00farbios como a <strong>apneia do sono<\/strong> ou a s\u00edndrome das pernas inquietas s\u00e3o exemplos de problemas que interrompem os ciclos profundos do sono, resultando em um descanso insuficiente, mesmo quando voc\u00ea acha que dormiu o suficiente. Problemas de tireoide, defici\u00eancia de vitaminas e anemia tamb\u00e9m podem contribuir para a sensa\u00e7\u00e3o de fadiga constante.<\/p>\n\n\n\n<p>Al\u00e9m disso, estados emocionais como o <strong>estresse<\/strong> cr\u00f4nico e a <strong>ansiedade<\/strong> aumentam os n\u00edveis de cortisol do organismo, prejudicando a arquitetura do sono e enfraquecendo o repouso reparador. Mesmo que a quantidade de horas dormidas pare\u00e7a adequada, esses fatores afetam negativamente a qualidade do sono e, consequentemente, sua energia durante o dia.<\/p>\n\n\n<div class=\"wp-block-image\">\n<figure class=\"aligncenter size-large\"><img loading=\"lazy\" decoding=\"async\" width=\"1024\" height=\"576\" src=\"https:\/\/www.em.com.br\/emfoco\/wp-content\/uploads\/2025\/08\/cansado_1755797937412-1024x576.jpg\" alt=\"Cansa\u00e7o\" class=\"wp-image-94819\" srcset=\"https:\/\/www.em.com.br\/emfoco\/wp-content\/uploads\/2025\/08\/cansado_1755797937412-1024x576.jpg 1024w, https:\/\/www.em.com.br\/emfoco\/wp-content\/uploads\/2025\/08\/cansado_1755797937412-300x169.jpg 300w, https:\/\/www.em.com.br\/emfoco\/wp-content\/uploads\/2025\/08\/cansado_1755797937412-768x432.jpg 768w, https:\/\/www.em.com.br\/emfoco\/wp-content\/uploads\/2025\/08\/cansado_1755797937412-750x422.jpg 750w, https:\/\/www.em.com.br\/emfoco\/wp-content\/uploads\/2025\/08\/cansado_1755797937412-1140x641.jpg 1140w, https:\/\/www.em.com.br\/emfoco\/wp-content\/uploads\/2025\/08\/cansado_1755797937412.jpg 1280w\" sizes=\"auto, (max-width: 1024px) 100vw, 1024px\" \/><figcaption class=\"wp-element-caption\">Cansa\u00e7o &#8211; Cr\u00e9ditos: depositphotos.com \/ diego_cervo<\/figcaption><\/figure><\/div>\n\n\n<h2 class=\"wp-block-heading\">Como os H\u00e1bitos Di\u00e1rios Influenciam o Cansa\u00e7o?<\/h2>\n\n\n\n<p>A <strong>alimenta\u00e7\u00e3o inadequada<\/strong> e a falta de <strong>atividade f\u00edsica<\/strong> podem afetar drasticamente sua disposi\u00e7\u00e3o. Alimentos processados, ricos em a\u00e7\u00facar ou gordura, tendem a dificultar a digest\u00e3o e impactam <a href=\"https:\/\/www.uol.com.br\/vivabem\/noticias\/redacao\/2019\/02\/21\/voce-dorme-dorme-e-ainda-se-sente-cansado-veja-as-possiveis-causas.htm\" target=\"_blank\" rel=\"noreferrer noopener\">negativamente <\/a>o ciclo do sono. O sedentarismo, por sua vez, reduz a efici\u00eancia metab\u00f3lica e pode deixar o corpo constantemente em um estado de baixa energia.<\/p>\n\n\n\n<p>Outro h\u00e1bito comum e prejudicial \u00e9 a exposi\u00e7\u00e3o prolongada \u00e0s telas de celulares, computadores e televisores antes de dormir. A luz azul emitida por esses dispositivos inibe a produ\u00e7\u00e3o de melatonina, horm\u00f4nio fundamental para o in\u00edcio do sono, tornando mais dif\u00edcil alcan\u00e7ar um descanso realmente reparador e acordar disposto.<\/p>\n\n\n\n<h2 class=\"wp-block-heading\">Dicas para Melhorar o Desempenho e a Energia Diurna<\/h2>\n\n\n\n<p><strong>Ajustar os h\u00e1bitos<\/strong> di\u00e1rios \u00e9 fundamental para promover mais energia ao longo do dia. Incluir exerc\u00edcios f\u00edsicos regulares, mesmo que moderados, contribui para regular os ciclos de sono, aliviar o estresse e melhorar a disposi\u00e7\u00e3o. Pr\u00e1ticas de relaxamento, como medita\u00e7\u00e3o ou respira\u00e7\u00e3o consciente, tamb\u00e9m podem ajudar a acalmar a mente antes de dormir.<\/p>\n\n\n\n<p>A alimenta\u00e7\u00e3o merece aten\u00e7\u00e3o especial: priorize alimentos ricos em <strong>triptofano<\/strong> e <strong>magn\u00e9sio<\/strong>, como castanhas, banana, aveia e sementes, para auxiliar na produ\u00e7\u00e3o dos horm\u00f4nios do sono. Complementando, mantenha uma rotina de hor\u00e1rios, ambiente escuro e silencioso, al\u00e9m de evitar cafe\u00edna e \u00e1lcool algumas horas antes de deitar.<\/p>\n\n\n\n<ol class=\"wp-block-list\">\n<li>Estabele\u00e7a uma rotina de sono consistente, indo para a cama e acordando no mesmo hor\u00e1rio diariamente.<\/li>\n\n\n\n<li>Crie um ambiente de sono prop\u00edcio, mantendo o quarto escuro e silencioso.<\/li>\n\n\n\n<li>Evite consumir cafe\u00edna e \u00e1lcool antes de dormir.<\/li>\n<\/ol>\n\n\n\n<p>Leia tamb\u00e9m: <a href=\"https:\/\/www.em.com.br\/emfoco\/2025\/08\/21\/os-erros-mais-comuns-de-quem-nao-consegue-se-organizar\/\" target=\"_blank\" rel=\"noreferrer noopener\">Os erros mais comuns de quem n\u00e3o consegue se organizar<\/a><\/p>\n\n\n\n<h2 class=\"wp-block-heading\">Transforme sua Rotina e Desperte com Mais Energia<\/h2>\n\n\n\n<ul class=\"wp-block-list\">\n<li>Identifique os fatores que podem estar causando seu cansa\u00e7o, mesmo com sono adequado. N\u00e3o hesite em buscar orienta\u00e7\u00e3o m\u00e9dica se o problema persistir, pois exames podem ser necess\u00e1rios para avalia\u00e7\u00e3o de dist\u00farbios do sono ou car\u00eancias nutricionais.<\/li>\n\n\n\n<li>Ajuste seus h\u00e1bitos di\u00e1rios para melhorar a <strong>qualidade do sono<\/strong> e aumentar sua disposi\u00e7\u00e3o. Experimente praticar algumas das estrat\u00e9gias sugeridas e observe como seu corpo responde.<\/li>\n\n\n\n<li>Implementando pequenas mudan\u00e7as na rotina, \u00e9 poss\u00edvel perceber melhorias significativas em sua energia, clareza mental e bem-estar geral. Experimente e desperte todos os dias com mais disposi\u00e7\u00e3o para seus desafios.<\/li>\n<\/ul>\n","protected":false},"excerpt":{"rendered":"<p>Sentir-se cansado ap\u00f3s uma noite de sono aparentemente restauradora \u00e9 mais comum do que se imagina. Em muitos casos, esse fen\u00f4meno est\u00e1 relacionado a fatores de sa\u00fade e h\u00e1bitos cotidianos que podem passar despercebidos, mas interferem diretamente na qualidade do descanso. Compreender essas causas \u00e9 essencial para buscar solu\u00e7\u00f5es que fa\u00e7am diferen\u00e7a no seu bem-estar. [&hellip;]<\/p>\n","protected":false},"author":15,"featured_media":94818,"comment_status":"open","ping_status":"open","sticky":false,"template":"","format":"standard","meta":{"jnews-multi-image_gallery":[],"jnews_single_post":{"format":"standard"},"jnews_primary_category":[],"jnews_social_meta":[],"jnews_override_counter":[],"footnotes":""},"categories":[8819],"tags":[14674,524,4955,415,1925],"class_list":["post-94816","post","type-post","status-publish","format-standard","has-post-thumbnail","hentry","category-curiosidades","tag-ansaco","tag-estilo-de-vida","tag-exercicio-fisico","tag-saude","tag-sono"],"yoast_head":"<!-- This site is optimized with the Yoast SEO plugin v23.8 - https:\/\/yoast.com\/wordpress\/plugins\/seo\/ -->\n<title>O que significa sentir-se cansado mesmo dormindo bem - Estado de Minas - Em foco<\/title>\n<meta name=\"description\" content=\"Dormir a noite toda e ainda acordar cansado \u00e9 poss\u00edvel. Veja as raz\u00f5es por tr\u00e1s desse cansa\u00e7o persistente.\" \/>\n<meta name=\"robots\" content=\"index, follow, max-snippet:-1, max-image-preview:large, max-video-preview:-1\" \/>\n<link rel=\"canonical\" href=\"https:\/\/www.em.com.br\/emfoco\/2025\/08\/23\/o-que-significa-sentir-se-cansado-mesmo-dormindo-bem\/\" \/>\n<meta property=\"og:locale\" content=\"pt_BR\" \/>\n<meta property=\"og:type\" content=\"article\" \/>\n<meta property=\"og:title\" content=\"O que significa sentir-se cansado mesmo dormindo bem - Estado de Minas - Em foco\" \/>\n<meta property=\"og:description\" content=\"Dormir a noite toda e ainda acordar cansado \u00e9 poss\u00edvel. Veja as raz\u00f5es por tr\u00e1s desse cansa\u00e7o persistente.\" \/>\n<meta property=\"og:url\" content=\"https:\/\/www.em.com.br\/emfoco\/2025\/08\/23\/o-que-significa-sentir-se-cansado-mesmo-dormindo-bem\/\" \/>\n<meta property=\"og:site_name\" content=\"Estado de Minas - Em foco\" \/>\n<meta property=\"article:published_time\" content=\"2025-08-23T18:38:40+00:00\" \/>\n<meta property=\"article:modified_time\" content=\"2025-08-21T17:41:55+00:00\" \/>\n<meta property=\"og:image\" content=\"https:\/\/www.em.com.br\/emfoco\/wp-content\/uploads\/2025\/08\/cansado_1755797929310.jpg\" \/>\n\t<meta property=\"og:image:width\" content=\"1280\" \/>\n\t<meta property=\"og:image:height\" content=\"720\" \/>\n\t<meta property=\"og:image:type\" content=\"image\/jpeg\" \/>\n<meta name=\"author\" content=\"Douglas Myth\" \/>\n<meta name=\"twitter:card\" content=\"summary_large_image\" \/>\n<meta name=\"twitter:label1\" content=\"Escrito por\" \/>\n\t<meta name=\"twitter:data1\" content=\"Douglas Myth\" \/>\n\t<meta name=\"twitter:label2\" content=\"Est. tempo de leitura\" \/>\n\t<meta name=\"twitter:data2\" content=\"4 minutos\" \/>\n<!-- \/ Yoast SEO plugin. -->","yoast_head_json":{"title":"O que significa sentir-se cansado mesmo dormindo bem - Estado de Minas - Em foco","description":"Dormir a noite toda e ainda acordar cansado \u00e9 poss\u00edvel. Veja as raz\u00f5es por tr\u00e1s desse cansa\u00e7o persistente.","robots":{"index":"index","follow":"follow","max-snippet":"max-snippet:-1","max-image-preview":"max-image-preview:large","max-video-preview":"max-video-preview:-1"},"canonical":"https:\/\/www.em.com.br\/emfoco\/2025\/08\/23\/o-que-significa-sentir-se-cansado-mesmo-dormindo-bem\/","og_locale":"pt_BR","og_type":"article","og_title":"O que significa sentir-se cansado mesmo dormindo bem - Estado de Minas - Em foco","og_description":"Dormir a noite toda e ainda acordar cansado \u00e9 poss\u00edvel. Veja as raz\u00f5es por tr\u00e1s desse cansa\u00e7o persistente.","og_url":"https:\/\/www.em.com.br\/emfoco\/2025\/08\/23\/o-que-significa-sentir-se-cansado-mesmo-dormindo-bem\/","og_site_name":"Estado de Minas - Em foco","article_published_time":"2025-08-23T18:38:40+00:00","article_modified_time":"2025-08-21T17:41:55+00:00","og_image":[{"width":1280,"height":720,"url":"https:\/\/www.em.com.br\/emfoco\/wp-content\/uploads\/2025\/08\/cansado_1755797929310.jpg","type":"image\/jpeg"}],"author":"Douglas Myth","twitter_card":"summary_large_image","twitter_misc":{"Escrito por":"Douglas Myth","Est. tempo de leitura":"4 minutos"},"schema":{"@context":"https:\/\/schema.org","@graph":[{"@type":"WebPage","@id":"https:\/\/www.em.com.br\/emfoco\/2025\/08\/23\/o-que-significa-sentir-se-cansado-mesmo-dormindo-bem\/","url":"https:\/\/www.em.com.br\/emfoco\/2025\/08\/23\/o-que-significa-sentir-se-cansado-mesmo-dormindo-bem\/","name":"O que significa sentir-se cansado mesmo dormindo bem - Estado de Minas - Em foco","isPartOf":{"@id":"https:\/\/www.em.com.br\/emfoco\/#website"},"primaryImageOfPage":{"@id":"https:\/\/www.em.com.br\/emfoco\/2025\/08\/23\/o-que-significa-sentir-se-cansado-mesmo-dormindo-bem\/#primaryimage"},"image":{"@id":"https:\/\/www.em.com.br\/emfoco\/2025\/08\/23\/o-que-significa-sentir-se-cansado-mesmo-dormindo-bem\/#primaryimage"},"thumbnailUrl":"https:\/\/www.em.com.br\/emfoco\/wp-content\/uploads\/2025\/08\/cansado_1755797929310.jpg","datePublished":"2025-08-23T18:38:40+00:00","dateModified":"2025-08-21T17:41:55+00:00","author":{"@id":"https:\/\/www.em.com.br\/emfoco\/#\/schema\/person\/bba594b7eebe9b9885fec3a5c7837089"},"description":"Dormir a noite toda e ainda acordar cansado \u00e9 poss\u00edvel. Veja as raz\u00f5es por tr\u00e1s desse cansa\u00e7o persistente.","breadcrumb":{"@id":"https:\/\/www.em.com.br\/emfoco\/2025\/08\/23\/o-que-significa-sentir-se-cansado-mesmo-dormindo-bem\/#breadcrumb"},"inLanguage":"pt-BR","potentialAction":[{"@type":"ReadAction","target":["https:\/\/www.em.com.br\/emfoco\/2025\/08\/23\/o-que-significa-sentir-se-cansado-mesmo-dormindo-bem\/"]}]},{"@type":"ImageObject","inLanguage":"pt-BR","@id":"https:\/\/www.em.com.br\/emfoco\/2025\/08\/23\/o-que-significa-sentir-se-cansado-mesmo-dormindo-bem\/#primaryimage","url":"https:\/\/www.em.com.br\/emfoco\/wp-content\/uploads\/2025\/08\/cansado_1755797929310.jpg","contentUrl":"https:\/\/www.em.com.br\/emfoco\/wp-content\/uploads\/2025\/08\/cansado_1755797929310.jpg","width":1280,"height":720,"caption":"Cansa\u00e7o - Cr\u00e9ditos: depositphotos.com \/ HayDmitriy"},{"@type":"BreadcrumbList","@id":"https:\/\/www.em.com.br\/emfoco\/2025\/08\/23\/o-que-significa-sentir-se-cansado-mesmo-dormindo-bem\/#breadcrumb","itemListElement":[{"@type":"ListItem","position":1,"name":"In\u00edcio","item":"https:\/\/www.em.com.br\/emfoco\/"},{"@type":"ListItem","position":2,"name":"O que significa sentir-se cansado mesmo dormindo bem"}]},{"@type":"WebSite","@id":"https:\/\/www.em.com.br\/emfoco\/#website","url":"https:\/\/www.em.com.br\/emfoco\/","name":"Estado de Minas - Em foco","description":"Acompanhe as \u00faltimas not\u00edcias e fique bem informado sobre tudo o que acontece em Minas Gerais, Brasil e no mundo.","potentialAction":[{"@type":"SearchAction","target":{"@type":"EntryPoint","urlTemplate":"https:\/\/www.em.com.br\/emfoco\/?s={search_term_string}"},"query-input":{"@type":"PropertyValueSpecification","valueRequired":true,"valueName":"search_term_string"}}],"inLanguage":"pt-BR"},{"@type":"Person","@id":"https:\/\/www.em.com.br\/emfoco\/#\/schema\/person\/bba594b7eebe9b9885fec3a5c7837089","name":"Douglas Myth","image":{"@type":"ImageObject","inLanguage":"pt-BR","@id":"https:\/\/www.em.com.br\/emfoco\/#\/schema\/person\/image\/","url":"https:\/\/secure.gravatar.com\/avatar\/1ac3cf50d0e68642c697dc0c960c802f?s=96&d=mm&r=g","contentUrl":"https:\/\/secure.gravatar.com\/avatar\/1ac3cf50d0e68642c697dc0c960c802f?s=96&d=mm&r=g","caption":"Douglas Myth"},"url":"https:\/\/www.em.com.br\/emfoco\/author\/douglasmyth\/"}]}},"_links":{"self":[{"href":"https:\/\/www.em.com.br\/emfoco\/wp-json\/wp\/v2\/posts\/94816","targetHints":{"allow":["GET"]}}],"collection":[{"href":"https:\/\/www.em.com.br\/emfoco\/wp-json\/wp\/v2\/posts"}],"about":[{"href":"https:\/\/www.em.com.br\/emfoco\/wp-json\/wp\/v2\/types\/post"}],"author":[{"embeddable":true,"href":"https:\/\/www.em.com.br\/emfoco\/wp-json\/wp\/v2\/users\/15"}],"replies":[{"embeddable":true,"href":"https:\/\/www.em.com.br\/emfoco\/wp-json\/wp\/v2\/comments?post=94816"}],"version-history":[{"count":2,"href":"https:\/\/www.em.com.br\/emfoco\/wp-json\/wp\/v2\/posts\/94816\/revisions"}],"predecessor-version":[{"id":94820,"href":"https:\/\/www.em.com.br\/emfoco\/wp-json\/wp\/v2\/posts\/94816\/revisions\/94820"}],"wp:featuredmedia":[{"embeddable":true,"href":"https:\/\/www.em.com.br\/emfoco\/wp-json\/wp\/v2\/media\/94818"}],"wp:attachment":[{"href":"https:\/\/www.em.com.br\/emfoco\/wp-json\/wp\/v2\/media?parent=94816"}],"wp:term":[{"taxonomy":"category","embeddable":true,"href":"https:\/\/www.em.com.br\/emfoco\/wp-json\/wp\/v2\/categories?post=94816"},{"taxonomy":"post_tag","embeddable":true,"href":"https:\/\/www.em.com.br\/emfoco\/wp-json\/wp\/v2\/tags?post=94816"}],"curies":[{"name":"wp","href":"https:\/\/api.w.org\/{rel}","templated":true}]}}