{"id":94627,"date":"2025-08-22T17:28:53","date_gmt":"2025-08-22T20:28:53","guid":{"rendered":"https:\/\/www.em.com.br\/emfoco\/?p=94627"},"modified":"2025-08-21T11:43:08","modified_gmt":"2025-08-21T14:43:08","slug":"as-plantas-que-nao-combinam-mais-com-a-decoracao-atual","status":"publish","type":"post","link":"https:\/\/www.em.com.br\/emfoco\/2025\/08\/22\/as-plantas-que-nao-combinam-mais-com-a-decoracao-atual\/","title":{"rendered":"As plantas que n\u00e3o combinam mais com a decora\u00e7\u00e3o atual"},"content":{"rendered":"\n<p>As tend\u00eancias de plantas para decora\u00e7\u00e3o evolu\u00edram significativamente ao longo dos anos. Embora o apelo pelo verde dentro dos ambientes permane\u00e7a constante, especialistas em design e bot\u00e2nica sugerem a adapta\u00e7\u00e3o para estilos mais contempor\u00e2neos, deixando de lado modas antigas que podem n\u00e3o se encaixar na est\u00e9tica atual. A incorpora\u00e7\u00e3o de plantas de interior tornou-se uma tend\u00eancia est\u00e1vel na decora\u00e7\u00e3o gra\u00e7as \u00e0 capacidade de infundir vitalidade ao <a href=\"https:\/\/www.em.com.br\/emfoco\/2025\/08\/15\/essa-fruta-e-facil-de-cuidar-rica-em-nutrientes-e-perfeita-para-espacos-pequenos\/\" target=\"_blank\" rel=\"noopener\">espa\u00e7o.<\/a> No entanto, seguir cegamente tend\u00eancias ultrapassadas pode acabar resultando em decep\u00e7\u00f5es.<\/p>\n\n\n\n<h2 class=\"wp-block-heading\">Vale a pena acumular plantas em ambientes internos?<\/h2>\n\n\n\n<p>Durante a pandemia, o impulso de preencher cada cantinho com verde tornou-se prevalente. Isso resultou em casas sobrecarregadas de vasos e jardineiras, enquanto as pessoas tentavam cuidar de in\u00fameros \u201cfilhotes de planta\u201d. Embora a inten\u00e7\u00e3o de adicionar vida aos ambientes fosse clara, o excesso muitas vezes levou a desafios de cuidados, com muitos incapazes de manter tantas esp\u00e9cies. Em vez do ambicionado aspecto exuberante no lar, alguns se depararam com plantas deterioradas, prejudicando a est\u00e9tica de suas casas. Por isso, especialistas recomendam selecionar uma quantidade curada de plantas que agradem de forma pessoal e pr\u00e1tica.&nbsp;<\/p>\n\n\n\n<h2 class=\"wp-block-heading\">A popularidade das snake plants est\u00e1 diminuindo?<\/h2>\n\n\n\n<p>As <a href=\"https:\/\/br.pinterest.com\/search\/pins\/?q=snake%20plants&amp;rs=typed\" target=\"_blank\" rel=\"noopener\">snake plants<\/a>, conhecidas por sua robustez e fama de \u201cindestrut\u00edveis\u201d, al\u00e9m de propriedades purificadoras, est\u00e3o come\u00e7ando a perder seu encanto entre decoradores. Com apar\u00eancia r\u00edgida e aspecto levemente artificial, s\u00e3o frequentemente comparadas a plantas vistas em consult\u00f3rios m\u00e9dicos. Apesar de permanecerem uma escolha pr\u00e1tica para ambientes como corredores e escrit\u00f3rios, nem sempre transmitem a sensa\u00e7\u00e3o aconchegante buscada em resid\u00eancias. Por isso, decoradores t\u00eam recomendado que sejam deslocadas para ambientes que harmonizem melhor com sua forma, como exteriores ou espa\u00e7os funcionais. Vale ressaltar que em cidades como <strong>Nova York<\/strong> e <strong>S\u00e3o Paulo<\/strong>, a prefer\u00eancia j\u00e1 migrou para esp\u00e9cies mais delicadas e naturais.<\/p>\n\n\n\n<h2 class=\"wp-block-heading\">Quais desafios existem ao cultivar oliveiras dentro de casa?<\/h2>\n\n\n\n<p>As <strong>oliveiras<\/strong> ganharam popularidade interna por seu toque mediterr\u00e2neo e simbologia marcante. No entanto, apresentar tais \u00e1rvores dentro de casa implica desafios consider\u00e1veis: elas exigem abundante luz natural, \u00e1gua em quantidade certa e amplo espa\u00e7o para prosperar. Sem essas condi\u00e7\u00f5es, frequentemente secam ou n\u00e3o se desenvolvem como esperado, gerando frustra\u00e7\u00e3o aos que investem tempo em seus cuidados. Dessa forma, \u00e9 recomendado considerar cuidadosamente o ambiente e os recursos antes de escolher esp\u00e9cies t\u00e3o exigentes.<\/p>\n\n\n<div class=\"wp-block-image\">\n<figure class=\"aligncenter size-large\"><img loading=\"lazy\" decoding=\"async\" width=\"1024\" height=\"576\" src=\"https:\/\/www.em.com.br\/emfoco\/wp-content\/uploads\/2025\/05\/Espada-de-Sao-Jorge-_1746247360211-1024x576.jpg\" alt=\"\" class=\"wp-image-44124\" srcset=\"https:\/\/www.em.com.br\/emfoco\/wp-content\/uploads\/2025\/05\/Espada-de-Sao-Jorge-_1746247360211-1024x576.jpg 1024w, https:\/\/www.em.com.br\/emfoco\/wp-content\/uploads\/2025\/05\/Espada-de-Sao-Jorge-_1746247360211-300x169.jpg 300w, https:\/\/www.em.com.br\/emfoco\/wp-content\/uploads\/2025\/05\/Espada-de-Sao-Jorge-_1746247360211-768x432.jpg 768w, https:\/\/www.em.com.br\/emfoco\/wp-content\/uploads\/2025\/05\/Espada-de-Sao-Jorge-_1746247360211-750x422.jpg 750w, https:\/\/www.em.com.br\/emfoco\/wp-content\/uploads\/2025\/05\/Espada-de-Sao-Jorge-_1746247360211-1140x641.jpg 1140w, https:\/\/www.em.com.br\/emfoco\/wp-content\/uploads\/2025\/05\/Espada-de-Sao-Jorge-_1746247360211.jpg 1280w\" sizes=\"auto, (max-width: 1024px) 100vw, 1024px\" \/><figcaption class=\"wp-element-caption\">Espada-de-Sao-Jorge &#8211; Cr\u00e9ditos: depositphotos.com \/ coffeekai<\/figcaption><\/figure><\/div>\n\n\n<h2 class=\"wp-block-heading\">O que acontece quando plantas s\u00e3o usadas de forma inadequada na decora\u00e7\u00e3o?<\/h2>\n\n\n\n<p>Um erro comum na decora\u00e7\u00e3o \u00e9 tratar plantas como meros itens decorativos e n\u00e3o como organismos vivos. Tal equ\u00edvoco acaba levando ao descuido e eventual morte da planta, eliminando qualquer benef\u00edcio que um vegetal vivo proporcionaria. Especialistas defendem a escolha de esp\u00e9cies adequadas ao ambiente e a constante observa\u00e7\u00e3o do seu estado de sa\u00fade. O processo de cuidar de plantas envolve aprendizado, baseado em tentativa e erro, e pede avalia\u00e7\u00e3o tanto do espa\u00e7o quanto do gosto pessoal, assim como das esp\u00e9cies de plantas mais adequadas para prosperar em cada situa\u00e7\u00e3o.<\/p>\n\n\n\n<h2 class=\"wp-block-heading\">Floral maximalism \u00e9 realmente pr\u00e1tico?<\/h2>\n\n\n\n<p>A tend\u00eancia do <strong>floral maximalism<\/strong>, marcada pelo excesso de arranjos de plantas e flores, tem sido criticada pela falta de sustentabilidade e pelo potencial de gerar desperd\u00edcio. Embora a ideia de abund\u00e2ncia pare\u00e7a atraente, o equil\u00edbrio \u00e9 fundamental. Especialistas sugerem priorizar flores locais e sazonais, garantindo responsabilidade ambiental e beleza \u00e0 sua casa. Essa escolha apoia a agricultura local e reduz a pegada de carbono associada ao transporte e armazenamento de flores importadas. Iniciativas recentes em cidades como <strong>Paris<\/strong> e <strong>Lisboa<\/strong> evidenciam uma crescente valoriza\u00e7\u00e3o dessas pr\u00e1ticas sustent\u00e1veis.<\/p>\n\n\n\n<p>No final das contas, apesar de as plantas manterem papel central na decora\u00e7\u00e3o, aliar tend\u00eancias, praticidade e prefer\u00eancia pessoal pode aprimorar expressivamente o ambiente dom\u00e9stico. Evitar estilos ultrapassados e apostar em sele\u00e7\u00e3o pensada e bons cuidados transforma o espa\u00e7o em um ref\u00fagio contempor\u00e2neo e alinhado ao que h\u00e1 de mais atual.<\/p>\n","protected":false},"excerpt":{"rendered":"<p>As tend\u00eancias de plantas para decora\u00e7\u00e3o evolu\u00edram significativamente ao longo dos anos. Embora o apelo pelo verde dentro dos ambientes permane\u00e7a constante, especialistas em design e bot\u00e2nica sugerem a adapta\u00e7\u00e3o para estilos mais contempor\u00e2neos, deixando de lado modas antigas que podem n\u00e3o se encaixar na est\u00e9tica atual. A incorpora\u00e7\u00e3o de plantas de interior tornou-se uma [&hellip;]<\/p>\n","protected":false},"author":9,"featured_media":44474,"comment_status":"open","ping_status":"open","sticky":false,"template":"","format":"standard","meta":{"jnews-multi-image_gallery":[],"jnews_single_post":{"format":"standard"},"jnews_primary_category":[],"jnews_social_meta":[],"jnews_override_counter":[],"footnotes":""},"categories":[29,1],"tags":[14623,13903,14624],"class_list":["post-94627","post","type-post","status-publish","format-standard","has-post-thumbnail","hentry","category-entretenimento","category-noticias","tag-decoracao-para-casa","tag-design-de-interiores","tag-tendencias-de-plantas"],"yoast_head":"<!-- This site is optimized with the Yoast SEO plugin v23.8 - https:\/\/yoast.com\/wordpress\/plugins\/seo\/ -->\n<title>As plantas que n\u00e3o combinam mais com a decora\u00e7\u00e3o atual<\/title>\n<meta name=\"description\" content=\"Saiba quais tend\u00eancias de plantas j\u00e1 ficaram ultrapassadas e aprenda a escolher esp\u00e9cies que realmente valorizam sua decora\u00e7\u00e3o.\" \/>\n<meta name=\"robots\" content=\"index, follow, max-snippet:-1, max-image-preview:large, max-video-preview:-1\" \/>\n<link rel=\"canonical\" href=\"https:\/\/www.em.com.br\/emfoco\/2025\/08\/22\/as-plantas-que-nao-combinam-mais-com-a-decoracao-atual\/\" \/>\n<meta property=\"og:locale\" content=\"pt_BR\" \/>\n<meta property=\"og:type\" content=\"article\" \/>\n<meta property=\"og:title\" content=\"As plantas que n\u00e3o combinam mais com a decora\u00e7\u00e3o atual\" \/>\n<meta property=\"og:description\" content=\"Saiba quais tend\u00eancias de plantas j\u00e1 ficaram ultrapassadas e aprenda a escolher esp\u00e9cies que realmente valorizam sua decora\u00e7\u00e3o.\" \/>\n<meta property=\"og:url\" content=\"https:\/\/www.em.com.br\/emfoco\/2025\/08\/22\/as-plantas-que-nao-combinam-mais-com-a-decoracao-atual\/\" \/>\n<meta property=\"og:site_name\" content=\"Estado de Minas - Em foco\" \/>\n<meta property=\"article:published_time\" content=\"2025-08-22T20:28:53+00:00\" \/>\n<meta property=\"article:modified_time\" content=\"2025-08-21T14:43:08+00:00\" \/>\n<meta property=\"og:image\" content=\"https:\/\/www.em.com.br\/emfoco\/wp-content\/uploads\/2025\/05\/casa-plantas-fachada_1746451621834.jpg\" \/>\n\t<meta property=\"og:image:width\" content=\"1280\" \/>\n\t<meta property=\"og:image:height\" content=\"720\" \/>\n\t<meta property=\"og:image:type\" content=\"image\/jpeg\" \/>\n<meta name=\"author\" content=\"Daniely Cardoso\" \/>\n<meta name=\"twitter:card\" content=\"summary_large_image\" \/>\n<meta name=\"twitter:label1\" content=\"Escrito por\" \/>\n\t<meta name=\"twitter:data1\" content=\"Daniely Cardoso\" \/>\n\t<meta name=\"twitter:label2\" content=\"Est. tempo de leitura\" \/>\n\t<meta name=\"twitter:data2\" content=\"4 minutos\" \/>\n<!-- \/ Yoast SEO plugin. -->","yoast_head_json":{"title":"As plantas que n\u00e3o combinam mais com a decora\u00e7\u00e3o atual","description":"Saiba quais tend\u00eancias de plantas j\u00e1 ficaram ultrapassadas e aprenda a escolher esp\u00e9cies que realmente valorizam sua decora\u00e7\u00e3o.","robots":{"index":"index","follow":"follow","max-snippet":"max-snippet:-1","max-image-preview":"max-image-preview:large","max-video-preview":"max-video-preview:-1"},"canonical":"https:\/\/www.em.com.br\/emfoco\/2025\/08\/22\/as-plantas-que-nao-combinam-mais-com-a-decoracao-atual\/","og_locale":"pt_BR","og_type":"article","og_title":"As plantas que n\u00e3o combinam mais com a decora\u00e7\u00e3o atual","og_description":"Saiba quais tend\u00eancias de plantas j\u00e1 ficaram ultrapassadas e aprenda a escolher esp\u00e9cies que realmente valorizam sua decora\u00e7\u00e3o.","og_url":"https:\/\/www.em.com.br\/emfoco\/2025\/08\/22\/as-plantas-que-nao-combinam-mais-com-a-decoracao-atual\/","og_site_name":"Estado de Minas - Em foco","article_published_time":"2025-08-22T20:28:53+00:00","article_modified_time":"2025-08-21T14:43:08+00:00","og_image":[{"width":1280,"height":720,"url":"https:\/\/www.em.com.br\/emfoco\/wp-content\/uploads\/2025\/05\/casa-plantas-fachada_1746451621834.jpg","type":"image\/jpeg"}],"author":"Daniely Cardoso","twitter_card":"summary_large_image","twitter_misc":{"Escrito por":"Daniely Cardoso","Est. tempo de leitura":"4 minutos"},"schema":{"@context":"https:\/\/schema.org","@graph":[{"@type":"WebPage","@id":"https:\/\/www.em.com.br\/emfoco\/2025\/08\/22\/as-plantas-que-nao-combinam-mais-com-a-decoracao-atual\/","url":"https:\/\/www.em.com.br\/emfoco\/2025\/08\/22\/as-plantas-que-nao-combinam-mais-com-a-decoracao-atual\/","name":"As plantas que n\u00e3o combinam mais com a decora\u00e7\u00e3o atual","isPartOf":{"@id":"https:\/\/www.em.com.br\/emfoco\/#website"},"primaryImageOfPage":{"@id":"https:\/\/www.em.com.br\/emfoco\/2025\/08\/22\/as-plantas-que-nao-combinam-mais-com-a-decoracao-atual\/#primaryimage"},"image":{"@id":"https:\/\/www.em.com.br\/emfoco\/2025\/08\/22\/as-plantas-que-nao-combinam-mais-com-a-decoracao-atual\/#primaryimage"},"thumbnailUrl":"https:\/\/www.em.com.br\/emfoco\/wp-content\/uploads\/2025\/05\/casa-plantas-fachada_1746451621834.jpg","datePublished":"2025-08-22T20:28:53+00:00","dateModified":"2025-08-21T14:43:08+00:00","author":{"@id":"https:\/\/www.em.com.br\/emfoco\/#\/schema\/person\/0a8186d72f2c3a5c6276d90b41f271a0"},"description":"Saiba quais tend\u00eancias de plantas j\u00e1 ficaram ultrapassadas e aprenda a escolher esp\u00e9cies que realmente valorizam sua decora\u00e7\u00e3o.","breadcrumb":{"@id":"https:\/\/www.em.com.br\/emfoco\/2025\/08\/22\/as-plantas-que-nao-combinam-mais-com-a-decoracao-atual\/#breadcrumb"},"inLanguage":"pt-BR","potentialAction":[{"@type":"ReadAction","target":["https:\/\/www.em.com.br\/emfoco\/2025\/08\/22\/as-plantas-que-nao-combinam-mais-com-a-decoracao-atual\/"]}]},{"@type":"ImageObject","inLanguage":"pt-BR","@id":"https:\/\/www.em.com.br\/emfoco\/2025\/08\/22\/as-plantas-que-nao-combinam-mais-com-a-decoracao-atual\/#primaryimage","url":"https:\/\/www.em.com.br\/emfoco\/wp-content\/uploads\/2025\/05\/casa-plantas-fachada_1746451621834.jpg","contentUrl":"https:\/\/www.em.com.br\/emfoco\/wp-content\/uploads\/2025\/05\/casa-plantas-fachada_1746451621834.jpg","width":1280,"height":720,"caption":"Plantas na fachada - Cr\u00e9ditos: depositphotos.com \/ velirina"},{"@type":"BreadcrumbList","@id":"https:\/\/www.em.com.br\/emfoco\/2025\/08\/22\/as-plantas-que-nao-combinam-mais-com-a-decoracao-atual\/#breadcrumb","itemListElement":[{"@type":"ListItem","position":1,"name":"In\u00edcio","item":"https:\/\/www.em.com.br\/emfoco\/"},{"@type":"ListItem","position":2,"name":"As plantas que n\u00e3o combinam mais com a decora\u00e7\u00e3o atual"}]},{"@type":"WebSite","@id":"https:\/\/www.em.com.br\/emfoco\/#website","url":"https:\/\/www.em.com.br\/emfoco\/","name":"Estado de Minas - Em foco","description":"Acompanhe as \u00faltimas not\u00edcias e fique bem informado sobre tudo o que acontece em Minas Gerais, Brasil e no mundo.","potentialAction":[{"@type":"SearchAction","target":{"@type":"EntryPoint","urlTemplate":"https:\/\/www.em.com.br\/emfoco\/?s={search_term_string}"},"query-input":{"@type":"PropertyValueSpecification","valueRequired":true,"valueName":"search_term_string"}}],"inLanguage":"pt-BR"},{"@type":"Person","@id":"https:\/\/www.em.com.br\/emfoco\/#\/schema\/person\/0a8186d72f2c3a5c6276d90b41f271a0","name":"Daniely Cardoso","image":{"@type":"ImageObject","inLanguage":"pt-BR","@id":"https:\/\/www.em.com.br\/emfoco\/#\/schema\/person\/image\/","url":"https:\/\/secure.gravatar.com\/avatar\/4b80ddbd124d1f071b626d52d62e5dff?s=96&d=mm&r=g","contentUrl":"https:\/\/secure.gravatar.com\/avatar\/4b80ddbd124d1f071b626d52d62e5dff?s=96&d=mm&r=g","caption":"Daniely Cardoso"},"url":"https:\/\/www.em.com.br\/emfoco\/author\/danielymyth\/"}]}},"_links":{"self":[{"href":"https:\/\/www.em.com.br\/emfoco\/wp-json\/wp\/v2\/posts\/94627","targetHints":{"allow":["GET"]}}],"collection":[{"href":"https:\/\/www.em.com.br\/emfoco\/wp-json\/wp\/v2\/posts"}],"about":[{"href":"https:\/\/www.em.com.br\/emfoco\/wp-json\/wp\/v2\/types\/post"}],"author":[{"embeddable":true,"href":"https:\/\/www.em.com.br\/emfoco\/wp-json\/wp\/v2\/users\/9"}],"replies":[{"embeddable":true,"href":"https:\/\/www.em.com.br\/emfoco\/wp-json\/wp\/v2\/comments?post=94627"}],"version-history":[{"count":2,"href":"https:\/\/www.em.com.br\/emfoco\/wp-json\/wp\/v2\/posts\/94627\/revisions"}],"predecessor-version":[{"id":94644,"href":"https:\/\/www.em.com.br\/emfoco\/wp-json\/wp\/v2\/posts\/94627\/revisions\/94644"}],"wp:featuredmedia":[{"embeddable":true,"href":"https:\/\/www.em.com.br\/emfoco\/wp-json\/wp\/v2\/media\/44474"}],"wp:attachment":[{"href":"https:\/\/www.em.com.br\/emfoco\/wp-json\/wp\/v2\/media?parent=94627"}],"wp:term":[{"taxonomy":"category","embeddable":true,"href":"https:\/\/www.em.com.br\/emfoco\/wp-json\/wp\/v2\/categories?post=94627"},{"taxonomy":"post_tag","embeddable":true,"href":"https:\/\/www.em.com.br\/emfoco\/wp-json\/wp\/v2\/tags?post=94627"}],"curies":[{"name":"wp","href":"https:\/\/api.w.org\/{rel}","templated":true}]}}