{"id":94475,"date":"2025-08-21T13:38:00","date_gmt":"2025-08-21T16:38:00","guid":{"rendered":"https:\/\/www.em.com.br\/emfoco\/?p=94475"},"modified":"2025-08-20T20:01:04","modified_gmt":"2025-08-20T23:01:04","slug":"com-novas-regras-de-ferias-em-2025-as-empresas-precisam-se-atentar","status":"publish","type":"post","link":"https:\/\/www.em.com.br\/emfoco\/2025\/08\/21\/com-novas-regras-de-ferias-em-2025-as-empresas-precisam-se-atentar\/","title":{"rendered":"Com novas regras de f\u00e9rias em 2025 as empresas precisam se atentar!"},"content":{"rendered":"\n<p>Com a chegada de 2025, novas normas regulamentares foram implementadas a respeito dos prazos para o <strong><a href=\"https:\/\/www.em.com.br\/emfoco\/2025\/08\/20\/como-tonificar-o-abdomen-em-dez-minutos-durante-as-ferias\/\" target=\"_blank\" rel=\"noreferrer noopener\">aviso de f\u00e9rias<\/a><\/strong> aos colaboradores. O cumprimento dessas normas \u00e9 essencial para evitar multas e garantir a conformidade com a <strong><a href=\"https:\/\/www.gov.br\/pt-br\/temas\/legislacao-trabalhista\" target=\"_blank\" rel=\"noreferrer noopener\">legisla\u00e7\u00e3o trabalhista<\/a><\/strong>. Neste contexto, as empresas precisam estar atualizadas sobre as modifica\u00e7\u00f5es que passaram a vigorar a partir de julho deste ano.<\/p>\n\n\n\n<p>Anteriormente, as empresas tinham flexibilidade em comunicar a concess\u00e3o de f\u00e9rias aos funcion\u00e1rios, muitas vezes apenas algumas semanas antes do descanso. No entanto, as mudan\u00e7as introduzidas agora exigem um planejamento mais cuidadoso e uma comunica\u00e7\u00e3o antecipada aos empregados. Esse novo cen\u00e1rio busca assegurar que os trabalhadores tenham tempo suficiente para organizar suas obriga\u00e7\u00f5es pessoais e familiares em torno do per\u00edodo de f\u00e9rias.<\/p>\n\n\n\n<p>Al\u00e9m da quest\u00e3o legal, a antecipa\u00e7\u00e3o do aviso de f\u00e9rias tamb\u00e9m pode favorecer a imagem da empresa perante o colaborador e reduzir conflitos internos. Organiza\u00e7\u00f5es que se adaptam rapidamente a essas mudan\u00e7as demonstram transpar\u00eancia e valoriza\u00e7\u00e3o do quadro de pessoal.<\/p>\n\n\n\n<h2 class=\"wp-block-heading\">O que mudou nas normas de f\u00e9rias a partir de julho de 2025?<\/h2>\n\n\n<div class=\"wp-block-image\">\n<figure class=\"aligncenter size-large\"><img loading=\"lazy\" decoding=\"async\" width=\"1024\" height=\"576\" src=\"https:\/\/www.em.com.br\/emfoco\/wp-content\/uploads\/2025\/06\/beneficio-brasil_1750889224114-1024x576.jpg\" alt=\"Aumento no sal\u00e1rio m\u00ednimo deixa trabalhadores brasileiros esperan\u00e7osos\" class=\"wp-image-67040\" srcset=\"https:\/\/www.em.com.br\/emfoco\/wp-content\/uploads\/2025\/06\/beneficio-brasil_1750889224114-1024x576.jpg 1024w, https:\/\/www.em.com.br\/emfoco\/wp-content\/uploads\/2025\/06\/beneficio-brasil_1750889224114-300x169.jpg 300w, https:\/\/www.em.com.br\/emfoco\/wp-content\/uploads\/2025\/06\/beneficio-brasil_1750889224114-768x432.jpg 768w, https:\/\/www.em.com.br\/emfoco\/wp-content\/uploads\/2025\/06\/beneficio-brasil_1750889224114-750x422.jpg 750w, https:\/\/www.em.com.br\/emfoco\/wp-content\/uploads\/2025\/06\/beneficio-brasil_1750889224114-1140x641.jpg 1140w, https:\/\/www.em.com.br\/emfoco\/wp-content\/uploads\/2025\/06\/beneficio-brasil_1750889224114.jpg 1280w\" sizes=\"auto, (max-width: 1024px) 100vw, 1024px\" \/><figcaption class=\"wp-element-caption\">Carteira de trabalho e moedas &#8211; Cr\u00e9ditos: depositphotos.com \/ gustavomello162.hotmail.com<\/figcaption><\/figure><\/div>\n\n\n<p>A principal novidade das normas trabalhistas em julho de 2025 \u00e9 a exig\u00eancia de aviso de f\u00e9rias com anteced\u00eancia m\u00ednima de<strong> 45 dias<\/strong>. Antes, o prazo era de 30 dias, o que tornava o planejamento menos exigente tanto para empregadores quanto para trabalhadores. Essa altera\u00e7\u00e3o foi elaborada para proporcionar maior seguran\u00e7a no planejamento pessoal dos colaboradores.<\/p>\n\n\n\n<p>Empresas precisam agora revisar processos e adaptar sistemas internos para evitar falhas na comunica\u00e7\u00e3o dos per\u00edodos de f\u00e9rias. O aumento do prazo visa melhorar a organiza\u00e7\u00e3o dos recursos humanos durante per\u00edodos de aus\u00eancia, proporcionando mais estabilidade nas opera\u00e7\u00f5es das empresas.<\/p>\n\n\n\n<p>Essa mudan\u00e7a representa um avan\u00e7o tanto para a gest\u00e3o empresarial quanto para a qualidade de vida do trabalhador, refletindo a preocupa\u00e7\u00e3o do legislador em equilibrar interesses de ambos os lados.<\/p>\n\n\n\n<h2 class=\"wp-block-heading\">Penalidades por n\u00e3o cumprimento do prazo de aviso<\/h2>\n\n\n\n<p>O descumprimento do novo prazo de aviso de f\u00e9rias pode acarretar severas penalidades financeiras para as empresas, aplicadas de acordo com o porte e n\u00famero de funcion\u00e1rios afetados. As multas podem ser aplicadas por fiscaliza\u00e7\u00f5es regulares ou den\u00fancias feitas pelos trabalhadores.<\/p>\n\n\n\n<p>Al\u00e9m disso, a reincid\u00eancia pode agravar ainda mais as infra\u00e7\u00f5es, comprometendo o or\u00e7amento corporativo. O risco de a\u00e7\u00f5es trabalhistas tamb\u00e9m cresce, j\u00e1 que os empregados contam com respaldo jur\u00eddico para resguardar seus direitos.<\/p>\n\n\n\n<p>Empresas que n\u00e3o observarem os prazos podem enfrentar processos judiciais, desgaste institucional e abalo na rela\u00e7\u00e3o com os colaboradores, tornando indispens\u00e1vel a ado\u00e7\u00e3o de medidas preventivas.<\/p>\n\n\n\n<h2 class=\"wp-block-heading\">Como as empresas podem se adaptar \u00e0s novas exig\u00eancias?<\/h2>\n\n\n\n<p>A adapta\u00e7\u00e3o exige revis\u00e3o das pol\u00edticas internas e treinamento cont\u00ednuo das equipes de <strong>RH <\/strong>e gestores, especialmente quanto \u00e0 atualiza\u00e7\u00e3o dos novos prazos. Implementar sistemas de gest\u00e3o de pessoas com alertas autom\u00e1ticos \u00e9 uma medida eficiente para evitar esquecimentos ou falhas.<\/p>\n\n\n\n<p>A comunica\u00e7\u00e3o interna precisa ser refor\u00e7ada com informativos e orienta\u00e7\u00f5es claras, garantindo que todos estejam cientes das obriga\u00e7\u00f5es e benef\u00edcios do novo processo. Uma rotina bem estruturada minimiza erros e facilita o acompanhamento do cronograma de f\u00e9rias.<\/p>\n\n\n\n<p>Outro ponto relevante \u00e9 oferecer canais de d\u00favidas e suporte para que colaboradores e gestores estejam alinhados e seguros em rela\u00e7\u00e3o ao novo fluxo de f\u00e9rias, estimulando uma cultura de coopera\u00e7\u00e3o.<\/p>\n\n\n\n<h2 class=\"wp-block-heading\">Calend\u00e1rio de adequa\u00e7\u00e3o \u00e0s novas regras<\/h2>\n\n\n\n<p>Para garantir o cumprimento dos novos prazos, \u00e9 fundamental que as empresas elaborem um calend\u00e1rio oficial de comunica\u00e7\u00f5es e aprova\u00e7\u00f5es de f\u00e9rias. Estabelecer <strong>datas-chave<\/strong> para cada etapa do processo contribui para o sucesso da adapta\u00e7\u00e3o<\/p>\n\n\n\n<p>Estas datas servem como refer\u00eancia para os primeiros meses ap\u00f3s a entrada em vigor das normas. \u00c9 importante personalizar o calend\u00e1rio de acordo com a rotina e o porte da empresa para garantir total conformidade.<\/p>\n\n\n\n<h2 class=\"wp-block-heading\">Principais benef\u00edcios da antecipa\u00e7\u00e3o do aviso de f\u00e9rias<\/h2>\n\n\n\n<p>A antecipa\u00e7\u00e3o fortalece a rela\u00e7\u00e3o de confian\u00e7a entre empregador e colaborador, j\u00e1 que permite ao trabalhador planejar melhor suas atividades pessoais. Al\u00e9m disso, empresas organizadas t\u00eam maior facilidade em realocar tarefas e manter a produtividade ao longo do ano.<\/p>\n\n\n\n<p>Reduzem-se riscos de imprevistos no per\u00edodo de f\u00e9rias, o que diminui o absente\u00edsmo sem planejamento pr\u00e9vio e afasta passivos trabalhistas. A legisla\u00e7\u00e3o, portanto, incentiva pr\u00e1ticas mais modernas e \u00e9ticas na gest\u00e3o de pessoas.<\/p>\n\n\n\n<p>Entre os benef\u00edcios mais citados pela ado\u00e7\u00e3o da nova regra est\u00e3o:<\/p>\n\n\n\n<ul class=\"wp-block-list\">\n<li>Maior satisfa\u00e7\u00e3o dos colaboradores<\/li>\n\n\n\n<li>Redu\u00e7\u00e3o de multas e lit\u00edgios<\/li>\n\n\n\n<li>Facilidade no planejamento operacional<\/li>\n<\/ul>\n\n\n\n<h2 class=\"wp-block-heading\">Impactos no ambiente organizacional e o papel do RH<\/h2>\n\n\n\n<p>O cumprimento das novas regras impacta diretamente a cultura organizacional, tornando o ambiente mais previs\u00edvel e transparente. O <strong>RH <\/strong>assume papel estrat\u00e9gico ao monitorar prazos, orientar l\u00edderes e garantir o alinhamento entre setores.<\/p>\n\n\n\n<p>Para o sucesso dessa transi\u00e7\u00e3o, a comunica\u00e7\u00e3o interna deve ser refor\u00e7ada e o engajamento dos gestores intensificado, prevenindo conflitos e d\u00favidas. O processo de f\u00e9rias passa a ser uma oportunidade para demonstrar valoriza\u00e7\u00e3o e respeito pelo funcion\u00e1rio.<\/p>\n\n\n\n<p>A ado\u00e7\u00e3o das atuais regras resulta em melhorias cont\u00ednuas para todos os envolvidos, fortalecendo a competitividade, satisfa\u00e7\u00e3o e imagem institucional da empresa perante o mercado e a sociedade.<\/p>\n","protected":false},"excerpt":{"rendered":"<p>Com a chegada de 2025, novas normas regulamentares foram implementadas a respeito dos prazos para o aviso de f\u00e9rias aos colaboradores. O cumprimento dessas normas \u00e9 essencial para evitar multas e garantir a conformidade com a legisla\u00e7\u00e3o trabalhista. Neste contexto, as empresas precisam estar atualizadas sobre as modifica\u00e7\u00f5es que passaram a vigorar a partir de [&hellip;]<\/p>\n","protected":false},"author":20,"featured_media":55052,"comment_status":"open","ping_status":"open","sticky":false,"template":"","format":"standard","meta":{"jnews-multi-image_gallery":[],"jnews_single_post":{"format":"standard"},"jnews_primary_category":[],"jnews_social_meta":[],"jnews_override_counter":[],"footnotes":""},"categories":[28,1],"tags":[782,12941,264],"class_list":["post-94475","post","type-post","status-publish","format-standard","has-post-thumbnail","hentry","category-economia","category-noticias","tag-782","tag-aviso-de-ferias","tag-trabalhadores"],"yoast_head":"<!-- This site is optimized with the Yoast SEO plugin v23.8 - https:\/\/yoast.com\/wordpress\/plugins\/seo\/ -->\n<title>Com novas regras de f\u00e9rias em 2025 as empresas precisam se atentar! - Estado de Minas - Em foco<\/title>\n<meta name=\"description\" content=\"A partir de julho de 2025, o aviso de f\u00e9rias deve ser feito com 45 dias de anteced\u00eancia. Saiba como adaptar sua empresa e evitar multas trabalhistas!\" \/>\n<meta name=\"robots\" content=\"index, follow, max-snippet:-1, max-image-preview:large, max-video-preview:-1\" \/>\n<link rel=\"canonical\" href=\"https:\/\/www.em.com.br\/emfoco\/2025\/08\/21\/com-novas-regras-de-ferias-em-2025-as-empresas-precisam-se-atentar\/\" \/>\n<meta property=\"og:locale\" content=\"pt_BR\" \/>\n<meta property=\"og:type\" content=\"article\" \/>\n<meta property=\"og:title\" content=\"Com novas regras de f\u00e9rias em 2025 as empresas precisam se atentar! - Estado de Minas - Em foco\" \/>\n<meta property=\"og:description\" content=\"A partir de julho de 2025, o aviso de f\u00e9rias deve ser feito com 45 dias de anteced\u00eancia. Saiba como adaptar sua empresa e evitar multas trabalhistas!\" \/>\n<meta property=\"og:url\" content=\"https:\/\/www.em.com.br\/emfoco\/2025\/08\/21\/com-novas-regras-de-ferias-em-2025-as-empresas-precisam-se-atentar\/\" \/>\n<meta property=\"og:site_name\" content=\"Estado de Minas - Em foco\" \/>\n<meta property=\"article:published_time\" content=\"2025-08-21T16:38:00+00:00\" \/>\n<meta property=\"article:modified_time\" content=\"2025-08-20T23:01:04+00:00\" \/>\n<meta property=\"og:image\" content=\"https:\/\/www.em.com.br\/emfoco\/wp-content\/uploads\/2025\/06\/trabalhadores_1748978690709.jpg\" \/>\n\t<meta property=\"og:image:width\" content=\"1280\" \/>\n\t<meta property=\"og:image:height\" content=\"720\" \/>\n\t<meta property=\"og:image:type\" content=\"image\/jpeg\" \/>\n<meta name=\"author\" content=\"Ingrid Diniz\" \/>\n<meta name=\"twitter:card\" content=\"summary_large_image\" \/>\n<meta name=\"twitter:label1\" content=\"Escrito por\" \/>\n\t<meta name=\"twitter:data1\" content=\"Ingrid Diniz\" \/>\n\t<meta name=\"twitter:label2\" content=\"Est. tempo de leitura\" \/>\n\t<meta name=\"twitter:data2\" content=\"5 minutos\" \/>\n<!-- \/ Yoast SEO plugin. -->","yoast_head_json":{"title":"Com novas regras de f\u00e9rias em 2025 as empresas precisam se atentar! - Estado de Minas - Em foco","description":"A partir de julho de 2025, o aviso de f\u00e9rias deve ser feito com 45 dias de anteced\u00eancia. Saiba como adaptar sua empresa e evitar multas trabalhistas!","robots":{"index":"index","follow":"follow","max-snippet":"max-snippet:-1","max-image-preview":"max-image-preview:large","max-video-preview":"max-video-preview:-1"},"canonical":"https:\/\/www.em.com.br\/emfoco\/2025\/08\/21\/com-novas-regras-de-ferias-em-2025-as-empresas-precisam-se-atentar\/","og_locale":"pt_BR","og_type":"article","og_title":"Com novas regras de f\u00e9rias em 2025 as empresas precisam se atentar! - Estado de Minas - Em foco","og_description":"A partir de julho de 2025, o aviso de f\u00e9rias deve ser feito com 45 dias de anteced\u00eancia. Saiba como adaptar sua empresa e evitar multas trabalhistas!","og_url":"https:\/\/www.em.com.br\/emfoco\/2025\/08\/21\/com-novas-regras-de-ferias-em-2025-as-empresas-precisam-se-atentar\/","og_site_name":"Estado de Minas - Em foco","article_published_time":"2025-08-21T16:38:00+00:00","article_modified_time":"2025-08-20T23:01:04+00:00","og_image":[{"width":1280,"height":720,"url":"https:\/\/www.em.com.br\/emfoco\/wp-content\/uploads\/2025\/06\/trabalhadores_1748978690709.jpg","type":"image\/jpeg"}],"author":"Ingrid Diniz","twitter_card":"summary_large_image","twitter_misc":{"Escrito por":"Ingrid Diniz","Est. tempo de leitura":"5 minutos"},"schema":{"@context":"https:\/\/schema.org","@graph":[{"@type":"WebPage","@id":"https:\/\/www.em.com.br\/emfoco\/2025\/08\/21\/com-novas-regras-de-ferias-em-2025-as-empresas-precisam-se-atentar\/","url":"https:\/\/www.em.com.br\/emfoco\/2025\/08\/21\/com-novas-regras-de-ferias-em-2025-as-empresas-precisam-se-atentar\/","name":"Com novas regras de f\u00e9rias em 2025 as empresas precisam se atentar! - Estado de Minas - Em foco","isPartOf":{"@id":"https:\/\/www.em.com.br\/emfoco\/#website"},"primaryImageOfPage":{"@id":"https:\/\/www.em.com.br\/emfoco\/2025\/08\/21\/com-novas-regras-de-ferias-em-2025-as-empresas-precisam-se-atentar\/#primaryimage"},"image":{"@id":"https:\/\/www.em.com.br\/emfoco\/2025\/08\/21\/com-novas-regras-de-ferias-em-2025-as-empresas-precisam-se-atentar\/#primaryimage"},"thumbnailUrl":"https:\/\/www.em.com.br\/emfoco\/wp-content\/uploads\/2025\/06\/trabalhadores_1748978690709.jpg","datePublished":"2025-08-21T16:38:00+00:00","dateModified":"2025-08-20T23:01:04+00:00","author":{"@id":"https:\/\/www.em.com.br\/emfoco\/#\/schema\/person\/649e610b4eb8fff87ff394e54fe17b2b"},"description":"A partir de julho de 2025, o aviso de f\u00e9rias deve ser feito com 45 dias de anteced\u00eancia. Saiba como adaptar sua empresa e evitar multas trabalhistas!","breadcrumb":{"@id":"https:\/\/www.em.com.br\/emfoco\/2025\/08\/21\/com-novas-regras-de-ferias-em-2025-as-empresas-precisam-se-atentar\/#breadcrumb"},"inLanguage":"pt-BR","potentialAction":[{"@type":"ReadAction","target":["https:\/\/www.em.com.br\/emfoco\/2025\/08\/21\/com-novas-regras-de-ferias-em-2025-as-empresas-precisam-se-atentar\/"]}]},{"@type":"ImageObject","inLanguage":"pt-BR","@id":"https:\/\/www.em.com.br\/emfoco\/2025\/08\/21\/com-novas-regras-de-ferias-em-2025-as-empresas-precisam-se-atentar\/#primaryimage","url":"https:\/\/www.em.com.br\/emfoco\/wp-content\/uploads\/2025\/06\/trabalhadores_1748978690709.jpg","contentUrl":"https:\/\/www.em.com.br\/emfoco\/wp-content\/uploads\/2025\/06\/trabalhadores_1748978690709.jpg","width":1280,"height":720,"caption":"Trabalhadores - Cr\u00e9ditos: depositphotos.com \/ AllaSerebrina"},{"@type":"BreadcrumbList","@id":"https:\/\/www.em.com.br\/emfoco\/2025\/08\/21\/com-novas-regras-de-ferias-em-2025-as-empresas-precisam-se-atentar\/#breadcrumb","itemListElement":[{"@type":"ListItem","position":1,"name":"In\u00edcio","item":"https:\/\/www.em.com.br\/emfoco\/"},{"@type":"ListItem","position":2,"name":"Com novas regras de f\u00e9rias em 2025 as empresas precisam se atentar!"}]},{"@type":"WebSite","@id":"https:\/\/www.em.com.br\/emfoco\/#website","url":"https:\/\/www.em.com.br\/emfoco\/","name":"Estado de Minas - Em foco","description":"Acompanhe as \u00faltimas not\u00edcias e fique bem informado sobre tudo o que acontece em Minas Gerais, Brasil e no mundo.","potentialAction":[{"@type":"SearchAction","target":{"@type":"EntryPoint","urlTemplate":"https:\/\/www.em.com.br\/emfoco\/?s={search_term_string}"},"query-input":{"@type":"PropertyValueSpecification","valueRequired":true,"valueName":"search_term_string"}}],"inLanguage":"pt-BR"},{"@type":"Person","@id":"https:\/\/www.em.com.br\/emfoco\/#\/schema\/person\/649e610b4eb8fff87ff394e54fe17b2b","name":"Ingrid Diniz","image":{"@type":"ImageObject","inLanguage":"pt-BR","@id":"https:\/\/www.em.com.br\/emfoco\/#\/schema\/person\/image\/","url":"https:\/\/secure.gravatar.com\/avatar\/a3baa1449ec5c39b4c42babc9d4f3951?s=96&d=mm&r=g","contentUrl":"https:\/\/secure.gravatar.com\/avatar\/a3baa1449ec5c39b4c42babc9d4f3951?s=96&d=mm&r=g","caption":"Ingrid Diniz"},"sameAs":["https:\/\/www.em.com.br\/"],"url":"https:\/\/www.em.com.br\/emfoco\/author\/ingridmyth\/"}]}},"_links":{"self":[{"href":"https:\/\/www.em.com.br\/emfoco\/wp-json\/wp\/v2\/posts\/94475","targetHints":{"allow":["GET"]}}],"collection":[{"href":"https:\/\/www.em.com.br\/emfoco\/wp-json\/wp\/v2\/posts"}],"about":[{"href":"https:\/\/www.em.com.br\/emfoco\/wp-json\/wp\/v2\/types\/post"}],"author":[{"embeddable":true,"href":"https:\/\/www.em.com.br\/emfoco\/wp-json\/wp\/v2\/users\/20"}],"replies":[{"embeddable":true,"href":"https:\/\/www.em.com.br\/emfoco\/wp-json\/wp\/v2\/comments?post=94475"}],"version-history":[{"count":1,"href":"https:\/\/www.em.com.br\/emfoco\/wp-json\/wp\/v2\/posts\/94475\/revisions"}],"predecessor-version":[{"id":94483,"href":"https:\/\/www.em.com.br\/emfoco\/wp-json\/wp\/v2\/posts\/94475\/revisions\/94483"}],"wp:featuredmedia":[{"embeddable":true,"href":"https:\/\/www.em.com.br\/emfoco\/wp-json\/wp\/v2\/media\/55052"}],"wp:attachment":[{"href":"https:\/\/www.em.com.br\/emfoco\/wp-json\/wp\/v2\/media?parent=94475"}],"wp:term":[{"taxonomy":"category","embeddable":true,"href":"https:\/\/www.em.com.br\/emfoco\/wp-json\/wp\/v2\/categories?post=94475"},{"taxonomy":"post_tag","embeddable":true,"href":"https:\/\/www.em.com.br\/emfoco\/wp-json\/wp\/v2\/tags?post=94475"}],"curies":[{"name":"wp","href":"https:\/\/api.w.org\/{rel}","templated":true}]}}