{"id":9438,"date":"2025-01-17T17:40:00","date_gmt":"2025-01-17T20:40:00","guid":{"rendered":"https:\/\/www.em.com.br\/emfoco\/?p=9438"},"modified":"2025-01-08T20:28:53","modified_gmt":"2025-01-08T23:28:53","slug":"governo-federal-libera-r-2-824-para-pescadores-da-regiao-norte","status":"publish","type":"post","link":"https:\/\/www.em.com.br\/emfoco\/2025\/01\/17\/governo-federal-libera-r-2-824-para-pescadores-da-regiao-norte\/","title":{"rendered":"Governo Federal libera R$ 2.824 para pescadores da Regi\u00e3o Norte!"},"content":{"rendered":"\n<p>O in\u00edcio de 2025 marca a implementa\u00e7\u00e3o do <strong><a href=\"https:\/\/www.caixa.gov.br\/beneficios-trabalhador\/seguro-desemprego\/auxilio-extraordinario-pescador\/Paginas\/default.aspx\" target=\"_blank\" rel=\"noreferrer noopener\">Aux\u00edlio Extraordin\u00e1rio aos Pescadores<\/a><\/strong>, destinado a profissionais da pesca artesanal na Regi\u00e3o Norte do Brasil. Esta medida tem como objetivo mitigar os impactos causados por condi\u00e7\u00f5es clim\u00e1ticas adversas, como a seca ou estiagem. O aux\u00edlio oferece uma parcela \u00fanica no valor de R$ 2.824. Essa a\u00e7\u00e3o foi institucionalizada pela Medida Provis\u00f3ria n.\u00ba 1.277 de novembro de 2024.<\/p>\n\n\n\n<p>A Medida Provis\u00f3ria foi criada para beneficiar cerca de 195 mil pescadores em munic\u00edpios do Amap\u00e1, Amazonas e Par\u00e1. Estes profissionais, habituados a enfrentar desafios inerentes \u00e0 pesca, agora encontram-se em situa\u00e7\u00f5es agravadas pelas condi\u00e7\u00f5es ambientais reconhecidas oficialmente pelo Minist\u00e9rio da Integra\u00e7\u00e3o e do Desenvolvimento Regional. \u00c9 fundamental que os pescadores eleg\u00edveis j\u00e1 tenham o Seguro-Desemprego do Pescador Artesanal (tamb\u00e9m conhecido como Seguro-Defeso) concedidos at\u00e9 29 de novembro de 2024.<\/p>\n\n\n\n<h2 class=\"wp-block-heading\">Como os Pagamentos Ser\u00e3o Geridos?<\/h2>\n\n\n\n<p>Os dep\u00f3sitos do aux\u00edlio extraordin\u00e1rio ser\u00e3o geridos pela <em>Caixa Econ\u00f4mica Federal<\/em> e distribu\u00eddos conforme o n\u00famero final do <strong><a href=\"https:\/\/www.em.com.br\/emfoco\/2025\/01\/09\/alerta-novidade-bombastica-para-quem-pede-cpf-na-nota-fiscal\/\" target=\"_blank\" rel=\"noreferrer noopener\">CPF<\/a><\/strong> dos benefici\u00e1rios. Esse processo garante uma organiza\u00e7\u00e3o sequencial, minimizando complica\u00e7\u00f5es log\u00edsticas e administrativas na entrega dos valores. Aqui est\u00e1 o cronograma de pagamentos:<\/p>\n\n\n\n<ul class=\"wp-block-list\">\n<li>06\/01\/2025: finais 0 e 1;<\/li>\n\n\n\n<li>07\/01\/2025: finais 2 e 3;<\/li>\n\n\n\n<li>08\/01\/2025: finais 4 e 5;<\/li>\n\n\n\n<li>09\/01\/2025: finais 6 e 7;<\/li>\n\n\n\n<li>10\/01\/2025: finais 8 e 9.<\/li>\n<\/ul>\n\n\n\n<p>O uso da <strong>poupan\u00e7a social digital<\/strong>, gerida por meio do aplicativo Caixa Tem, oferece aos pescadores acessibilidade para gerir os fundos. O app, dispon\u00edvel para smartphones, permite pagar contas, fazer transfer\u00eancias e at\u00e9 mesmo compras via cart\u00e3o de d\u00e9bito virtual, facilitando o acesso ao aux\u00edlio.<\/p>\n\n\n\n<figure class=\"wp-block-image size-large\"><img loading=\"lazy\" decoding=\"async\" width=\"1024\" height=\"576\" src=\"https:\/\/www.em.com.br\/emfoco\/wp-content\/uploads\/2024\/12\/Dinheiro-brazil_1734018274111-1024x576.jpg\" alt=\"13\u00ba Sal\u00e1rio: Gasto Consciente e Consumo Estrat\u00e9gico no Fim de Ano!\" class=\"wp-image-4554\" srcset=\"https:\/\/www.em.com.br\/emfoco\/wp-content\/uploads\/2024\/12\/Dinheiro-brazil_1734018274111-1024x576.jpg 1024w, https:\/\/www.em.com.br\/emfoco\/wp-content\/uploads\/2024\/12\/Dinheiro-brazil_1734018274111-300x169.jpg 300w, https:\/\/www.em.com.br\/emfoco\/wp-content\/uploads\/2024\/12\/Dinheiro-brazil_1734018274111-768x432.jpg 768w, https:\/\/www.em.com.br\/emfoco\/wp-content\/uploads\/2024\/12\/Dinheiro-brazil_1734018274111-750x422.jpg 750w, https:\/\/www.em.com.br\/emfoco\/wp-content\/uploads\/2024\/12\/Dinheiro-brazil_1734018274111-1140x641.jpg 1140w, https:\/\/www.em.com.br\/emfoco\/wp-content\/uploads\/2024\/12\/Dinheiro-brazil_1734018274111.jpg 1280w\" sizes=\"auto, (max-width: 1024px) 100vw, 1024px\" \/><figcaption class=\"wp-element-caption\">Dinheiro &#8211; Cr\u00e9ditos: depositphotos.com \/ rmcarvalhobsb<\/figcaption><\/figure>\n\n\n\n<h2 class=\"wp-block-heading\">Quais Cidades S\u00e3o Beneficiadas?<\/h2>\n\n\n\n<p>A lista de munic\u00edpios benefici\u00e1rios inclui aqueles que enfrentaram severas condi\u00e7\u00f5es de seca, reduzindo a efetividade da pesca. Entre os munic\u00edpios, destacam-se:<\/p>\n\n\n\n<ul class=\"wp-block-list\">\n<li><strong>Amap\u00e1:<\/strong> Santana, Macap\u00e1, Laranjal do Jari, entre outros.<\/li>\n\n\n\n<li><strong>Amazonas:<\/strong> Autazes, Codaj\u00e1s, Boa Vista do Ramos, entre outros.<\/li>\n\n\n\n<li><strong>Par\u00e1:<\/strong> Camet\u00e1, Mocajuba, Bai\u00e3o, entre outros.<\/li>\n<\/ul>\n\n\n\n<p>Cada uma destas regi\u00f5es tem experimentado um impacto significativo em suas pr\u00e1ticas de pesca, um pilar central de suas economias locais e subsist\u00eancia di\u00e1ria.<\/p>\n\n\n\n<h2 class=\"wp-block-heading\">Qual \u00e9 o Prop\u00f3sito do Aux\u00edlio Extraordin\u00e1rio?<\/h2>\n\n\n\n<p>O <em>Aux\u00edlio Extraordin\u00e1rio<\/em> visa n\u00e3o apenas amparar economicamente os pescadores, mas tamb\u00e9m refor\u00e7ar o compromisso do governo com os setores vulner\u00e1veis perante desastres naturais. O foco na pescaria ressalta a import\u00e2ncia de medidas que garantam a sustentabilidade de atividades tradicionais frente aos efeitos adversos do clima.<\/p>\n\n\n\n<p>Essa medida se soma a esfor\u00e7os cont\u00ednuos para apoiar comunidades que dependem diretamente dos recursos naturais, em um cen\u00e1rio onde as mudan\u00e7as clim\u00e1ticas tornam-se uma crescente preocupa\u00e7\u00e3o. O aux\u00edlio, al\u00e9m de sua import\u00e2ncia imediata, simboliza um reconhecimento da relev\u00e2ncia dos pescadores para a economia e cultura locais.<\/p>\n","protected":false},"excerpt":{"rendered":"<p>O in\u00edcio de 2025 marca a implementa\u00e7\u00e3o do Aux\u00edlio Extraordin\u00e1rio aos Pescadores, destinado a profissionais da pesca artesanal na Regi\u00e3o Norte do Brasil. Esta medida tem como objetivo mitigar os impactos causados por condi\u00e7\u00f5es clim\u00e1ticas adversas, como a seca ou estiagem. O aux\u00edlio oferece uma parcela \u00fanica no valor de R$ 2.824. Essa a\u00e7\u00e3o foi [&hellip;]<\/p>\n","protected":false},"author":5,"featured_media":7200,"comment_status":"open","ping_status":"open","sticky":false,"template":"","format":"standard","meta":{"jnews-multi-image_gallery":[],"jnews_single_post":{"format":"standard"},"jnews_primary_category":[],"jnews_social_meta":[],"jnews_override_counter":[],"footnotes":""},"categories":[26,1],"tags":[1311,1441,397,3196],"class_list":["post-9438","post","type-post","status-publish","format-standard","has-post-thumbnail","hentry","category-cidades","category-noticias","tag-auxilio","tag-curiosidades","tag-norte","tag-pescadores"],"yoast_head":"<!-- This site is optimized with the Yoast SEO plugin v23.8 - https:\/\/yoast.com\/wordpress\/plugins\/seo\/ -->\n<title>Governo Federal libera R$ 2.824 para pescadores da Regi\u00e3o Norte! - Estado de Minas - Em foco<\/title>\n<meta name=\"description\" content=\"Pescadores da Amaz\u00f4nia podem receber um aux\u00edlio de R$ 2.824. Confira as datas de pagamento e os documentos necess\u00e1rios.\" \/>\n<meta name=\"robots\" content=\"index, follow, max-snippet:-1, max-image-preview:large, max-video-preview:-1\" \/>\n<link rel=\"canonical\" href=\"https:\/\/www.em.com.br\/emfoco\/2025\/01\/17\/governo-federal-libera-r-2-824-para-pescadores-da-regiao-norte\/\" \/>\n<meta property=\"og:locale\" content=\"pt_BR\" \/>\n<meta property=\"og:type\" content=\"article\" \/>\n<meta property=\"og:title\" content=\"Governo Federal libera R$ 2.824 para pescadores da Regi\u00e3o Norte! - Estado de Minas - Em foco\" \/>\n<meta property=\"og:description\" content=\"Pescadores da Amaz\u00f4nia podem receber um aux\u00edlio de R$ 2.824. Confira as datas de pagamento e os documentos necess\u00e1rios.\" \/>\n<meta property=\"og:url\" content=\"https:\/\/www.em.com.br\/emfoco\/2025\/01\/17\/governo-federal-libera-r-2-824-para-pescadores-da-regiao-norte\/\" \/>\n<meta property=\"og:site_name\" content=\"Estado de Minas - Em foco\" \/>\n<meta property=\"article:published_time\" content=\"2025-01-17T20:40:00+00:00\" \/>\n<meta property=\"article:modified_time\" content=\"2025-01-08T23:28:53+00:00\" \/>\n<meta property=\"og:image\" content=\"https:\/\/www.em.com.br\/emfoco\/wp-content\/uploads\/2024\/12\/juiz_1735388293974.jpg\" \/>\n\t<meta property=\"og:image:width\" content=\"1280\" \/>\n\t<meta property=\"og:image:height\" content=\"720\" \/>\n\t<meta property=\"og:image:type\" content=\"image\/jpeg\" \/>\n<meta name=\"author\" content=\"N\u00fabia Rangel\" \/>\n<meta name=\"twitter:card\" content=\"summary_large_image\" \/>\n<meta name=\"twitter:label1\" content=\"Escrito por\" \/>\n\t<meta name=\"twitter:data1\" content=\"N\u00fabia Rangel\" \/>\n\t<meta name=\"twitter:label2\" content=\"Est. tempo de leitura\" \/>\n\t<meta name=\"twitter:data2\" content=\"3 minutos\" \/>\n<!-- \/ Yoast SEO plugin. -->","yoast_head_json":{"title":"Governo Federal libera R$ 2.824 para pescadores da Regi\u00e3o Norte! - Estado de Minas - Em foco","description":"Pescadores da Amaz\u00f4nia podem receber um aux\u00edlio de R$ 2.824. Confira as datas de pagamento e os documentos necess\u00e1rios.","robots":{"index":"index","follow":"follow","max-snippet":"max-snippet:-1","max-image-preview":"max-image-preview:large","max-video-preview":"max-video-preview:-1"},"canonical":"https:\/\/www.em.com.br\/emfoco\/2025\/01\/17\/governo-federal-libera-r-2-824-para-pescadores-da-regiao-norte\/","og_locale":"pt_BR","og_type":"article","og_title":"Governo Federal libera R$ 2.824 para pescadores da Regi\u00e3o Norte! - Estado de Minas - Em foco","og_description":"Pescadores da Amaz\u00f4nia podem receber um aux\u00edlio de R$ 2.824. Confira as datas de pagamento e os documentos necess\u00e1rios.","og_url":"https:\/\/www.em.com.br\/emfoco\/2025\/01\/17\/governo-federal-libera-r-2-824-para-pescadores-da-regiao-norte\/","og_site_name":"Estado de Minas - Em foco","article_published_time":"2025-01-17T20:40:00+00:00","article_modified_time":"2025-01-08T23:28:53+00:00","og_image":[{"width":1280,"height":720,"url":"https:\/\/www.em.com.br\/emfoco\/wp-content\/uploads\/2024\/12\/juiz_1735388293974.jpg","type":"image\/jpeg"}],"author":"N\u00fabia Rangel","twitter_card":"summary_large_image","twitter_misc":{"Escrito por":"N\u00fabia Rangel","Est. tempo de leitura":"3 minutos"},"schema":{"@context":"https:\/\/schema.org","@graph":[{"@type":"WebPage","@id":"https:\/\/www.em.com.br\/emfoco\/2025\/01\/17\/governo-federal-libera-r-2-824-para-pescadores-da-regiao-norte\/","url":"https:\/\/www.em.com.br\/emfoco\/2025\/01\/17\/governo-federal-libera-r-2-824-para-pescadores-da-regiao-norte\/","name":"Governo Federal libera R$ 2.824 para pescadores da Regi\u00e3o Norte! - Estado de Minas - Em foco","isPartOf":{"@id":"https:\/\/www.em.com.br\/emfoco\/#website"},"primaryImageOfPage":{"@id":"https:\/\/www.em.com.br\/emfoco\/2025\/01\/17\/governo-federal-libera-r-2-824-para-pescadores-da-regiao-norte\/#primaryimage"},"image":{"@id":"https:\/\/www.em.com.br\/emfoco\/2025\/01\/17\/governo-federal-libera-r-2-824-para-pescadores-da-regiao-norte\/#primaryimage"},"thumbnailUrl":"https:\/\/www.em.com.br\/emfoco\/wp-content\/uploads\/2024\/12\/juiz_1735388293974.jpg","datePublished":"2025-01-17T20:40:00+00:00","dateModified":"2025-01-08T23:28:53+00:00","author":{"@id":"https:\/\/www.em.com.br\/emfoco\/#\/schema\/person\/524437ef54f8a5d32591b143307f2e20"},"description":"Pescadores da Amaz\u00f4nia podem receber um aux\u00edlio de R$ 2.824. Confira as datas de pagamento e os documentos necess\u00e1rios.","breadcrumb":{"@id":"https:\/\/www.em.com.br\/emfoco\/2025\/01\/17\/governo-federal-libera-r-2-824-para-pescadores-da-regiao-norte\/#breadcrumb"},"inLanguage":"pt-BR","potentialAction":[{"@type":"ReadAction","target":["https:\/\/www.em.com.br\/emfoco\/2025\/01\/17\/governo-federal-libera-r-2-824-para-pescadores-da-regiao-norte\/"]}]},{"@type":"ImageObject","inLanguage":"pt-BR","@id":"https:\/\/www.em.com.br\/emfoco\/2025\/01\/17\/governo-federal-libera-r-2-824-para-pescadores-da-regiao-norte\/#primaryimage","url":"https:\/\/www.em.com.br\/emfoco\/wp-content\/uploads\/2024\/12\/juiz_1735388293974.jpg","contentUrl":"https:\/\/www.em.com.br\/emfoco\/wp-content\/uploads\/2024\/12\/juiz_1735388293974.jpg","width":1280,"height":720,"caption":"Imagem Ilustrativa de Juiz - Cr\u00e9ditos: depositphotos.com \/ AllaSerebrina"},{"@type":"BreadcrumbList","@id":"https:\/\/www.em.com.br\/emfoco\/2025\/01\/17\/governo-federal-libera-r-2-824-para-pescadores-da-regiao-norte\/#breadcrumb","itemListElement":[{"@type":"ListItem","position":1,"name":"In\u00edcio","item":"https:\/\/www.em.com.br\/emfoco\/"},{"@type":"ListItem","position":2,"name":"Governo Federal libera R$ 2.824 para pescadores da Regi\u00e3o Norte!"}]},{"@type":"WebSite","@id":"https:\/\/www.em.com.br\/emfoco\/#website","url":"https:\/\/www.em.com.br\/emfoco\/","name":"Estado de Minas - Em foco","description":"Acompanhe as \u00faltimas not\u00edcias e fique bem informado sobre tudo o que acontece em Minas Gerais, Brasil e no mundo.","potentialAction":[{"@type":"SearchAction","target":{"@type":"EntryPoint","urlTemplate":"https:\/\/www.em.com.br\/emfoco\/?s={search_term_string}"},"query-input":{"@type":"PropertyValueSpecification","valueRequired":true,"valueName":"search_term_string"}}],"inLanguage":"pt-BR"},{"@type":"Person","@id":"https:\/\/www.em.com.br\/emfoco\/#\/schema\/person\/524437ef54f8a5d32591b143307f2e20","name":"N\u00fabia Rangel","image":{"@type":"ImageObject","inLanguage":"pt-BR","@id":"https:\/\/www.em.com.br\/emfoco\/#\/schema\/person\/image\/","url":"https:\/\/secure.gravatar.com\/avatar\/47cff2827a5ba23c37e8068c86817ea4?s=96&d=mm&r=g","contentUrl":"https:\/\/secure.gravatar.com\/avatar\/47cff2827a5ba23c37e8068c86817ea4?s=96&d=mm&r=g","caption":"N\u00fabia Rangel"},"sameAs":["https:\/\/www.em.com.br\/emfoco\/"],"url":"https:\/\/www.em.com.br\/emfoco\/author\/nubiamyth\/"}]}},"_links":{"self":[{"href":"https:\/\/www.em.com.br\/emfoco\/wp-json\/wp\/v2\/posts\/9438","targetHints":{"allow":["GET"]}}],"collection":[{"href":"https:\/\/www.em.com.br\/emfoco\/wp-json\/wp\/v2\/posts"}],"about":[{"href":"https:\/\/www.em.com.br\/emfoco\/wp-json\/wp\/v2\/types\/post"}],"author":[{"embeddable":true,"href":"https:\/\/www.em.com.br\/emfoco\/wp-json\/wp\/v2\/users\/5"}],"replies":[{"embeddable":true,"href":"https:\/\/www.em.com.br\/emfoco\/wp-json\/wp\/v2\/comments?post=9438"}],"version-history":[{"count":2,"href":"https:\/\/www.em.com.br\/emfoco\/wp-json\/wp\/v2\/posts\/9438\/revisions"}],"predecessor-version":[{"id":9440,"href":"https:\/\/www.em.com.br\/emfoco\/wp-json\/wp\/v2\/posts\/9438\/revisions\/9440"}],"wp:featuredmedia":[{"embeddable":true,"href":"https:\/\/www.em.com.br\/emfoco\/wp-json\/wp\/v2\/media\/7200"}],"wp:attachment":[{"href":"https:\/\/www.em.com.br\/emfoco\/wp-json\/wp\/v2\/media?parent=9438"}],"wp:term":[{"taxonomy":"category","embeddable":true,"href":"https:\/\/www.em.com.br\/emfoco\/wp-json\/wp\/v2\/categories?post=9438"},{"taxonomy":"post_tag","embeddable":true,"href":"https:\/\/www.em.com.br\/emfoco\/wp-json\/wp\/v2\/tags?post=9438"}],"curies":[{"name":"wp","href":"https:\/\/api.w.org\/{rel}","templated":true}]}}