{"id":94303,"date":"2025-08-22T18:18:56","date_gmt":"2025-08-22T21:18:56","guid":{"rendered":"https:\/\/www.em.com.br\/emfoco\/?p=94303"},"modified":"2025-08-21T18:52:57","modified_gmt":"2025-08-21T21:52:57","slug":"lampadas-inteligentes-instalacao-simples-e-rapida","status":"publish","type":"post","link":"https:\/\/www.em.com.br\/emfoco\/2025\/08\/22\/lampadas-inteligentes-instalacao-simples-e-rapida\/","title":{"rendered":"Saiba como deixar seu lar mais moderno e pr\u00e1tico de forma simples"},"content":{"rendered":"\n<p>Configurar <strong>l\u00e2mpadas inteligentes<\/strong> em casa \u00e9 um passo importante para tornar seu lar mais moderno, pr\u00e1tico e eficiente. Com aten\u00e7\u00e3o aos detalhes certos, voc\u00ea pode transformar a maneira como ilumina e personaliza ambientes, garantindo conforto, economia e seguran\u00e7a. Este guia foi criado para orientar voc\u00ea em cada etapa, de forma simples e did\u00e1tica, mesmo se nunca tiver instalado dispositivos smart antes.<\/p>\n\n\n\n<p>Ao adotar l\u00e2mpadas inteligentes, voc\u00ea n\u00e3o s\u00f3 tem a facilidade de ajustar a ilumina\u00e7\u00e3o conforme o seu gosto, mas tamb\u00e9m conquista recursos avan\u00e7ados. A tecnologia smart lighting possibilita desde a cria\u00e7\u00e3o de ambientes aconchegantes at\u00e9 a automa\u00e7\u00e3o de rotinas di\u00e1rias, tornando o dia a dia mais pr\u00e1tico e eficiente, al\u00e9m de contribuir para a redu\u00e7\u00e3o do consumo de energia el\u00e9trica.<\/p>\n\n\n\n<ul class=\"wp-block-list\">\n<li><strong>Escolha das l\u00e2mpadas:<\/strong> saiba quais s\u00e3o as melhores op\u00e7\u00f5es para o seu espa\u00e7o com base em funcionalidades, design e efici\u00eancia.<\/li>\n\n\n\n<li><strong>Integrar com assistentes de voz:<\/strong> conecte suas l\u00e2mpadas ao Alexa, Google Home ou outros sistemas compat\u00edveis para maior praticidade.<\/li>\n\n\n\n<li><strong>Automatize rotinas:<\/strong> programe suas luzes para ligar e desligar automaticamente, criando cen\u00e1rios personalizados e economia de energia.<\/li>\n<\/ul>\n\n\n\n<h2 class=\"wp-block-heading\">Quais s\u00e3o os primeiros passos para instalar l\u00e2mpadas inteligentes?<\/h2>\n\n\n\n<p>O primeiro passo para instalar <strong>l\u00e2mpadas inteligentes<\/strong> \u00e9 entender quais modelos combinam com suas necessidades e o espa\u00e7o dispon\u00edvel. Avalie fatores como pot\u00eancia luminosa, temperatura de cor, compatibilidade com outros dispositivos smart e recursos extras, como ajustes de cor e intensidade. Modelos que funcionam via Wi-Fi costumam dispensar o uso de hubs, facilitando a instala\u00e7\u00e3o e reduzindo custos.<\/p>\n\n\n\n<p>Entre os modelos mais populares e confi\u00e1veis do mercado, destacam-se a <strong>Philips Hue White &amp; Color Ambiance<\/strong>, que oferece ampla compatibilidade, possibilidade de criar diferentes cenas e \u00f3tima qualidade de luz, e a <strong>Positivo Smart L\u00e2mpada Wi-Fi<\/strong>, muito procurada no Brasil por ter f\u00e1cil integra\u00e7\u00e3o com Alexa e Google Assistente, al\u00e9m de permitir ajustar cor e intensidade direto pelo aplicativo.<\/p>\n\n\n\n<p>Al\u00e9m disso, antes de instalar, verifique o tipo de soquete e tens\u00e3o el\u00e9trica das suas lumin\u00e1rias para evitar incompatibilidades. Escolha l\u00e2mpadas certificadas e de boa proced\u00eancia para garantir seguran\u00e7a e maior vida \u00fatil dos equipamentos. Pesquise sempre as avalia\u00e7\u00f5es dos produtos e considere futuras expans\u00f5es do seu sistema de automa\u00e7\u00e3o residencial.<\/p>\n\n\n<div class=\"wp-block-image\">\n<figure class=\"aligncenter size-large\"><img loading=\"lazy\" decoding=\"async\" width=\"1024\" height=\"576\" src=\"https:\/\/www.em.com.br\/emfoco\/wp-content\/uploads\/2025\/08\/lampada-inteligente_1755710783883-1024x576.jpg\" alt=\"L\u00e2mpadas inteligentes\" class=\"wp-image-94307\" srcset=\"https:\/\/www.em.com.br\/emfoco\/wp-content\/uploads\/2025\/08\/lampada-inteligente_1755710783883-1024x576.jpg 1024w, https:\/\/www.em.com.br\/emfoco\/wp-content\/uploads\/2025\/08\/lampada-inteligente_1755710783883-300x169.jpg 300w, https:\/\/www.em.com.br\/emfoco\/wp-content\/uploads\/2025\/08\/lampada-inteligente_1755710783883-768x432.jpg 768w, https:\/\/www.em.com.br\/emfoco\/wp-content\/uploads\/2025\/08\/lampada-inteligente_1755710783883-750x422.jpg 750w, https:\/\/www.em.com.br\/emfoco\/wp-content\/uploads\/2025\/08\/lampada-inteligente_1755710783883-1140x641.jpg 1140w, https:\/\/www.em.com.br\/emfoco\/wp-content\/uploads\/2025\/08\/lampada-inteligente_1755710783883.jpg 1280w\" sizes=\"auto, (max-width: 1024px) 100vw, 1024px\" \/><figcaption class=\"wp-element-caption\">L\u00e2mpadas inteligentes &#8211; Cr\u00e9ditos: depositphotos.com \/ outline205<\/figcaption><\/figure><\/div>\n\n\n<p>Leia tamb\u00e9m: <a href=\"https:\/\/www.em.com.br\/emfoco\/2025\/08\/20\/como-saber-se-o-celular-gasta-bateria-em-segundo-plano\/\" target=\"_blank\" rel=\"noreferrer noopener\">Como saber se o celular gasta bateria em segundo plano<\/a><\/p>\n\n\n\n<h2 class=\"wp-block-heading\">Como conectar l\u00e2mpadas inteligentes ao Wi-Fi?<\/h2>\n\n\n\n<p>Ap\u00f3s instalar a l\u00e2mpada f\u00edsica na lumin\u00e1ria, acesse o aplicativo oficial do fabricante para conect\u00e1-la \u00e0 sua rede Wi-Fi dom\u00e9stica. A grande maioria das l\u00e2mpadas inteligentes trabalha exclusivamente em redes de 2.4GHz, portanto, certifique-se de que o seu roteador esteja configurado corretamente para evitar falhas na conex\u00e3o. Siga o passo a passo do aplicativo, permitindo que a l\u00e2mpada seja reconhecida e configurada.<\/p>\n\n\n\n<p>Durante esse processo, mantenha seu smartphone pr\u00f3ximo \u00e0 l\u00e2mpada e ao roteador para garantir uma comunica\u00e7\u00e3o eficiente. Certifique-se tamb\u00e9m de criar uma senha forte para sua rede Wi-Fi, garantindo a seguran\u00e7a dos seus dispositivos. Caso precise adicionar mais l\u00e2mpadas posteriormente, repita o procedimento, aproveitando a facilidade proporcionada pelos aplicativos atuais.<\/p>\n\n\n\n<h2 class=\"wp-block-heading\">Como integrar l\u00e2mpadas inteligentes com assistentes de voz?<\/h2>\n\n\n\n<p>Integrar suas l\u00e2mpadas com assistentes virtuais, como Alexa ou Google Home, amplia as possibilidades de automa\u00e7\u00e3o e praticidade. Abra o aplicativo do assistente de voz, acione o comando de adicionar dispositivo e selecione a marca correspondente \u00e0 sua l\u00e2mpada. Muitas marcas j\u00e1 disponibilizam integra\u00e7\u00e3o direta, tornando o processo simples e intuitivo.<\/p>\n\n\n\n<p>Ap\u00f3s a integra\u00e7\u00e3o, voc\u00ea poder\u00e1 acionar, desligar, dimerizar e at\u00e9 mudar as cores das l\u00e2mpadas apenas com comandos de voz, mesmo estando em outro c\u00f4modo ou fora de casa. Ao cadastrar rotinas e grupos de ilumina\u00e7\u00e3o, o controle fica ainda mais personalizado, tornando a experi\u00eancia de ilumina\u00e7\u00e3o inteligente realmente completa e funcional.<\/p>\n\n\n\n<h2 class=\"wp-block-heading\">Por que automatizar suas l\u00e2mpadas inteligentes?<\/h2>\n\n\n\n<p>Automatizar <strong>l\u00e2mpadas inteligentes<\/strong> proporciona maior conforto no dia a dia, permitindo que voc\u00ea programe hor\u00e1rios, sensores de presen\u00e7a e cen\u00e1rios que atendem a cada momento da sua rotina. Por exemplo, \u00e9 poss\u00edvel configurar as luzes para acenderem ao anoitecer ou para se apagarem automaticamente ao sair de casa, <a href=\"https:\/\/g1.globo.com\/guia\/guia-de-compras\/tecnologia\/casa-inteligente\/lampada-inteligente-g1-testa-5-modelos-para-comecar-a-montar-a-casa-conectada.ghtml\" target=\"_blank\" rel=\"noreferrer noopener\">aumentando <\/a>a efici\u00eancia energ\u00e9tica e o bem-estar.<\/p>\n\n\n\n<p>Al\u00e9m da comodidade, a automa\u00e7\u00e3o refor\u00e7a a seguran\u00e7a, simulando presen\u00e7a quando a resid\u00eancia est\u00e1 vazia, o que pode inibir tentativas de invas\u00e3o. Atrav\u00e9s dos aplicativos, tamb\u00e9m \u00e9 poss\u00edvel monitorar o status das luzes remotamente, garantindo total controle mesmo \u00e0 dist\u00e2ncia e facilitando a gest\u00e3o do consumo el\u00e9trico.<\/p>\n\n\n\n<h2 class=\"wp-block-heading\">Aprimore sua experi\u00eancia com ilumina\u00e7\u00e3o personalizada<\/h2>\n\n\n\n<p>Al\u00e9m das fun\u00e7\u00f5es b\u00e1sicas, a personaliza\u00e7\u00e3o da ilumina\u00e7\u00e3o \u00e9 um dos grandes diferenciais das l\u00e2mpadas inteligentes modernas. Com poucos toques no aplicativo, ajuste cor, intensidade e at\u00e9 crie cenas tem\u00e1ticas, transformando diferentes ambientes de acordo com o seu humor ou ocasi\u00e3o especial, como festas, leitura ou relaxamento.<\/p>\n\n\n\n<p>Esta flexibilidade garante que cada c\u00f4modo tenha a atmosfera certa para cada atividade. Experimente combina\u00e7\u00f5es, salve predefini\u00e7\u00f5es de cen\u00e1rios e explore o potencial dessa tecnologia, que alia inova\u00e7\u00e3o, economia de energia e praticidade para o dia a dia da sua casa conectada.<\/p>\n\n\n\n<ul class=\"wp-block-list\">\n<li>Configura\u00e7\u00e3o simples e acess\u00edvel, mesmo para iniciantes, com suporte de aplicativos intuitivos.<\/li>\n\n\n\n<li>Compatibilidade ampliada com assistentes de voz proporciona controle facilitado e integra\u00e7\u00e3o com outros dispositivos inteligentes.<\/li>\n\n\n\n<li>Automatiza\u00e7\u00f5es e personaliza\u00e7\u00e3o aumentam a praticidade e promovem maior efici\u00eancia energ\u00e9tica em sua rotina di\u00e1ria.<\/li>\n<\/ul>\n","protected":false},"excerpt":{"rendered":"<p>Configurar l\u00e2mpadas inteligentes em casa \u00e9 um passo importante para tornar seu lar mais moderno, pr\u00e1tico e eficiente. Com aten\u00e7\u00e3o aos detalhes certos, voc\u00ea pode transformar a maneira como ilumina e personaliza ambientes, garantindo conforto, economia e seguran\u00e7a. Este guia foi criado para orientar voc\u00ea em cada etapa, de forma simples e did\u00e1tica, mesmo se [&hellip;]<\/p>\n","protected":false},"author":15,"featured_media":94305,"comment_status":"open","ping_status":"open","sticky":false,"template":"","format":"standard","meta":{"jnews-multi-image_gallery":[],"jnews_single_post":{"format":"standard"},"jnews_primary_category":[],"jnews_social_meta":[],"jnews_override_counter":[],"footnotes":""},"categories":[8819],"tags":[3335,4490,14575,14573,14574],"class_list":["post-94303","post","type-post","status-publish","format-standard","has-post-thumbnail","hentry","category-curiosidades","tag-alexa","tag-casa-inteligente","tag-google-home","tag-lampadas-inteligentes","tag-smart-lighting"],"yoast_head":"<!-- This site is optimized with the Yoast SEO plugin v23.8 - https:\/\/yoast.com\/wordpress\/plugins\/seo\/ -->\n<title>Saiba como deixar seu lar mais moderno e pr\u00e1tico de forma simples - Estado de Minas - Em foco<\/title>\n<meta name=\"description\" content=\"Instalar l\u00e2mpadas inteligentes \u00e9 mais f\u00e1cil do que parece. Aprenda o processo e transforme sua casa em um espa\u00e7o conectado.\" \/>\n<meta name=\"robots\" content=\"index, follow, max-snippet:-1, max-image-preview:large, max-video-preview:-1\" \/>\n<link rel=\"canonical\" href=\"https:\/\/www.em.com.br\/emfoco\/2025\/08\/22\/lampadas-inteligentes-instalacao-simples-e-rapida\/\" \/>\n<meta property=\"og:locale\" content=\"pt_BR\" \/>\n<meta property=\"og:type\" content=\"article\" \/>\n<meta property=\"og:title\" content=\"Saiba como deixar seu lar mais moderno e pr\u00e1tico de forma simples - Estado de Minas - Em foco\" \/>\n<meta property=\"og:description\" content=\"Instalar l\u00e2mpadas inteligentes \u00e9 mais f\u00e1cil do que parece. Aprenda o processo e transforme sua casa em um espa\u00e7o conectado.\" \/>\n<meta property=\"og:url\" content=\"https:\/\/www.em.com.br\/emfoco\/2025\/08\/22\/lampadas-inteligentes-instalacao-simples-e-rapida\/\" \/>\n<meta property=\"og:site_name\" content=\"Estado de Minas - Em foco\" \/>\n<meta property=\"article:published_time\" content=\"2025-08-22T21:18:56+00:00\" \/>\n<meta property=\"article:modified_time\" content=\"2025-08-21T21:52:57+00:00\" \/>\n<meta property=\"og:image\" content=\"https:\/\/www.em.com.br\/emfoco\/wp-content\/uploads\/2025\/08\/lampada-inteligente_1755710809696.jpg\" \/>\n\t<meta property=\"og:image:width\" content=\"1280\" \/>\n\t<meta property=\"og:image:height\" content=\"720\" \/>\n\t<meta property=\"og:image:type\" content=\"image\/jpeg\" \/>\n<meta name=\"author\" content=\"Douglas Myth\" \/>\n<meta name=\"twitter:card\" content=\"summary_large_image\" \/>\n<meta name=\"twitter:label1\" content=\"Escrito por\" \/>\n\t<meta name=\"twitter:data1\" content=\"Douglas Myth\" \/>\n\t<meta name=\"twitter:label2\" content=\"Est. tempo de leitura\" \/>\n\t<meta name=\"twitter:data2\" content=\"6 minutos\" \/>\n<!-- \/ Yoast SEO plugin. -->","yoast_head_json":{"title":"Saiba como deixar seu lar mais moderno e pr\u00e1tico de forma simples - Estado de Minas - Em foco","description":"Instalar l\u00e2mpadas inteligentes \u00e9 mais f\u00e1cil do que parece. Aprenda o processo e transforme sua casa em um espa\u00e7o conectado.","robots":{"index":"index","follow":"follow","max-snippet":"max-snippet:-1","max-image-preview":"max-image-preview:large","max-video-preview":"max-video-preview:-1"},"canonical":"https:\/\/www.em.com.br\/emfoco\/2025\/08\/22\/lampadas-inteligentes-instalacao-simples-e-rapida\/","og_locale":"pt_BR","og_type":"article","og_title":"Saiba como deixar seu lar mais moderno e pr\u00e1tico de forma simples - Estado de Minas - Em foco","og_description":"Instalar l\u00e2mpadas inteligentes \u00e9 mais f\u00e1cil do que parece. Aprenda o processo e transforme sua casa em um espa\u00e7o conectado.","og_url":"https:\/\/www.em.com.br\/emfoco\/2025\/08\/22\/lampadas-inteligentes-instalacao-simples-e-rapida\/","og_site_name":"Estado de Minas - Em foco","article_published_time":"2025-08-22T21:18:56+00:00","article_modified_time":"2025-08-21T21:52:57+00:00","og_image":[{"width":1280,"height":720,"url":"https:\/\/www.em.com.br\/emfoco\/wp-content\/uploads\/2025\/08\/lampada-inteligente_1755710809696.jpg","type":"image\/jpeg"}],"author":"Douglas Myth","twitter_card":"summary_large_image","twitter_misc":{"Escrito por":"Douglas Myth","Est. tempo de leitura":"6 minutos"},"schema":{"@context":"https:\/\/schema.org","@graph":[{"@type":"WebPage","@id":"https:\/\/www.em.com.br\/emfoco\/2025\/08\/22\/lampadas-inteligentes-instalacao-simples-e-rapida\/","url":"https:\/\/www.em.com.br\/emfoco\/2025\/08\/22\/lampadas-inteligentes-instalacao-simples-e-rapida\/","name":"Saiba como deixar seu lar mais moderno e pr\u00e1tico de forma simples - Estado de Minas - Em foco","isPartOf":{"@id":"https:\/\/www.em.com.br\/emfoco\/#website"},"primaryImageOfPage":{"@id":"https:\/\/www.em.com.br\/emfoco\/2025\/08\/22\/lampadas-inteligentes-instalacao-simples-e-rapida\/#primaryimage"},"image":{"@id":"https:\/\/www.em.com.br\/emfoco\/2025\/08\/22\/lampadas-inteligentes-instalacao-simples-e-rapida\/#primaryimage"},"thumbnailUrl":"https:\/\/www.em.com.br\/emfoco\/wp-content\/uploads\/2025\/08\/lampada-inteligente_1755710809696.jpg","datePublished":"2025-08-22T21:18:56+00:00","dateModified":"2025-08-21T21:52:57+00:00","author":{"@id":"https:\/\/www.em.com.br\/emfoco\/#\/schema\/person\/bba594b7eebe9b9885fec3a5c7837089"},"description":"Instalar l\u00e2mpadas inteligentes \u00e9 mais f\u00e1cil do que parece. Aprenda o processo e transforme sua casa em um espa\u00e7o conectado.","breadcrumb":{"@id":"https:\/\/www.em.com.br\/emfoco\/2025\/08\/22\/lampadas-inteligentes-instalacao-simples-e-rapida\/#breadcrumb"},"inLanguage":"pt-BR","potentialAction":[{"@type":"ReadAction","target":["https:\/\/www.em.com.br\/emfoco\/2025\/08\/22\/lampadas-inteligentes-instalacao-simples-e-rapida\/"]}]},{"@type":"ImageObject","inLanguage":"pt-BR","@id":"https:\/\/www.em.com.br\/emfoco\/2025\/08\/22\/lampadas-inteligentes-instalacao-simples-e-rapida\/#primaryimage","url":"https:\/\/www.em.com.br\/emfoco\/wp-content\/uploads\/2025\/08\/lampada-inteligente_1755710809696.jpg","contentUrl":"https:\/\/www.em.com.br\/emfoco\/wp-content\/uploads\/2025\/08\/lampada-inteligente_1755710809696.jpg","width":1280,"height":720,"caption":"L\u00e2mpadas inteligentes - Cr\u00e9ditos: depositphotos.com \/ rossandhelen"},{"@type":"BreadcrumbList","@id":"https:\/\/www.em.com.br\/emfoco\/2025\/08\/22\/lampadas-inteligentes-instalacao-simples-e-rapida\/#breadcrumb","itemListElement":[{"@type":"ListItem","position":1,"name":"In\u00edcio","item":"https:\/\/www.em.com.br\/emfoco\/"},{"@type":"ListItem","position":2,"name":"Saiba como deixar seu lar mais moderno e pr\u00e1tico de forma simples"}]},{"@type":"WebSite","@id":"https:\/\/www.em.com.br\/emfoco\/#website","url":"https:\/\/www.em.com.br\/emfoco\/","name":"Estado de Minas - Em foco","description":"Acompanhe as \u00faltimas not\u00edcias e fique bem informado sobre tudo o que acontece em Minas Gerais, Brasil e no mundo.","potentialAction":[{"@type":"SearchAction","target":{"@type":"EntryPoint","urlTemplate":"https:\/\/www.em.com.br\/emfoco\/?s={search_term_string}"},"query-input":{"@type":"PropertyValueSpecification","valueRequired":true,"valueName":"search_term_string"}}],"inLanguage":"pt-BR"},{"@type":"Person","@id":"https:\/\/www.em.com.br\/emfoco\/#\/schema\/person\/bba594b7eebe9b9885fec3a5c7837089","name":"Douglas Myth","image":{"@type":"ImageObject","inLanguage":"pt-BR","@id":"https:\/\/www.em.com.br\/emfoco\/#\/schema\/person\/image\/","url":"https:\/\/secure.gravatar.com\/avatar\/1ac3cf50d0e68642c697dc0c960c802f?s=96&d=mm&r=g","contentUrl":"https:\/\/secure.gravatar.com\/avatar\/1ac3cf50d0e68642c697dc0c960c802f?s=96&d=mm&r=g","caption":"Douglas Myth"},"url":"https:\/\/www.em.com.br\/emfoco\/author\/douglasmyth\/"}]}},"_links":{"self":[{"href":"https:\/\/www.em.com.br\/emfoco\/wp-json\/wp\/v2\/posts\/94303","targetHints":{"allow":["GET"]}}],"collection":[{"href":"https:\/\/www.em.com.br\/emfoco\/wp-json\/wp\/v2\/posts"}],"about":[{"href":"https:\/\/www.em.com.br\/emfoco\/wp-json\/wp\/v2\/types\/post"}],"author":[{"embeddable":true,"href":"https:\/\/www.em.com.br\/emfoco\/wp-json\/wp\/v2\/users\/15"}],"replies":[{"embeddable":true,"href":"https:\/\/www.em.com.br\/emfoco\/wp-json\/wp\/v2\/comments?post=94303"}],"version-history":[{"count":3,"href":"https:\/\/www.em.com.br\/emfoco\/wp-json\/wp\/v2\/posts\/94303\/revisions"}],"predecessor-version":[{"id":95046,"href":"https:\/\/www.em.com.br\/emfoco\/wp-json\/wp\/v2\/posts\/94303\/revisions\/95046"}],"wp:featuredmedia":[{"embeddable":true,"href":"https:\/\/www.em.com.br\/emfoco\/wp-json\/wp\/v2\/media\/94305"}],"wp:attachment":[{"href":"https:\/\/www.em.com.br\/emfoco\/wp-json\/wp\/v2\/media?parent=94303"}],"wp:term":[{"taxonomy":"category","embeddable":true,"href":"https:\/\/www.em.com.br\/emfoco\/wp-json\/wp\/v2\/categories?post=94303"},{"taxonomy":"post_tag","embeddable":true,"href":"https:\/\/www.em.com.br\/emfoco\/wp-json\/wp\/v2\/tags?post=94303"}],"curies":[{"name":"wp","href":"https:\/\/api.w.org\/{rel}","templated":true}]}}