{"id":94120,"date":"2025-08-21T06:28:00","date_gmt":"2025-08-21T09:28:00","guid":{"rendered":"https:\/\/www.em.com.br\/emfoco\/?p=94120"},"modified":"2025-08-20T13:44:12","modified_gmt":"2025-08-20T16:44:12","slug":"veranico-chega-ao-sul-e-sudeste-com-as-temperaturas-mais-altas-do-inverno","status":"publish","type":"post","link":"https:\/\/www.em.com.br\/emfoco\/2025\/08\/21\/veranico-chega-ao-sul-e-sudeste-com-as-temperaturas-mais-altas-do-inverno\/","title":{"rendered":"Veranico chega ao Sul e Sudeste com as temperaturas mais altas do inverno"},"content":{"rendered":"\n<p>Com a aproxima\u00e7\u00e3o de um\u00a0<strong>veranico<\/strong>, as regi\u00f5es\u00a0<strong>Sul<\/strong>\u00a0e\u00a0<strong>Sudeste<\/strong>\u00a0do\u00a0<strong>Brasil<\/strong>\u00a0est\u00e3o prestes a experimentar uma pausa no frio deste inverno. As temperaturas devem subir\u00a0<strong>acima da m\u00e9dia<\/strong>\u00a0a partir da pr\u00f3xima semana. Esta mudan\u00e7a traz uma oportunidade de desfrutar do calor em pleno inverno, algo t\u00edpico quando ocorrem fen\u00f4menos como o <a href=\"https:\/\/pt.wikipedia.org\/wiki\/Veranico\" target=\"_blank\" rel=\"noreferrer noopener\">veranico <\/a>em anos anteriores, influenciando tanto as atividades urbanas quanto rurais.<\/p>\n\n\n\n<ul class=\"wp-block-list\">\n<li>Veja a previs\u00e3o detalhada para os dias&nbsp;<strong>21 e 22 de agosto de 2025<\/strong>.<\/li>\n\n\n\n<li>Descubra como o clima ser\u00e1 nas principais cidades dessas regi\u00f5es.<\/li>\n\n\n\n<li>Acompanhe as m\u00e1ximas e m\u00ednimas para\u00a0<strong><a href=\"https:\/\/www.em.com.br\/emfoco\/2025\/08\/20\/quanto-custa-ficar-em-um-hotel-em-minas-gerais\/\" target=\"_blank\" rel=\"noreferrer noopener\">Minas Gerais<\/a><\/strong>\u00a0nos mesmos dias.<\/li>\n<\/ul>\n\n\n\n<h2 class=\"wp-block-heading\">Como fica a previs\u00e3o para o Sul e Sudeste?<\/h2>\n\n\n\n<p>Na semana de&nbsp;<strong>20 a 25 de agosto<\/strong>, o esperado veranico vai trazer um aumento significativo das temperaturas. Especialistas indicam que essas regi\u00f5es ter\u00e3o dias ensolarados e mais quentes, o que representa uma interrup\u00e7\u00e3o na sequ\u00eancia de climas mais frios do inverno. Nesses per\u00edodos, cidades como Porto Alegre, Curitiba e S\u00e3o Paulo registram recordes de temperatura, o que pode impactar desde o uso do transporte p\u00fablico at\u00e9 o aumento do consumo de energia el\u00e9trica para condicionadores de ar.<\/p>\n\n\n\n<p><strong>Aten\u00e7\u00e3o<\/strong>: as altas temperaturas podem afetar a sa\u00fade, sendo essencial cuidar da hidrata\u00e7\u00e3o e prote\u00e7\u00e3o solar. Esta \u00e9poca \u00e9 perfeita para atividades ao ar livre, mas sempre com precau\u00e7\u00e3o.<\/p>\n\n\n\n<figure class=\"wp-block-image\"><img decoding=\"async\" src=\"https:\/\/www.em.com.br\/emfoco\/wp-content\/uploads\/2025\/04\/Clima-sol-ou-chuva_1745256516839-1024x576.jpg\" alt=\"\"\/><figcaption class=\"wp-element-caption\">Clima &#8211; Cr\u00e9ditos: depositphotos.com \/ pongsuwan<\/figcaption><\/figure>\n\n\n\n<h2 class=\"wp-block-heading\">Como ser\u00e3o as temperaturas m\u00e1ximas e m\u00ednimas no Sudeste (21 e 22\/08\/2025)?<\/h2>\n\n\n\n<ul class=\"wp-block-list\">\n<li><strong>S\u00e3o Paulo<\/strong>: M\u00e1x 28\u00b0C \/ M\u00edn 15\u00b0C<\/li>\n\n\n\n<li><strong>Rio de Janeiro<\/strong>: M\u00e1x 31\u00b0C \/ M\u00edn 19\u00b0C<\/li>\n\n\n\n<li><strong>Belo Horizonte<\/strong>: M\u00e1x 29\u00b0C \/ M\u00edn 17\u00b0C<\/li>\n\n\n\n<li><strong>Vit\u00f3ria<\/strong>: M\u00e1x 30\u00b0C \/ M\u00edn 18\u00b0C<\/li>\n<\/ul>\n\n\n\n<h2 class=\"wp-block-heading\">Como ficam as temperaturas m\u00e1ximas e m\u00ednimas em Minas Gerais (21 e 22\/08\/2025)?<\/h2>\n\n\n\n<ul class=\"wp-block-list\">\n<li>Belo Horizonte: M\u00e1x 29\u00b0C \/ M\u00edn 17\u00b0C<\/li>\n\n\n\n<li><strong>Uberl\u00e2ndia<\/strong>: M\u00e1x 32\u00b0C \/ M\u00edn 18\u00b0C<\/li>\n\n\n\n<li><strong>Juiz de Fora<\/strong>: M\u00e1x 27\u00b0C \/ M\u00edn 14\u00b0C<\/li>\n\n\n\n<li><strong>Montes Claros<\/strong>: M\u00e1x 34\u00b0C \/ M\u00edn 20\u00b0C<\/li>\n<\/ul>\n\n\n\n<h2 class=\"wp-block-heading\">O que esperar do veranico?<\/h2>\n\n\n\n<p>Com a chegada do terceiro per\u00edodo de veranico deste ano, as regi\u00f5es Sudeste e Sul se preparam para dias mais&nbsp;<strong>aquecidos<\/strong>. Este fen\u00f4meno pode influenciar desde atividades cotidianas at\u00e9 pr\u00e1ticas agr\u00edcolas, alterando a din\u00e2mica tradicional de inverno nessas \u00e1reas. Em algumas cidades, como S\u00e3o Paulo e Porto Alegre, a popula\u00e7\u00e3o costuma procurar locais ao ar livre, como parques e praias, aproveitando o aumento da temperatura at\u00edpica.<\/p>\n\n\n\n<p><em>Dica r\u00e1pida:<\/em>&nbsp;aproveite para realizar passeios ao ar livre, mas lembre-se de manter a hidrata\u00e7\u00e3o e usar protetor solar.<\/p>\n\n\n\n<h2 class=\"wp-block-heading\">O que podemos aprender com o veranico de agosto?<\/h2>\n\n\n\n<ul class=\"wp-block-list\">\n<li>As temperaturas aumentar\u00e3o acima da m\u00e9dia no Sudeste e Sul.<\/li>\n\n\n\n<li>Previs\u00e3o de mudan\u00e7as clim\u00e1ticas pode alterar rotinas di\u00e1rias.<\/li>\n\n\n\n<li>Cuidado e precau\u00e7\u00e3o s\u00e3o essenciais durante os dias mais quentes.<\/li>\n<\/ul>\n","protected":false},"excerpt":{"rendered":"<p>Com a aproxima\u00e7\u00e3o de um\u00a0veranico, as regi\u00f5es\u00a0Sul\u00a0e\u00a0Sudeste\u00a0do\u00a0Brasil\u00a0est\u00e3o prestes a experimentar uma pausa no frio deste inverno. As temperaturas devem subir\u00a0acima da m\u00e9dia\u00a0a partir da pr\u00f3xima semana. Esta mudan\u00e7a traz uma oportunidade de desfrutar do calor em pleno inverno, algo t\u00edpico quando ocorrem fen\u00f4menos como o veranico em anos anteriores, influenciando tanto as atividades urbanas quanto [&hellip;]<\/p>\n","protected":false},"author":11,"featured_media":45485,"comment_status":"open","ping_status":"open","sticky":false,"template":"","format":"standard","meta":{"jnews-multi-image_gallery":[],"jnews_single_post":{"format":"standard"},"jnews_primary_category":[],"jnews_social_meta":[],"jnews_override_counter":[],"footnotes":""},"categories":[30,1],"tags":[705,152,1221,1192],"class_list":["post-94120","post","type-post","status-publish","format-standard","has-post-thumbnail","hentry","category-clima","category-noticias","tag-calor","tag-clima","tag-inverno","tag-sudeste"],"yoast_head":"<!-- This site is optimized with the Yoast SEO plugin v23.8 - https:\/\/yoast.com\/wordpress\/plugins\/seo\/ -->\n<title>Veranico chega ao Sul e Sudeste com as temperaturas mais altas do inverno - Estado de Minas - Em foco<\/title>\n<meta name=\"description\" content=\"O veranico promete transformar o inverno no Sul e Sudeste com calor fora do normal e temperaturas acima da m\u00e9dia que v\u00e3o surpreender.\" \/>\n<meta name=\"robots\" content=\"index, follow, max-snippet:-1, max-image-preview:large, max-video-preview:-1\" \/>\n<link rel=\"canonical\" href=\"https:\/\/www.em.com.br\/emfoco\/2025\/08\/21\/veranico-chega-ao-sul-e-sudeste-com-as-temperaturas-mais-altas-do-inverno\/\" \/>\n<meta property=\"og:locale\" content=\"pt_BR\" \/>\n<meta property=\"og:type\" content=\"article\" \/>\n<meta property=\"og:title\" content=\"Veranico chega ao Sul e Sudeste com as temperaturas mais altas do inverno - Estado de Minas - Em foco\" \/>\n<meta property=\"og:description\" content=\"O veranico promete transformar o inverno no Sul e Sudeste com calor fora do normal e temperaturas acima da m\u00e9dia que v\u00e3o surpreender.\" \/>\n<meta property=\"og:url\" content=\"https:\/\/www.em.com.br\/emfoco\/2025\/08\/21\/veranico-chega-ao-sul-e-sudeste-com-as-temperaturas-mais-altas-do-inverno\/\" \/>\n<meta property=\"og:site_name\" content=\"Estado de Minas - Em foco\" \/>\n<meta property=\"article:published_time\" content=\"2025-08-21T09:28:00+00:00\" \/>\n<meta property=\"article:modified_time\" content=\"2025-08-20T16:44:12+00:00\" \/>\n<meta property=\"og:image\" content=\"https:\/\/www.em.com.br\/emfoco\/wp-content\/uploads\/2025\/05\/clima-celular_1746660030014.jpg\" \/>\n\t<meta property=\"og:image:width\" content=\"1280\" \/>\n\t<meta property=\"og:image:height\" content=\"720\" \/>\n\t<meta property=\"og:image:type\" content=\"image\/jpeg\" \/>\n<meta name=\"author\" content=\"Andre\u0301 Rangel\u00a0\" \/>\n<meta name=\"twitter:card\" content=\"summary_large_image\" \/>\n<meta name=\"twitter:label1\" content=\"Escrito por\" \/>\n\t<meta name=\"twitter:data1\" content=\"Andre\u0301 Rangel\u00a0\" \/>\n\t<meta name=\"twitter:label2\" content=\"Est. tempo de leitura\" \/>\n\t<meta name=\"twitter:data2\" content=\"3 minutos\" \/>\n<!-- \/ Yoast SEO plugin. -->","yoast_head_json":{"title":"Veranico chega ao Sul e Sudeste com as temperaturas mais altas do inverno - Estado de Minas - Em foco","description":"O veranico promete transformar o inverno no Sul e Sudeste com calor fora do normal e temperaturas acima da m\u00e9dia que v\u00e3o surpreender.","robots":{"index":"index","follow":"follow","max-snippet":"max-snippet:-1","max-image-preview":"max-image-preview:large","max-video-preview":"max-video-preview:-1"},"canonical":"https:\/\/www.em.com.br\/emfoco\/2025\/08\/21\/veranico-chega-ao-sul-e-sudeste-com-as-temperaturas-mais-altas-do-inverno\/","og_locale":"pt_BR","og_type":"article","og_title":"Veranico chega ao Sul e Sudeste com as temperaturas mais altas do inverno - Estado de Minas - Em foco","og_description":"O veranico promete transformar o inverno no Sul e Sudeste com calor fora do normal e temperaturas acima da m\u00e9dia que v\u00e3o surpreender.","og_url":"https:\/\/www.em.com.br\/emfoco\/2025\/08\/21\/veranico-chega-ao-sul-e-sudeste-com-as-temperaturas-mais-altas-do-inverno\/","og_site_name":"Estado de Minas - Em foco","article_published_time":"2025-08-21T09:28:00+00:00","article_modified_time":"2025-08-20T16:44:12+00:00","og_image":[{"width":1280,"height":720,"url":"https:\/\/www.em.com.br\/emfoco\/wp-content\/uploads\/2025\/05\/clima-celular_1746660030014.jpg","type":"image\/jpeg"}],"author":"Andre\u0301 Rangel\u00a0","twitter_card":"summary_large_image","twitter_misc":{"Escrito por":"Andre\u0301 Rangel\u00a0","Est. tempo de leitura":"3 minutos"},"schema":{"@context":"https:\/\/schema.org","@graph":[{"@type":"WebPage","@id":"https:\/\/www.em.com.br\/emfoco\/2025\/08\/21\/veranico-chega-ao-sul-e-sudeste-com-as-temperaturas-mais-altas-do-inverno\/","url":"https:\/\/www.em.com.br\/emfoco\/2025\/08\/21\/veranico-chega-ao-sul-e-sudeste-com-as-temperaturas-mais-altas-do-inverno\/","name":"Veranico chega ao Sul e Sudeste com as temperaturas mais altas do inverno - Estado de Minas - Em foco","isPartOf":{"@id":"https:\/\/www.em.com.br\/emfoco\/#website"},"primaryImageOfPage":{"@id":"https:\/\/www.em.com.br\/emfoco\/2025\/08\/21\/veranico-chega-ao-sul-e-sudeste-com-as-temperaturas-mais-altas-do-inverno\/#primaryimage"},"image":{"@id":"https:\/\/www.em.com.br\/emfoco\/2025\/08\/21\/veranico-chega-ao-sul-e-sudeste-com-as-temperaturas-mais-altas-do-inverno\/#primaryimage"},"thumbnailUrl":"https:\/\/www.em.com.br\/emfoco\/wp-content\/uploads\/2025\/05\/clima-celular_1746660030014.jpg","datePublished":"2025-08-21T09:28:00+00:00","dateModified":"2025-08-20T16:44:12+00:00","author":{"@id":"https:\/\/www.em.com.br\/emfoco\/#\/schema\/person\/60eda09c1fedf0d6891f4cef4b60b8b8"},"description":"O veranico promete transformar o inverno no Sul e Sudeste com calor fora do normal e temperaturas acima da m\u00e9dia que v\u00e3o surpreender.","breadcrumb":{"@id":"https:\/\/www.em.com.br\/emfoco\/2025\/08\/21\/veranico-chega-ao-sul-e-sudeste-com-as-temperaturas-mais-altas-do-inverno\/#breadcrumb"},"inLanguage":"pt-BR","potentialAction":[{"@type":"ReadAction","target":["https:\/\/www.em.com.br\/emfoco\/2025\/08\/21\/veranico-chega-ao-sul-e-sudeste-com-as-temperaturas-mais-altas-do-inverno\/"]}]},{"@type":"ImageObject","inLanguage":"pt-BR","@id":"https:\/\/www.em.com.br\/emfoco\/2025\/08\/21\/veranico-chega-ao-sul-e-sudeste-com-as-temperaturas-mais-altas-do-inverno\/#primaryimage","url":"https:\/\/www.em.com.br\/emfoco\/wp-content\/uploads\/2025\/05\/clima-celular_1746660030014.jpg","contentUrl":"https:\/\/www.em.com.br\/emfoco\/wp-content\/uploads\/2025\/05\/clima-celular_1746660030014.jpg","width":1280,"height":720,"caption":"Clima no celular - Cr\u00e9ditos: depositphotos.com \/ seemantaduttaskv@gmail.com"},{"@type":"BreadcrumbList","@id":"https:\/\/www.em.com.br\/emfoco\/2025\/08\/21\/veranico-chega-ao-sul-e-sudeste-com-as-temperaturas-mais-altas-do-inverno\/#breadcrumb","itemListElement":[{"@type":"ListItem","position":1,"name":"In\u00edcio","item":"https:\/\/www.em.com.br\/emfoco\/"},{"@type":"ListItem","position":2,"name":"Veranico chega ao Sul e Sudeste com as temperaturas mais altas do inverno"}]},{"@type":"WebSite","@id":"https:\/\/www.em.com.br\/emfoco\/#website","url":"https:\/\/www.em.com.br\/emfoco\/","name":"Estado de Minas - Em foco","description":"Acompanhe as \u00faltimas not\u00edcias e fique bem informado sobre tudo o que acontece em Minas Gerais, Brasil e no mundo.","potentialAction":[{"@type":"SearchAction","target":{"@type":"EntryPoint","urlTemplate":"https:\/\/www.em.com.br\/emfoco\/?s={search_term_string}"},"query-input":{"@type":"PropertyValueSpecification","valueRequired":true,"valueName":"search_term_string"}}],"inLanguage":"pt-BR"},{"@type":"Person","@id":"https:\/\/www.em.com.br\/emfoco\/#\/schema\/person\/60eda09c1fedf0d6891f4cef4b60b8b8","name":"Andre\u0301 Rangel\u00a0","image":{"@type":"ImageObject","inLanguage":"pt-BR","@id":"https:\/\/www.em.com.br\/emfoco\/#\/schema\/person\/image\/","url":"https:\/\/secure.gravatar.com\/avatar\/6234dc814c77c8ef6d8bba622c787efc?s=96&d=mm&r=g","contentUrl":"https:\/\/secure.gravatar.com\/avatar\/6234dc814c77c8ef6d8bba622c787efc?s=96&d=mm&r=g","caption":"Andre\u0301 Rangel\u00a0"},"url":"https:\/\/www.em.com.br\/emfoco\/author\/luizmyth\/"}]}},"_links":{"self":[{"href":"https:\/\/www.em.com.br\/emfoco\/wp-json\/wp\/v2\/posts\/94120","targetHints":{"allow":["GET"]}}],"collection":[{"href":"https:\/\/www.em.com.br\/emfoco\/wp-json\/wp\/v2\/posts"}],"about":[{"href":"https:\/\/www.em.com.br\/emfoco\/wp-json\/wp\/v2\/types\/post"}],"author":[{"embeddable":true,"href":"https:\/\/www.em.com.br\/emfoco\/wp-json\/wp\/v2\/users\/11"}],"replies":[{"embeddable":true,"href":"https:\/\/www.em.com.br\/emfoco\/wp-json\/wp\/v2\/comments?post=94120"}],"version-history":[{"count":3,"href":"https:\/\/www.em.com.br\/emfoco\/wp-json\/wp\/v2\/posts\/94120\/revisions"}],"predecessor-version":[{"id":94204,"href":"https:\/\/www.em.com.br\/emfoco\/wp-json\/wp\/v2\/posts\/94120\/revisions\/94204"}],"wp:featuredmedia":[{"embeddable":true,"href":"https:\/\/www.em.com.br\/emfoco\/wp-json\/wp\/v2\/media\/45485"}],"wp:attachment":[{"href":"https:\/\/www.em.com.br\/emfoco\/wp-json\/wp\/v2\/media?parent=94120"}],"wp:term":[{"taxonomy":"category","embeddable":true,"href":"https:\/\/www.em.com.br\/emfoco\/wp-json\/wp\/v2\/categories?post=94120"},{"taxonomy":"post_tag","embeddable":true,"href":"https:\/\/www.em.com.br\/emfoco\/wp-json\/wp\/v2\/tags?post=94120"}],"curies":[{"name":"wp","href":"https:\/\/api.w.org\/{rel}","templated":true}]}}