{"id":94015,"date":"2025-08-21T11:08:19","date_gmt":"2025-08-21T14:08:19","guid":{"rendered":"https:\/\/www.em.com.br\/emfoco\/?p=94015"},"modified":"2025-08-20T10:48:08","modified_gmt":"2025-08-20T13:48:08","slug":"a-filosofia-de-decoracao-mais-influente-do-momento","status":"publish","type":"post","link":"https:\/\/www.em.com.br\/emfoco\/2025\/08\/21\/a-filosofia-de-decoracao-mais-influente-do-momento\/","title":{"rendered":"A filosofia de decora\u00e7\u00e3o mais influente do momento"},"content":{"rendered":"\n<p>Nos \u00faltimos anos, os conceitos de <strong>minimalismo<\/strong> e <strong>maximalismo<\/strong> v\u00eam sendo amplamente discutidos, especialmente no que se refere \u00e0 arquitetura, design de interiores e estilo pessoal. Em <strong>2025<\/strong>, esses dois estilos continuam a polarizar opini\u00f5es e sensibilidades est\u00e9ticas, cada um oferecendo uma abordagem \u00fanica para o consumo e a decora\u00e7\u00e3o de <a href=\"https:\/\/www.em.com.br\/emfoco\/2025\/08\/12\/do-quarto-a-sala-o-verde-pode-transformar-os-ambientes-da-sua-casa\/\" target=\"_blank\" rel=\"noopener\">ambientes.<\/a> Embora ambos os conceitos tenham suas ra\u00edzes em \u00e9pocas diferentes, eles refletem ideologias contempor\u00e2neas distintas sobre como as pessoas escolhem se expressar e viver em meio a uma sociedade cada vez mais orientada por tend\u00eancias.<\/p>\n\n\n\n<p>O minimalismo, com sua \u00eanfase na simplicidade, funcionalidade e clareza, tem sido uma escolha popular para aqueles que buscam um estilo de vida mais focado e menos buli\u00e7oso. Esse movimento, que privilegia formas simples e uma paleta de cores neutras, prop\u00f5e que menos \u00e9 mais, incentivando a elimina\u00e7\u00e3o de objetos desnecess\u00e1rios para criar espa\u00e7os mais calmos e organizados. O minimalismo evoluiu para algo al\u00e9m de um estilo est\u00e9tico, transformando-se em uma filosofia de vida que prioriza o bem-estar mental e emocional. Muitos adeptos gostam da sensa\u00e7\u00e3o de liberdade proporcionada por ambientes desprovidos de excessos materiais. Cidades como <strong>S\u00e3o Paulo<\/strong> e <strong>Nova York<\/strong> t\u00eam visto muitos profissionais adotarem o minimalismo em apartamentos urbanos, valorizando ambientes multifuncionais e pr\u00e1ticos frente \u00e0 rotina agitada.<\/p>\n\n\n\n<h2 class=\"wp-block-heading\">Maximalismo: \u00e9 uma celebra\u00e7\u00e3o do excesso?<\/h2>\n\n\n\n<p>Por outro lado, o maximalismo surge como uma resposta direta \u00e0 rigidez percebida no minimalismo. Este estilo \u00e9 caracterizado por cores vibrantes, padr\u00f5es arrojados e uma abund\u00e2ncia de objetos decorativos. Ao contr\u00e1rio do minimalismo, o maximalismo celebra o excesso, incentivando a express\u00e3o individual e a personaliza\u00e7\u00e3o atrav\u00e9s da combina\u00e7\u00e3o ecl\u00e9tica de elementos diversos. Para muitos, viver em espa\u00e7os maximalistas \u00e9 uma forma de demonstrar sua personalidade e criatividade, transformando suas casas em verdadeiros santu\u00e1rios de autoexpress\u00e3o. Personalidades como <strong>Wes Anderson<\/strong> e <strong>Anna Sui<\/strong> j\u00e1 foram citadas como grandes representantes do maximalismo em diferentes \u00e1reas, e suas casas e projetos servem de inspira\u00e7\u00e3o para quem busca criar ambientes aut\u00eanticos.<\/p>\n\n\n\n<iframe loading=\"lazy\" src=\"https:\/\/assets.pinterest.com\/ext\/embed.html?id=1077556648338172603\" height=\"359\" width=\"345\" frameborder=\"0\" scrolling=\"no\" ><\/iframe>\n\n\n\n\n\n<h2 class=\"wp-block-heading\">Como fazer a escolha entre minimalismo e maximalismo?<\/h2>\n\n\n\n<p>Escolher entre <a href=\"https:\/\/br.pinterest.com\/search\/pins\/?q=minimalismo&amp;rs=typed\" target=\"_blank\" rel=\"noreferrer noopener\">minimalismo <\/a>e <a href=\"https:\/\/br.pinterest.com\/search\/pins\/?q=maximalismo&amp;rs=typed\" target=\"_blank\" rel=\"noreferrer noopener\">maximalismo <\/a>pode ser um dilema para alguns, mas a decis\u00e3o geralmente depende do estilo de vida e das prefer\u00eancias pessoais de cada indiv\u00edduo. Para aqueles que desejam reduzir o estresse e aumentar o foco, o minimalismo pode ser mais adequado. Ele oferece um espa\u00e7o onde a mente pode descansar, livre de distra\u00e7\u00f5es. Por outro lado, para os que encontram inspira\u00e7\u00e3o na diversidade e na complexidade visual, o maximalismo oferece um terreno f\u00e9rtil para a criatividade. Ao permitir que todos os elementos de um espa\u00e7o contem uma hist\u00f3ria, esse estilo enriquece o ambiente com uma sensa\u00e7\u00e3o de vida e movimento. Plataformas como <strong>Pinterest<\/strong> e <strong>Instagram<\/strong> ajudam os usu\u00e1rios a explorar e identificar que estilo mais combina com sua personalidade, por meio de inspira\u00e7\u00f5es visuais e dicas de decoradores renomados.<\/p>\n\n\n\n<h2 class=\"wp-block-heading\">Qual estilo tem mais for\u00e7a em 2025?<\/h2>\n\n\n\n<p>Em 2025, n\u00e3o h\u00e1 um &#8220;melhor&#8221; estilo \u00fanico, mas sim uma escolha pessoal que reflete o que \u00e9 mais importante para cada indiv\u00edduo. Ambos os estilos t\u00eam seu lugar na sociedade contempor\u00e2nea, e muitos acabam por mesclar elementos de ambos para criar um espa\u00e7o que seja tanto funcional quanto esteticamente agrad\u00e1vel. As tend\u00eancias atuais mostram uma crescente aceita\u00e7\u00e3o de abordagens h\u00edbridas, onde o funcional encontra o exuberante, criando ambientes que s\u00e3o ao mesmo tempo pr\u00e1ticos e visualmente estimulantes. Inclusive, eventos como a <strong>Semana de Design de Mil\u00e3o<\/strong> e feiras internacionais de decora\u00e7\u00e3o t\u00eam apresentado lan\u00e7amentos que misturam harmoniosamente objetos minimalistas com pe\u00e7as maximalistas, demonstrando uma abertura para a experimenta\u00e7\u00e3o est\u00e9tica ao redor do mundo.<\/p>\n\n\n\n<p>Finalmente, tanto minimalismo quanto maximalismo oferecem perspectivas valiosas sobre a vida moderna. Ao final, cabe a cada um decidir qual filosofia ressoa mais com sua vis\u00e3o de mundo, e como cada estilo pode contribuir para uma vida mais plena e satisfat\u00f3ria. A diversidade de estilos em 2025 destaca a beleza das escolhas pessoais e a import\u00e2ncia da express\u00e3o individual em um mundo repleto de possibilidades.<\/p>\n","protected":false},"excerpt":{"rendered":"<p>Nos \u00faltimos anos, os conceitos de minimalismo e maximalismo v\u00eam sendo amplamente discutidos, especialmente no que se refere \u00e0 arquitetura, design de interiores e estilo pessoal. Em 2025, esses dois estilos continuam a polarizar opini\u00f5es e sensibilidades est\u00e9ticas, cada um oferecendo uma abordagem \u00fanica para o consumo e a decora\u00e7\u00e3o de ambientes. Embora ambos os [&hellip;]<\/p>\n","protected":false},"author":9,"featured_media":94043,"comment_status":"open","ping_status":"open","sticky":false,"template":"","format":"standard","meta":{"jnews-multi-image_gallery":[],"jnews_single_post":{"format":"standard"},"jnews_primary_category":[],"jnews_social_meta":[],"jnews_override_counter":[],"footnotes":""},"categories":[8819,1],"tags":[247,13903,14536,4945],"class_list":["post-94015","post","type-post","status-publish","format-standard","has-post-thumbnail","hentry","category-curiosidades","category-noticias","tag-arquitetura","tag-design-de-interiores","tag-maximalismo","tag-minimalismo"],"yoast_head":"<!-- This site is optimized with the Yoast SEO plugin v23.8 - https:\/\/yoast.com\/wordpress\/plugins\/seo\/ -->\n<title>A filosofia de decora\u00e7\u00e3o mais influente do momento<\/title>\n<meta name=\"description\" content=\"Entre viver com menos ou abra\u00e7ar o excesso os estilos minimalista e maximalista dividem opini\u00f5es e criam novas tend\u00eancias.\" \/>\n<meta name=\"robots\" content=\"index, follow, max-snippet:-1, max-image-preview:large, max-video-preview:-1\" \/>\n<link rel=\"canonical\" href=\"https:\/\/www.em.com.br\/emfoco\/2025\/08\/21\/a-filosofia-de-decoracao-mais-influente-do-momento\/\" \/>\n<meta property=\"og:locale\" content=\"pt_BR\" \/>\n<meta property=\"og:type\" content=\"article\" \/>\n<meta property=\"og:title\" content=\"A filosofia de decora\u00e7\u00e3o mais influente do momento\" \/>\n<meta property=\"og:description\" content=\"Entre viver com menos ou abra\u00e7ar o excesso os estilos minimalista e maximalista dividem opini\u00f5es e criam novas tend\u00eancias.\" \/>\n<meta property=\"og:url\" content=\"https:\/\/www.em.com.br\/emfoco\/2025\/08\/21\/a-filosofia-de-decoracao-mais-influente-do-momento\/\" \/>\n<meta property=\"og:site_name\" content=\"Estado de Minas - Em foco\" \/>\n<meta property=\"article:published_time\" content=\"2025-08-21T14:08:19+00:00\" \/>\n<meta property=\"article:modified_time\" content=\"2025-08-20T13:48:08+00:00\" \/>\n<meta property=\"og:image\" content=\"https:\/\/www.em.com.br\/emfoco\/wp-content\/uploads\/2025\/08\/casa-minimalista_1755697458899.jpg\" \/>\n\t<meta property=\"og:image:width\" content=\"1280\" \/>\n\t<meta property=\"og:image:height\" content=\"720\" \/>\n\t<meta property=\"og:image:type\" content=\"image\/jpeg\" \/>\n<meta name=\"author\" content=\"Daniely Cardoso\" \/>\n<meta name=\"twitter:card\" content=\"summary_large_image\" \/>\n<meta name=\"twitter:label1\" content=\"Escrito por\" \/>\n\t<meta name=\"twitter:data1\" content=\"Daniely Cardoso\" \/>\n\t<meta name=\"twitter:label2\" content=\"Est. tempo de leitura\" \/>\n\t<meta name=\"twitter:data2\" content=\"4 minutos\" \/>\n<!-- \/ Yoast SEO plugin. -->","yoast_head_json":{"title":"A filosofia de decora\u00e7\u00e3o mais influente do momento","description":"Entre viver com menos ou abra\u00e7ar o excesso os estilos minimalista e maximalista dividem opini\u00f5es e criam novas tend\u00eancias.","robots":{"index":"index","follow":"follow","max-snippet":"max-snippet:-1","max-image-preview":"max-image-preview:large","max-video-preview":"max-video-preview:-1"},"canonical":"https:\/\/www.em.com.br\/emfoco\/2025\/08\/21\/a-filosofia-de-decoracao-mais-influente-do-momento\/","og_locale":"pt_BR","og_type":"article","og_title":"A filosofia de decora\u00e7\u00e3o mais influente do momento","og_description":"Entre viver com menos ou abra\u00e7ar o excesso os estilos minimalista e maximalista dividem opini\u00f5es e criam novas tend\u00eancias.","og_url":"https:\/\/www.em.com.br\/emfoco\/2025\/08\/21\/a-filosofia-de-decoracao-mais-influente-do-momento\/","og_site_name":"Estado de Minas - Em foco","article_published_time":"2025-08-21T14:08:19+00:00","article_modified_time":"2025-08-20T13:48:08+00:00","og_image":[{"width":1280,"height":720,"url":"https:\/\/www.em.com.br\/emfoco\/wp-content\/uploads\/2025\/08\/casa-minimalista_1755697458899.jpg","type":"image\/jpeg"}],"author":"Daniely Cardoso","twitter_card":"summary_large_image","twitter_misc":{"Escrito por":"Daniely Cardoso","Est. tempo de leitura":"4 minutos"},"schema":{"@context":"https:\/\/schema.org","@graph":[{"@type":"WebPage","@id":"https:\/\/www.em.com.br\/emfoco\/2025\/08\/21\/a-filosofia-de-decoracao-mais-influente-do-momento\/","url":"https:\/\/www.em.com.br\/emfoco\/2025\/08\/21\/a-filosofia-de-decoracao-mais-influente-do-momento\/","name":"A filosofia de decora\u00e7\u00e3o mais influente do momento","isPartOf":{"@id":"https:\/\/www.em.com.br\/emfoco\/#website"},"primaryImageOfPage":{"@id":"https:\/\/www.em.com.br\/emfoco\/2025\/08\/21\/a-filosofia-de-decoracao-mais-influente-do-momento\/#primaryimage"},"image":{"@id":"https:\/\/www.em.com.br\/emfoco\/2025\/08\/21\/a-filosofia-de-decoracao-mais-influente-do-momento\/#primaryimage"},"thumbnailUrl":"https:\/\/www.em.com.br\/emfoco\/wp-content\/uploads\/2025\/08\/casa-minimalista_1755697458899.jpg","datePublished":"2025-08-21T14:08:19+00:00","dateModified":"2025-08-20T13:48:08+00:00","author":{"@id":"https:\/\/www.em.com.br\/emfoco\/#\/schema\/person\/0a8186d72f2c3a5c6276d90b41f271a0"},"description":"Entre viver com menos ou abra\u00e7ar o excesso os estilos minimalista e maximalista dividem opini\u00f5es e criam novas tend\u00eancias.","breadcrumb":{"@id":"https:\/\/www.em.com.br\/emfoco\/2025\/08\/21\/a-filosofia-de-decoracao-mais-influente-do-momento\/#breadcrumb"},"inLanguage":"pt-BR","potentialAction":[{"@type":"ReadAction","target":["https:\/\/www.em.com.br\/emfoco\/2025\/08\/21\/a-filosofia-de-decoracao-mais-influente-do-momento\/"]}]},{"@type":"ImageObject","inLanguage":"pt-BR","@id":"https:\/\/www.em.com.br\/emfoco\/2025\/08\/21\/a-filosofia-de-decoracao-mais-influente-do-momento\/#primaryimage","url":"https:\/\/www.em.com.br\/emfoco\/wp-content\/uploads\/2025\/08\/casa-minimalista_1755697458899.jpg","contentUrl":"https:\/\/www.em.com.br\/emfoco\/wp-content\/uploads\/2025\/08\/casa-minimalista_1755697458899.jpg","width":1280,"height":720,"caption":"Casa - Cr\u00e9ditos: depositphotos.com \/ HayDmitriy"},{"@type":"BreadcrumbList","@id":"https:\/\/www.em.com.br\/emfoco\/2025\/08\/21\/a-filosofia-de-decoracao-mais-influente-do-momento\/#breadcrumb","itemListElement":[{"@type":"ListItem","position":1,"name":"In\u00edcio","item":"https:\/\/www.em.com.br\/emfoco\/"},{"@type":"ListItem","position":2,"name":"A filosofia de decora\u00e7\u00e3o mais influente do momento"}]},{"@type":"WebSite","@id":"https:\/\/www.em.com.br\/emfoco\/#website","url":"https:\/\/www.em.com.br\/emfoco\/","name":"Estado de Minas - Em foco","description":"Acompanhe as \u00faltimas not\u00edcias e fique bem informado sobre tudo o que acontece em Minas Gerais, Brasil e no mundo.","potentialAction":[{"@type":"SearchAction","target":{"@type":"EntryPoint","urlTemplate":"https:\/\/www.em.com.br\/emfoco\/?s={search_term_string}"},"query-input":{"@type":"PropertyValueSpecification","valueRequired":true,"valueName":"search_term_string"}}],"inLanguage":"pt-BR"},{"@type":"Person","@id":"https:\/\/www.em.com.br\/emfoco\/#\/schema\/person\/0a8186d72f2c3a5c6276d90b41f271a0","name":"Daniely Cardoso","image":{"@type":"ImageObject","inLanguage":"pt-BR","@id":"https:\/\/www.em.com.br\/emfoco\/#\/schema\/person\/image\/","url":"https:\/\/secure.gravatar.com\/avatar\/4b80ddbd124d1f071b626d52d62e5dff?s=96&d=mm&r=g","contentUrl":"https:\/\/secure.gravatar.com\/avatar\/4b80ddbd124d1f071b626d52d62e5dff?s=96&d=mm&r=g","caption":"Daniely Cardoso"},"url":"https:\/\/www.em.com.br\/emfoco\/author\/danielymyth\/"}]}},"_links":{"self":[{"href":"https:\/\/www.em.com.br\/emfoco\/wp-json\/wp\/v2\/posts\/94015","targetHints":{"allow":["GET"]}}],"collection":[{"href":"https:\/\/www.em.com.br\/emfoco\/wp-json\/wp\/v2\/posts"}],"about":[{"href":"https:\/\/www.em.com.br\/emfoco\/wp-json\/wp\/v2\/types\/post"}],"author":[{"embeddable":true,"href":"https:\/\/www.em.com.br\/emfoco\/wp-json\/wp\/v2\/users\/9"}],"replies":[{"embeddable":true,"href":"https:\/\/www.em.com.br\/emfoco\/wp-json\/wp\/v2\/comments?post=94015"}],"version-history":[{"count":2,"href":"https:\/\/www.em.com.br\/emfoco\/wp-json\/wp\/v2\/posts\/94015\/revisions"}],"predecessor-version":[{"id":94044,"href":"https:\/\/www.em.com.br\/emfoco\/wp-json\/wp\/v2\/posts\/94015\/revisions\/94044"}],"wp:featuredmedia":[{"embeddable":true,"href":"https:\/\/www.em.com.br\/emfoco\/wp-json\/wp\/v2\/media\/94043"}],"wp:attachment":[{"href":"https:\/\/www.em.com.br\/emfoco\/wp-json\/wp\/v2\/media?parent=94015"}],"wp:term":[{"taxonomy":"category","embeddable":true,"href":"https:\/\/www.em.com.br\/emfoco\/wp-json\/wp\/v2\/categories?post=94015"},{"taxonomy":"post_tag","embeddable":true,"href":"https:\/\/www.em.com.br\/emfoco\/wp-json\/wp\/v2\/tags?post=94015"}],"curies":[{"name":"wp","href":"https:\/\/api.w.org\/{rel}","templated":true}]}}