{"id":93564,"date":"2025-08-20T12:48:00","date_gmt":"2025-08-20T15:48:00","guid":{"rendered":"https:\/\/www.em.com.br\/emfoco\/?p=93564"},"modified":"2025-08-19T12:03:18","modified_gmt":"2025-08-19T15:03:18","slug":"quanto-custa-ficar-em-um-hotel-em-minas-gerais","status":"publish","type":"post","link":"https:\/\/www.em.com.br\/emfoco\/2025\/08\/20\/quanto-custa-ficar-em-um-hotel-em-minas-gerais\/","title":{"rendered":"Quanto custa ficar em um hotel em Minas Gerais?"},"content":{"rendered":"\n<p>Voc\u00ea j\u00e1 se perguntou\u00a0<strong>quanto custa ficar em um hotel em <a href=\"https:\/\/www.tripadvisor.com.br\/Tourism-g303370-State_of_Minas_Gerais-Vacations.html\" target=\"_blank\" rel=\"noreferrer noopener\">Minas Gerais<\/a><\/strong>? Este estado brasileiro \u00e9 conhecido por sua rica cultura, hist\u00f3ria e belezas naturais. Com tantas op\u00e7\u00f5es, pode ser desafiador escolher a hospedagem ideal. A seguir, confira os valores m\u00e9dios e os melhores locais para se hospedar em Minas Gerais.<\/p>\n\n\n\n<ul class=\"wp-block-list\">\n<li>Valores m\u00e9dios e vari\u00e1veis conforme a regi\u00e3o e o tipo de hotel.<\/li>\n\n\n\n<li>Melhores cidades para hospedagem, como&nbsp;<strong>Belo Horizonte<\/strong>&nbsp;e&nbsp;<strong>Ouro Preto<\/strong>.<\/li>\n\n\n\n<li>Dicas para encontrar boas ofertas e garantir uma estadia inesquec\u00edvel.<\/li>\n<\/ul>\n\n\n\n<h2 class=\"wp-block-heading\">Quais s\u00e3o os pre\u00e7os m\u00e9dios de hot\u00e9is em Minas Gerais?<\/h2>\n\n\n\n<p>Os&nbsp;<strong>pre\u00e7os dos hot\u00e9is em Minas Gerais<\/strong>&nbsp;variam bastante, dependendo da regi\u00e3o e do tipo de acomoda\u00e7\u00e3o. Em cidades grandes como Belo Horizonte, os hot\u00e9is de luxo podem custar&nbsp;<strong>de R$ 300 a R$ 500 por noite<\/strong>. J\u00e1 em cidades menores, as pousadas simples oferecem pre\u00e7os a partir de&nbsp;<strong>R$ 100<\/strong>.<\/p>\n\n\n\n<p><strong>Aten\u00e7\u00e3o<\/strong>: Durante a alta temporada, como feriados e f\u00e9rias escolares, os valores podem aumentar significativamente. Al\u00e9m disso, eventos como o Carnaval e festivais regionais tamb\u00e9m impactam os pre\u00e7os, especialmente nas cidades hist\u00f3ricas.<\/p>\n\n\n\n<h2 class=\"wp-block-heading\">Quais as melhores cidades para ficar em Minas Gerais e seus valores?<\/h2>\n\n\n\n<ul class=\"wp-block-list\">\n<li><strong>Belo Horizonte<\/strong>:\n<ul class=\"wp-block-list\">\n<li>Hot\u00e9is de luxo: A partir de R$ 350 at\u00e9 R$ 600 por noite.<\/li>\n\n\n\n<li>Hot\u00e9is 3 estrelas e executivos: Entre R$ 180 e R$ 350 por noite.<\/li>\n\n\n\n<li>Hostels e pousadas: A partir de R$ 80 por pessoa\/noite.<\/li>\n<\/ul>\n<\/li>\n\n\n\n<li><strong>Ouro Preto<\/strong>:\n<ul class=\"wp-block-list\">\n<li>Pousadas hist\u00f3ricas: Entre R$ 150 e R$ 400 por noite.<\/li>\n\n\n\n<li>Hot\u00e9is boutique: At\u00e9 R$ 500 por noite.<\/li>\n\n\n\n<li>Hostels: A partir de R$ 60 por pessoa\/noite.<\/li>\n<\/ul>\n<\/li>\n\n\n\n<li><strong>Tiradentes<\/strong>:\n<ul class=\"wp-block-list\">\n<li>Pousadas charmosas: Entre R$ 180 e R$ 400 por noite.<\/li>\n\n\n\n<li>Hot\u00e9is de luxo: A partir de R$ 350 por noite.<\/li>\n<\/ul>\n<\/li>\n\n\n\n<li><strong>Capit\u00f3lio<\/strong>:\n<ul class=\"wp-block-list\">\n<li>Pousadas e chal\u00e9s: Entre R$ 150 e R$ 400 por noite.<\/li>\n\n\n\n<li>Hot\u00e9is \u00e0 beira do lago: At\u00e9 R$ 600 por noite.<\/li>\n<\/ul>\n<\/li>\n\n\n\n<li><strong>S\u00e3o Jo\u00e3o del Rei<\/strong>:\n<ul class=\"wp-block-list\">\n<li>Pousadas econ\u00f4micas: A partir de R$ 120 por noite.<\/li>\n\n\n\n<li>Hot\u00e9is 3 estrelas: Entre R$ 180 e R$ 350 por noite.<\/li>\n<\/ul>\n<\/li>\n\n\n\n<li><strong>Monte Verde<\/strong>:\n<ul class=\"wp-block-list\">\n<li>Chal\u00e9s rom\u00e2nticos: Entre R$ 250 e R$ 600 por noite.<\/li>\n\n\n\n<li>Pousadas econ\u00f4micas: A partir de R$ 120 por noite.<\/li>\n<\/ul>\n<\/li>\n<\/ul>\n\n\n\n<figure class=\"wp-block-image\"><img decoding=\"async\" src=\"https:\/\/www.em.com.br\/emfoco\/wp-content\/uploads\/2025\/05\/Hotel-Itauna-MG-1024x576.jpg\" alt=\"\"\/><figcaption class=\"wp-element-caption\">Hotel Lago do Sol Itauna MG &#8211; Cr\u00e9ditos: Divulga\u00e7\u00e3o\/Instagram @hotellagodosoloficial<\/figcaption><\/figure>\n\n\n\n<h2 class=\"wp-block-heading\">Quais os melhores lugares para se hospedar em Minas Gerais?<\/h2>\n\n\n\n<p><strong>Minas Gerais<\/strong>&nbsp;possui diversos destinos incr\u00edveis para se hospedar. Em Belo Horizonte, a capital, voc\u00ea encontrar\u00e1 uma grande variedade de&nbsp;<strong>hot\u00e9is de diferentes categorias<\/strong>. Ouro Preto \u00e9 ideal para quem busca hist\u00f3ria e cultura, enquanto Tiradentes \u00e9 famosa por seu charme colonial. Capit\u00f3lio atrai os amantes da natureza, enquanto Monte Verde \u00e9 perfeita para quem procura um clima mais rom\u00e2ntico e serrano. Cidades vizinhas, como S\u00e3o Jo\u00e3o del Rei, tamb\u00e9m s\u00e3o \u00f3timas alternativas para explorar a regi\u00e3o com diferentes faixas de pre\u00e7o.<\/p>\n\n\n\n<p><em>Dica r\u00e1pida:<\/em>&nbsp;Reserve sua hospedagem com anteced\u00eancia para garantir os melhores pre\u00e7os e op\u00e7\u00f5es.<\/p>\n\n\n\n<h2 class=\"wp-block-heading\">Como economizar em hospedagem em Minas Gerais?<\/h2>\n\n\n\n<p>Aqui est\u00e3o algumas dicas para voc\u00ea economizar na sua hospedagem em Minas Gerais:<\/p>\n\n\n\n<ul class=\"wp-block-list\">\n<li><strong>Reserve com anteced\u00eancia<\/strong>: As tarifas geralmente s\u00e3o mais baixas quando voc\u00ea reserva um ou dois meses antes da viagem.<\/li>\n\n\n\n<li><strong>Considere hostels e pousadas<\/strong>: S\u00e3o op\u00e7\u00f5es mais econ\u00f4micas e oferecem uma experi\u00eancia aut\u00eantica.<\/li>\n\n\n\n<li><strong>Participe de programas de fidelidade<\/strong>: Muitas redes de hot\u00e9is oferecem descontos para clientes cadastrados.<\/li>\n\n\n\n<li>Use sites de compara\u00e7\u00e3o como&nbsp;<strong>Booking.com<\/strong>&nbsp;e&nbsp;<strong>Airbnb<\/strong>&nbsp;para pesquisar diferentes op\u00e7\u00f5es de hospedagem e promo\u00e7\u00f5es.<\/li>\n<\/ul>\n\n\n\n<h2 class=\"wp-block-heading\">O que fazer para se conectar \u00e0 cultura e hist\u00f3ria de Minas Gerais?<\/h2>\n\n\n\n<p>Hospedar-se em um bom hotel \u00e9 apenas parte da experi\u00eancia de visitar Minas Gerais. Explore suas cidades hist\u00f3ricas, experimente a culin\u00e1ria local e mergulhe em sua rica cultura. Em cada canto, h\u00e1&nbsp;<strong>novos momentos e mem\u00f3rias<\/strong>&nbsp;esperando para serem descobertos. Aproveite passeios guiados para conhecer mais sobre personalidades hist\u00f3ricas e eventos marcantes do estado, como o&nbsp;<strong>Festival de Inverno de Ouro Preto<\/strong>.<\/p>\n\n\n\n<p>Leia tamb\u00e9m: <a href=\"https:\/\/www.em.com.br\/emfoco\/2025\/08\/18\/cidade-nordestina-e-chamada-de-cidade-verde-e-encanta-quem-visita\/\" target=\"_blank\" rel=\"noreferrer noopener\">Cidade nordestina \u00e9 chamada de \u2018Cidade Verde\u2019 e encanta quem visita<\/a><\/p>\n\n\n\n<h2 class=\"wp-block-heading\">Como garantir conforto e economia na hospedagem em Minas Gerais?<\/h2>\n\n\n\n<ul class=\"wp-block-list\">\n<li><strong>Valores e op\u00e7\u00f5es diversificados<\/strong>&nbsp;fazem de Minas Gerais um destino acess\u00edvel para todos os bolsos.<\/li>\n\n\n\n<li>Cidades como Belo Horizonte e Ouro Preto oferecem uma rica experi\u00eancia cultural.<\/li>\n\n\n\n<li><strong>Dicas de economia<\/strong>, como reservar com anteced\u00eancia, podem tornar sua viagem ainda mais prazerosa e econ\u00f4mica.<\/li>\n<\/ul>\n","protected":false},"excerpt":{"rendered":"<p>Voc\u00ea j\u00e1 se perguntou\u00a0quanto custa ficar em um hotel em Minas Gerais? Este estado brasileiro \u00e9 conhecido por sua rica cultura, hist\u00f3ria e belezas naturais. Com tantas op\u00e7\u00f5es, pode ser desafiador escolher a hospedagem ideal. A seguir, confira os valores m\u00e9dios e os melhores locais para se hospedar em Minas Gerais. Quais s\u00e3o os pre\u00e7os [&hellip;]<\/p>\n","protected":false},"author":11,"featured_media":93663,"comment_status":"open","ping_status":"open","sticky":false,"template":"","format":"standard","meta":{"jnews-multi-image_gallery":[],"jnews_single_post":{"format":"standard"},"jnews_primary_category":[],"jnews_social_meta":[],"jnews_override_counter":[],"footnotes":""},"categories":[26,1],"tags":[9344,207,157,1128],"class_list":["post-93564","post","type-post","status-publish","format-standard","has-post-thumbnail","hentry","category-cidades","category-noticias","tag-minas","tag-minas-gerais","tag-turismo","tag-viagem"],"yoast_head":"<!-- This site is optimized with the Yoast SEO plugin v23.8 - https:\/\/yoast.com\/wordpress\/plugins\/seo\/ -->\n<title>Quanto custa ficar em um hotel em Minas Gerais? - Estado de Minas - Em foco<\/title>\n<meta name=\"description\" content=\"Minas Gerais tem op\u00e7\u00f5es para todos os bolsos, de pousadas simples a hot\u00e9is de luxo. Confira os valores m\u00e9dios.\" \/>\n<meta name=\"robots\" content=\"index, follow, max-snippet:-1, max-image-preview:large, max-video-preview:-1\" \/>\n<link rel=\"canonical\" href=\"https:\/\/www.em.com.br\/emfoco\/2025\/08\/20\/quanto-custa-ficar-em-um-hotel-em-minas-gerais\/\" \/>\n<meta property=\"og:locale\" content=\"pt_BR\" \/>\n<meta property=\"og:type\" content=\"article\" \/>\n<meta property=\"og:title\" content=\"Quanto custa ficar em um hotel em Minas Gerais? - Estado de Minas - Em foco\" \/>\n<meta property=\"og:description\" content=\"Minas Gerais tem op\u00e7\u00f5es para todos os bolsos, de pousadas simples a hot\u00e9is de luxo. Confira os valores m\u00e9dios.\" \/>\n<meta property=\"og:url\" content=\"https:\/\/www.em.com.br\/emfoco\/2025\/08\/20\/quanto-custa-ficar-em-um-hotel-em-minas-gerais\/\" \/>\n<meta property=\"og:site_name\" content=\"Estado de Minas - Em foco\" \/>\n<meta property=\"article:published_time\" content=\"2025-08-20T15:48:00+00:00\" \/>\n<meta property=\"article:modified_time\" content=\"2025-08-19T15:03:18+00:00\" \/>\n<meta property=\"og:image\" content=\"https:\/\/www.em.com.br\/emfoco\/wp-content\/uploads\/2025\/08\/hotel_1755617960697.jpg\" \/>\n\t<meta property=\"og:image:width\" content=\"1280\" \/>\n\t<meta property=\"og:image:height\" content=\"720\" \/>\n\t<meta property=\"og:image:type\" content=\"image\/jpeg\" \/>\n<meta name=\"author\" content=\"Andre\u0301 Rangel\u00a0\" \/>\n<meta name=\"twitter:card\" content=\"summary_large_image\" \/>\n<meta name=\"twitter:label1\" content=\"Escrito por\" \/>\n\t<meta name=\"twitter:data1\" content=\"Andre\u0301 Rangel\u00a0\" \/>\n\t<meta name=\"twitter:label2\" content=\"Est. tempo de leitura\" \/>\n\t<meta name=\"twitter:data2\" content=\"5 minutos\" \/>\n<!-- \/ Yoast SEO plugin. -->","yoast_head_json":{"title":"Quanto custa ficar em um hotel em Minas Gerais? - Estado de Minas - Em foco","description":"Minas Gerais tem op\u00e7\u00f5es para todos os bolsos, de pousadas simples a hot\u00e9is de luxo. Confira os valores m\u00e9dios.","robots":{"index":"index","follow":"follow","max-snippet":"max-snippet:-1","max-image-preview":"max-image-preview:large","max-video-preview":"max-video-preview:-1"},"canonical":"https:\/\/www.em.com.br\/emfoco\/2025\/08\/20\/quanto-custa-ficar-em-um-hotel-em-minas-gerais\/","og_locale":"pt_BR","og_type":"article","og_title":"Quanto custa ficar em um hotel em Minas Gerais? - Estado de Minas - Em foco","og_description":"Minas Gerais tem op\u00e7\u00f5es para todos os bolsos, de pousadas simples a hot\u00e9is de luxo. Confira os valores m\u00e9dios.","og_url":"https:\/\/www.em.com.br\/emfoco\/2025\/08\/20\/quanto-custa-ficar-em-um-hotel-em-minas-gerais\/","og_site_name":"Estado de Minas - Em foco","article_published_time":"2025-08-20T15:48:00+00:00","article_modified_time":"2025-08-19T15:03:18+00:00","og_image":[{"width":1280,"height":720,"url":"https:\/\/www.em.com.br\/emfoco\/wp-content\/uploads\/2025\/08\/hotel_1755617960697.jpg","type":"image\/jpeg"}],"author":"Andre\u0301 Rangel\u00a0","twitter_card":"summary_large_image","twitter_misc":{"Escrito por":"Andre\u0301 Rangel\u00a0","Est. tempo de leitura":"5 minutos"},"schema":{"@context":"https:\/\/schema.org","@graph":[{"@type":"WebPage","@id":"https:\/\/www.em.com.br\/emfoco\/2025\/08\/20\/quanto-custa-ficar-em-um-hotel-em-minas-gerais\/","url":"https:\/\/www.em.com.br\/emfoco\/2025\/08\/20\/quanto-custa-ficar-em-um-hotel-em-minas-gerais\/","name":"Quanto custa ficar em um hotel em Minas Gerais? - Estado de Minas - Em foco","isPartOf":{"@id":"https:\/\/www.em.com.br\/emfoco\/#website"},"primaryImageOfPage":{"@id":"https:\/\/www.em.com.br\/emfoco\/2025\/08\/20\/quanto-custa-ficar-em-um-hotel-em-minas-gerais\/#primaryimage"},"image":{"@id":"https:\/\/www.em.com.br\/emfoco\/2025\/08\/20\/quanto-custa-ficar-em-um-hotel-em-minas-gerais\/#primaryimage"},"thumbnailUrl":"https:\/\/www.em.com.br\/emfoco\/wp-content\/uploads\/2025\/08\/hotel_1755617960697.jpg","datePublished":"2025-08-20T15:48:00+00:00","dateModified":"2025-08-19T15:03:18+00:00","author":{"@id":"https:\/\/www.em.com.br\/emfoco\/#\/schema\/person\/60eda09c1fedf0d6891f4cef4b60b8b8"},"description":"Minas Gerais tem op\u00e7\u00f5es para todos os bolsos, de pousadas simples a hot\u00e9is de luxo. Confira os valores m\u00e9dios.","breadcrumb":{"@id":"https:\/\/www.em.com.br\/emfoco\/2025\/08\/20\/quanto-custa-ficar-em-um-hotel-em-minas-gerais\/#breadcrumb"},"inLanguage":"pt-BR","potentialAction":[{"@type":"ReadAction","target":["https:\/\/www.em.com.br\/emfoco\/2025\/08\/20\/quanto-custa-ficar-em-um-hotel-em-minas-gerais\/"]}]},{"@type":"ImageObject","inLanguage":"pt-BR","@id":"https:\/\/www.em.com.br\/emfoco\/2025\/08\/20\/quanto-custa-ficar-em-um-hotel-em-minas-gerais\/#primaryimage","url":"https:\/\/www.em.com.br\/emfoco\/wp-content\/uploads\/2025\/08\/hotel_1755617960697.jpg","contentUrl":"https:\/\/www.em.com.br\/emfoco\/wp-content\/uploads\/2025\/08\/hotel_1755617960697.jpg","width":1280,"height":720,"caption":"Hotel tem novas regras - Cr\u00e9ditos: depositphotos.com \/ BrianAJackson"},{"@type":"BreadcrumbList","@id":"https:\/\/www.em.com.br\/emfoco\/2025\/08\/20\/quanto-custa-ficar-em-um-hotel-em-minas-gerais\/#breadcrumb","itemListElement":[{"@type":"ListItem","position":1,"name":"In\u00edcio","item":"https:\/\/www.em.com.br\/emfoco\/"},{"@type":"ListItem","position":2,"name":"Quanto custa ficar em um hotel em Minas Gerais?"}]},{"@type":"WebSite","@id":"https:\/\/www.em.com.br\/emfoco\/#website","url":"https:\/\/www.em.com.br\/emfoco\/","name":"Estado de Minas - Em foco","description":"Acompanhe as \u00faltimas not\u00edcias e fique bem informado sobre tudo o que acontece em Minas Gerais, Brasil e no mundo.","potentialAction":[{"@type":"SearchAction","target":{"@type":"EntryPoint","urlTemplate":"https:\/\/www.em.com.br\/emfoco\/?s={search_term_string}"},"query-input":{"@type":"PropertyValueSpecification","valueRequired":true,"valueName":"search_term_string"}}],"inLanguage":"pt-BR"},{"@type":"Person","@id":"https:\/\/www.em.com.br\/emfoco\/#\/schema\/person\/60eda09c1fedf0d6891f4cef4b60b8b8","name":"Andre\u0301 Rangel\u00a0","image":{"@type":"ImageObject","inLanguage":"pt-BR","@id":"https:\/\/www.em.com.br\/emfoco\/#\/schema\/person\/image\/","url":"https:\/\/secure.gravatar.com\/avatar\/6234dc814c77c8ef6d8bba622c787efc?s=96&d=mm&r=g","contentUrl":"https:\/\/secure.gravatar.com\/avatar\/6234dc814c77c8ef6d8bba622c787efc?s=96&d=mm&r=g","caption":"Andre\u0301 Rangel\u00a0"},"url":"https:\/\/www.em.com.br\/emfoco\/author\/luizmyth\/"}]}},"_links":{"self":[{"href":"https:\/\/www.em.com.br\/emfoco\/wp-json\/wp\/v2\/posts\/93564","targetHints":{"allow":["GET"]}}],"collection":[{"href":"https:\/\/www.em.com.br\/emfoco\/wp-json\/wp\/v2\/posts"}],"about":[{"href":"https:\/\/www.em.com.br\/emfoco\/wp-json\/wp\/v2\/types\/post"}],"author":[{"embeddable":true,"href":"https:\/\/www.em.com.br\/emfoco\/wp-json\/wp\/v2\/users\/11"}],"replies":[{"embeddable":true,"href":"https:\/\/www.em.com.br\/emfoco\/wp-json\/wp\/v2\/comments?post=93564"}],"version-history":[{"count":4,"href":"https:\/\/www.em.com.br\/emfoco\/wp-json\/wp\/v2\/posts\/93564\/revisions"}],"predecessor-version":[{"id":93665,"href":"https:\/\/www.em.com.br\/emfoco\/wp-json\/wp\/v2\/posts\/93564\/revisions\/93665"}],"wp:featuredmedia":[{"embeddable":true,"href":"https:\/\/www.em.com.br\/emfoco\/wp-json\/wp\/v2\/media\/93663"}],"wp:attachment":[{"href":"https:\/\/www.em.com.br\/emfoco\/wp-json\/wp\/v2\/media?parent=93564"}],"wp:term":[{"taxonomy":"category","embeddable":true,"href":"https:\/\/www.em.com.br\/emfoco\/wp-json\/wp\/v2\/categories?post=93564"},{"taxonomy":"post_tag","embeddable":true,"href":"https:\/\/www.em.com.br\/emfoco\/wp-json\/wp\/v2\/tags?post=93564"}],"curies":[{"name":"wp","href":"https:\/\/api.w.org\/{rel}","templated":true}]}}