{"id":93423,"date":"2025-08-19T06:58:00","date_gmt":"2025-08-19T09:58:00","guid":{"rendered":"https:\/\/www.em.com.br\/emfoco\/?p=93423"},"modified":"2025-08-18T20:14:49","modified_gmt":"2025-08-18T23:14:49","slug":"especialista-dra-ana-betriz-quem-tem-toc-nao-fala-para-ninguem","status":"publish","type":"post","link":"https:\/\/www.em.com.br\/emfoco\/2025\/08\/19\/especialista-dra-ana-betriz-quem-tem-toc-nao-fala-para-ninguem\/","title":{"rendered":"Especialista, Dra. Ana Betriz: \u201cQuem tem TOC, n\u00e3o fala para ningu\u00e9m\u201d"},"content":{"rendered":"\n<p>O Transtorno Obsessivo-Compulsivo (TOC) \u00e9 uma das condi\u00e7\u00f5es de sa\u00fade mental mais desafiadoras, tanto para os pacientes quanto para os profissionais da \u00e1rea. Quem sofre com o problema geralmente vive em sil\u00eancio, com medo de revelar pensamentos considerados \u201cabsurdos\u201d ou inaceit\u00e1veis, tornando-se prisioneiro da pr\u00f3pria mente.<\/p>\n\n\n\n<p>Segundo a psiquiatra <strong>Ana Beatriz Barbosa<\/strong>, o TOC costuma surgir na adolesc\u00eancia, mas o diagn\u00f3stico muitas vezes s\u00f3 acontece anos depois, quando os sintomas j\u00e1 est\u00e3o cronificados e impactam significativamente a vida pessoal, social e profissional do indiv\u00edduo.<\/p>\n\n\n\n<h2 class=\"wp-block-heading\">Por que pessoas com TOC escondem seus sintomas?<\/h2>\n\n\n\n<p>Os portadores de TOC frequentemente acreditam que seus pensamentos obsessivos s\u00e3o inaceit\u00e1veis ou incompreens\u00edveis para os outros. Esse receio de julgamento faz com que evitem falar sobre o que est\u00e3o vivendo, refor\u00e7ando o isolamento e dificultando a busca por ajuda especializada.<\/p>\n\n\n\n<p>Esse sil\u00eancio prolongado contribui para que o transtorno se torne cada vez mais debilitante, restringindo atividades, relacionamentos e oportunidades.<\/p>\n\n\n\n<h2 class=\"wp-block-heading\">O TOC realmente come\u00e7a na adolesc\u00eancia?<\/h2>\n\n\n\n<p>Grande parte dos casos de TOC tem in\u00edcio na adolesc\u00eancia, per\u00edodo marcado por intensas transforma\u00e7\u00f5es emocionais e comportamentais. Por\u00e9m, como os sintomas podem ser confundidos com \u201cmanias\u201d ou \u201cfases da juventude\u201d, muitos pacientes s\u00f3 procuram tratamento por volta dos 20 anos, quando os rituais e pensamentos j\u00e1 se tornaram cr\u00f4nicos.<\/p>\n\n\n\n<h2 class=\"wp-block-heading\">Por que o tratamento do TOC \u00e9 t\u00e3o desafiador?<\/h2>\n\n\n\n<p>Durante muito tempo, o TOC foi considerado uma das doen\u00e7as psiqui\u00e1tricas mais dif\u00edceis de tratar. Embora os medicamentos existentes possam ser eficazes, geralmente necessitam de <strong>doses elevadas<\/strong>, o que aumenta o risco de efeitos colaterais.<\/p>\n\n\n<div class=\"wp-block-image\">\n<figure class=\"aligncenter size-large\"><img loading=\"lazy\" decoding=\"async\" width=\"1024\" height=\"576\" src=\"https:\/\/www.em.com.br\/emfoco\/wp-content\/uploads\/2025\/08\/OCD_1754161790052-1024x576.jpg\" alt=\"\" class=\"wp-image-85655\" srcset=\"https:\/\/www.em.com.br\/emfoco\/wp-content\/uploads\/2025\/08\/OCD_1754161790052-1024x576.jpg 1024w, https:\/\/www.em.com.br\/emfoco\/wp-content\/uploads\/2025\/08\/OCD_1754161790052-300x169.jpg 300w, https:\/\/www.em.com.br\/emfoco\/wp-content\/uploads\/2025\/08\/OCD_1754161790052-768x432.jpg 768w, https:\/\/www.em.com.br\/emfoco\/wp-content\/uploads\/2025\/08\/OCD_1754161790052-750x422.jpg 750w, https:\/\/www.em.com.br\/emfoco\/wp-content\/uploads\/2025\/08\/OCD_1754161790052-1140x642.jpg 1140w, https:\/\/www.em.com.br\/emfoco\/wp-content\/uploads\/2025\/08\/OCD_1754161790052.jpg 1279w\" sizes=\"auto, (max-width: 1024px) 100vw, 1024px\" \/><figcaption class=\"wp-element-caption\">Pessoa que sofre de TOC &#8211; Cr\u00e9ditos: depositphotos.com \/ triocean2011<\/figcaption><\/figure><\/div>\n\n\n<p>Al\u00e9m disso, muitos pacientes resistem ao tratamento porque acreditam que s\u00f3 precisam \u201cparar de pensar\u201d nos conte\u00fados obsessivos \u2014 o que gera frustra\u00e7\u00e3o e sensa\u00e7\u00e3o de impot\u00eancia.<\/p>\n\n\n\n<p>Hoje, a combina\u00e7\u00e3o de <strong>psicoterapia cognitivo-comportamental (TCC)<\/strong> com medicamentos adequados \u00e9 a abordagem mais recomendada, trazendo resultados mais consistentes.<\/p>\n\n\n\n<h2 class=\"wp-block-heading\">Qual \u00e9 o impacto do TOC na qualidade de vida?<\/h2>\n\n\n\n<p>Quando n\u00e3o tratado, o TOC pode paralisar a vida do paciente. Rotinas simples, como sair de casa, estudar ou trabalhar, tornam-se extremamente desgastantes. A pessoa acaba vivendo em fun\u00e7\u00e3o dos pensamentos obsessivos e dos rituais compulsivos que cria para tentar alivi\u00e1-los.<\/p>\n\n\n\n<p>Buscar ajuda especializada \u00e9 fundamental para interromper esse ciclo e permitir que o indiv\u00edduo retome sua autonomia e qualidade de vida.<\/p>\n\n\n\n<h2 class=\"wp-block-heading\">Fontes oficiais<\/h2>\n\n\n\n<ul class=\"wp-block-list\">\n<li>Organiza\u00e7\u00e3o Mundial da Sa\u00fade (OMS) \u2013 <a href=\"https:\/\/www.who.int\" target=\"_blank\" rel=\"noreferrer noopener\">https:\/\/www.who.int<\/a><\/li>\n\n\n\n<li>Associa\u00e7\u00e3o Brasileira de Psiquiatria (ABP) \u2013 <a href=\"https:\/\/www.abp.org.br\" target=\"_blank\" rel=\"noreferrer noopener\">https:\/\/www.abp.org.b<\/a><a>r<\/a><\/li>\n\n\n\n<li>National Institute of Mental Health (NIMH) \u2013 <a href=\"https:\/\/www.nimh.nih.gov\" target=\"_blank\" rel=\"noreferrer noopener\">https:\/\/www.nimh.nih.gov<\/a><\/li>\n<\/ul>\n\n\n\n<h3 class=\"wp-block-heading\"><\/h3>\n\n\n\n<p><\/p>\n","protected":false},"excerpt":{"rendered":"<p>O Transtorno Obsessivo-Compulsivo (TOC) \u00e9 uma das condi\u00e7\u00f5es de sa\u00fade mental mais desafiadoras, tanto para os pacientes quanto para os profissionais da \u00e1rea. Quem sofre com o problema geralmente vive em sil\u00eancio, com medo de revelar pensamentos considerados \u201cabsurdos\u201d ou inaceit\u00e1veis, tornando-se prisioneiro da pr\u00f3pria mente. Segundo a psiquiatra Ana Beatriz Barbosa, o TOC costuma [&hellip;]<\/p>\n","protected":false},"author":17,"featured_media":93445,"comment_status":"open","ping_status":"open","sticky":false,"template":"","format":"standard","meta":{"jnews-multi-image_gallery":[],"jnews_single_post":{"format":"standard"},"jnews_primary_category":[],"jnews_social_meta":[],"jnews_override_counter":[],"footnotes":""},"categories":[9053],"tags":[327,415,9022],"class_list":["post-93423","post","type-post","status-publish","format-standard","has-post-thumbnail","hentry","category-saude","tag-qualidade-de-vida","tag-saude","tag-toc"],"yoast_head":"<!-- This site is optimized with the Yoast SEO plugin v23.8 - https:\/\/yoast.com\/wordpress\/plugins\/seo\/ -->\n<title>Especialista, Dra. Ana Betriz: \u201cQuem tem TOC, n\u00e3o fala para ningu\u00e9m\u201d - Estado de Minas - Em foco<\/title>\n<meta name=\"description\" content=\"O Transtorno Obsessivo-Compulsivo (TOC) costuma surgir na adolesc\u00eancia e pode paralisar a vida do paciente.\" \/>\n<meta name=\"robots\" content=\"index, follow, max-snippet:-1, max-image-preview:large, max-video-preview:-1\" \/>\n<link rel=\"canonical\" href=\"https:\/\/www.em.com.br\/emfoco\/2025\/08\/19\/especialista-dra-ana-betriz-quem-tem-toc-nao-fala-para-ninguem\/\" \/>\n<meta property=\"og:locale\" content=\"pt_BR\" \/>\n<meta property=\"og:type\" content=\"article\" \/>\n<meta property=\"og:title\" content=\"Especialista, Dra. Ana Betriz: \u201cQuem tem TOC, n\u00e3o fala para ningu\u00e9m\u201d - Estado de Minas - Em foco\" \/>\n<meta property=\"og:description\" content=\"O Transtorno Obsessivo-Compulsivo (TOC) costuma surgir na adolesc\u00eancia e pode paralisar a vida do paciente.\" \/>\n<meta property=\"og:url\" content=\"https:\/\/www.em.com.br\/emfoco\/2025\/08\/19\/especialista-dra-ana-betriz-quem-tem-toc-nao-fala-para-ninguem\/\" \/>\n<meta property=\"og:site_name\" content=\"Estado de Minas - Em foco\" \/>\n<meta property=\"article:published_time\" content=\"2025-08-19T09:58:00+00:00\" \/>\n<meta property=\"article:modified_time\" content=\"2025-08-18T23:14:49+00:00\" \/>\n<meta property=\"og:image\" content=\"https:\/\/www.em.com.br\/emfoco\/wp-content\/uploads\/2025\/08\/mosaico_1755558363080.jpg\" \/>\n\t<meta property=\"og:image:width\" content=\"1280\" \/>\n\t<meta property=\"og:image:height\" content=\"720\" \/>\n\t<meta property=\"og:image:type\" content=\"image\/jpeg\" \/>\n<meta name=\"author\" content=\"Lucas Sampaio\" \/>\n<meta name=\"twitter:card\" content=\"summary_large_image\" \/>\n<meta name=\"twitter:label1\" content=\"Escrito por\" \/>\n\t<meta name=\"twitter:data1\" content=\"Lucas Sampaio\" \/>\n\t<meta name=\"twitter:label2\" content=\"Est. tempo de leitura\" \/>\n\t<meta name=\"twitter:data2\" content=\"3 minutos\" \/>\n<!-- \/ Yoast SEO plugin. -->","yoast_head_json":{"title":"Especialista, Dra. Ana Betriz: \u201cQuem tem TOC, n\u00e3o fala para ningu\u00e9m\u201d - Estado de Minas - Em foco","description":"O Transtorno Obsessivo-Compulsivo (TOC) costuma surgir na adolesc\u00eancia e pode paralisar a vida do paciente.","robots":{"index":"index","follow":"follow","max-snippet":"max-snippet:-1","max-image-preview":"max-image-preview:large","max-video-preview":"max-video-preview:-1"},"canonical":"https:\/\/www.em.com.br\/emfoco\/2025\/08\/19\/especialista-dra-ana-betriz-quem-tem-toc-nao-fala-para-ninguem\/","og_locale":"pt_BR","og_type":"article","og_title":"Especialista, Dra. Ana Betriz: \u201cQuem tem TOC, n\u00e3o fala para ningu\u00e9m\u201d - Estado de Minas - Em foco","og_description":"O Transtorno Obsessivo-Compulsivo (TOC) costuma surgir na adolesc\u00eancia e pode paralisar a vida do paciente.","og_url":"https:\/\/www.em.com.br\/emfoco\/2025\/08\/19\/especialista-dra-ana-betriz-quem-tem-toc-nao-fala-para-ninguem\/","og_site_name":"Estado de Minas - Em foco","article_published_time":"2025-08-19T09:58:00+00:00","article_modified_time":"2025-08-18T23:14:49+00:00","og_image":[{"width":1280,"height":720,"url":"https:\/\/www.em.com.br\/emfoco\/wp-content\/uploads\/2025\/08\/mosaico_1755558363080.jpg","type":"image\/jpeg"}],"author":"Lucas Sampaio","twitter_card":"summary_large_image","twitter_misc":{"Escrito por":"Lucas Sampaio","Est. tempo de leitura":"3 minutos"},"schema":{"@context":"https:\/\/schema.org","@graph":[{"@type":"WebPage","@id":"https:\/\/www.em.com.br\/emfoco\/2025\/08\/19\/especialista-dra-ana-betriz-quem-tem-toc-nao-fala-para-ninguem\/","url":"https:\/\/www.em.com.br\/emfoco\/2025\/08\/19\/especialista-dra-ana-betriz-quem-tem-toc-nao-fala-para-ninguem\/","name":"Especialista, Dra. Ana Betriz: \u201cQuem tem TOC, n\u00e3o fala para ningu\u00e9m\u201d - Estado de Minas - Em foco","isPartOf":{"@id":"https:\/\/www.em.com.br\/emfoco\/#website"},"primaryImageOfPage":{"@id":"https:\/\/www.em.com.br\/emfoco\/2025\/08\/19\/especialista-dra-ana-betriz-quem-tem-toc-nao-fala-para-ninguem\/#primaryimage"},"image":{"@id":"https:\/\/www.em.com.br\/emfoco\/2025\/08\/19\/especialista-dra-ana-betriz-quem-tem-toc-nao-fala-para-ninguem\/#primaryimage"},"thumbnailUrl":"https:\/\/www.em.com.br\/emfoco\/wp-content\/uploads\/2025\/08\/mosaico_1755558363080.jpg","datePublished":"2025-08-19T09:58:00+00:00","dateModified":"2025-08-18T23:14:49+00:00","author":{"@id":"https:\/\/www.em.com.br\/emfoco\/#\/schema\/person\/9ad4c536bd87f5bb8006420332b99aef"},"description":"O Transtorno Obsessivo-Compulsivo (TOC) costuma surgir na adolesc\u00eancia e pode paralisar a vida do paciente.","breadcrumb":{"@id":"https:\/\/www.em.com.br\/emfoco\/2025\/08\/19\/especialista-dra-ana-betriz-quem-tem-toc-nao-fala-para-ninguem\/#breadcrumb"},"inLanguage":"pt-BR","potentialAction":[{"@type":"ReadAction","target":["https:\/\/www.em.com.br\/emfoco\/2025\/08\/19\/especialista-dra-ana-betriz-quem-tem-toc-nao-fala-para-ninguem\/"]}]},{"@type":"ImageObject","inLanguage":"pt-BR","@id":"https:\/\/www.em.com.br\/emfoco\/2025\/08\/19\/especialista-dra-ana-betriz-quem-tem-toc-nao-fala-para-ninguem\/#primaryimage","url":"https:\/\/www.em.com.br\/emfoco\/wp-content\/uploads\/2025\/08\/mosaico_1755558363080.jpg","contentUrl":"https:\/\/www.em.com.br\/emfoco\/wp-content\/uploads\/2025\/08\/mosaico_1755558363080.jpg","width":1280,"height":720,"caption":"Reprodu\u00e7\u00e3o (TikTok: @draanabeatriz11)"},{"@type":"BreadcrumbList","@id":"https:\/\/www.em.com.br\/emfoco\/2025\/08\/19\/especialista-dra-ana-betriz-quem-tem-toc-nao-fala-para-ninguem\/#breadcrumb","itemListElement":[{"@type":"ListItem","position":1,"name":"In\u00edcio","item":"https:\/\/www.em.com.br\/emfoco\/"},{"@type":"ListItem","position":2,"name":"Especialista, Dra. Ana Betriz: \u201cQuem tem TOC, n\u00e3o fala para ningu\u00e9m\u201d"}]},{"@type":"WebSite","@id":"https:\/\/www.em.com.br\/emfoco\/#website","url":"https:\/\/www.em.com.br\/emfoco\/","name":"Estado de Minas - Em foco","description":"Acompanhe as \u00faltimas not\u00edcias e fique bem informado sobre tudo o que acontece em Minas Gerais, Brasil e no mundo.","potentialAction":[{"@type":"SearchAction","target":{"@type":"EntryPoint","urlTemplate":"https:\/\/www.em.com.br\/emfoco\/?s={search_term_string}"},"query-input":{"@type":"PropertyValueSpecification","valueRequired":true,"valueName":"search_term_string"}}],"inLanguage":"pt-BR"},{"@type":"Person","@id":"https:\/\/www.em.com.br\/emfoco\/#\/schema\/person\/9ad4c536bd87f5bb8006420332b99aef","name":"Lucas Sampaio","image":{"@type":"ImageObject","inLanguage":"pt-BR","@id":"https:\/\/www.em.com.br\/emfoco\/#\/schema\/person\/image\/","url":"https:\/\/secure.gravatar.com\/avatar\/2696b9676ad143cd7135b717faf6f79f?s=96&d=mm&r=g","contentUrl":"https:\/\/secure.gravatar.com\/avatar\/2696b9676ad143cd7135b717faf6f79f?s=96&d=mm&r=g","caption":"Lucas Sampaio"},"sameAs":["https:\/\/www.em.com.br\/emfoco\/"],"url":"https:\/\/www.em.com.br\/emfoco\/author\/lucasmyth\/"}]}},"_links":{"self":[{"href":"https:\/\/www.em.com.br\/emfoco\/wp-json\/wp\/v2\/posts\/93423","targetHints":{"allow":["GET"]}}],"collection":[{"href":"https:\/\/www.em.com.br\/emfoco\/wp-json\/wp\/v2\/posts"}],"about":[{"href":"https:\/\/www.em.com.br\/emfoco\/wp-json\/wp\/v2\/types\/post"}],"author":[{"embeddable":true,"href":"https:\/\/www.em.com.br\/emfoco\/wp-json\/wp\/v2\/users\/17"}],"replies":[{"embeddable":true,"href":"https:\/\/www.em.com.br\/emfoco\/wp-json\/wp\/v2\/comments?post=93423"}],"version-history":[{"count":2,"href":"https:\/\/www.em.com.br\/emfoco\/wp-json\/wp\/v2\/posts\/93423\/revisions"}],"predecessor-version":[{"id":93454,"href":"https:\/\/www.em.com.br\/emfoco\/wp-json\/wp\/v2\/posts\/93423\/revisions\/93454"}],"wp:featuredmedia":[{"embeddable":true,"href":"https:\/\/www.em.com.br\/emfoco\/wp-json\/wp\/v2\/media\/93445"}],"wp:attachment":[{"href":"https:\/\/www.em.com.br\/emfoco\/wp-json\/wp\/v2\/media?parent=93423"}],"wp:term":[{"taxonomy":"category","embeddable":true,"href":"https:\/\/www.em.com.br\/emfoco\/wp-json\/wp\/v2\/categories?post=93423"},{"taxonomy":"post_tag","embeddable":true,"href":"https:\/\/www.em.com.br\/emfoco\/wp-json\/wp\/v2\/tags?post=93423"}],"curies":[{"name":"wp","href":"https:\/\/api.w.org\/{rel}","templated":true}]}}