{"id":93380,"date":"2025-08-20T21:38:48","date_gmt":"2025-08-21T00:38:48","guid":{"rendered":"https:\/\/www.em.com.br\/emfoco\/?p=93380"},"modified":"2025-08-19T18:49:32","modified_gmt":"2025-08-19T21:49:32","slug":"por-que-algumas-pessoas-revisitam-lugares-da-infancia","status":"publish","type":"post","link":"https:\/\/www.em.com.br\/emfoco\/2025\/08\/20\/por-que-algumas-pessoas-revisitam-lugares-da-infancia\/","title":{"rendered":"Por que algumas pessoas revisitam lugares da inf\u00e2ncia"},"content":{"rendered":"\n<p>Revisitar lugares da inf\u00e2ncia \u00e9 um comportamento recorrente que desperta curiosidade sobre as v\u00e1rias motiva\u00e7\u00f5es por tr\u00e1s desse gesto. Muitos buscam reconectar-se com <strong>mem\u00f3rias nost\u00e1lgicas<\/strong> e experi\u00eancias que moldaram sua trajet\u00f3ria. Neste artigo, vamos aprofundar as raz\u00f5es dessa jornada emocional e analisar como ela pode impactar positivamente nossa vida adulta.<\/p>\n\n\n\n<ul class=\"wp-block-list\">\n<li>O impacto emocional das mem\u00f3rias de inf\u00e2ncia.<\/li>\n\n\n\n<li>Como a nostalgia influencia o desejo de reviver experi\u00eancias.<\/li>\n\n\n\n<li>Os benef\u00edcios psicol\u00f3gicos de revisitar esses locais.<\/li>\n<\/ul>\n\n\n\n<h2 class=\"wp-block-heading\">Qual \u00e9 o Impacto Emocional das Mem\u00f3rias da Inf\u00e2ncia?<\/h2>\n\n\n\n<p>As <strong>mem\u00f3rias da inf\u00e2ncia<\/strong> frequentemente carregam emo\u00e7\u00f5es profundas e aut\u00eanticas, que contribuem para a forma\u00e7\u00e3o de nossa identidade e valores. Retornar a esses lugares pode evocar lembran\u00e7as de seguran\u00e7a, pertencimento e felicidade, proporcionando um efeito reconfortante em tempos de incerteza.<\/p>\n\n\n\n<p>Al\u00e9m disso, revisitar esses espa\u00e7os permite uma reconcilia\u00e7\u00e3o com eventos passados, ajudando a processar traumas ou dificuldades enfrentadas. Essa conex\u00e3o emocional fortalece o autoconhecimento e possibilita compreender melhor a influ\u00eancia das experi\u00eancias na vida presente, promovendo equil\u00edbrio e maturidade.<\/p>\n\n\n<div class=\"wp-block-image\">\n<figure class=\"aligncenter size-large\"><img loading=\"lazy\" decoding=\"async\" width=\"1024\" height=\"576\" src=\"https:\/\/www.em.com.br\/emfoco\/wp-content\/uploads\/2025\/08\/fazenda_1755539473557-1024x576.jpg\" alt=\"Lugares da inf\u00e2ncia\" class=\"wp-image-93385\" srcset=\"https:\/\/www.em.com.br\/emfoco\/wp-content\/uploads\/2025\/08\/fazenda_1755539473557-1024x576.jpg 1024w, https:\/\/www.em.com.br\/emfoco\/wp-content\/uploads\/2025\/08\/fazenda_1755539473557-300x169.jpg 300w, https:\/\/www.em.com.br\/emfoco\/wp-content\/uploads\/2025\/08\/fazenda_1755539473557-768x432.jpg 768w, https:\/\/www.em.com.br\/emfoco\/wp-content\/uploads\/2025\/08\/fazenda_1755539473557-750x422.jpg 750w, https:\/\/www.em.com.br\/emfoco\/wp-content\/uploads\/2025\/08\/fazenda_1755539473557-1140x641.jpg 1140w, https:\/\/www.em.com.br\/emfoco\/wp-content\/uploads\/2025\/08\/fazenda_1755539473557.jpg 1280w\" sizes=\"auto, (max-width: 1024px) 100vw, 1024px\" \/><figcaption class=\"wp-element-caption\">Lugares da inf\u00e2ncia &#8211; Cr\u00e9ditos: depositphotos.com \/ alebloshka<\/figcaption><\/figure><\/div>\n\n\n<h2 class=\"wp-block-heading\">Como a Nostalgia Influencia o Desejo de Reviver Experi\u00eancias?<\/h2>\n\n\n\n<p>A <strong>nostalgia<\/strong> desempenha papel central na motiva\u00e7\u00e3o para revisitar lugares da inf\u00e2ncia. Essa emo\u00e7\u00e3o \u00e9 capaz de transportar a pessoa para um tempo em que desafios pareciam menores e afetos eram mais genu\u00ednos, trazendo sensa\u00e7\u00e3o de conforto e continuidade.<\/p>\n\n\n\n<p>O desejo de reviver experi\u00eancias da inf\u00e2ncia est\u00e1 relacionado \u00e0 busca por um ponto de refer\u00eancia emocional, especialmente em fases de mudan\u00e7as ou inseguran\u00e7as. Esse retorno \u00e0s origens pode motivar \u00e0 reflex\u00e3o sobre escolhas de vida e aumentar a capacidade de enfrentar o presente com mais resili\u00eancia.<\/p>\n\n\n\n<p>Leia tamb\u00e9m: <a href=\"https:\/\/www.em.com.br\/emfoco\/2025\/08\/17\/entenda-como-funciona-o-seguro-desemprego-e-garanta-seus-direitos\/\" target=\"_blank\" rel=\"noreferrer noopener\">Entenda como funciona o seguro-desemprego e garanta seus direitos<\/a><\/p>\n\n\n\n<h2 class=\"wp-block-heading\">Benef\u00edcios Psicol\u00f3gicos de Revisitar Locais da Inf\u00e2ncia<\/h2>\n\n\n\n<p>Revisitar locais familiares pode oferecer uma verdadeira experi\u00eancia terap\u00eautica, promovendo clareza mental e auxiliando na revis\u00e3o de conquistas, aprendizados e desafios pessoais. Esse reencontro, muitas vezes, gera sentimentos reconfortantes e saud\u00e1veis, colaborando para a <strong>redu\u00e7\u00e3o do estresse<\/strong> e trazendo maior serenidade emocional.<\/p>\n\n\n\n<p>Al\u00e9m disso, essa pr\u00e1tica contribui para o fortalecimento da autoestima, pois permite reconhecer o pr\u00f3prio crescimento e superar padr\u00f5es negativos do passado. \u00c9 importante, ao planejar essa visita, considerar o potencial impacto emocional e estar preparado para lidar com as lembran\u00e7as que possam emergir.<\/p>\n\n\n\n<h2 class=\"wp-block-heading\">Conex\u00f5es Emocionais Fortalecem Rela\u00e7\u00f5es Familiares<\/h2>\n\n\n\n<p>Interagir com lugares da inf\u00e2ncia em fam\u00edlia oferece ricas oportunidades para partilhar hist\u00f3rias, sentimentos e experi\u00eancias, fortalecendo os la\u00e7os afetivos. Essas viv\u00eancias coletivas incentivam o di\u00e1logo entre gera\u00e7\u00f5es e ajudam na constru\u00e7\u00e3o de um ambiente de <strong>coexist\u00eancia familiar<\/strong> saud\u00e1vel e emp\u00e1tica.<\/p>\n\n\n\n<p>O resgate conjunto de mem\u00f3rias contribui para a <a href=\"https:\/\/www.gov.br\/saude\/pt-br\/assuntos\/saude-de-a-a-z\/s\/saude-da-crianca\/primeira-infancia\" target=\"_blank\" rel=\"noreferrer noopener\">compreens\u00e3o <\/a>m\u00fatua e a forma\u00e7\u00e3o de um legado emocional positivo. A experi\u00eancia pode ser fonte de alegria e uni\u00e3o, tornando-se um marco para todos os envolvidos, e ampliando o entendimento sobre valores e ra\u00edzes familiares.<\/p>\n\n\n\n<h2 class=\"wp-block-heading\">Resumindo a Jornada: Aprendizados e Benef\u00edcios<\/h2>\n\n\n\n<ul class=\"wp-block-list\">\n<li>Revisitar lugares da inf\u00e2ncia promove <strong>conex\u00e3o emocional<\/strong> e nostalgia.<\/li>\n\n\n\n<li>Essa pr\u00e1tica pode auxiliar na <strong>autoaceita\u00e7\u00e3o<\/strong> e crescimento pessoal.<\/li>\n\n\n\n<li>Fortalece rela\u00e7\u00f5es emocionais, proporcionando clareza e <strong>bem-estar psicol\u00f3gico<\/strong>.<\/li>\n<\/ul>\n\n\n\n<p>Sinta-se \u00e0 vontade para planejar sua pr\u00f3pria visita e descobrir todos os benef\u00edcios dessa jornada emocional, aproveitando a chance de redescobrir a si mesmo e os la\u00e7os que ajudam a construir sua hist\u00f3ria.<\/p>\n\n\n\n<p><\/p>\n","protected":false},"excerpt":{"rendered":"<p>Revisitar lugares da inf\u00e2ncia \u00e9 um comportamento recorrente que desperta curiosidade sobre as v\u00e1rias motiva\u00e7\u00f5es por tr\u00e1s desse gesto. Muitos buscam reconectar-se com mem\u00f3rias nost\u00e1lgicas e experi\u00eancias que moldaram sua trajet\u00f3ria. Neste artigo, vamos aprofundar as raz\u00f5es dessa jornada emocional e analisar como ela pode impactar positivamente nossa vida adulta. Qual \u00e9 o Impacto Emocional [&hellip;]<\/p>\n","protected":false},"author":15,"featured_media":93383,"comment_status":"open","ping_status":"open","sticky":false,"template":"","format":"standard","meta":{"jnews-multi-image_gallery":[],"jnews_single_post":{"format":"standard"},"jnews_primary_category":[],"jnews_social_meta":[],"jnews_override_counter":[],"footnotes":""},"categories":[8819],"tags":[1043,14445,9113,9159],"class_list":["post-93380","post","type-post","status-publish","format-standard","has-post-thumbnail","hentry","category-curiosidades","tag-infancia","tag-jornada-emocional","tag-memorias","tag-nostalgia"],"yoast_head":"<!-- This site is optimized with the Yoast SEO plugin v23.8 - https:\/\/yoast.com\/wordpress\/plugins\/seo\/ -->\n<title>Por que algumas pessoas revisitam lugares da inf\u00e2ncia - Estado de Minas - Em foco<\/title>\n<meta name=\"description\" content=\"Revisitar lugares da inf\u00e2ncia pode estar ligado \u00e0 mem\u00f3ria afetiva e \u00e0s emo\u00e7\u00f5es. Veja o que esse comportamento pode representar.\" \/>\n<meta name=\"robots\" content=\"index, follow, max-snippet:-1, max-image-preview:large, max-video-preview:-1\" \/>\n<link rel=\"canonical\" href=\"https:\/\/www.em.com.br\/emfoco\/2025\/08\/20\/por-que-algumas-pessoas-revisitam-lugares-da-infancia\/\" \/>\n<meta property=\"og:locale\" content=\"pt_BR\" \/>\n<meta property=\"og:type\" content=\"article\" \/>\n<meta property=\"og:title\" content=\"Por que algumas pessoas revisitam lugares da inf\u00e2ncia - Estado de Minas - Em foco\" \/>\n<meta property=\"og:description\" content=\"Revisitar lugares da inf\u00e2ncia pode estar ligado \u00e0 mem\u00f3ria afetiva e \u00e0s emo\u00e7\u00f5es. Veja o que esse comportamento pode representar.\" \/>\n<meta property=\"og:url\" content=\"https:\/\/www.em.com.br\/emfoco\/2025\/08\/20\/por-que-algumas-pessoas-revisitam-lugares-da-infancia\/\" \/>\n<meta property=\"og:site_name\" content=\"Estado de Minas - Em foco\" \/>\n<meta property=\"article:published_time\" content=\"2025-08-21T00:38:48+00:00\" \/>\n<meta property=\"article:modified_time\" content=\"2025-08-19T21:49:32+00:00\" \/>\n<meta property=\"og:image\" content=\"https:\/\/www.em.com.br\/emfoco\/wp-content\/uploads\/2025\/08\/locais-da-infancia_1755539444546.jpg\" \/>\n\t<meta property=\"og:image:width\" content=\"1280\" \/>\n\t<meta property=\"og:image:height\" content=\"720\" \/>\n\t<meta property=\"og:image:type\" content=\"image\/jpeg\" \/>\n<meta name=\"author\" content=\"Douglas Myth\" \/>\n<meta name=\"twitter:card\" content=\"summary_large_image\" \/>\n<meta name=\"twitter:label1\" content=\"Escrito por\" \/>\n\t<meta name=\"twitter:data1\" content=\"Douglas Myth\" \/>\n\t<meta name=\"twitter:label2\" content=\"Est. tempo de leitura\" \/>\n\t<meta name=\"twitter:data2\" content=\"4 minutos\" \/>\n<!-- \/ Yoast SEO plugin. -->","yoast_head_json":{"title":"Por que algumas pessoas revisitam lugares da inf\u00e2ncia - Estado de Minas - Em foco","description":"Revisitar lugares da inf\u00e2ncia pode estar ligado \u00e0 mem\u00f3ria afetiva e \u00e0s emo\u00e7\u00f5es. Veja o que esse comportamento pode representar.","robots":{"index":"index","follow":"follow","max-snippet":"max-snippet:-1","max-image-preview":"max-image-preview:large","max-video-preview":"max-video-preview:-1"},"canonical":"https:\/\/www.em.com.br\/emfoco\/2025\/08\/20\/por-que-algumas-pessoas-revisitam-lugares-da-infancia\/","og_locale":"pt_BR","og_type":"article","og_title":"Por que algumas pessoas revisitam lugares da inf\u00e2ncia - Estado de Minas - Em foco","og_description":"Revisitar lugares da inf\u00e2ncia pode estar ligado \u00e0 mem\u00f3ria afetiva e \u00e0s emo\u00e7\u00f5es. Veja o que esse comportamento pode representar.","og_url":"https:\/\/www.em.com.br\/emfoco\/2025\/08\/20\/por-que-algumas-pessoas-revisitam-lugares-da-infancia\/","og_site_name":"Estado de Minas - Em foco","article_published_time":"2025-08-21T00:38:48+00:00","article_modified_time":"2025-08-19T21:49:32+00:00","og_image":[{"width":1280,"height":720,"url":"https:\/\/www.em.com.br\/emfoco\/wp-content\/uploads\/2025\/08\/locais-da-infancia_1755539444546.jpg","type":"image\/jpeg"}],"author":"Douglas Myth","twitter_card":"summary_large_image","twitter_misc":{"Escrito por":"Douglas Myth","Est. tempo de leitura":"4 minutos"},"schema":{"@context":"https:\/\/schema.org","@graph":[{"@type":"WebPage","@id":"https:\/\/www.em.com.br\/emfoco\/2025\/08\/20\/por-que-algumas-pessoas-revisitam-lugares-da-infancia\/","url":"https:\/\/www.em.com.br\/emfoco\/2025\/08\/20\/por-que-algumas-pessoas-revisitam-lugares-da-infancia\/","name":"Por que algumas pessoas revisitam lugares da inf\u00e2ncia - Estado de Minas - Em foco","isPartOf":{"@id":"https:\/\/www.em.com.br\/emfoco\/#website"},"primaryImageOfPage":{"@id":"https:\/\/www.em.com.br\/emfoco\/2025\/08\/20\/por-que-algumas-pessoas-revisitam-lugares-da-infancia\/#primaryimage"},"image":{"@id":"https:\/\/www.em.com.br\/emfoco\/2025\/08\/20\/por-que-algumas-pessoas-revisitam-lugares-da-infancia\/#primaryimage"},"thumbnailUrl":"https:\/\/www.em.com.br\/emfoco\/wp-content\/uploads\/2025\/08\/locais-da-infancia_1755539444546.jpg","datePublished":"2025-08-21T00:38:48+00:00","dateModified":"2025-08-19T21:49:32+00:00","author":{"@id":"https:\/\/www.em.com.br\/emfoco\/#\/schema\/person\/bba594b7eebe9b9885fec3a5c7837089"},"description":"Revisitar lugares da inf\u00e2ncia pode estar ligado \u00e0 mem\u00f3ria afetiva e \u00e0s emo\u00e7\u00f5es. Veja o que esse comportamento pode representar.","breadcrumb":{"@id":"https:\/\/www.em.com.br\/emfoco\/2025\/08\/20\/por-que-algumas-pessoas-revisitam-lugares-da-infancia\/#breadcrumb"},"inLanguage":"pt-BR","potentialAction":[{"@type":"ReadAction","target":["https:\/\/www.em.com.br\/emfoco\/2025\/08\/20\/por-que-algumas-pessoas-revisitam-lugares-da-infancia\/"]}]},{"@type":"ImageObject","inLanguage":"pt-BR","@id":"https:\/\/www.em.com.br\/emfoco\/2025\/08\/20\/por-que-algumas-pessoas-revisitam-lugares-da-infancia\/#primaryimage","url":"https:\/\/www.em.com.br\/emfoco\/wp-content\/uploads\/2025\/08\/locais-da-infancia_1755539444546.jpg","contentUrl":"https:\/\/www.em.com.br\/emfoco\/wp-content\/uploads\/2025\/08\/locais-da-infancia_1755539444546.jpg","width":1280,"height":720,"caption":"Lugares da inf\u00e2ncia - Cr\u00e9ditos: depositphotos.com \/ gpointstudio"},{"@type":"BreadcrumbList","@id":"https:\/\/www.em.com.br\/emfoco\/2025\/08\/20\/por-que-algumas-pessoas-revisitam-lugares-da-infancia\/#breadcrumb","itemListElement":[{"@type":"ListItem","position":1,"name":"In\u00edcio","item":"https:\/\/www.em.com.br\/emfoco\/"},{"@type":"ListItem","position":2,"name":"Por que algumas pessoas revisitam lugares da inf\u00e2ncia"}]},{"@type":"WebSite","@id":"https:\/\/www.em.com.br\/emfoco\/#website","url":"https:\/\/www.em.com.br\/emfoco\/","name":"Estado de Minas - Em foco","description":"Acompanhe as \u00faltimas not\u00edcias e fique bem informado sobre tudo o que acontece em Minas Gerais, Brasil e no mundo.","potentialAction":[{"@type":"SearchAction","target":{"@type":"EntryPoint","urlTemplate":"https:\/\/www.em.com.br\/emfoco\/?s={search_term_string}"},"query-input":{"@type":"PropertyValueSpecification","valueRequired":true,"valueName":"search_term_string"}}],"inLanguage":"pt-BR"},{"@type":"Person","@id":"https:\/\/www.em.com.br\/emfoco\/#\/schema\/person\/bba594b7eebe9b9885fec3a5c7837089","name":"Douglas Myth","image":{"@type":"ImageObject","inLanguage":"pt-BR","@id":"https:\/\/www.em.com.br\/emfoco\/#\/schema\/person\/image\/","url":"https:\/\/secure.gravatar.com\/avatar\/1ac3cf50d0e68642c697dc0c960c802f?s=96&d=mm&r=g","contentUrl":"https:\/\/secure.gravatar.com\/avatar\/1ac3cf50d0e68642c697dc0c960c802f?s=96&d=mm&r=g","caption":"Douglas Myth"},"url":"https:\/\/www.em.com.br\/emfoco\/author\/douglasmyth\/"}]}},"_links":{"self":[{"href":"https:\/\/www.em.com.br\/emfoco\/wp-json\/wp\/v2\/posts\/93380","targetHints":{"allow":["GET"]}}],"collection":[{"href":"https:\/\/www.em.com.br\/emfoco\/wp-json\/wp\/v2\/posts"}],"about":[{"href":"https:\/\/www.em.com.br\/emfoco\/wp-json\/wp\/v2\/types\/post"}],"author":[{"embeddable":true,"href":"https:\/\/www.em.com.br\/emfoco\/wp-json\/wp\/v2\/users\/15"}],"replies":[{"embeddable":true,"href":"https:\/\/www.em.com.br\/emfoco\/wp-json\/wp\/v2\/comments?post=93380"}],"version-history":[{"count":3,"href":"https:\/\/www.em.com.br\/emfoco\/wp-json\/wp\/v2\/posts\/93380\/revisions"}],"predecessor-version":[{"id":93933,"href":"https:\/\/www.em.com.br\/emfoco\/wp-json\/wp\/v2\/posts\/93380\/revisions\/93933"}],"wp:featuredmedia":[{"embeddable":true,"href":"https:\/\/www.em.com.br\/emfoco\/wp-json\/wp\/v2\/media\/93383"}],"wp:attachment":[{"href":"https:\/\/www.em.com.br\/emfoco\/wp-json\/wp\/v2\/media?parent=93380"}],"wp:term":[{"taxonomy":"category","embeddable":true,"href":"https:\/\/www.em.com.br\/emfoco\/wp-json\/wp\/v2\/categories?post=93380"},{"taxonomy":"post_tag","embeddable":true,"href":"https:\/\/www.em.com.br\/emfoco\/wp-json\/wp\/v2\/tags?post=93380"}],"curies":[{"name":"wp","href":"https:\/\/api.w.org\/{rel}","templated":true}]}}