{"id":9334,"date":"2025-01-09T06:20:00","date_gmt":"2025-01-09T09:20:00","guid":{"rendered":"https:\/\/www.em.com.br\/emfoco\/?p=9334"},"modified":"2025-01-08T14:24:46","modified_gmt":"2025-01-08T17:24:46","slug":"verao-em-bh-calorao-ou-chuvarada","status":"publish","type":"post","link":"https:\/\/www.em.com.br\/emfoco\/2025\/01\/09\/verao-em-bh-calorao-ou-chuvarada\/","title":{"rendered":"Ver\u00e3o em BH: calor\u00e3o ou chuvarada?"},"content":{"rendered":"\n<p>A capital mineira, conhecida por seu clima ameno e agrad\u00e1vel, est\u00e1 prestes a enfrentar <a href=\"https:\/\/www.em.com.br\/emfoco\/2025\/01\/07\/ipva-isento-em-2025-saiba-se-seu-carro-tem-direito-ao-beneficio\/\" target=\"_blank\" rel=\"noreferrer noopener\">varia\u00e7\u00f5es <\/a>meteorol\u00f3gicas t\u00edpicas neste come\u00e7o de ano. Janeiro, no contexto climatol\u00f3gico de Belo Horizonte, costuma ser um m\u00eas de transi\u00e7\u00e3o significativa, com uma mistura de dias chuvosos e temperaturas elevadas que requer uma aten\u00e7\u00e3o especial dos seus moradores.<\/p>\n\n\n\n<p>Neste m\u00eas de janeiro de 2025, os habitantes devem se preparar para condi\u00e7\u00f5es clim\u00e1ticas que podem afetar tanto o cotidiano quanto atividades ao ar livre. Entender como o tempo se comportar\u00e1 ao longo desta semana pode ajudar na organiza\u00e7\u00e3o melhor das atividades di\u00e1rias e no planejamento de eventos.<\/p>\n\n\n\n<h2 class=\"wp-block-heading\">Como ficar\u00e1 o tempo em <a href=\"https:\/\/pt.wikipedia.org\/wiki\/Belo_Horizonte\" target=\"_blank\" rel=\"noreferrer noopener\">Belo Horizonte <\/a>no in\u00edcio de janeiro?<\/h2>\n\n\n\n<p>A previs\u00e3o para Belo Horizonte neste in\u00edcio de janeiro de 2025 indica a presen\u00e7a de diversos sistemas meteorol\u00f3gicos que podem influenciar o clima local. De acordo com as an\u00e1lises, \u00e9 esperado um predom\u00ednio de dias nublados com chances de chuvas esparsas. O clima ficar\u00e1 mais \u00famido devido \u00e0 influ\u00eancia da massa de ar quente e \u00famida proveniente das regi\u00f5es tropicais.<\/p>\n\n\n\n<p>As temperaturas, por sua vez, poder\u00e3o oscilar entre m\u00ednimas de 18\u00b0C durante a madrugada at\u00e9 m\u00e1ximas de 29\u00b0C nos per\u00edodos mais quentes do dia. \u00c9 importante estar preparado para essas varia\u00e7\u00f5es que podem trazer desconforto t\u00e9rmico, principalmente durante a tarde.<\/p>\n\n\n<div class=\"wp-block-image\">\n<figure class=\"aligncenter size-large\"><img loading=\"lazy\" decoding=\"async\" width=\"1024\" height=\"576\" src=\"https:\/\/www.em.com.br\/emfoco\/wp-content\/uploads\/2024\/12\/Belo-Horizonte_1733787186117-1024x576.jpg\" alt=\"\" class=\"wp-image-4029\" srcset=\"https:\/\/www.em.com.br\/emfoco\/wp-content\/uploads\/2024\/12\/Belo-Horizonte_1733787186117-1024x576.jpg 1024w, https:\/\/www.em.com.br\/emfoco\/wp-content\/uploads\/2024\/12\/Belo-Horizonte_1733787186117-300x169.jpg 300w, https:\/\/www.em.com.br\/emfoco\/wp-content\/uploads\/2024\/12\/Belo-Horizonte_1733787186117-768x432.jpg 768w, https:\/\/www.em.com.br\/emfoco\/wp-content\/uploads\/2024\/12\/Belo-Horizonte_1733787186117-750x422.jpg 750w, https:\/\/www.em.com.br\/emfoco\/wp-content\/uploads\/2024\/12\/Belo-Horizonte_1733787186117-1140x641.jpg 1140w, https:\/\/www.em.com.br\/emfoco\/wp-content\/uploads\/2024\/12\/Belo-Horizonte_1733787186117.jpg 1280w\" sizes=\"auto, (max-width: 1024px) 100vw, 1024px\" \/><figcaption class=\"wp-element-caption\">Clima BH &#8211; Cr\u00e9ditos: depositphotos.com \/ gustavobhz<\/figcaption><\/figure><\/div>\n\n\n<h2 class=\"wp-block-heading\">Quais s\u00e3o as expectativas para o dia 9 de janeiro de 2025?<\/h2>\n\n\n\n<p>Especificamente no dia 9 de janeiro de 2025, a previs\u00e3o do tempo para Belo Horizonte indica que o c\u00e9u estar\u00e1 predominantemente nublado. H\u00e1 possibilidade de pancadas de chuva durante a tarde e in\u00edcio da noite, um padr\u00e3o comum para este per\u00edodo do ano devido \u00e0 forma\u00e7\u00e3o de nuvens convectivas.<\/p>\n\n\n\n<p>As temperaturas dever\u00e3o se manter entre 20\u00b0C e 28\u00b0C, com sensa\u00e7\u00f5es t\u00e9rmicas podendo variar bastante em fun\u00e7\u00e3o da umidade. Ventos de fraca a moderada intensidade s\u00e3o esperados, o que pode ajudar a aliviar a sensa\u00e7\u00e3o de abafamento durante o dia.<\/p>\n\n\n\n<h2 class=\"wp-block-heading\">Como se preparar para o tempo nesta semana?<\/h2>\n\n\n\n<p>Para enfrentar as condi\u00e7\u00f5es clim\u00e1ticas desta semana, os moradores de Belo Horizonte podem adotar algumas medidas simples para minimizar impactos das varia\u00e7\u00f5es do clima. Recomenda-se o uso de roupas leves e confort\u00e1veis para lidar com o calor abafado, e o carregamento de guarda-chuvas ou capas de chuva para se proteger das precipita\u00e7\u00f5es eventuais.<\/p>\n\n\n\n<ul class=\"wp-block-list\">\n<li>Mantenha-se hidratado, bebendo \u00e1gua regularmente para combater a desidrata\u00e7\u00e3o.<\/li>\n\n\n\n<li>Ao planejar atividades ao ar livre, priorize os hor\u00e1rios de menor incid\u00eancia solar, como o in\u00edcio da manh\u00e3 e o final da tarde.<\/li>\n\n\n\n<li>Fique atento \u00e0s atualiza\u00e7\u00f5es constantes de boletins meteorol\u00f3gicos para se adaptar a mudan\u00e7as repentinas no tempo.<\/li>\n<\/ul>\n\n\n\n<h2 class=\"wp-block-heading\">Impacto das condi\u00e7\u00f5es meteorol\u00f3gicas em Belo Horizonte<\/h2>\n\n\n\n<p>A meteorologia exerce grande influ\u00eancia sobre as atividades cotidianas em Belo Horizonte, impactando desde o tr\u00e2nsito at\u00e9 a programa\u00e7\u00e3o de eventos ao ar livre. Previs\u00f5es precisas ajudam moradores e visitantes a melhor se prepararem, reduzindo inconvenientes causados por mudan\u00e7as clim\u00e1ticas inesperadas.<\/p>\n\n\n\n<p>Os setores de turismo e com\u00e9rcio devem se manter alertas para ajustar ofertas e servi\u00e7os conforme mudan\u00e7as clim\u00e1ticas se tornam mais previs\u00edveis, garantindo conforto e seguran\u00e7a de todos. Dessa maneira, a cidade segue aproveitando seu clima variado e rico, que traz desafios, mas tamb\u00e9m oportunidades de adapta\u00e7\u00e3o e resili\u00eancia.<\/p>\n","protected":false},"excerpt":{"rendered":"<p>A capital mineira, conhecida por seu clima ameno e agrad\u00e1vel, est\u00e1 prestes a enfrentar varia\u00e7\u00f5es meteorol\u00f3gicas t\u00edpicas neste come\u00e7o de ano. Janeiro, no contexto climatol\u00f3gico de Belo Horizonte, costuma ser um m\u00eas de transi\u00e7\u00e3o significativa, com uma mistura de dias chuvosos e temperaturas elevadas que requer uma aten\u00e7\u00e3o especial dos seus moradores. Neste m\u00eas de [&hellip;]<\/p>\n","protected":false},"author":7,"featured_media":4607,"comment_status":"open","ping_status":"open","sticky":false,"template":"","format":"standard","meta":{"jnews-multi-image_gallery":[],"jnews_single_post":{"format":"standard"},"jnews_primary_category":[],"jnews_social_meta":[],"jnews_override_counter":[],"footnotes":""},"categories":[30],"tags":[782,154,152,786,251,155],"class_list":["post-9334","post","type-post","status-publish","format-standard","has-post-thumbnail","hentry","category-clima","tag-782","tag-belo-horizonte","tag-clima","tag-janeiro","tag-previsao-do-tempo","tag-tempo"],"yoast_head":"<!-- This site is optimized with the Yoast SEO plugin v23.8 - https:\/\/yoast.com\/wordpress\/plugins\/seo\/ -->\n<title>Ver\u00e3o em BH: calor\u00e3o ou chuvarada? - Estado de Minas - Em foco<\/title>\n<meta name=\"description\" content=\"Fique por dentro da previs\u00e3o do tempo para Belo Horizonte neste janeiro de 2025.\" \/>\n<meta name=\"robots\" content=\"index, follow, max-snippet:-1, max-image-preview:large, max-video-preview:-1\" \/>\n<link rel=\"canonical\" href=\"https:\/\/www.em.com.br\/emfoco\/2025\/01\/09\/verao-em-bh-calorao-ou-chuvarada\/\" \/>\n<meta property=\"og:locale\" content=\"pt_BR\" \/>\n<meta property=\"og:type\" content=\"article\" \/>\n<meta property=\"og:title\" content=\"Ver\u00e3o em BH: calor\u00e3o ou chuvarada? - Estado de Minas - Em foco\" \/>\n<meta property=\"og:description\" content=\"Fique por dentro da previs\u00e3o do tempo para Belo Horizonte neste janeiro de 2025.\" \/>\n<meta property=\"og:url\" content=\"https:\/\/www.em.com.br\/emfoco\/2025\/01\/09\/verao-em-bh-calorao-ou-chuvarada\/\" \/>\n<meta property=\"og:site_name\" content=\"Estado de Minas - Em foco\" \/>\n<meta property=\"article:published_time\" content=\"2025-01-09T09:20:00+00:00\" \/>\n<meta property=\"article:modified_time\" content=\"2025-01-08T17:24:46+00:00\" \/>\n<meta property=\"og:image\" content=\"https:\/\/www.em.com.br\/emfoco\/wp-content\/uploads\/2024\/12\/Chuva_1734037436270.jpg\" \/>\n\t<meta property=\"og:image:width\" content=\"1280\" \/>\n\t<meta property=\"og:image:height\" content=\"720\" \/>\n\t<meta property=\"og:image:type\" content=\"image\/jpeg\" \/>\n<meta name=\"author\" content=\"Kelvin\" \/>\n<meta name=\"twitter:card\" content=\"summary_large_image\" \/>\n<meta name=\"twitter:label1\" content=\"Escrito por\" \/>\n\t<meta name=\"twitter:data1\" content=\"Kelvin\" \/>\n\t<meta name=\"twitter:label2\" content=\"Est. tempo de leitura\" \/>\n\t<meta name=\"twitter:data2\" content=\"4 minutos\" \/>\n<!-- \/ Yoast SEO plugin. -->","yoast_head_json":{"title":"Ver\u00e3o em BH: calor\u00e3o ou chuvarada? - Estado de Minas - Em foco","description":"Fique por dentro da previs\u00e3o do tempo para Belo Horizonte neste janeiro de 2025.","robots":{"index":"index","follow":"follow","max-snippet":"max-snippet:-1","max-image-preview":"max-image-preview:large","max-video-preview":"max-video-preview:-1"},"canonical":"https:\/\/www.em.com.br\/emfoco\/2025\/01\/09\/verao-em-bh-calorao-ou-chuvarada\/","og_locale":"pt_BR","og_type":"article","og_title":"Ver\u00e3o em BH: calor\u00e3o ou chuvarada? - Estado de Minas - Em foco","og_description":"Fique por dentro da previs\u00e3o do tempo para Belo Horizonte neste janeiro de 2025.","og_url":"https:\/\/www.em.com.br\/emfoco\/2025\/01\/09\/verao-em-bh-calorao-ou-chuvarada\/","og_site_name":"Estado de Minas - Em foco","article_published_time":"2025-01-09T09:20:00+00:00","article_modified_time":"2025-01-08T17:24:46+00:00","og_image":[{"width":1280,"height":720,"url":"https:\/\/www.em.com.br\/emfoco\/wp-content\/uploads\/2024\/12\/Chuva_1734037436270.jpg","type":"image\/jpeg"}],"author":"Kelvin","twitter_card":"summary_large_image","twitter_misc":{"Escrito por":"Kelvin","Est. tempo de leitura":"4 minutos"},"schema":{"@context":"https:\/\/schema.org","@graph":[{"@type":"WebPage","@id":"https:\/\/www.em.com.br\/emfoco\/2025\/01\/09\/verao-em-bh-calorao-ou-chuvarada\/","url":"https:\/\/www.em.com.br\/emfoco\/2025\/01\/09\/verao-em-bh-calorao-ou-chuvarada\/","name":"Ver\u00e3o em BH: calor\u00e3o ou chuvarada? - Estado de Minas - Em foco","isPartOf":{"@id":"https:\/\/www.em.com.br\/emfoco\/#website"},"primaryImageOfPage":{"@id":"https:\/\/www.em.com.br\/emfoco\/2025\/01\/09\/verao-em-bh-calorao-ou-chuvarada\/#primaryimage"},"image":{"@id":"https:\/\/www.em.com.br\/emfoco\/2025\/01\/09\/verao-em-bh-calorao-ou-chuvarada\/#primaryimage"},"thumbnailUrl":"https:\/\/www.em.com.br\/emfoco\/wp-content\/uploads\/2024\/12\/Chuva_1734037436270.jpg","datePublished":"2025-01-09T09:20:00+00:00","dateModified":"2025-01-08T17:24:46+00:00","author":{"@id":"https:\/\/www.em.com.br\/emfoco\/#\/schema\/person\/fb0a7f48c6fbb94b83f413a80f61917d"},"description":"Fique por dentro da previs\u00e3o do tempo para Belo Horizonte neste janeiro de 2025.","breadcrumb":{"@id":"https:\/\/www.em.com.br\/emfoco\/2025\/01\/09\/verao-em-bh-calorao-ou-chuvarada\/#breadcrumb"},"inLanguage":"pt-BR","potentialAction":[{"@type":"ReadAction","target":["https:\/\/www.em.com.br\/emfoco\/2025\/01\/09\/verao-em-bh-calorao-ou-chuvarada\/"]}]},{"@type":"ImageObject","inLanguage":"pt-BR","@id":"https:\/\/www.em.com.br\/emfoco\/2025\/01\/09\/verao-em-bh-calorao-ou-chuvarada\/#primaryimage","url":"https:\/\/www.em.com.br\/emfoco\/wp-content\/uploads\/2024\/12\/Chuva_1734037436270.jpg","contentUrl":"https:\/\/www.em.com.br\/emfoco\/wp-content\/uploads\/2024\/12\/Chuva_1734037436270.jpg","width":1280,"height":720,"caption":"Chuva - Cr\u00e9ditos: depositphotos.com \/ rfphoto"},{"@type":"BreadcrumbList","@id":"https:\/\/www.em.com.br\/emfoco\/2025\/01\/09\/verao-em-bh-calorao-ou-chuvarada\/#breadcrumb","itemListElement":[{"@type":"ListItem","position":1,"name":"In\u00edcio","item":"https:\/\/www.em.com.br\/emfoco\/"},{"@type":"ListItem","position":2,"name":"Ver\u00e3o em BH: calor\u00e3o ou chuvarada?"}]},{"@type":"WebSite","@id":"https:\/\/www.em.com.br\/emfoco\/#website","url":"https:\/\/www.em.com.br\/emfoco\/","name":"Estado de Minas - Em foco","description":"Acompanhe as \u00faltimas not\u00edcias e fique bem informado sobre tudo o que acontece em Minas Gerais, Brasil e no mundo.","potentialAction":[{"@type":"SearchAction","target":{"@type":"EntryPoint","urlTemplate":"https:\/\/www.em.com.br\/emfoco\/?s={search_term_string}"},"query-input":{"@type":"PropertyValueSpecification","valueRequired":true,"valueName":"search_term_string"}}],"inLanguage":"pt-BR"},{"@type":"Person","@id":"https:\/\/www.em.com.br\/emfoco\/#\/schema\/person\/fb0a7f48c6fbb94b83f413a80f61917d","name":"Kelvin","image":{"@type":"ImageObject","inLanguage":"pt-BR","@id":"https:\/\/www.em.com.br\/emfoco\/#\/schema\/person\/image\/","url":"https:\/\/secure.gravatar.com\/avatar\/e74f84337e6bf6c4c5e88fbdffa05270?s=96&d=mm&r=g","contentUrl":"https:\/\/secure.gravatar.com\/avatar\/e74f84337e6bf6c4c5e88fbdffa05270?s=96&d=mm&r=g","caption":"Kelvin"},"sameAs":["https:\/\/www.em.com.br\/emfoco"],"url":"https:\/\/www.em.com.br\/emfoco\/author\/kelvinmyth\/"}]}},"_links":{"self":[{"href":"https:\/\/www.em.com.br\/emfoco\/wp-json\/wp\/v2\/posts\/9334","targetHints":{"allow":["GET"]}}],"collection":[{"href":"https:\/\/www.em.com.br\/emfoco\/wp-json\/wp\/v2\/posts"}],"about":[{"href":"https:\/\/www.em.com.br\/emfoco\/wp-json\/wp\/v2\/types\/post"}],"author":[{"embeddable":true,"href":"https:\/\/www.em.com.br\/emfoco\/wp-json\/wp\/v2\/users\/7"}],"replies":[{"embeddable":true,"href":"https:\/\/www.em.com.br\/emfoco\/wp-json\/wp\/v2\/comments?post=9334"}],"version-history":[{"count":2,"href":"https:\/\/www.em.com.br\/emfoco\/wp-json\/wp\/v2\/posts\/9334\/revisions"}],"predecessor-version":[{"id":9337,"href":"https:\/\/www.em.com.br\/emfoco\/wp-json\/wp\/v2\/posts\/9334\/revisions\/9337"}],"wp:featuredmedia":[{"embeddable":true,"href":"https:\/\/www.em.com.br\/emfoco\/wp-json\/wp\/v2\/media\/4607"}],"wp:attachment":[{"href":"https:\/\/www.em.com.br\/emfoco\/wp-json\/wp\/v2\/media?parent=9334"}],"wp:term":[{"taxonomy":"category","embeddable":true,"href":"https:\/\/www.em.com.br\/emfoco\/wp-json\/wp\/v2\/categories?post=9334"},{"taxonomy":"post_tag","embeddable":true,"href":"https:\/\/www.em.com.br\/emfoco\/wp-json\/wp\/v2\/tags?post=9334"}],"curies":[{"name":"wp","href":"https:\/\/api.w.org\/{rel}","templated":true}]}}