{"id":93022,"date":"2025-08-19T11:18:23","date_gmt":"2025-08-19T14:18:23","guid":{"rendered":"https:\/\/www.em.com.br\/emfoco\/?p=93022"},"modified":"2025-08-18T10:57:07","modified_gmt":"2025-08-18T13:57:07","slug":"como-saber-se-o-cafe-esta-afetando-seu-sono","status":"publish","type":"post","link":"https:\/\/www.em.com.br\/emfoco\/2025\/08\/19\/como-saber-se-o-cafe-esta-afetando-seu-sono\/","title":{"rendered":"Como saber se o caf\u00e9 est\u00e1 afetando seu sono"},"content":{"rendered":"\n<p>O consumo de <strong>caf\u00e9<\/strong> est\u00e1 intimamente ligado ao aumento dos n\u00edveis de <strong>energia<\/strong> e <strong>foco<\/strong> ao longo do dia, tornando-se um h\u00e1bito essencial para muita gente. Por\u00e9m, quando consumido em excesso ou nos hor\u00e1rios inadequados, pode comprometer seriamente a <strong>qualidade do sono<\/strong>, afetando todo o seu bem-estar. Identificar se a <strong>cafe\u00edna<\/strong> \u00e9 respons\u00e1vel por noites mal dormidas \u00e9 fundamental para fazer escolhas mais equilibradas.<\/p>\n\n\n\n<p>Alguns sinais cl\u00e1ssicos de que o caf\u00e9 pode estar prejudicando seu descanso incluem: sensa\u00e7\u00e3o de fadiga ao acordar, dificuldade para adormecer rapidamente e despertares frequentes durante a noite. Fique atento a esses ind\u00edcios e observe como eles impactam sua disposi\u00e7\u00e3o e produtividade ao longo do dia.<\/p>\n\n\n\n<ul class=\"wp-block-list\">\n<li>Sensa\u00e7\u00e3o de fadiga ao acordar<\/li>\n\n\n\n<li>Dificuldade para adormecer rapidamente<\/li>\n\n\n\n<li>Despertares frequentes durante a noite<\/li>\n<\/ul>\n\n\n\n<h2 class=\"wp-block-heading\">Por que o caf\u00e9 pode estar afetando seu sono?<\/h2>\n\n\n\n<p>A <strong>cafe\u00edna<\/strong> \u00e9 um potente estimulante do sistema nervoso central. Ela atua <strong>bloqueando os receptores de adenosina<\/strong>, uma subst\u00e2ncia que sinaliza ao c\u00e9rebro quando \u00e9 hora de descansar, podendo dificultar o in\u00edcio do sono. Al\u00e9m disso, a meia-vida da cafe\u00edna \u00e9 relativamente longa: seu corpo pode levar entre 4 a 8 horas para eliminar metade da subst\u00e2ncia, o que prolonga seus efeitos estimulantes.<\/p>\n\n\n\n<p>Consequentemente, se voc\u00ea consome caf\u00e9 nos per\u00edodos finais do dia, o organismo ainda pode estar processando a cafe\u00edna na hora de dormir, resultando em ins\u00f4nia ou sono fragmentado. Quem tem sensibilidade aumentada \u00e0 cafe\u00edna percebe esses efeitos com maior intensidade, sendo essencial avaliar individualmente a toler\u00e2ncia e adaptar o consumo \u00e0s necessidades do seu corpo.<\/p>\n\n\n<div class=\"wp-block-image\">\n<figure class=\"aligncenter size-large\"><img loading=\"lazy\" decoding=\"async\" width=\"1024\" height=\"576\" src=\"https:\/\/www.em.com.br\/emfoco\/wp-content\/uploads\/2025\/08\/Cafe-1024x576.jpg\" alt=\"Caf\u00e9\" class=\"wp-image-93032\" srcset=\"https:\/\/www.em.com.br\/emfoco\/wp-content\/uploads\/2025\/08\/Cafe-1024x576.jpg 1024w, https:\/\/www.em.com.br\/emfoco\/wp-content\/uploads\/2025\/08\/Cafe-300x169.jpg 300w, https:\/\/www.em.com.br\/emfoco\/wp-content\/uploads\/2025\/08\/Cafe-768x432.jpg 768w, https:\/\/www.em.com.br\/emfoco\/wp-content\/uploads\/2025\/08\/Cafe-750x422.jpg 750w, https:\/\/www.em.com.br\/emfoco\/wp-content\/uploads\/2025\/08\/Cafe-1140x641.jpg 1140w, https:\/\/www.em.com.br\/emfoco\/wp-content\/uploads\/2025\/08\/Cafe.jpg 1280w\" sizes=\"auto, (max-width: 1024px) 100vw, 1024px\" \/><figcaption class=\"wp-element-caption\">Caf\u00e9 &#8211; Cr\u00e9ditos: depositphotos.com \/ HayDmitriy &#8211; Cr\u00e9ditos: depositphotos.com \/ DimaSobkoD<\/figcaption><\/figure><\/div>\n\n\n<h2 class=\"wp-block-heading\">Como saber se a cafe\u00edna \u00e9 a causa do seu sono agitado?<\/h2>\n\n\n\n<p>Observar as <strong>rotinas de consumo<\/strong> de caf\u00e9 e outros alimentos com cafe\u00edna \u00e9 uma das maneiras mais eficazes de compreender se o sono ruim est\u00e1 relacionado a esses h\u00e1bitos. Tente identificar a quantidade e os hor\u00e1rios em que a ingest\u00e3o de cafe\u00edna ocorre, al\u00e9m de considerar outros estimulantes na dieta.<\/p>\n\n\n\n<p>Uma estrat\u00e9gia bastante \u00fatil \u00e9 manter um di\u00e1rio por ao menos sete dias, anotando seus hor\u00e1rios de consumo e padr\u00f5es de sono, al\u00e9m das sensa\u00e7\u00f5es ao despertar. A partir desses registros, \u00e9 poss\u00edvel perceber uma rela\u00e7\u00e3o direta entre a ingest\u00e3o de cafe\u00edna e a qualidade do sono, ajudando na tomada de decis\u00f5es mais conscientes.<\/p>\n\n\n\n<h2 class=\"wp-block-heading\">Quais s\u00e3o os sinais de que o caf\u00e9 est\u00e1 atrapalhando seu descanso?<\/h2>\n\n\n\n<p>Se voc\u00ea percebe que acorda frequentemente <strong>cansado<\/strong> ou se pega tendo dificuldades frequentes para embarcar no sono, conv\u00e9m reavaliar o seu consumo de <strong>caf\u00e9<\/strong> e outros estimulantes. A sensa\u00e7\u00e3o de esgotamento ao longo do dia, mesmo depois de uma quantidade adequada de horas de sono, \u00e9 um ind\u00edcio relevante a ser observado.<\/p>\n\n\n\n<p>Outros sinais que podem aparecer incluem sonol\u00eancia excessiva e irritabilidade ao longo do dia, al\u00e9m de lapsos de aten\u00e7\u00e3o e baixa produtividade. Esses sintomas s\u00e3o alertas importantes de que a sua rotina pode estar desequilibrada, exigindo ajustes nos h\u00e1bitos de consumo de cafe\u00edna para preservar sua sa\u00fade e bem-estar.<\/p>\n\n\n\n<p>Leia tamb\u00e9m: <a href=\"https:\/\/www.em.com.br\/emfoco\/2025\/08\/17\/trabalhador-rural-saiba-como-conquistar-sua-aposentadoria-sem-perder-direitos\/\" target=\"_blank\" rel=\"noreferrer noopener\">Trabalhador rural saiba como conquistar sua aposentadoria sem perder direitos<\/a><\/p>\n\n\n\n<h2 class=\"wp-block-heading\">O que fazer para minimizar o impacto da cafe\u00edna?<\/h2>\n\n\n\n<p>Adotar pequenas modifica\u00e7\u00f5es no dia a dia pode ser extremamente eficaz. Uma das principais estrat\u00e9gias \u00e9 reduzir o consumo de caf\u00e9, principalmente no per\u00edodo da tarde e da noite, optando por <strong>alternativas descafeinadas<\/strong> ou bebidas naturalmente livres de cafe\u00edna ap\u00f3s o meio-dia. Com essas mudan\u00e7as, seu organismo ficar\u00e1 menos impactado pelos efeitos do estimulante na hora de dormir.<\/p>\n\n\n\n<p>Al\u00e9m disso, algumas pr\u00e1ticas complementares contribuem para um sono mais reparador: escolha <strong>ch\u00e1s relaxantes<\/strong> antes de dormir, mantenha uma rotina regular de hor\u00e1rios para se deitar e evite <a href=\"https:\/\/www.cnnbrasil.com.br\/saude\/como-o-cafe-interfere-no-seu-sono-e-na-sua-saude\/\" target=\"_blank\" rel=\"noreferrer noopener\">dispositivos <\/a>eletr\u00f4nicos minutos antes do sono. Esse conjunto de h\u00e1bitos pode ajudar a minimizar os efeitos da cafe\u00edna, promovendo um descanso de qualidade.<\/p>\n\n\n\n<ul class=\"wp-block-list\">\n<li>Opte por ch\u00e1s relaxantes antes de dormir<\/li>\n\n\n\n<li>Estabele\u00e7a um hor\u00e1rio fixo para ir deitar<\/li>\n\n\n\n<li>Evite telas minutos antes de dormir<\/li>\n<\/ul>\n\n\n\n<h2 class=\"wp-block-heading\">Resumo final: Caf\u00e9, sono e suas escolhas<\/h2>\n\n\n\n<ul class=\"wp-block-list\">\n<li>Identifique sua <strong>suscetibilidade \u00e0 cafe\u00edna<\/strong>, adaptando o consumo ao seu perfil pessoal e \u00e0s suas necessidades di\u00e1rias de energia.<\/li>\n\n\n\n<li>Monitore os sinais do seu corpo para evitar abusos e priorize estrat\u00e9gias que favore\u00e7am a <strong>qualidade do sono<\/strong>, garantindo maior disposi\u00e7\u00e3o ao longo do dia.<\/li>\n\n\n\n<li>Inclua h\u00e1bitos saud\u00e1veis na rotina, como praticar atividades f\u00edsicas, ter hor\u00e1rios constantes para dormir e acordar, e buscar equil\u00edbrio entre energia e descanso para um bem-estar duradouro.<\/li>\n<\/ul>\n","protected":false},"excerpt":{"rendered":"<p>O consumo de caf\u00e9 est\u00e1 intimamente ligado ao aumento dos n\u00edveis de energia e foco ao longo do dia, tornando-se um h\u00e1bito essencial para muita gente. Por\u00e9m, quando consumido em excesso ou nos hor\u00e1rios inadequados, pode comprometer seriamente a qualidade do sono, afetando todo o seu bem-estar. Identificar se a cafe\u00edna \u00e9 respons\u00e1vel por noites [&hellip;]<\/p>\n","protected":false},"author":15,"featured_media":93027,"comment_status":"open","ping_status":"open","sticky":false,"template":"","format":"standard","meta":{"jnews-multi-image_gallery":[],"jnews_single_post":{"format":"standard"},"jnews_primary_category":[],"jnews_social_meta":[],"jnews_override_counter":[],"footnotes":""},"categories":[8819],"tags":[1579,524,7666,415,1925],"class_list":["post-93022","post","type-post","status-publish","format-standard","has-post-thumbnail","hentry","category-curiosidades","tag-cafe","tag-estilo-de-vida","tag-estimulante","tag-saude","tag-sono"],"yoast_head":"<!-- This site is optimized with the Yoast SEO plugin v23.8 - https:\/\/yoast.com\/wordpress\/plugins\/seo\/ -->\n<title>Como saber se o caf\u00e9 est\u00e1 afetando seu sono - Estado de Minas - Em foco<\/title>\n<meta name=\"description\" content=\"O caf\u00e9 pode estar afetando seu sono sem que voc\u00ea perceba. Veja os sinais que indicam se ele est\u00e1 prejudicando suas noites.\" \/>\n<meta name=\"robots\" content=\"index, follow, max-snippet:-1, max-image-preview:large, max-video-preview:-1\" \/>\n<link rel=\"canonical\" href=\"https:\/\/www.em.com.br\/emfoco\/2025\/08\/19\/como-saber-se-o-cafe-esta-afetando-seu-sono\/\" \/>\n<meta property=\"og:locale\" content=\"pt_BR\" \/>\n<meta property=\"og:type\" content=\"article\" \/>\n<meta property=\"og:title\" content=\"Como saber se o caf\u00e9 est\u00e1 afetando seu sono - Estado de Minas - Em foco\" \/>\n<meta property=\"og:description\" content=\"O caf\u00e9 pode estar afetando seu sono sem que voc\u00ea perceba. Veja os sinais que indicam se ele est\u00e1 prejudicando suas noites.\" \/>\n<meta property=\"og:url\" content=\"https:\/\/www.em.com.br\/emfoco\/2025\/08\/19\/como-saber-se-o-cafe-esta-afetando-seu-sono\/\" \/>\n<meta property=\"og:site_name\" content=\"Estado de Minas - Em foco\" \/>\n<meta property=\"article:published_time\" content=\"2025-08-19T14:18:23+00:00\" \/>\n<meta property=\"article:modified_time\" content=\"2025-08-18T13:57:07+00:00\" \/>\n<meta property=\"og:image\" content=\"https:\/\/www.em.com.br\/emfoco\/wp-content\/uploads\/2025\/08\/cafe_1755525288092.jpg\" \/>\n\t<meta property=\"og:image:width\" content=\"1280\" \/>\n\t<meta property=\"og:image:height\" content=\"720\" \/>\n\t<meta property=\"og:image:type\" content=\"image\/jpeg\" \/>\n<meta name=\"author\" content=\"Douglas Myth\" \/>\n<meta name=\"twitter:card\" content=\"summary_large_image\" \/>\n<meta name=\"twitter:label1\" content=\"Escrito por\" \/>\n\t<meta name=\"twitter:data1\" content=\"Douglas Myth\" \/>\n\t<meta name=\"twitter:label2\" content=\"Est. tempo de leitura\" \/>\n\t<meta name=\"twitter:data2\" content=\"5 minutos\" \/>\n<!-- \/ Yoast SEO plugin. -->","yoast_head_json":{"title":"Como saber se o caf\u00e9 est\u00e1 afetando seu sono - Estado de Minas - Em foco","description":"O caf\u00e9 pode estar afetando seu sono sem que voc\u00ea perceba. Veja os sinais que indicam se ele est\u00e1 prejudicando suas noites.","robots":{"index":"index","follow":"follow","max-snippet":"max-snippet:-1","max-image-preview":"max-image-preview:large","max-video-preview":"max-video-preview:-1"},"canonical":"https:\/\/www.em.com.br\/emfoco\/2025\/08\/19\/como-saber-se-o-cafe-esta-afetando-seu-sono\/","og_locale":"pt_BR","og_type":"article","og_title":"Como saber se o caf\u00e9 est\u00e1 afetando seu sono - Estado de Minas - Em foco","og_description":"O caf\u00e9 pode estar afetando seu sono sem que voc\u00ea perceba. Veja os sinais que indicam se ele est\u00e1 prejudicando suas noites.","og_url":"https:\/\/www.em.com.br\/emfoco\/2025\/08\/19\/como-saber-se-o-cafe-esta-afetando-seu-sono\/","og_site_name":"Estado de Minas - Em foco","article_published_time":"2025-08-19T14:18:23+00:00","article_modified_time":"2025-08-18T13:57:07+00:00","og_image":[{"width":1280,"height":720,"url":"https:\/\/www.em.com.br\/emfoco\/wp-content\/uploads\/2025\/08\/cafe_1755525288092.jpg","type":"image\/jpeg"}],"author":"Douglas Myth","twitter_card":"summary_large_image","twitter_misc":{"Escrito por":"Douglas Myth","Est. tempo de leitura":"5 minutos"},"schema":{"@context":"https:\/\/schema.org","@graph":[{"@type":"WebPage","@id":"https:\/\/www.em.com.br\/emfoco\/2025\/08\/19\/como-saber-se-o-cafe-esta-afetando-seu-sono\/","url":"https:\/\/www.em.com.br\/emfoco\/2025\/08\/19\/como-saber-se-o-cafe-esta-afetando-seu-sono\/","name":"Como saber se o caf\u00e9 est\u00e1 afetando seu sono - Estado de Minas - Em foco","isPartOf":{"@id":"https:\/\/www.em.com.br\/emfoco\/#website"},"primaryImageOfPage":{"@id":"https:\/\/www.em.com.br\/emfoco\/2025\/08\/19\/como-saber-se-o-cafe-esta-afetando-seu-sono\/#primaryimage"},"image":{"@id":"https:\/\/www.em.com.br\/emfoco\/2025\/08\/19\/como-saber-se-o-cafe-esta-afetando-seu-sono\/#primaryimage"},"thumbnailUrl":"https:\/\/www.em.com.br\/emfoco\/wp-content\/uploads\/2025\/08\/cafe_1755525288092.jpg","datePublished":"2025-08-19T14:18:23+00:00","dateModified":"2025-08-18T13:57:07+00:00","author":{"@id":"https:\/\/www.em.com.br\/emfoco\/#\/schema\/person\/bba594b7eebe9b9885fec3a5c7837089"},"description":"O caf\u00e9 pode estar afetando seu sono sem que voc\u00ea perceba. Veja os sinais que indicam se ele est\u00e1 prejudicando suas noites.","breadcrumb":{"@id":"https:\/\/www.em.com.br\/emfoco\/2025\/08\/19\/como-saber-se-o-cafe-esta-afetando-seu-sono\/#breadcrumb"},"inLanguage":"pt-BR","potentialAction":[{"@type":"ReadAction","target":["https:\/\/www.em.com.br\/emfoco\/2025\/08\/19\/como-saber-se-o-cafe-esta-afetando-seu-sono\/"]}]},{"@type":"ImageObject","inLanguage":"pt-BR","@id":"https:\/\/www.em.com.br\/emfoco\/2025\/08\/19\/como-saber-se-o-cafe-esta-afetando-seu-sono\/#primaryimage","url":"https:\/\/www.em.com.br\/emfoco\/wp-content\/uploads\/2025\/08\/cafe_1755525288092.jpg","contentUrl":"https:\/\/www.em.com.br\/emfoco\/wp-content\/uploads\/2025\/08\/cafe_1755525288092.jpg","width":1280,"height":720,"caption":"Caf\u00e9 - Cr\u00e9ditos: depositphotos.com \/ farknot"},{"@type":"BreadcrumbList","@id":"https:\/\/www.em.com.br\/emfoco\/2025\/08\/19\/como-saber-se-o-cafe-esta-afetando-seu-sono\/#breadcrumb","itemListElement":[{"@type":"ListItem","position":1,"name":"In\u00edcio","item":"https:\/\/www.em.com.br\/emfoco\/"},{"@type":"ListItem","position":2,"name":"Como saber se o caf\u00e9 est\u00e1 afetando seu sono"}]},{"@type":"WebSite","@id":"https:\/\/www.em.com.br\/emfoco\/#website","url":"https:\/\/www.em.com.br\/emfoco\/","name":"Estado de Minas - Em foco","description":"Acompanhe as \u00faltimas not\u00edcias e fique bem informado sobre tudo o que acontece em Minas Gerais, Brasil e no mundo.","potentialAction":[{"@type":"SearchAction","target":{"@type":"EntryPoint","urlTemplate":"https:\/\/www.em.com.br\/emfoco\/?s={search_term_string}"},"query-input":{"@type":"PropertyValueSpecification","valueRequired":true,"valueName":"search_term_string"}}],"inLanguage":"pt-BR"},{"@type":"Person","@id":"https:\/\/www.em.com.br\/emfoco\/#\/schema\/person\/bba594b7eebe9b9885fec3a5c7837089","name":"Douglas Myth","image":{"@type":"ImageObject","inLanguage":"pt-BR","@id":"https:\/\/www.em.com.br\/emfoco\/#\/schema\/person\/image\/","url":"https:\/\/secure.gravatar.com\/avatar\/1ac3cf50d0e68642c697dc0c960c802f?s=96&d=mm&r=g","contentUrl":"https:\/\/secure.gravatar.com\/avatar\/1ac3cf50d0e68642c697dc0c960c802f?s=96&d=mm&r=g","caption":"Douglas Myth"},"url":"https:\/\/www.em.com.br\/emfoco\/author\/douglasmyth\/"}]}},"_links":{"self":[{"href":"https:\/\/www.em.com.br\/emfoco\/wp-json\/wp\/v2\/posts\/93022","targetHints":{"allow":["GET"]}}],"collection":[{"href":"https:\/\/www.em.com.br\/emfoco\/wp-json\/wp\/v2\/posts"}],"about":[{"href":"https:\/\/www.em.com.br\/emfoco\/wp-json\/wp\/v2\/types\/post"}],"author":[{"embeddable":true,"href":"https:\/\/www.em.com.br\/emfoco\/wp-json\/wp\/v2\/users\/15"}],"replies":[{"embeddable":true,"href":"https:\/\/www.em.com.br\/emfoco\/wp-json\/wp\/v2\/comments?post=93022"}],"version-history":[{"count":2,"href":"https:\/\/www.em.com.br\/emfoco\/wp-json\/wp\/v2\/posts\/93022\/revisions"}],"predecessor-version":[{"id":93035,"href":"https:\/\/www.em.com.br\/emfoco\/wp-json\/wp\/v2\/posts\/93022\/revisions\/93035"}],"wp:featuredmedia":[{"embeddable":true,"href":"https:\/\/www.em.com.br\/emfoco\/wp-json\/wp\/v2\/media\/93027"}],"wp:attachment":[{"href":"https:\/\/www.em.com.br\/emfoco\/wp-json\/wp\/v2\/media?parent=93022"}],"wp:term":[{"taxonomy":"category","embeddable":true,"href":"https:\/\/www.em.com.br\/emfoco\/wp-json\/wp\/v2\/categories?post=93022"},{"taxonomy":"post_tag","embeddable":true,"href":"https:\/\/www.em.com.br\/emfoco\/wp-json\/wp\/v2\/tags?post=93022"}],"curies":[{"name":"wp","href":"https:\/\/api.w.org\/{rel}","templated":true}]}}