{"id":93007,"date":"2025-08-19T17:38:05","date_gmt":"2025-08-19T20:38:05","guid":{"rendered":"https:\/\/www.em.com.br\/emfoco\/?p=93007"},"modified":"2025-08-18T10:50:49","modified_gmt":"2025-08-18T13:50:49","slug":"o-momento-certo-para-salvar-backup-dos-seus-arquivos","status":"publish","type":"post","link":"https:\/\/www.em.com.br\/emfoco\/2025\/08\/19\/o-momento-certo-para-salvar-backup-dos-seus-arquivos\/","title":{"rendered":"O momento certo para salvar backup dos seus arquivos"},"content":{"rendered":"\n<p>Manter seus arquivos digitais seguros \u00e9 essencial, especialmente em tempos de crescente risco cibern\u00e9tico e amea\u00e7as como ataques de ransomware ou falhas f\u00edsicas inesperadas. A realiza\u00e7\u00e3o regular de <strong>backups<\/strong> se consolida como uma das pr\u00e1ticas mais eficazes para evitar perdas de dados significativos e garantir tranquilidade no uso do computador. Nesse contexto, compreender quais s\u00e3o os momentos cr\u00edticos e adotar as melhores pr\u00e1ticas para backups \u00e9 fundamental para proteger suas informa\u00e7\u00f5es pessoais e profissionais.<\/p>\n\n\n\n<p>A rotina de backup deve ser planejada levando em conta aspectos como frequ\u00eancia, eventos espec\u00edficos e a utiliza\u00e7\u00e3o de diferentes solu\u00e7\u00f5es de prote\u00e7\u00e3o. Al\u00e9m de evitar preju\u00edzos, o backup regular tamb\u00e9m facilita a recupera\u00e7\u00e3o de arquivos, caso haja necessidade, minimizando poss\u00edveis impactos no seu dia a dia e oferecendo mais seguran\u00e7a para seus dados mais valiosos.<\/p>\n\n\n\n<ul class=\"wp-block-list\">\n<li>A import\u00e2ncia de agendar backups regulares.<\/li>\n\n\n\n<li>Eventos espec\u00edficos que demandam aten\u00e7\u00e3o.<\/li>\n\n\n\n<li>Benef\u00edcios de utilizar m\u00faltiplas solu\u00e7\u00f5es de backup.<\/li>\n<\/ul>\n\n\n\n<h2 class=\"wp-block-heading\">Qual \u00e9 a Frequ\u00eancia Ideal para Fazer Backups?<\/h2>\n\n\n\n<p>Executar <strong>backups<\/strong> peri\u00f3dicos assegura que suas informa\u00e7\u00f5es estejam sempre atualizadas, reduzindo o risco de perda causada por falhas t\u00e9cnicas, exclus\u00f5es acidentais ou cyberataques. Recomenda-se agendar backups pelo menos de forma semanal, estrat\u00e9gia que serve como base s\u00f3lida para garantir a integridade dos dados, desde documentos pessoais at\u00e9 arquivos profissionais.<\/p>\n\n\n\n<p>Para dados sens\u00edveis ou de uso constante, a melhor pr\u00e1tica \u00e9 optar por backups di\u00e1rios, especialmente em ambientes corporativos ou para usu\u00e1rios que trabalham com informa\u00e7\u00f5es que mudam a todo instante. Esse h\u00e1bito protege atualiza\u00e7\u00f5es recentes e evita grandes preju\u00edzos em caso de imprevistos, mantendo as c\u00f3pias sempre pr\u00f3ximas da vers\u00e3o original dos arquivos.<\/p>\n\n\n<div class=\"wp-block-image\">\n<figure class=\"aligncenter size-large\"><img loading=\"lazy\" decoding=\"async\" width=\"1024\" height=\"576\" src=\"https:\/\/www.em.com.br\/emfoco\/wp-content\/uploads\/2025\/08\/Backup-de-arquivos-1024x576.jpg\" alt=\"Backup de arquivos\" class=\"wp-image-93013\" srcset=\"https:\/\/www.em.com.br\/emfoco\/wp-content\/uploads\/2025\/08\/Backup-de-arquivos-1024x576.jpg 1024w, https:\/\/www.em.com.br\/emfoco\/wp-content\/uploads\/2025\/08\/Backup-de-arquivos-300x169.jpg 300w, https:\/\/www.em.com.br\/emfoco\/wp-content\/uploads\/2025\/08\/Backup-de-arquivos-768x432.jpg 768w, https:\/\/www.em.com.br\/emfoco\/wp-content\/uploads\/2025\/08\/Backup-de-arquivos-750x422.jpg 750w, https:\/\/www.em.com.br\/emfoco\/wp-content\/uploads\/2025\/08\/Backup-de-arquivos-1140x641.jpg 1140w, https:\/\/www.em.com.br\/emfoco\/wp-content\/uploads\/2025\/08\/Backup-de-arquivos.jpg 1280w\" sizes=\"auto, (max-width: 1024px) 100vw, 1024px\" \/><figcaption class=\"wp-element-caption\">Backup de arquivos &#8211; Cr\u00e9ditos: depositphotos.com \/ gunnar3000 &#8211; Cr\u00e9ditos: depositphotos.com \/ piotrsaw13<\/figcaption><\/figure><\/div>\n\n\n<h2 class=\"wp-block-heading\">Quais Ocasi\u00f5es Demandam um Backup Imediato?<\/h2>\n\n\n\n<p>Realizar um <strong>backup<\/strong> completo \u00e9 recomend\u00e1vel antes de qualquer grande altera\u00e7\u00e3o em seu sistema, como a instala\u00e7\u00e3o de atualiza\u00e7\u00f5es cr\u00edticas, mudan\u00e7as no hardware, ou at\u00e9 mesmo ao iniciar um novo projeto importante. Essas a\u00e7\u00f5es preventivas garantem mais agilidade e seguran\u00e7a caso algo saia do planejado, sendo poss\u00edvel restaurar facilmente arquivos e configura\u00e7\u00f5es.<\/p>\n\n\n\n<p>Tamb\u00e9m \u00e9 importante criar c\u00f3pias extras de seguran\u00e7a em ocasi\u00f5es como viagens longas, transfer\u00eancia de m\u00e1quina ou quando seu dispositivo apresentarem sinais de instabilidade. Esses cuidados adicionais reduzem os riscos de perda de dados frente a situa\u00e7\u00f5es inesperadas e proporcionam maior tranquilidade ao usu\u00e1rio.<\/p>\n\n\n\n<h2 class=\"wp-block-heading\">Por que Usar M\u00faltiplas Solu\u00e7\u00f5es de Backup?<\/h2>\n\n\n\n<p>Utilizar diferentes <strong>solu\u00e7\u00f5es de backup<\/strong> agrega camadas extras de prote\u00e7\u00e3o, pois cada uma delas pode cobrir vulnerabilidades espec\u00edficas, evitando perdas em casos de eventos isolados como falhas de hardware, ataques virtuais ou at\u00e9 mesmo desastres naturais. Combinar op\u00e7\u00f5es locais, como HDs externos, com alternativas em nuvem \u00e9 uma forma eficiente de aumentar a seguran\u00e7a das informa\u00e7\u00f5es.<\/p>\n\n\n\n<p>A diversifica\u00e7\u00e3o das estrat\u00e9gias reduz significativamente os riscos e garante maior flexibilidade na recupera\u00e7\u00e3o dos dados, tornando poss\u00edvel restaurar arquivos rapidamente, independentemente das circunst\u00e2ncias. Essa abordagem \u00e9 recomendada tanto para usu\u00e1rios dom\u00e9sticos quanto para empresas, j\u00e1 que amplia a resili\u00eancia dos dados frente a m\u00faltiplas amea\u00e7as e cen\u00e1rios adversos.<\/p>\n\n\n\n<p>Leia tamb\u00e9m: <a href=\"https:\/\/www.em.com.br\/emfoco\/2025\/08\/17\/os-melhores-resorts-de-minas-para-curtir-com-toda-a-familia\/\" target=\"_blank\" rel=\"noreferrer noopener\">Os melhores resorts de Minas para curtir com toda a fam\u00edlia<\/a><\/p>\n\n\n\n<h2 class=\"wp-block-heading\">Principais Passos para um Backup Eficiente<\/h2>\n\n\n\n<ul class=\"wp-block-list\">\n<li>Configure backups autom\u00e1ticos para maior conveni\u00eancia e regularidade.<\/li>\n\n\n\n<li>Teste regularmente a restaura\u00e7\u00e3o de arquivos para garantir a integridade dos dados.<\/li>\n\n\n\n<li>Monitore o espa\u00e7o de armazenamento dispon\u00edvel para evitar interrup\u00e7\u00f5es nos backups.<\/li>\n<\/ul>\n\n\n\n<p>Manter um backup eficiente envolve, al\u00e9m da automa\u00e7\u00e3o, processos de verifica\u00e7\u00e3o peri\u00f3dica para assegurar que os arquivos est\u00e3o corrompidos e podem ser realmente restaurados quando necess\u00e1rio. Documente o procedimento de backup e certifique-se de que qualquer pessoa envolvida saiba como proceder em caso de erro ou emerg\u00eancia.<\/p>\n\n\n\n<p>Ademais, esteja sempre atento ao espa\u00e7o dispon\u00edvel em seus dispositivos de armazenamento e atualize as solu\u00e7\u00f5es conforme suas necessidades crescem. Pr\u00e1ticas como <a href=\"https:\/\/www.ciasc.sc.gov.br\/entenda-a-importancia-do-backup-e-evite-a-frustracao-da-perda-de-dados\/\" target=\"_blank\" rel=\"noreferrer noopener\">definir <\/a>senhas fortes para proteger o acesso \u00e0s c\u00f3pias e manter o software de backup atualizado tamb\u00e9m contribuem para uma estrat\u00e9gia ainda mais segura e eficiente.<\/p>\n\n\n\n<h2 class=\"wp-block-heading\">Proteja Seus Arquivos com Efici\u00eancia<\/h2>\n\n\n\n<p>Implementar uma estrat\u00e9gia robusta de backup \u00e9 um investimento essencial para <strong>proteger seus arquivos<\/strong> contra amea\u00e7as digitais e acidentes do cotidiano, garantindo que seu patrim\u00f4nio digital fique sempre acess\u00edvel. As dicas e pr\u00e1ticas abordadas neste artigo proporcionam uma base confi\u00e1vel para minimizar riscos e evitar perdas irrevers\u00edveis.<\/p>\n\n\n\n<p>Considere consultar um especialista em TI para receber orienta\u00e7\u00f5es personalizadas e aprimorar ainda mais suas rotinas de backup. Uma abordagem preventiva e disciplinada far\u00e1 toda a diferen\u00e7a para preservar mem\u00f3rias, informa\u00e7\u00f5es valiosas e documentos fundamentais, formando h\u00e1bitos seguros e consistentes ao longo do tempo.<\/p>\n","protected":false},"excerpt":{"rendered":"<p>Manter seus arquivos digitais seguros \u00e9 essencial, especialmente em tempos de crescente risco cibern\u00e9tico e amea\u00e7as como ataques de ransomware ou falhas f\u00edsicas inesperadas. A realiza\u00e7\u00e3o regular de backups se consolida como uma das pr\u00e1ticas mais eficazes para evitar perdas de dados significativos e garantir tranquilidade no uso do computador. Nesse contexto, compreender quais s\u00e3o [&hellip;]<\/p>\n","protected":false},"author":15,"featured_media":93011,"comment_status":"open","ping_status":"open","sticky":false,"template":"","format":"standard","meta":{"jnews-multi-image_gallery":[],"jnews_single_post":{"format":"standard"},"jnews_primary_category":[],"jnews_social_meta":[],"jnews_override_counter":[],"footnotes":""},"categories":[8819],"tags":[4818,14389,4313,628,182],"class_list":["post-93007","post","type-post","status-publish","format-standard","has-post-thumbnail","hentry","category-curiosidades","tag-armazenamento","tag-backup","tag-computador","tag-dados","tag-seguranca"],"yoast_head":"<!-- This site is optimized with the Yoast SEO plugin v23.8 - https:\/\/yoast.com\/wordpress\/plugins\/seo\/ -->\n<title>O momento certo para salvar backup dos seus arquivos - Estado de Minas - Em foco<\/title>\n<meta name=\"description\" content=\"O backup protege seus arquivos contra perdas. Veja quando \u00e9 o momento certo de salvar seus dados importantes com seguran\u00e7a.\" \/>\n<meta name=\"robots\" content=\"index, follow, max-snippet:-1, max-image-preview:large, max-video-preview:-1\" \/>\n<link rel=\"canonical\" href=\"https:\/\/www.em.com.br\/emfoco\/2025\/08\/19\/o-momento-certo-para-salvar-backup-dos-seus-arquivos\/\" \/>\n<meta property=\"og:locale\" content=\"pt_BR\" \/>\n<meta property=\"og:type\" content=\"article\" \/>\n<meta property=\"og:title\" content=\"O momento certo para salvar backup dos seus arquivos - Estado de Minas - Em foco\" \/>\n<meta property=\"og:description\" content=\"O backup protege seus arquivos contra perdas. Veja quando \u00e9 o momento certo de salvar seus dados importantes com seguran\u00e7a.\" \/>\n<meta property=\"og:url\" content=\"https:\/\/www.em.com.br\/emfoco\/2025\/08\/19\/o-momento-certo-para-salvar-backup-dos-seus-arquivos\/\" \/>\n<meta property=\"og:site_name\" content=\"Estado de Minas - Em foco\" \/>\n<meta property=\"article:published_time\" content=\"2025-08-19T20:38:05+00:00\" \/>\n<meta property=\"article:modified_time\" content=\"2025-08-18T13:50:49+00:00\" \/>\n<meta property=\"og:image\" content=\"https:\/\/www.em.com.br\/emfoco\/wp-content\/uploads\/2025\/08\/backup-dos-arquivos_1755524817196.jpg\" \/>\n\t<meta property=\"og:image:width\" content=\"1280\" \/>\n\t<meta property=\"og:image:height\" content=\"720\" \/>\n\t<meta property=\"og:image:type\" content=\"image\/jpeg\" \/>\n<meta name=\"author\" content=\"Douglas Myth\" \/>\n<meta name=\"twitter:card\" content=\"summary_large_image\" \/>\n<meta name=\"twitter:label1\" content=\"Escrito por\" \/>\n\t<meta name=\"twitter:data1\" content=\"Douglas Myth\" \/>\n\t<meta name=\"twitter:label2\" content=\"Est. tempo de leitura\" \/>\n\t<meta name=\"twitter:data2\" content=\"5 minutos\" \/>\n<!-- \/ Yoast SEO plugin. -->","yoast_head_json":{"title":"O momento certo para salvar backup dos seus arquivos - Estado de Minas - Em foco","description":"O backup protege seus arquivos contra perdas. Veja quando \u00e9 o momento certo de salvar seus dados importantes com seguran\u00e7a.","robots":{"index":"index","follow":"follow","max-snippet":"max-snippet:-1","max-image-preview":"max-image-preview:large","max-video-preview":"max-video-preview:-1"},"canonical":"https:\/\/www.em.com.br\/emfoco\/2025\/08\/19\/o-momento-certo-para-salvar-backup-dos-seus-arquivos\/","og_locale":"pt_BR","og_type":"article","og_title":"O momento certo para salvar backup dos seus arquivos - Estado de Minas - Em foco","og_description":"O backup protege seus arquivos contra perdas. Veja quando \u00e9 o momento certo de salvar seus dados importantes com seguran\u00e7a.","og_url":"https:\/\/www.em.com.br\/emfoco\/2025\/08\/19\/o-momento-certo-para-salvar-backup-dos-seus-arquivos\/","og_site_name":"Estado de Minas - Em foco","article_published_time":"2025-08-19T20:38:05+00:00","article_modified_time":"2025-08-18T13:50:49+00:00","og_image":[{"width":1280,"height":720,"url":"https:\/\/www.em.com.br\/emfoco\/wp-content\/uploads\/2025\/08\/backup-dos-arquivos_1755524817196.jpg","type":"image\/jpeg"}],"author":"Douglas Myth","twitter_card":"summary_large_image","twitter_misc":{"Escrito por":"Douglas Myth","Est. tempo de leitura":"5 minutos"},"schema":{"@context":"https:\/\/schema.org","@graph":[{"@type":"WebPage","@id":"https:\/\/www.em.com.br\/emfoco\/2025\/08\/19\/o-momento-certo-para-salvar-backup-dos-seus-arquivos\/","url":"https:\/\/www.em.com.br\/emfoco\/2025\/08\/19\/o-momento-certo-para-salvar-backup-dos-seus-arquivos\/","name":"O momento certo para salvar backup dos seus arquivos - Estado de Minas - Em foco","isPartOf":{"@id":"https:\/\/www.em.com.br\/emfoco\/#website"},"primaryImageOfPage":{"@id":"https:\/\/www.em.com.br\/emfoco\/2025\/08\/19\/o-momento-certo-para-salvar-backup-dos-seus-arquivos\/#primaryimage"},"image":{"@id":"https:\/\/www.em.com.br\/emfoco\/2025\/08\/19\/o-momento-certo-para-salvar-backup-dos-seus-arquivos\/#primaryimage"},"thumbnailUrl":"https:\/\/www.em.com.br\/emfoco\/wp-content\/uploads\/2025\/08\/backup-dos-arquivos_1755524817196.jpg","datePublished":"2025-08-19T20:38:05+00:00","dateModified":"2025-08-18T13:50:49+00:00","author":{"@id":"https:\/\/www.em.com.br\/emfoco\/#\/schema\/person\/bba594b7eebe9b9885fec3a5c7837089"},"description":"O backup protege seus arquivos contra perdas. Veja quando \u00e9 o momento certo de salvar seus dados importantes com seguran\u00e7a.","breadcrumb":{"@id":"https:\/\/www.em.com.br\/emfoco\/2025\/08\/19\/o-momento-certo-para-salvar-backup-dos-seus-arquivos\/#breadcrumb"},"inLanguage":"pt-BR","potentialAction":[{"@type":"ReadAction","target":["https:\/\/www.em.com.br\/emfoco\/2025\/08\/19\/o-momento-certo-para-salvar-backup-dos-seus-arquivos\/"]}]},{"@type":"ImageObject","inLanguage":"pt-BR","@id":"https:\/\/www.em.com.br\/emfoco\/2025\/08\/19\/o-momento-certo-para-salvar-backup-dos-seus-arquivos\/#primaryimage","url":"https:\/\/www.em.com.br\/emfoco\/wp-content\/uploads\/2025\/08\/backup-dos-arquivos_1755524817196.jpg","contentUrl":"https:\/\/www.em.com.br\/emfoco\/wp-content\/uploads\/2025\/08\/backup-dos-arquivos_1755524817196.jpg","width":1280,"height":720,"caption":"Backup de arquivos - Cr\u00e9ditos: depositphotos.com \/ REDPIXEL"},{"@type":"BreadcrumbList","@id":"https:\/\/www.em.com.br\/emfoco\/2025\/08\/19\/o-momento-certo-para-salvar-backup-dos-seus-arquivos\/#breadcrumb","itemListElement":[{"@type":"ListItem","position":1,"name":"In\u00edcio","item":"https:\/\/www.em.com.br\/emfoco\/"},{"@type":"ListItem","position":2,"name":"O momento certo para salvar backup dos seus arquivos"}]},{"@type":"WebSite","@id":"https:\/\/www.em.com.br\/emfoco\/#website","url":"https:\/\/www.em.com.br\/emfoco\/","name":"Estado de Minas - Em foco","description":"Acompanhe as \u00faltimas not\u00edcias e fique bem informado sobre tudo o que acontece em Minas Gerais, Brasil e no mundo.","potentialAction":[{"@type":"SearchAction","target":{"@type":"EntryPoint","urlTemplate":"https:\/\/www.em.com.br\/emfoco\/?s={search_term_string}"},"query-input":{"@type":"PropertyValueSpecification","valueRequired":true,"valueName":"search_term_string"}}],"inLanguage":"pt-BR"},{"@type":"Person","@id":"https:\/\/www.em.com.br\/emfoco\/#\/schema\/person\/bba594b7eebe9b9885fec3a5c7837089","name":"Douglas Myth","image":{"@type":"ImageObject","inLanguage":"pt-BR","@id":"https:\/\/www.em.com.br\/emfoco\/#\/schema\/person\/image\/","url":"https:\/\/secure.gravatar.com\/avatar\/1ac3cf50d0e68642c697dc0c960c802f?s=96&d=mm&r=g","contentUrl":"https:\/\/secure.gravatar.com\/avatar\/1ac3cf50d0e68642c697dc0c960c802f?s=96&d=mm&r=g","caption":"Douglas Myth"},"url":"https:\/\/www.em.com.br\/emfoco\/author\/douglasmyth\/"}]}},"_links":{"self":[{"href":"https:\/\/www.em.com.br\/emfoco\/wp-json\/wp\/v2\/posts\/93007","targetHints":{"allow":["GET"]}}],"collection":[{"href":"https:\/\/www.em.com.br\/emfoco\/wp-json\/wp\/v2\/posts"}],"about":[{"href":"https:\/\/www.em.com.br\/emfoco\/wp-json\/wp\/v2\/types\/post"}],"author":[{"embeddable":true,"href":"https:\/\/www.em.com.br\/emfoco\/wp-json\/wp\/v2\/users\/15"}],"replies":[{"embeddable":true,"href":"https:\/\/www.em.com.br\/emfoco\/wp-json\/wp\/v2\/comments?post=93007"}],"version-history":[{"count":2,"href":"https:\/\/www.em.com.br\/emfoco\/wp-json\/wp\/v2\/posts\/93007\/revisions"}],"predecessor-version":[{"id":93015,"href":"https:\/\/www.em.com.br\/emfoco\/wp-json\/wp\/v2\/posts\/93007\/revisions\/93015"}],"wp:featuredmedia":[{"embeddable":true,"href":"https:\/\/www.em.com.br\/emfoco\/wp-json\/wp\/v2\/media\/93011"}],"wp:attachment":[{"href":"https:\/\/www.em.com.br\/emfoco\/wp-json\/wp\/v2\/media?parent=93007"}],"wp:term":[{"taxonomy":"category","embeddable":true,"href":"https:\/\/www.em.com.br\/emfoco\/wp-json\/wp\/v2\/categories?post=93007"},{"taxonomy":"post_tag","embeddable":true,"href":"https:\/\/www.em.com.br\/emfoco\/wp-json\/wp\/v2\/tags?post=93007"}],"curies":[{"name":"wp","href":"https:\/\/api.w.org\/{rel}","templated":true}]}}