{"id":9300,"date":"2025-01-13T14:20:00","date_gmt":"2025-01-13T17:20:00","guid":{"rendered":"https:\/\/www.em.com.br\/emfoco\/?p=9300"},"modified":"2025-01-08T13:39:35","modified_gmt":"2025-01-08T16:39:35","slug":"um-exemplo-de-desenvolvimento-e-qualidade-de-vida-no-interior-paulista","status":"publish","type":"post","link":"https:\/\/www.em.com.br\/emfoco\/2025\/01\/13\/um-exemplo-de-desenvolvimento-e-qualidade-de-vida-no-interior-paulista\/","title":{"rendered":"Um exemplo de desenvolvimento e qualidade de vida no interior paulista."},"content":{"rendered":"\n<p>Gavi\u00e3o Peixoto, uma cidade localizada no interior de <strong><a href=\"https:\/\/www.em.com.br\/emfoco\/2024\/12\/03\/rio-de-janeiro-x-sao-paulo-a-batalha-dos-destinos-turisticos\/\" target=\"_blank\" rel=\"noreferrer noopener\">S\u00e3o Paulo<\/a><\/strong>, tem se destacado por seu desenvolvimento bem-sucedido desde que se tornou independente de Araraquara em 1995. A cidade tornou-se um exemplo de planejamento urbano eficaz, refletindo avan\u00e7os significativos em infraestrutura e na qualidade de vida de seus habitantes.<\/p>\n\n\n\n<p>Al\u00e9m de investir em melhorias f\u00edsicas, a cidade tem promovido suas tradi\u00e7\u00f5es culturais. Este foco cultural n\u00e3o apenas enriquece a vida dos moradores, mas tamb\u00e9m atrai turistas, fortalecendo o sentimento de comunidade e a economia local.<\/p>\n\n\n\n<h2 class=\"wp-block-heading\">Como o \u00cdndice de Progresso Social Avalia o Desenvolvimento de Munic\u00edpios?<\/h2>\n\n\n\n<p>O <strong><a href=\"https:\/\/ipsbrasil.org.br\/\" target=\"_blank\" rel=\"noreferrer noopener\">\u00cdndice de Progresso Social<\/a><\/strong> (IPS) \u00e9 uma ferramenta que mede o desenvolvimento humano por meio de dimens\u00f5es como necessidades b\u00e1sicas, bem-estar e oportunidades. Este \u00edndice \u00e9 essencial para monitorar como uma cidade, como Gavi\u00e3o Peixoto, garante qualidade de vida a seus cidad\u00e3os.<\/p>\n\n\n\n<p>Na cidade, melhorias em saneamento e sa\u00fade s\u00e3o refletidas em uma alta posi\u00e7\u00e3o no IPS, demonstrando que o bem-estar dos residentes est\u00e1 no centro das pol\u00edticas p\u00fablicas locais, resultando em uma popula\u00e7\u00e3o satisfeita e com expectativa de vida elevada.<\/p>\n\n\n\n<figure class=\"wp-block-image size-large\"><img loading=\"lazy\" decoding=\"async\" width=\"1024\" height=\"576\" src=\"https:\/\/www.em.com.br\/emfoco\/wp-content\/uploads\/2024\/12\/familia_1733399588596-1024x576.jpg\" alt=\"Qual a Melhor Capital Brasileira para Morar? Descubra Aqui!\" class=\"wp-image-3436\" srcset=\"https:\/\/www.em.com.br\/emfoco\/wp-content\/uploads\/2024\/12\/familia_1733399588596-1024x576.jpg 1024w, https:\/\/www.em.com.br\/emfoco\/wp-content\/uploads\/2024\/12\/familia_1733399588596-300x169.jpg 300w, https:\/\/www.em.com.br\/emfoco\/wp-content\/uploads\/2024\/12\/familia_1733399588596-768x432.jpg 768w, https:\/\/www.em.com.br\/emfoco\/wp-content\/uploads\/2024\/12\/familia_1733399588596-750x422.jpg 750w, https:\/\/www.em.com.br\/emfoco\/wp-content\/uploads\/2024\/12\/familia_1733399588596-1140x641.jpg 1140w, https:\/\/www.em.com.br\/emfoco\/wp-content\/uploads\/2024\/12\/familia_1733399588596.jpg 1280w\" sizes=\"auto, (max-width: 1024px) 100vw, 1024px\" \/><figcaption class=\"wp-element-caption\">Imagem Ilustrativa de Fam\u00edlia &#8211; Cr\u00e9ditos: depositphotos.com \/ alebloshka<\/figcaption><\/figure>\n\n\n\n<h2 class=\"wp-block-heading\">Que Papel a Embraer Desempenha na Economia de Gavi\u00e3o Peixoto?<\/h2>\n\n\n\n<p>Em 2001, a chegada da Embraer proporcionou um impulsionamento significativo na economia de Gavi\u00e3o Peixoto. Ela n\u00e3o apenas criou empregos, mas tamb\u00e9m trouxe profissionais qualificados para a regi\u00e3o, elevando o n\u00edvel de renda e promovendo estabilidade econ\u00f4mica.<\/p>\n\n\n\n<p>A Embraer gerou um ambiente onde neg\u00f3cios complementares florescem, transformando a cidade em um ponto de refer\u00eancia econ\u00f4mica na \u00e1rea, refor\u00e7ando ainda mais o dinamismo e a inova\u00e7\u00e3o local.<\/p>\n\n\n\n<h2 class=\"wp-block-heading\">Quais S\u00e3o as Raz\u00f5es para Escolher Gavi\u00e3o Peixoto Como Local de Resid\u00eancia?<\/h2>\n\n\n\n<p>Com sua combina\u00e7\u00e3o \u00fanica de tranquilidade e oportunidades de trabalho, Gavi\u00e3o Peixoto \u00e9 uma escolha atraente para fam\u00edlias que buscam uma vida em equil\u00edbrio. A cidade oferece um sistema educacional robusto e \u00e9 planejada para proporcionar seguran\u00e7a e qualidade de vida.<\/p>\n\n\n\n<p>Os habitantes se beneficiam de um ambiente acolhedor que apoia o desenvolvimento pessoal e comunit\u00e1rio, tornando-se um local ideal para criar ra\u00edzes e prosperar.<\/p>\n\n\n\n<h2 class=\"wp-block-heading\">Como Gavi\u00e3o Peixoto Pode Explorar Melhor Seu Potencial Tur\u00edstico?<\/h2>\n\n\n\n<p>O potencial tur\u00edstico de Gavi\u00e3o Peixoto \u00e9 promissor, especialmente com sua riqueza hist\u00f3rica e cultural ainda pouco divulgada. Aproveitar esse patrim\u00f4nio pode ser a chave para fortalecer a economia local atrav\u00e9s do turismo.<\/p>\n\n\n\n<ul class=\"wp-block-list\">\n<li>Desenvolvimento de circuitos tur\u00edsticos voltados para a hist\u00f3ria ferrovi\u00e1ria.<\/li>\n\n\n\n<li>Organiza\u00e7\u00e3o de festivais culturais para destacar as tradi\u00e7\u00f5es locais.<\/li>\n\n\n\n<li>Revitaliza\u00e7\u00e3o de \u00e1reas p\u00fablicas para lazer e eventos comunit\u00e1rios.<\/li>\n<\/ul>\n\n\n\n<p>Foco no turismo e na cultura pode n\u00e3o apenas diversificar a economia, mas tamb\u00e9m enriquecer a identidade e atra\u00e7\u00e3o de Gavi\u00e3o Peixoto, fornecendo novas oportunidades econ\u00f4micas e sociais para seus moradores.<\/p>\n","protected":false},"excerpt":{"rendered":"<p>Gavi\u00e3o Peixoto, uma cidade localizada no interior de S\u00e3o Paulo, tem se destacado por seu desenvolvimento bem-sucedido desde que se tornou independente de Araraquara em 1995. A cidade tornou-se um exemplo de planejamento urbano eficaz, refletindo avan\u00e7os significativos em infraestrutura e na qualidade de vida de seus habitantes. Al\u00e9m de investir em melhorias f\u00edsicas, a [&hellip;]<\/p>\n","protected":false},"author":5,"featured_media":5457,"comment_status":"open","ping_status":"open","sticky":false,"template":"","format":"standard","meta":{"jnews-multi-image_gallery":[],"jnews_single_post":{"format":"standard"},"jnews_primary_category":[],"jnews_social_meta":[],"jnews_override_counter":[],"footnotes":""},"categories":[26,1],"tags":[552,327,553],"class_list":["post-9300","post","type-post","status-publish","format-standard","has-post-thumbnail","hentry","category-cidades","category-noticias","tag-gaviao-peixoto","tag-qualidade-de-vida","tag-sao-paulo"],"yoast_head":"<!-- This site is optimized with the Yoast SEO plugin v23.8 - https:\/\/yoast.com\/wordpress\/plugins\/seo\/ -->\n<title>Um exemplo de desenvolvimento e qualidade de vida no interior paulista. - Estado de Minas - Em foco<\/title>\n<meta name=\"description\" content=\"Com infraestrutura avan\u00e7ada e tradi\u00e7\u00e3o cultural, Gavi\u00e3o Peixoto atrai moradores e turistas, consolidando-se como refer\u00eancia em SP.\" \/>\n<meta name=\"robots\" content=\"index, follow, max-snippet:-1, max-image-preview:large, max-video-preview:-1\" \/>\n<link rel=\"canonical\" href=\"https:\/\/www.em.com.br\/emfoco\/2025\/01\/13\/um-exemplo-de-desenvolvimento-e-qualidade-de-vida-no-interior-paulista\/\" \/>\n<meta property=\"og:locale\" content=\"pt_BR\" \/>\n<meta property=\"og:type\" content=\"article\" \/>\n<meta property=\"og:title\" content=\"Um exemplo de desenvolvimento e qualidade de vida no interior paulista. - Estado de Minas - Em foco\" \/>\n<meta property=\"og:description\" content=\"Com infraestrutura avan\u00e7ada e tradi\u00e7\u00e3o cultural, Gavi\u00e3o Peixoto atrai moradores e turistas, consolidando-se como refer\u00eancia em SP.\" \/>\n<meta property=\"og:url\" content=\"https:\/\/www.em.com.br\/emfoco\/2025\/01\/13\/um-exemplo-de-desenvolvimento-e-qualidade-de-vida-no-interior-paulista\/\" \/>\n<meta property=\"og:site_name\" content=\"Estado de Minas - Em foco\" \/>\n<meta property=\"article:published_time\" content=\"2025-01-13T17:20:00+00:00\" \/>\n<meta property=\"article:modified_time\" content=\"2025-01-08T16:39:35+00:00\" \/>\n<meta property=\"og:image\" content=\"https:\/\/www.em.com.br\/emfoco\/wp-content\/uploads\/2024\/12\/image-71-e1734461525309.png\" \/>\n\t<meta property=\"og:image:width\" content=\"959\" \/>\n\t<meta property=\"og:image:height\" content=\"540\" \/>\n\t<meta property=\"og:image:type\" content=\"image\/png\" \/>\n<meta name=\"author\" content=\"N\u00fabia Rangel\" \/>\n<meta name=\"twitter:card\" content=\"summary_large_image\" \/>\n<meta name=\"twitter:label1\" content=\"Escrito por\" \/>\n\t<meta name=\"twitter:data1\" content=\"N\u00fabia Rangel\" \/>\n\t<meta name=\"twitter:label2\" content=\"Est. tempo de leitura\" \/>\n\t<meta name=\"twitter:data2\" content=\"3 minutos\" \/>\n<!-- \/ Yoast SEO plugin. -->","yoast_head_json":{"title":"Um exemplo de desenvolvimento e qualidade de vida no interior paulista. - Estado de Minas - Em foco","description":"Com infraestrutura avan\u00e7ada e tradi\u00e7\u00e3o cultural, Gavi\u00e3o Peixoto atrai moradores e turistas, consolidando-se como refer\u00eancia em SP.","robots":{"index":"index","follow":"follow","max-snippet":"max-snippet:-1","max-image-preview":"max-image-preview:large","max-video-preview":"max-video-preview:-1"},"canonical":"https:\/\/www.em.com.br\/emfoco\/2025\/01\/13\/um-exemplo-de-desenvolvimento-e-qualidade-de-vida-no-interior-paulista\/","og_locale":"pt_BR","og_type":"article","og_title":"Um exemplo de desenvolvimento e qualidade de vida no interior paulista. - Estado de Minas - Em foco","og_description":"Com infraestrutura avan\u00e7ada e tradi\u00e7\u00e3o cultural, Gavi\u00e3o Peixoto atrai moradores e turistas, consolidando-se como refer\u00eancia em SP.","og_url":"https:\/\/www.em.com.br\/emfoco\/2025\/01\/13\/um-exemplo-de-desenvolvimento-e-qualidade-de-vida-no-interior-paulista\/","og_site_name":"Estado de Minas - Em foco","article_published_time":"2025-01-13T17:20:00+00:00","article_modified_time":"2025-01-08T16:39:35+00:00","og_image":[{"width":959,"height":540,"url":"https:\/\/www.em.com.br\/emfoco\/wp-content\/uploads\/2024\/12\/image-71-e1734461525309.png","type":"image\/png"}],"author":"N\u00fabia Rangel","twitter_card":"summary_large_image","twitter_misc":{"Escrito por":"N\u00fabia Rangel","Est. tempo de leitura":"3 minutos"},"schema":{"@context":"https:\/\/schema.org","@graph":[{"@type":"WebPage","@id":"https:\/\/www.em.com.br\/emfoco\/2025\/01\/13\/um-exemplo-de-desenvolvimento-e-qualidade-de-vida-no-interior-paulista\/","url":"https:\/\/www.em.com.br\/emfoco\/2025\/01\/13\/um-exemplo-de-desenvolvimento-e-qualidade-de-vida-no-interior-paulista\/","name":"Um exemplo de desenvolvimento e qualidade de vida no interior paulista. - Estado de Minas - Em foco","isPartOf":{"@id":"https:\/\/www.em.com.br\/emfoco\/#website"},"primaryImageOfPage":{"@id":"https:\/\/www.em.com.br\/emfoco\/2025\/01\/13\/um-exemplo-de-desenvolvimento-e-qualidade-de-vida-no-interior-paulista\/#primaryimage"},"image":{"@id":"https:\/\/www.em.com.br\/emfoco\/2025\/01\/13\/um-exemplo-de-desenvolvimento-e-qualidade-de-vida-no-interior-paulista\/#primaryimage"},"thumbnailUrl":"https:\/\/www.em.com.br\/emfoco\/wp-content\/uploads\/2024\/12\/image-71-e1734461525309.png","datePublished":"2025-01-13T17:20:00+00:00","dateModified":"2025-01-08T16:39:35+00:00","author":{"@id":"https:\/\/www.em.com.br\/emfoco\/#\/schema\/person\/524437ef54f8a5d32591b143307f2e20"},"description":"Com infraestrutura avan\u00e7ada e tradi\u00e7\u00e3o cultural, Gavi\u00e3o Peixoto atrai moradores e turistas, consolidando-se como refer\u00eancia em SP.","breadcrumb":{"@id":"https:\/\/www.em.com.br\/emfoco\/2025\/01\/13\/um-exemplo-de-desenvolvimento-e-qualidade-de-vida-no-interior-paulista\/#breadcrumb"},"inLanguage":"pt-BR","potentialAction":[{"@type":"ReadAction","target":["https:\/\/www.em.com.br\/emfoco\/2025\/01\/13\/um-exemplo-de-desenvolvimento-e-qualidade-de-vida-no-interior-paulista\/"]}]},{"@type":"ImageObject","inLanguage":"pt-BR","@id":"https:\/\/www.em.com.br\/emfoco\/2025\/01\/13\/um-exemplo-de-desenvolvimento-e-qualidade-de-vida-no-interior-paulista\/#primaryimage","url":"https:\/\/www.em.com.br\/emfoco\/wp-content\/uploads\/2024\/12\/image-71-e1734461525309.png","contentUrl":"https:\/\/www.em.com.br\/emfoco\/wp-content\/uploads\/2024\/12\/image-71-e1734461525309.png","width":959,"height":540,"caption":"Gavi\u00e3o Peixoto - Cr\u00e9ditos: YT: Jr Longo"},{"@type":"BreadcrumbList","@id":"https:\/\/www.em.com.br\/emfoco\/2025\/01\/13\/um-exemplo-de-desenvolvimento-e-qualidade-de-vida-no-interior-paulista\/#breadcrumb","itemListElement":[{"@type":"ListItem","position":1,"name":"In\u00edcio","item":"https:\/\/www.em.com.br\/emfoco\/"},{"@type":"ListItem","position":2,"name":"Um exemplo de desenvolvimento e qualidade de vida no interior paulista."}]},{"@type":"WebSite","@id":"https:\/\/www.em.com.br\/emfoco\/#website","url":"https:\/\/www.em.com.br\/emfoco\/","name":"Estado de Minas - Em foco","description":"Acompanhe as \u00faltimas not\u00edcias e fique bem informado sobre tudo o que acontece em Minas Gerais, Brasil e no mundo.","potentialAction":[{"@type":"SearchAction","target":{"@type":"EntryPoint","urlTemplate":"https:\/\/www.em.com.br\/emfoco\/?s={search_term_string}"},"query-input":{"@type":"PropertyValueSpecification","valueRequired":true,"valueName":"search_term_string"}}],"inLanguage":"pt-BR"},{"@type":"Person","@id":"https:\/\/www.em.com.br\/emfoco\/#\/schema\/person\/524437ef54f8a5d32591b143307f2e20","name":"N\u00fabia Rangel","image":{"@type":"ImageObject","inLanguage":"pt-BR","@id":"https:\/\/www.em.com.br\/emfoco\/#\/schema\/person\/image\/","url":"https:\/\/secure.gravatar.com\/avatar\/47cff2827a5ba23c37e8068c86817ea4?s=96&d=mm&r=g","contentUrl":"https:\/\/secure.gravatar.com\/avatar\/47cff2827a5ba23c37e8068c86817ea4?s=96&d=mm&r=g","caption":"N\u00fabia Rangel"},"sameAs":["https:\/\/www.em.com.br\/emfoco\/"],"url":"https:\/\/www.em.com.br\/emfoco\/author\/nubiamyth\/"}]}},"_links":{"self":[{"href":"https:\/\/www.em.com.br\/emfoco\/wp-json\/wp\/v2\/posts\/9300","targetHints":{"allow":["GET"]}}],"collection":[{"href":"https:\/\/www.em.com.br\/emfoco\/wp-json\/wp\/v2\/posts"}],"about":[{"href":"https:\/\/www.em.com.br\/emfoco\/wp-json\/wp\/v2\/types\/post"}],"author":[{"embeddable":true,"href":"https:\/\/www.em.com.br\/emfoco\/wp-json\/wp\/v2\/users\/5"}],"replies":[{"embeddable":true,"href":"https:\/\/www.em.com.br\/emfoco\/wp-json\/wp\/v2\/comments?post=9300"}],"version-history":[{"count":2,"href":"https:\/\/www.em.com.br\/emfoco\/wp-json\/wp\/v2\/posts\/9300\/revisions"}],"predecessor-version":[{"id":9304,"href":"https:\/\/www.em.com.br\/emfoco\/wp-json\/wp\/v2\/posts\/9300\/revisions\/9304"}],"wp:featuredmedia":[{"embeddable":true,"href":"https:\/\/www.em.com.br\/emfoco\/wp-json\/wp\/v2\/media\/5457"}],"wp:attachment":[{"href":"https:\/\/www.em.com.br\/emfoco\/wp-json\/wp\/v2\/media?parent=9300"}],"wp:term":[{"taxonomy":"category","embeddable":true,"href":"https:\/\/www.em.com.br\/emfoco\/wp-json\/wp\/v2\/categories?post=9300"},{"taxonomy":"post_tag","embeddable":true,"href":"https:\/\/www.em.com.br\/emfoco\/wp-json\/wp\/v2\/tags?post=9300"}],"curies":[{"name":"wp","href":"https:\/\/api.w.org\/{rel}","templated":true}]}}