{"id":9287,"date":"2025-01-12T13:20:00","date_gmt":"2025-01-12T16:20:00","guid":{"rendered":"https:\/\/www.em.com.br\/emfoco\/?p=9287"},"modified":"2025-06-17T16:44:14","modified_gmt":"2025-06-17T19:44:14","slug":"carros-hibridos-leves-e-eletricos-compactos-sao-a-tendencia-para-2025","status":"publish","type":"post","link":"https:\/\/www.em.com.br\/emfoco\/2025\/01\/12\/carros-hibridos-leves-e-eletricos-compactos-sao-a-tendencia-para-2025\/","title":{"rendered":"Carros h\u00edbridos leves e el\u00e9tricos compactos s\u00e3o a tend\u00eancia para 2025"},"content":{"rendered":"\n<p>A tend\u00eancia dos <strong><a href=\"https:\/\/www.em.com.br\/emfoco\/2025\/05\/16\/novo-audi-a6-e-tron-chega-ao-brasil-para-revolucionar-o-mercado-de-sedans-eletricos\/\">h\u00edbr<\/a><a href=\"https:\/\/www.em.com.br\/emfoco\/2025\/05\/16\/novo-audi-a6-e-tron-chega-ao-brasil-para-revolucionar-o-mercado-de-sedans-eletricos\/\" target=\"_blank\" rel=\"noreferrer noopener\">i<\/a><a href=\"https:\/\/www.em.com.br\/emfoco\/2025\/05\/16\/novo-audi-a6-e-tron-chega-ao-brasil-para-revolucionar-o-mercado-de-sedans-eletricos\/\">dos <\/a>leves<\/strong> em 2025 revela mais sobre limita\u00e7\u00f5es atuais do que sobre inova\u00e7\u00e3o futura. Fabricantes encontram nessa tecnologia um meio-termo conveniente para atender regulamenta\u00e7\u00f5es ambientais sem investir em infraestrutura complexa. A estrat\u00e9gia funciona no curto prazo, mas levanta quest\u00f5es sobre direcionamento de longo prazo.<\/p>\n\n\n\n<p>A ado\u00e7\u00e3o massiva dessa tecnologia sugere que a ind\u00fastria ainda tateia em busca de solu\u00e7\u00f5es definitivas. Desde o primeiro <em>h\u00edbrido flex<\/em> da <a href=\"https:\/\/www.toyota.com.br\/\" target=\"_blank\" rel=\"noreferrer noopener\"><strong>Toyota<\/strong> <\/a>no <strong>Brasil<\/strong> em 2019, observamos mais adapta\u00e7\u00f5es que revolu\u00e7\u00f5es genu\u00ednas. O movimento atual pode representar pausa estrat\u00e9gica antes de transforma\u00e7\u00f5es mais profundas.<\/p>\n\n\n\n<h2 class=\"wp-block-heading\"><strong>Por que marcas premium apostam em h\u00edbridos leves agora?<\/strong><\/h2>\n\n\n\n<p>A <strong>Audi<\/strong> reformula sua linha com o A7 substituindo o A6, mantendo estrat\u00e9gia de numera\u00e7\u00e3o diferenciada para el\u00e9tricos e combust\u00e3o. A decis\u00e3o de oferecer carrocerias hatch e perua demonstra busca por diversifica\u00e7\u00e3o em mercado ainda indeciso sobre formatos preferenciais.<\/p>\n\n\n\n<p>A <strong>BMW<\/strong> traz o S\u00e9rie 2 Gran Coup\u00e9 remodelado com motor mais potente, sinalizando que performance continua relevante mesmo em era de eletrifica\u00e7\u00e3o. O meio ciclo de renova\u00e7\u00e3o permite \u00e0 marca testar receptividade antes de mudan\u00e7as mais significativas.<\/p>\n\n\n\n<p>Essas marcas equilibram tradi\u00e7\u00e3o e modernidade, evitando alienar clientes habituais enquanto atraem novos perfis interessados em efici\u00eancia.<\/p>\n\n\n\n<figure class=\"wp-block-image size-large\"><img loading=\"lazy\" decoding=\"async\" width=\"1024\" height=\"577\" src=\"https:\/\/www.em.com.br\/emfoco\/wp-content\/uploads\/2025\/01\/image-32-e1736352122891-1024x577.png\" alt=\"Carros h\u00edbridos leves e el\u00e9tricos compactos s\u00e3o a tend\u00eancia para 2025\" class=\"wp-image-9293\" srcset=\"https:\/\/www.em.com.br\/emfoco\/wp-content\/uploads\/2025\/01\/image-32-e1736352122891-1024x577.png 1024w, https:\/\/www.em.com.br\/emfoco\/wp-content\/uploads\/2025\/01\/image-32-e1736352122891-300x169.png 300w, https:\/\/www.em.com.br\/emfoco\/wp-content\/uploads\/2025\/01\/image-32-e1736352122891-768x433.png 768w, https:\/\/www.em.com.br\/emfoco\/wp-content\/uploads\/2025\/01\/image-32-e1736352122891-750x423.png 750w, https:\/\/www.em.com.br\/emfoco\/wp-content\/uploads\/2025\/01\/image-32-e1736352122891-1140x643.png 1140w, https:\/\/www.em.com.br\/emfoco\/wp-content\/uploads\/2025\/01\/image-32-e1736352122891.png 1320w\" sizes=\"auto, (max-width: 1024px) 100vw, 1024px\" \/><figcaption class=\"wp-element-caption\">BMW S\u00e9rie 2 Grand Coup\u00e9 2025 &#8211; Cr\u00e9ditos: Divulga\u00e7\u00e3o\/BMW<\/figcaption><\/figure>\n\n\n\n<h2 class=\"wp-block-heading\"><strong>Como montadoras populares encaram a transi\u00e7\u00e3o energ\u00e9tica?<\/strong><\/h2>\n\n\n\n<p>A <strong>Chevrolet<\/strong> renova Onix e Onix Plus com poss\u00edvel vers\u00e3o h\u00edbrida, movimento que pode democratizar a tecnologia no segmento popular. A inclus\u00e3o de melhorias tecnol\u00f3gicas em modelos de volume indica matura\u00e7\u00e3o das solu\u00e7\u00f5es h\u00edbridas.<\/p>\n\n\n\n<p>A <strong>Citro\u00ebn<\/strong> aposta no Ami, quadriciclo el\u00e9trico de nicho espec\u00edfico. Embora n\u00e3o seja carro pela legisla\u00e7\u00e3o brasileira, representa experimenta\u00e7\u00e3o interessante em mobilidade urbana alternativa.<\/p>\n\n\n\n<p>Essas iniciativas mostram que eletrifica\u00e7\u00e3o n\u00e3o \u00e9 exclusividade premium, mas ainda enfrenta desafios de precifica\u00e7\u00e3o e aceita\u00e7\u00e3o no mercado popular.<\/p>\n\n\n\n<h2 class=\"wp-block-heading\"><strong>A estrat\u00e9gia da Fiat e Ford reflete tend\u00eancias do setor?<\/strong><\/h2>\n\n\n\n<p>A <strong>Fiat<\/strong> equipa a nova Toro com motor 2.2 turbo diesel, possivelmente integrando sistema h\u00edbrido leve dos irm\u00e3os Pulse e Fastback. Essa padroniza\u00e7\u00e3o tecnol\u00f3gica otimiza custos de desenvolvimento e facilita manuten\u00e7\u00e3o.<\/p>\n\n\n\n<p>A <strong>Ford<\/strong> reestiliza o Territory com poss\u00edvel variante h\u00edbrida, embora incerta para o Brasil. A hesita\u00e7\u00e3o revela cautela sobre viabilidade comercial de tecnologias avan\u00e7adas no mercado nacional.<\/p>\n\n\n\n<p>Ambas as estrat\u00e9gias priorizam pragmatismo sobre pioneirismo, refletindo maturidade na an\u00e1lise de mercado.<\/p>\n\n\n\n<h2 class=\"wp-block-heading\"><strong>Honda e Hyundai lideram inova\u00e7\u00e3o respons\u00e1vel?<\/strong><\/h2>\n\n\n\n<p>A <strong>Honda<\/strong> investe robustamente no Brasil com nova gera\u00e7\u00e3o do WR-V equipado com motor 1.5 i-VTEC. O modelo representa confian\u00e7a da marca no potencial nacional e aposta em tecnologia comprovada.<\/p>\n\n\n\n<p>A <strong>Hyundai<\/strong> diversifica com Santa Fe e Kona h\u00edbridos a gasolina, oferecendo alternativas para diferentes perfis de consumidores. A estrat\u00e9gia abrangente pode acelerar a aceita\u00e7\u00e3o da eletrifica\u00e7\u00e3o.<\/p>\n\n\n\n<p>Essas marcas demonstram que inova\u00e7\u00e3o respons\u00e1vel pode ser mais efetiva que revolu\u00e7\u00f5es precipitadas.<\/p>\n\n\n\n<h2 class=\"wp-block-heading\"><strong>Os h\u00edbridos leves preparam terreno para o futuro?<\/strong><\/h2>\n\n\n\n<p>A populariza\u00e7\u00e3o dos h\u00edbridos leves em 2025 pode ser etapa necess\u00e1ria na educa\u00e7\u00e3o do mercado sobre eletrifica\u00e7\u00e3o. Consumidores familiarizam-se gradualmente com tecnologias que pareciam distantes, criando base para evolu\u00e7\u00f5es futuras.<\/p>\n\n\n\n<p>A infraestrutura de carregamento insuficiente justifica essa abordagem intermedi\u00e1ria. H\u00edbridos leves oferecem benef\u00edcios ambientais sem depend\u00eancia total de redes el\u00e9tricas ainda em desenvolvimento.<\/p>\n\n\n\n<p>O movimento atual estabelece funda\u00e7\u00f5es para transforma\u00e7\u00f5es mais ambiciosas quando tecnologia e infraestrutura estiverem alinhadas com demandas reais do mercado brasileiro.<\/p>\n","protected":false},"excerpt":{"rendered":"<p>A tend\u00eancia dos h\u00edbridos leves em 2025 revela mais sobre limita\u00e7\u00f5es atuais do que sobre inova\u00e7\u00e3o futura. Fabricantes encontram nessa tecnologia um meio-termo conveniente para atender regulamenta\u00e7\u00f5es ambientais sem investir em infraestrutura complexa. A estrat\u00e9gia funciona no curto prazo, mas levanta quest\u00f5es sobre direcionamento de longo prazo. A ado\u00e7\u00e3o massiva dessa tecnologia sugere que a [&hellip;]<\/p>\n","protected":false},"author":5,"featured_media":9292,"comment_status":"open","ping_status":"open","sticky":false,"template":"","format":"standard","meta":{"jnews-multi-image_gallery":[],"jnews_single_post":{"format":"standard"},"jnews_primary_category":[],"jnews_social_meta":[],"jnews_override_counter":[],"footnotes":""},"categories":[27,1],"tags":[3165,1116,1117,1118],"class_list":["post-9287","post","type-post","status-publish","format-standard","has-post-thumbnail","hentry","category-carros","category-noticias","tag-audi","tag-carros","tag-lancamentos","tag-suv"],"yoast_head":"<!-- This site is optimized with the Yoast SEO plugin v23.8 - https:\/\/yoast.com\/wordpress\/plugins\/seo\/ -->\n<title>Carros h\u00edbridos leves e el\u00e9tricos compactos s\u00e3o a tend\u00eancia para 2025 - Estado de Minas - Em foco<\/title>\n<meta name=\"description\" content=\"H\u00edbridos leves lideram em 2025! Descubra os lan\u00e7amentos da Audi, BMW, Chevrolet e Citro\u00ebn que prometem revolucionar o mercado.\" \/>\n<meta name=\"robots\" content=\"index, follow, max-snippet:-1, max-image-preview:large, max-video-preview:-1\" \/>\n<link rel=\"canonical\" href=\"https:\/\/www.em.com.br\/emfoco\/2025\/01\/12\/carros-hibridos-leves-e-eletricos-compactos-sao-a-tendencia-para-2025\/\" \/>\n<meta property=\"og:locale\" content=\"pt_BR\" \/>\n<meta property=\"og:type\" content=\"article\" \/>\n<meta property=\"og:title\" content=\"Carros h\u00edbridos leves e el\u00e9tricos compactos s\u00e3o a tend\u00eancia para 2025 - Estado de Minas - Em foco\" \/>\n<meta property=\"og:description\" content=\"H\u00edbridos leves lideram em 2025! Descubra os lan\u00e7amentos da Audi, BMW, Chevrolet e Citro\u00ebn que prometem revolucionar o mercado.\" \/>\n<meta property=\"og:url\" content=\"https:\/\/www.em.com.br\/emfoco\/2025\/01\/12\/carros-hibridos-leves-e-eletricos-compactos-sao-a-tendencia-para-2025\/\" \/>\n<meta property=\"og:site_name\" content=\"Estado de Minas - Em foco\" \/>\n<meta property=\"article:published_time\" content=\"2025-01-12T16:20:00+00:00\" \/>\n<meta property=\"article:modified_time\" content=\"2025-06-17T19:44:14+00:00\" \/>\n<meta property=\"og:image\" content=\"https:\/\/www.em.com.br\/emfoco\/wp-content\/uploads\/2025\/01\/Audi_1736351920165.jpg\" \/>\n\t<meta property=\"og:image:width\" content=\"1280\" \/>\n\t<meta property=\"og:image:height\" content=\"720\" \/>\n\t<meta property=\"og:image:type\" content=\"image\/jpeg\" \/>\n<meta name=\"author\" content=\"N\u00fabia Rangel\" \/>\n<meta name=\"twitter:card\" content=\"summary_large_image\" \/>\n<meta name=\"twitter:label1\" content=\"Escrito por\" \/>\n\t<meta name=\"twitter:data1\" content=\"N\u00fabia Rangel\" \/>\n\t<meta name=\"twitter:label2\" content=\"Est. tempo de leitura\" \/>\n\t<meta name=\"twitter:data2\" content=\"4 minutos\" \/>\n<!-- \/ Yoast SEO plugin. -->","yoast_head_json":{"title":"Carros h\u00edbridos leves e el\u00e9tricos compactos s\u00e3o a tend\u00eancia para 2025 - Estado de Minas - Em foco","description":"H\u00edbridos leves lideram em 2025! Descubra os lan\u00e7amentos da Audi, BMW, Chevrolet e Citro\u00ebn que prometem revolucionar o mercado.","robots":{"index":"index","follow":"follow","max-snippet":"max-snippet:-1","max-image-preview":"max-image-preview:large","max-video-preview":"max-video-preview:-1"},"canonical":"https:\/\/www.em.com.br\/emfoco\/2025\/01\/12\/carros-hibridos-leves-e-eletricos-compactos-sao-a-tendencia-para-2025\/","og_locale":"pt_BR","og_type":"article","og_title":"Carros h\u00edbridos leves e el\u00e9tricos compactos s\u00e3o a tend\u00eancia para 2025 - Estado de Minas - Em foco","og_description":"H\u00edbridos leves lideram em 2025! Descubra os lan\u00e7amentos da Audi, BMW, Chevrolet e Citro\u00ebn que prometem revolucionar o mercado.","og_url":"https:\/\/www.em.com.br\/emfoco\/2025\/01\/12\/carros-hibridos-leves-e-eletricos-compactos-sao-a-tendencia-para-2025\/","og_site_name":"Estado de Minas - Em foco","article_published_time":"2025-01-12T16:20:00+00:00","article_modified_time":"2025-06-17T19:44:14+00:00","og_image":[{"width":1280,"height":720,"url":"https:\/\/www.em.com.br\/emfoco\/wp-content\/uploads\/2025\/01\/Audi_1736351920165.jpg","type":"image\/jpeg"}],"author":"N\u00fabia Rangel","twitter_card":"summary_large_image","twitter_misc":{"Escrito por":"N\u00fabia Rangel","Est. tempo de leitura":"4 minutos"},"schema":{"@context":"https:\/\/schema.org","@graph":[{"@type":"WebPage","@id":"https:\/\/www.em.com.br\/emfoco\/2025\/01\/12\/carros-hibridos-leves-e-eletricos-compactos-sao-a-tendencia-para-2025\/","url":"https:\/\/www.em.com.br\/emfoco\/2025\/01\/12\/carros-hibridos-leves-e-eletricos-compactos-sao-a-tendencia-para-2025\/","name":"Carros h\u00edbridos leves e el\u00e9tricos compactos s\u00e3o a tend\u00eancia para 2025 - Estado de Minas - Em foco","isPartOf":{"@id":"https:\/\/www.em.com.br\/emfoco\/#website"},"primaryImageOfPage":{"@id":"https:\/\/www.em.com.br\/emfoco\/2025\/01\/12\/carros-hibridos-leves-e-eletricos-compactos-sao-a-tendencia-para-2025\/#primaryimage"},"image":{"@id":"https:\/\/www.em.com.br\/emfoco\/2025\/01\/12\/carros-hibridos-leves-e-eletricos-compactos-sao-a-tendencia-para-2025\/#primaryimage"},"thumbnailUrl":"https:\/\/www.em.com.br\/emfoco\/wp-content\/uploads\/2025\/01\/Audi_1736351920165.jpg","datePublished":"2025-01-12T16:20:00+00:00","dateModified":"2025-06-17T19:44:14+00:00","author":{"@id":"https:\/\/www.em.com.br\/emfoco\/#\/schema\/person\/524437ef54f8a5d32591b143307f2e20"},"description":"H\u00edbridos leves lideram em 2025! Descubra os lan\u00e7amentos da Audi, BMW, Chevrolet e Citro\u00ebn que prometem revolucionar o mercado.","breadcrumb":{"@id":"https:\/\/www.em.com.br\/emfoco\/2025\/01\/12\/carros-hibridos-leves-e-eletricos-compactos-sao-a-tendencia-para-2025\/#breadcrumb"},"inLanguage":"pt-BR","potentialAction":[{"@type":"ReadAction","target":["https:\/\/www.em.com.br\/emfoco\/2025\/01\/12\/carros-hibridos-leves-e-eletricos-compactos-sao-a-tendencia-para-2025\/"]}]},{"@type":"ImageObject","inLanguage":"pt-BR","@id":"https:\/\/www.em.com.br\/emfoco\/2025\/01\/12\/carros-hibridos-leves-e-eletricos-compactos-sao-a-tendencia-para-2025\/#primaryimage","url":"https:\/\/www.em.com.br\/emfoco\/wp-content\/uploads\/2025\/01\/Audi_1736351920165.jpg","contentUrl":"https:\/\/www.em.com.br\/emfoco\/wp-content\/uploads\/2025\/01\/Audi_1736351920165.jpg","width":1280,"height":720,"caption":"Logo da Audi - Cr\u00e9ditos: depositphotos.com \/ Tadeas"},{"@type":"BreadcrumbList","@id":"https:\/\/www.em.com.br\/emfoco\/2025\/01\/12\/carros-hibridos-leves-e-eletricos-compactos-sao-a-tendencia-para-2025\/#breadcrumb","itemListElement":[{"@type":"ListItem","position":1,"name":"In\u00edcio","item":"https:\/\/www.em.com.br\/emfoco\/"},{"@type":"ListItem","position":2,"name":"Carros h\u00edbridos leves e el\u00e9tricos compactos s\u00e3o a tend\u00eancia para 2025"}]},{"@type":"WebSite","@id":"https:\/\/www.em.com.br\/emfoco\/#website","url":"https:\/\/www.em.com.br\/emfoco\/","name":"Estado de Minas - Em foco","description":"Acompanhe as \u00faltimas not\u00edcias e fique bem informado sobre tudo o que acontece em Minas Gerais, Brasil e no mundo.","potentialAction":[{"@type":"SearchAction","target":{"@type":"EntryPoint","urlTemplate":"https:\/\/www.em.com.br\/emfoco\/?s={search_term_string}"},"query-input":{"@type":"PropertyValueSpecification","valueRequired":true,"valueName":"search_term_string"}}],"inLanguage":"pt-BR"},{"@type":"Person","@id":"https:\/\/www.em.com.br\/emfoco\/#\/schema\/person\/524437ef54f8a5d32591b143307f2e20","name":"N\u00fabia Rangel","image":{"@type":"ImageObject","inLanguage":"pt-BR","@id":"https:\/\/www.em.com.br\/emfoco\/#\/schema\/person\/image\/","url":"https:\/\/secure.gravatar.com\/avatar\/47cff2827a5ba23c37e8068c86817ea4?s=96&d=mm&r=g","contentUrl":"https:\/\/secure.gravatar.com\/avatar\/47cff2827a5ba23c37e8068c86817ea4?s=96&d=mm&r=g","caption":"N\u00fabia Rangel"},"sameAs":["https:\/\/www.em.com.br\/emfoco\/"],"url":"https:\/\/www.em.com.br\/emfoco\/author\/nubiamyth\/"}]}},"_links":{"self":[{"href":"https:\/\/www.em.com.br\/emfoco\/wp-json\/wp\/v2\/posts\/9287","targetHints":{"allow":["GET"]}}],"collection":[{"href":"https:\/\/www.em.com.br\/emfoco\/wp-json\/wp\/v2\/posts"}],"about":[{"href":"https:\/\/www.em.com.br\/emfoco\/wp-json\/wp\/v2\/types\/post"}],"author":[{"embeddable":true,"href":"https:\/\/www.em.com.br\/emfoco\/wp-json\/wp\/v2\/users\/5"}],"replies":[{"embeddable":true,"href":"https:\/\/www.em.com.br\/emfoco\/wp-json\/wp\/v2\/comments?post=9287"}],"version-history":[{"count":3,"href":"https:\/\/www.em.com.br\/emfoco\/wp-json\/wp\/v2\/posts\/9287\/revisions"}],"predecessor-version":[{"id":62396,"href":"https:\/\/www.em.com.br\/emfoco\/wp-json\/wp\/v2\/posts\/9287\/revisions\/62396"}],"wp:featuredmedia":[{"embeddable":true,"href":"https:\/\/www.em.com.br\/emfoco\/wp-json\/wp\/v2\/media\/9292"}],"wp:attachment":[{"href":"https:\/\/www.em.com.br\/emfoco\/wp-json\/wp\/v2\/media?parent=9287"}],"wp:term":[{"taxonomy":"category","embeddable":true,"href":"https:\/\/www.em.com.br\/emfoco\/wp-json\/wp\/v2\/categories?post=9287"},{"taxonomy":"post_tag","embeddable":true,"href":"https:\/\/www.em.com.br\/emfoco\/wp-json\/wp\/v2\/tags?post=9287"}],"curies":[{"name":"wp","href":"https:\/\/api.w.org\/{rel}","templated":true}]}}