{"id":9278,"date":"2025-01-11T13:20:00","date_gmt":"2025-01-11T16:20:00","guid":{"rendered":"https:\/\/www.em.com.br\/emfoco\/?p=9278"},"modified":"2025-06-18T17:22:24","modified_gmt":"2025-06-18T20:22:24","slug":"conheca-o-honda-city-2025-e-seu-facelift-modernizado","status":"publish","type":"post","link":"https:\/\/www.em.com.br\/emfoco\/2025\/01\/11\/conheca-o-honda-city-2025-e-seu-facelift-modernizado\/","title":{"rendered":"Conhe\u00e7a o Honda City 2025 e seu facelift modernizado"},"content":{"rendered":"\n<p>A <a href=\"https:\/\/www.honda.com.br\/\"><strong>H<\/strong><\/a><strong><a href=\"https:\/\/www.honda.com.br\/\" target=\"_blank\" rel=\"noreferrer noopener\">o<\/a><\/strong><a href=\"https:\/\/www.honda.com.br\/\"><strong>nda<\/strong> <\/a>prepara o primeiro facelift do <strong>City<\/strong> desde 2021, adotando abordagem cautelosa que pode ser mais inteligente do que parece. Em vez de reformula\u00e7\u00f5es dr\u00e1sticas, a montadora japonesa aposta em refinamentos pontuais que mant\u00eam a identidade do modelo enquanto atende demandas espec\u00edficas do p\u00fablico <strong>brasileiro<\/strong>.<\/p>\n\n\n\n<p>As modifica\u00e7\u00f5es inspiradas no <strong><a href=\"https:\/\/www.em.com.br\/emfoco\/2025\/05\/16\/novo-audi-a6-e-tron-chega-ao-brasil-para-revolucionar-o-mercado-de-sedans-eletricos\/\" target=\"_blank\" rel=\"noreferrer noopener\">mercado<\/a><\/strong> asi\u00e1tico chegam em momento oportuno para o sed\u00e3 compacto. O <strong>City<\/strong> conquistou posi\u00e7\u00e3o s\u00f3lida no segmento e a estrat\u00e9gia de evolu\u00e7\u00e3o gradual pode preservar essa conquista sem riscos desnecess\u00e1rios de alienar compradores j\u00e1 satisfeitos.<\/p>\n\n\n\n<h2 class=\"wp-block-heading\"><strong>As mudan\u00e7as visuais equilibram modernidade e continuidade?<\/strong><\/h2>\n\n\n\n<p>A nova grade em colmeia e o para-choque redesenhado conferem presen\u00e7a mais marcante ao conjunto frontal. A <strong>Honda<\/strong> conseguiu renovar a dianteira sem perder a eleg\u00e2ncia caracter\u00edstica que atrai fam\u00edlias brasileiras. O visual mais robusto pode ampliar o apelo para consumidores que buscam impon\u00eancia sem exageros.<\/p>\n\n\n\n<p>Na traseira, as altera\u00e7\u00f5es sutis nas lanternas e a nova posi\u00e7\u00e3o vertical dos refletores demonstram cuidado em n\u00e3o descaracterizar o projeto original. Essa conten\u00e7\u00e3o pode ser vista como conservadorismo, mas tamb\u00e9m reflete compreens\u00e3o de que mudan\u00e7as dr\u00e1sticas nem sempre geram melhor aceita\u00e7\u00e3o comercial.<\/p>\n\n\n\n<p>O resultado visual promete agradar tanto propriet\u00e1rios atuais quanto novos compradores, equilibrio dif\u00edcil de alcan\u00e7ar em reformula\u00e7\u00f5es.<\/p>\n\n\n\n<figure class=\"wp-block-image size-full\"><img loading=\"lazy\" decoding=\"async\" width=\"1280\" height=\"720\" src=\"https:\/\/www.em.com.br\/emfoco\/wp-content\/uploads\/2025\/01\/honda_1750278108365.jpg\" alt=\"\" class=\"wp-image-63344\" srcset=\"https:\/\/www.em.com.br\/emfoco\/wp-content\/uploads\/2025\/01\/honda_1750278108365.jpg 1280w, https:\/\/www.em.com.br\/emfoco\/wp-content\/uploads\/2025\/01\/honda_1750278108365-300x169.jpg 300w, https:\/\/www.em.com.br\/emfoco\/wp-content\/uploads\/2025\/01\/honda_1750278108365-1024x576.jpg 1024w, https:\/\/www.em.com.br\/emfoco\/wp-content\/uploads\/2025\/01\/honda_1750278108365-768x432.jpg 768w, https:\/\/www.em.com.br\/emfoco\/wp-content\/uploads\/2025\/01\/honda_1750278108365-750x422.jpg 750w, https:\/\/www.em.com.br\/emfoco\/wp-content\/uploads\/2025\/01\/honda_1750278108365-1140x641.jpg 1140w\" sizes=\"auto, (max-width: 1280px) 100vw, 1280px\" \/><figcaption class=\"wp-element-caption\">Honda &#8211; Honda &#8211; Cr\u00e9ditos: depositphotos.com \/ UlfWittrock<\/figcaption><\/figure>\n\n\n\n<h2 class=\"wp-block-heading\"><strong>O pacote Honda Sensing justifica a espera pela atualiza\u00e7\u00e3o?<\/strong><\/h2>\n\n\n\n<p>A poss\u00edvel inclus\u00e3o do <strong>Honda Sensing<\/strong> representa evolu\u00e7\u00e3o significativa para um modelo que compete em faixa de pre\u00e7o sens\u00edvel. Controle de cruzeiro adaptativo e frenagem autom\u00e1tica de emerg\u00eancia podem posicionar o <strong>City<\/strong> \u00e0 frente de rivais diretos em quesitos de seguran\u00e7a.<\/p>\n\n\n\n<p>O ar-condicionado digital em vers\u00f5es de entrada e o carregador por indu\u00e7\u00e3o na EX atendem demandas reais dos consumidores brasileiros. Esses recursos agregam valor pr\u00e1tico sem encarecer excessivamente o produto final.<\/p>\n\n\n\n<p>A estrat\u00e9gia de democratizar tecnologias premium pode fortalecer a competitividade do <strong>City<\/strong> contra concorrentes que ainda cobram caro por esses itens.<\/p>\n\n\n\n<h2 class=\"wp-block-heading\"><strong>A manuten\u00e7\u00e3o da motoriza\u00e7\u00e3o \u00e9 decis\u00e3o acertada?<\/strong><\/h2>\n\n\n\n<p>O motor 1.5 aspirado com 126 cv continua oferecendo equil\u00edbrio adequado entre performance e economia. A <strong>Honda<\/strong> evita custos de desenvolvimento de novas motoriza\u00e7\u00f5es mantendo propulsor j\u00e1 validado pelo mercado. O c\u00e2mbio CVT com sete marchas simuladas atende expectativas da categoria.<\/p>\n\n\n\n<p>A aus\u00eancia das vers\u00f5es h\u00edbrida e turbo dispon\u00edveis na Tail\u00e2ndia pode decepcionar entusiastas, mas reflete an\u00e1lise realista do mercado brasileiro. Essas tecnologias adicionariam custos que poderiam tornar o <strong>City<\/strong> menos competitivo em seu segmento de atua\u00e7\u00e3o.<\/p>\n\n\n\n<p>A continuidade mec\u00e2nica permite focar investimentos em itens que realmente importam para o consumidor nacional.<\/p>\n\n\n\n<h2 class=\"wp-block-heading\"><strong>A precifica\u00e7\u00e3o permanece atrativa no cen\u00e1rio atual?<\/strong><\/h2>\n\n\n\n<p>A faixa entre R$ 113.600 e R$ 140.500 mant\u00e9m o <strong>City<\/strong> em territ\u00f3rio competitivo dentro do segmento. Mesmo com poss\u00edveis ajustes devido aos novos equipamentos, o posicionamento deve permanecer acess\u00edvel para a classe m\u00e9dia brasileira.<\/p>\n\n\n\n<p>As quatro configura\u00e7\u00f5es tanto para hatch quanto sed\u00e3 oferecem amplitude adequada de escolhas sem confundir o consumidor. A estrat\u00e9gia de vers\u00f5es bem definidas facilita a decis\u00e3o de compra e otimiza a produ\u00e7\u00e3o.<\/p>\n\n\n\n<p>A <strong>Honda<\/strong> demonstra compreens\u00e3o de que pequenos aumentos s\u00e3o mais aceit\u00e1veis quando acompanhados de melhorias tang\u00edveis.<\/p>\n\n\n\n<h2 class=\"wp-block-heading\"><strong>Como o City 2025 se posiciona no futuro do segmento?<\/strong><\/h2>\n\n\n\n<p>O <strong>Honda City<\/strong> 2025 pode representar exemplo de como evolu\u00e7\u00e3o gradual \u00e0s vezes supera revolu\u00e7\u00e3o. Em mercado maduro como o brasileiro, consumidores valorizam previsibilidade e confiabilidade tanto quanto inova\u00e7\u00e3o.<\/p>\n\n\n\n<p>A abordagem conservadora da <strong>Honda<\/strong> contrasta com estrat\u00e9gias mais agressivas de concorrentes, mas pode ser justamente isso que mant\u00e9m o <strong>City<\/strong> relevante. O modelo construiu reputa\u00e7\u00e3o s\u00f3lida que merece preserva\u00e7\u00e3o atrav\u00e9s de melhorias cuidadosas.<\/p>\n\n\n\n<p>O sucesso do facelift depender\u00e1 da capacidade da marca em comunicar efetivamente as melhorias sem criar expectativas irreais sobre transforma\u00e7\u00f5es que n\u00e3o ocorreram.<\/p>\n","protected":false},"excerpt":{"rendered":"<p>A Honda prepara o primeiro facelift do City desde 2021, adotando abordagem cautelosa que pode ser mais inteligente do que parece. Em vez de reformula\u00e7\u00f5es dr\u00e1sticas, a montadora japonesa aposta em refinamentos pontuais que mant\u00eam a identidade do modelo enquanto atende demandas espec\u00edficas do p\u00fablico brasileiro. As modifica\u00e7\u00f5es inspiradas no mercado asi\u00e1tico chegam em momento [&hellip;]<\/p>\n","protected":false},"author":5,"featured_media":63341,"comment_status":"open","ping_status":"open","sticky":false,"template":"","format":"standard","meta":{"jnews-multi-image_gallery":[],"jnews_single_post":{"format":"standard"},"jnews_primary_category":[],"jnews_social_meta":[],"jnews_override_counter":[],"footnotes":""},"categories":[27,1],"tags":[1116,1049,3164,1117],"class_list":["post-9278","post","type-post","status-publish","format-standard","has-post-thumbnail","hentry","category-carros","category-noticias","tag-carros","tag-honda","tag-honda-city","tag-lancamentos"],"yoast_head":"<!-- This site is optimized with the Yoast SEO plugin v23.8 - https:\/\/yoast.com\/wordpress\/plugins\/seo\/ -->\n<title>Conhe\u00e7a o Honda City 2025 e seu facelift modernizado - Estado de Minas - Em foco<\/title>\n<meta name=\"description\" content=\"O novo Honda City 2025 traz melhorias visuais, como grade redesenhada e novos refletores, al\u00e9m de avan\u00e7os em conforto e seguran\u00e7a.\" \/>\n<meta name=\"robots\" content=\"index, follow, max-snippet:-1, max-image-preview:large, max-video-preview:-1\" \/>\n<link rel=\"canonical\" href=\"https:\/\/www.em.com.br\/emfoco\/2025\/01\/11\/conheca-o-honda-city-2025-e-seu-facelift-modernizado\/\" \/>\n<meta property=\"og:locale\" content=\"pt_BR\" \/>\n<meta property=\"og:type\" content=\"article\" \/>\n<meta property=\"og:title\" content=\"Conhe\u00e7a o Honda City 2025 e seu facelift modernizado - Estado de Minas - Em foco\" \/>\n<meta property=\"og:description\" content=\"O novo Honda City 2025 traz melhorias visuais, como grade redesenhada e novos refletores, al\u00e9m de avan\u00e7os em conforto e seguran\u00e7a.\" \/>\n<meta property=\"og:url\" content=\"https:\/\/www.em.com.br\/emfoco\/2025\/01\/11\/conheca-o-honda-city-2025-e-seu-facelift-modernizado\/\" \/>\n<meta property=\"og:site_name\" content=\"Estado de Minas - Em foco\" \/>\n<meta property=\"article:published_time\" content=\"2025-01-11T16:20:00+00:00\" \/>\n<meta property=\"article:modified_time\" content=\"2025-06-18T20:22:24+00:00\" \/>\n<meta property=\"og:image\" content=\"https:\/\/www.em.com.br\/emfoco\/wp-content\/uploads\/2025\/01\/honda_1750278081589.jpg\" \/>\n\t<meta property=\"og:image:width\" content=\"1280\" \/>\n\t<meta property=\"og:image:height\" content=\"720\" \/>\n\t<meta property=\"og:image:type\" content=\"image\/jpeg\" \/>\n<meta name=\"author\" content=\"N\u00fabia Rangel\" \/>\n<meta name=\"twitter:card\" content=\"summary_large_image\" \/>\n<meta name=\"twitter:label1\" content=\"Escrito por\" \/>\n\t<meta name=\"twitter:data1\" content=\"N\u00fabia Rangel\" \/>\n\t<meta name=\"twitter:label2\" content=\"Est. tempo de leitura\" \/>\n\t<meta name=\"twitter:data2\" content=\"4 minutos\" \/>\n<!-- \/ Yoast SEO plugin. -->","yoast_head_json":{"title":"Conhe\u00e7a o Honda City 2025 e seu facelift modernizado - Estado de Minas - Em foco","description":"O novo Honda City 2025 traz melhorias visuais, como grade redesenhada e novos refletores, al\u00e9m de avan\u00e7os em conforto e seguran\u00e7a.","robots":{"index":"index","follow":"follow","max-snippet":"max-snippet:-1","max-image-preview":"max-image-preview:large","max-video-preview":"max-video-preview:-1"},"canonical":"https:\/\/www.em.com.br\/emfoco\/2025\/01\/11\/conheca-o-honda-city-2025-e-seu-facelift-modernizado\/","og_locale":"pt_BR","og_type":"article","og_title":"Conhe\u00e7a o Honda City 2025 e seu facelift modernizado - Estado de Minas - Em foco","og_description":"O novo Honda City 2025 traz melhorias visuais, como grade redesenhada e novos refletores, al\u00e9m de avan\u00e7os em conforto e seguran\u00e7a.","og_url":"https:\/\/www.em.com.br\/emfoco\/2025\/01\/11\/conheca-o-honda-city-2025-e-seu-facelift-modernizado\/","og_site_name":"Estado de Minas - Em foco","article_published_time":"2025-01-11T16:20:00+00:00","article_modified_time":"2025-06-18T20:22:24+00:00","og_image":[{"width":1280,"height":720,"url":"https:\/\/www.em.com.br\/emfoco\/wp-content\/uploads\/2025\/01\/honda_1750278081589.jpg","type":"image\/jpeg"}],"author":"N\u00fabia Rangel","twitter_card":"summary_large_image","twitter_misc":{"Escrito por":"N\u00fabia Rangel","Est. tempo de leitura":"4 minutos"},"schema":{"@context":"https:\/\/schema.org","@graph":[{"@type":"WebPage","@id":"https:\/\/www.em.com.br\/emfoco\/2025\/01\/11\/conheca-o-honda-city-2025-e-seu-facelift-modernizado\/","url":"https:\/\/www.em.com.br\/emfoco\/2025\/01\/11\/conheca-o-honda-city-2025-e-seu-facelift-modernizado\/","name":"Conhe\u00e7a o Honda City 2025 e seu facelift modernizado - Estado de Minas - Em foco","isPartOf":{"@id":"https:\/\/www.em.com.br\/emfoco\/#website"},"primaryImageOfPage":{"@id":"https:\/\/www.em.com.br\/emfoco\/2025\/01\/11\/conheca-o-honda-city-2025-e-seu-facelift-modernizado\/#primaryimage"},"image":{"@id":"https:\/\/www.em.com.br\/emfoco\/2025\/01\/11\/conheca-o-honda-city-2025-e-seu-facelift-modernizado\/#primaryimage"},"thumbnailUrl":"https:\/\/www.em.com.br\/emfoco\/wp-content\/uploads\/2025\/01\/honda_1750278081589.jpg","datePublished":"2025-01-11T16:20:00+00:00","dateModified":"2025-06-18T20:22:24+00:00","author":{"@id":"https:\/\/www.em.com.br\/emfoco\/#\/schema\/person\/524437ef54f8a5d32591b143307f2e20"},"description":"O novo Honda City 2025 traz melhorias visuais, como grade redesenhada e novos refletores, al\u00e9m de avan\u00e7os em conforto e seguran\u00e7a.","breadcrumb":{"@id":"https:\/\/www.em.com.br\/emfoco\/2025\/01\/11\/conheca-o-honda-city-2025-e-seu-facelift-modernizado\/#breadcrumb"},"inLanguage":"pt-BR","potentialAction":[{"@type":"ReadAction","target":["https:\/\/www.em.com.br\/emfoco\/2025\/01\/11\/conheca-o-honda-city-2025-e-seu-facelift-modernizado\/"]}]},{"@type":"ImageObject","inLanguage":"pt-BR","@id":"https:\/\/www.em.com.br\/emfoco\/2025\/01\/11\/conheca-o-honda-city-2025-e-seu-facelift-modernizado\/#primaryimage","url":"https:\/\/www.em.com.br\/emfoco\/wp-content\/uploads\/2025\/01\/honda_1750278081589.jpg","contentUrl":"https:\/\/www.em.com.br\/emfoco\/wp-content\/uploads\/2025\/01\/honda_1750278081589.jpg","width":1280,"height":720,"caption":"Honda - Cr\u00e9ditos: depositphotos.com \/ UlfWittrock"},{"@type":"BreadcrumbList","@id":"https:\/\/www.em.com.br\/emfoco\/2025\/01\/11\/conheca-o-honda-city-2025-e-seu-facelift-modernizado\/#breadcrumb","itemListElement":[{"@type":"ListItem","position":1,"name":"In\u00edcio","item":"https:\/\/www.em.com.br\/emfoco\/"},{"@type":"ListItem","position":2,"name":"Conhe\u00e7a o Honda City 2025 e seu facelift modernizado"}]},{"@type":"WebSite","@id":"https:\/\/www.em.com.br\/emfoco\/#website","url":"https:\/\/www.em.com.br\/emfoco\/","name":"Estado de Minas - Em foco","description":"Acompanhe as \u00faltimas not\u00edcias e fique bem informado sobre tudo o que acontece em Minas Gerais, Brasil e no mundo.","potentialAction":[{"@type":"SearchAction","target":{"@type":"EntryPoint","urlTemplate":"https:\/\/www.em.com.br\/emfoco\/?s={search_term_string}"},"query-input":{"@type":"PropertyValueSpecification","valueRequired":true,"valueName":"search_term_string"}}],"inLanguage":"pt-BR"},{"@type":"Person","@id":"https:\/\/www.em.com.br\/emfoco\/#\/schema\/person\/524437ef54f8a5d32591b143307f2e20","name":"N\u00fabia Rangel","image":{"@type":"ImageObject","inLanguage":"pt-BR","@id":"https:\/\/www.em.com.br\/emfoco\/#\/schema\/person\/image\/","url":"https:\/\/secure.gravatar.com\/avatar\/47cff2827a5ba23c37e8068c86817ea4?s=96&d=mm&r=g","contentUrl":"https:\/\/secure.gravatar.com\/avatar\/47cff2827a5ba23c37e8068c86817ea4?s=96&d=mm&r=g","caption":"N\u00fabia Rangel"},"sameAs":["https:\/\/www.em.com.br\/emfoco\/"],"url":"https:\/\/www.em.com.br\/emfoco\/author\/nubiamyth\/"}]}},"_links":{"self":[{"href":"https:\/\/www.em.com.br\/emfoco\/wp-json\/wp\/v2\/posts\/9278","targetHints":{"allow":["GET"]}}],"collection":[{"href":"https:\/\/www.em.com.br\/emfoco\/wp-json\/wp\/v2\/posts"}],"about":[{"href":"https:\/\/www.em.com.br\/emfoco\/wp-json\/wp\/v2\/types\/post"}],"author":[{"embeddable":true,"href":"https:\/\/www.em.com.br\/emfoco\/wp-json\/wp\/v2\/users\/5"}],"replies":[{"embeddable":true,"href":"https:\/\/www.em.com.br\/emfoco\/wp-json\/wp\/v2\/comments?post=9278"}],"version-history":[{"count":4,"href":"https:\/\/www.em.com.br\/emfoco\/wp-json\/wp\/v2\/posts\/9278\/revisions"}],"predecessor-version":[{"id":63347,"href":"https:\/\/www.em.com.br\/emfoco\/wp-json\/wp\/v2\/posts\/9278\/revisions\/63347"}],"wp:featuredmedia":[{"embeddable":true,"href":"https:\/\/www.em.com.br\/emfoco\/wp-json\/wp\/v2\/media\/63341"}],"wp:attachment":[{"href":"https:\/\/www.em.com.br\/emfoco\/wp-json\/wp\/v2\/media?parent=9278"}],"wp:term":[{"taxonomy":"category","embeddable":true,"href":"https:\/\/www.em.com.br\/emfoco\/wp-json\/wp\/v2\/categories?post=9278"},{"taxonomy":"post_tag","embeddable":true,"href":"https:\/\/www.em.com.br\/emfoco\/wp-json\/wp\/v2\/tags?post=9278"}],"curies":[{"name":"wp","href":"https:\/\/api.w.org\/{rel}","templated":true}]}}