{"id":92705,"date":"2025-08-17T09:58:00","date_gmt":"2025-08-17T12:58:00","guid":{"rendered":"https:\/\/www.em.com.br\/emfoco\/?p=92705"},"modified":"2025-08-16T23:48:03","modified_gmt":"2025-08-17T02:48:03","slug":"sou-nutricionista-e-venho-para-te-contar-o-que-acontece-quando-bebemos-energetico","status":"publish","type":"post","link":"https:\/\/www.em.com.br\/emfoco\/2025\/08\/17\/sou-nutricionista-e-venho-para-te-contar-o-que-acontece-quando-bebemos-energetico\/","title":{"rendered":"Sou nutricionista e venho para te contar o que acontece quando bebemos energ\u00e9tico"},"content":{"rendered":"\n<p>O consumo de energ\u00e9ticos cresceu muito nos \u00faltimos anos, principalmente entre jovens e adultos que buscam mais disposi\u00e7\u00e3o para estudar, trabalhar ou treinar. No entanto, transformar essa bebida em h\u00e1bito di\u00e1rio pode trazer s\u00e9rios riscos para a sa\u00fade \u2014 mesmo quando parece algo inofensivo.<\/p>\n\n\n\n<p>O nutricionista Matheus D\u2019Avila alerta que beber energ\u00e9tico como se fosse \u00e1gua pode ser prejudicial ao cora\u00e7\u00e3o, ao sono, ao f\u00edgado e at\u00e9 ao equil\u00edbrio emocional. Isso porque a combina\u00e7\u00e3o de a\u00e7\u00facar, cafe\u00edna e outros estimulantes cria um efeito cumulativo que o corpo n\u00e3o consegue sustentar por muito tempo.<\/p>\n\n\n\n<h2 class=\"wp-block-heading\">Qual o impacto do a\u00e7\u00facar nos energ\u00e9ticos?<\/h2>\n\n\n\n<p>Grande parte dos energ\u00e9ticos cont\u00e9m <strong>altas doses de a\u00e7\u00facar<\/strong>, muitas vezes superiores \u00e0s encontradas em refrigerantes. Esse excesso favorece o aumento de peso, resist\u00eancia \u00e0 insulina e maior risco de diabetes tipo 2. Al\u00e9m disso, provoca picos de energia seguidos de quedas bruscas, deixando o corpo ainda mais cansado.<\/p>\n\n\n\n<h2 class=\"wp-block-heading\">Caf\u00e9 + energ\u00e9tico: por que a cafe\u00edna vira um problema?<\/h2>\n\n\n\n<p>Uma lata isolada pode at\u00e9 n\u00e3o parecer um risco, mas quando somada a <strong>duas ou tr\u00eas latas ao dia<\/strong>, mais o caf\u00e9 consumido normalmente, a dose de cafe\u00edna se torna viciante e perigosa. Isso pode causar palpita\u00e7\u00f5es, aumento da ansiedade, tremores e at\u00e9 crises de ins\u00f4nia.<\/p>\n\n\n\n<h2 class=\"wp-block-heading\">O que acontece com o sono e o sistema nervoso?<\/h2>\n\n\n\n<p>A cafe\u00edna e subst\u00e2ncias como taurina e guaran\u00e1 interferem na regula\u00e7\u00e3o do sono. O resultado \u00e9 uma qualidade de descanso muito baixa, que gera cansa\u00e7o cr\u00f4nico e necessidade de mais estimulantes no dia seguinte. Esse ciclo acaba sobrecarregando o sistema nervoso, levando \u00e0 irritabilidade e queda na performance cognitiva.<\/p>\n\n\n\n<h2 class=\"wp-block-heading\">Os energ\u00e9ticos afetam f\u00edgado e rins?<\/h2>\n\n\n\n<p>Sim. Com o uso di\u00e1rio, os <strong>rins trabalham em excesso<\/strong> para eliminar as toxinas e o excesso de cafe\u00edna, enquanto o <strong>f\u00edgado precisa metabolizar subst\u00e2ncias qu\u00edmicas<\/strong> presentes na f\u00f3rmula dos energ\u00e9ticos. O problema piora quando a pessoa n\u00e3o consome \u00e1gua suficiente, j\u00e1 que muitos substituem a hidrata\u00e7\u00e3o b\u00e1sica pela bebida.<\/p>\n\n\n<div class=\"wp-block-image\">\n<figure class=\"aligncenter size-large\"><img loading=\"lazy\" decoding=\"async\" width=\"1024\" height=\"576\" src=\"https:\/\/www.em.com.br\/emfoco\/wp-content\/uploads\/2025\/08\/bebida-energetica_1755398805556-1024x576.jpg\" alt=\"\" class=\"wp-image-92713\" srcset=\"https:\/\/www.em.com.br\/emfoco\/wp-content\/uploads\/2025\/08\/bebida-energetica_1755398805556-1024x576.jpg 1024w, https:\/\/www.em.com.br\/emfoco\/wp-content\/uploads\/2025\/08\/bebida-energetica_1755398805556-300x169.jpg 300w, https:\/\/www.em.com.br\/emfoco\/wp-content\/uploads\/2025\/08\/bebida-energetica_1755398805556-768x432.jpg 768w, https:\/\/www.em.com.br\/emfoco\/wp-content\/uploads\/2025\/08\/bebida-energetica_1755398805556-750x422.jpg 750w, https:\/\/www.em.com.br\/emfoco\/wp-content\/uploads\/2025\/08\/bebida-energetica_1755398805556-1140x641.jpg 1140w, https:\/\/www.em.com.br\/emfoco\/wp-content\/uploads\/2025\/08\/bebida-energetica_1755398805556.jpg 1280w\" sizes=\"auto, (max-width: 1024px) 100vw, 1024px\" \/><figcaption class=\"wp-element-caption\">Bebidas energ\u00e9ticas em lata &#8211; Cr\u00e9ditos: depositphotos.com \/ monticello<\/figcaption><\/figure><\/div>\n\n\n<h2 class=\"wp-block-heading\">Como reduzir o consumo sem sofrer?<\/h2>\n\n\n\n<p>A recomenda\u00e7\u00e3o dos especialistas \u00e9 evitar o consumo di\u00e1rio. Se poss\u00edvel, troque os energ\u00e9ticos por alternativas mais seguras, como hidrata\u00e7\u00e3o adequada, alimenta\u00e7\u00e3o equilibrada e sono de qualidade. Em casos de depend\u00eancia, \u00e9 importante reduzir aos poucos para n\u00e3o sofrer com sintomas de abstin\u00eancia.<\/p>\n\n\n\n<p>Beber energ\u00e9tico eventualmente pode n\u00e3o trazer grandes riscos, mas <strong>transformar isso em h\u00e1bito di\u00e1rio \u00e9 um convite para s\u00e9rios problemas de sa\u00fade<\/strong>. Priorizar \u00e1gua, sono adequado e bons h\u00e1bitos alimentares \u00e9 sempre a melhor escolha.<\/p>\n\n\n\n<p><strong>Fontes oficiais:<\/strong><\/p>\n\n\n\n<ul class=\"wp-block-list\">\n<li>Minist\u00e9rio da Sa\u00fade \u2013 <a href=\"https:\/\/www.gov.br\/saude\" target=\"_blank\" rel=\"noreferrer noopener\">https:\/\/www.gov.br\/sa<\/a><a>ude<\/a><\/li>\n\n\n\n<li>Sociedade Brasileira de Cardiologia \u2013 <a href=\"https:\/\/www.cardiol.br\">https:\/\/www.card<\/a><a href=\"https:\/\/www.cardiol.br\" target=\"_blank\" rel=\"noreferrer noopener\">iol.br<\/a><\/li>\n\n\n\n<li>PubMed (Energy drinks and health risks) \u2013 <a href=\"https:\/\/pubmed.ncbi.nlm.nih.gov\/27255705\/\" target=\"_blank\" rel=\"noreferrer noopener\">https:\/\/pubmed.ncbi.nlm.nih.gov\/27255705\/<\/a><\/li>\n<\/ul>\n","protected":false},"excerpt":{"rendered":"<p>O consumo de energ\u00e9ticos cresceu muito nos \u00faltimos anos, principalmente entre jovens e adultos que buscam mais disposi\u00e7\u00e3o para estudar, trabalhar ou treinar. No entanto, transformar essa bebida em h\u00e1bito di\u00e1rio pode trazer s\u00e9rios riscos para a sa\u00fade \u2014 mesmo quando parece algo inofensivo. O nutricionista Matheus D\u2019Avila alerta que beber energ\u00e9tico como se fosse [&hellip;]<\/p>\n","protected":false},"author":17,"featured_media":92711,"comment_status":"open","ping_status":"open","sticky":false,"template":"","format":"standard","meta":{"jnews-multi-image_gallery":[],"jnews_single_post":{"format":"standard"},"jnews_primary_category":[],"jnews_social_meta":[],"jnews_override_counter":[],"footnotes":""},"categories":[9053],"tags":[10408,3509,327,415],"class_list":["post-92705","post","type-post","status-publish","format-standard","has-post-thumbnail","hentry","category-saude","tag-consumo-energetico","tag-nutricao","tag-qualidade-de-vida","tag-saude"],"yoast_head":"<!-- This site is optimized with the Yoast SEO plugin v23.8 - https:\/\/yoast.com\/wordpress\/plugins\/seo\/ -->\n<title>Sou nutricionista e venho para te contar o que acontece quando bebemos energ\u00e9tico - Estado de Minas - Em foco<\/title>\n<meta name=\"description\" content=\"Nutricionista Matheus D\u2019Avila explica os riscos de beber energ\u00e9tico todos os dias: impacto no cora\u00e7\u00e3o, sono, f\u00edgado, rins e sa\u00fade mental.\" \/>\n<meta name=\"robots\" content=\"index, follow, max-snippet:-1, max-image-preview:large, max-video-preview:-1\" \/>\n<link rel=\"canonical\" href=\"https:\/\/www.em.com.br\/emfoco\/2025\/08\/17\/sou-nutricionista-e-venho-para-te-contar-o-que-acontece-quando-bebemos-energetico\/\" \/>\n<meta property=\"og:locale\" content=\"pt_BR\" \/>\n<meta property=\"og:type\" content=\"article\" \/>\n<meta property=\"og:title\" content=\"Sou nutricionista e venho para te contar o que acontece quando bebemos energ\u00e9tico - Estado de Minas - Em foco\" \/>\n<meta property=\"og:description\" content=\"Nutricionista Matheus D\u2019Avila explica os riscos de beber energ\u00e9tico todos os dias: impacto no cora\u00e7\u00e3o, sono, f\u00edgado, rins e sa\u00fade mental.\" \/>\n<meta property=\"og:url\" content=\"https:\/\/www.em.com.br\/emfoco\/2025\/08\/17\/sou-nutricionista-e-venho-para-te-contar-o-que-acontece-quando-bebemos-energetico\/\" \/>\n<meta property=\"og:site_name\" content=\"Estado de Minas - Em foco\" \/>\n<meta property=\"article:published_time\" content=\"2025-08-17T12:58:00+00:00\" \/>\n<meta property=\"article:modified_time\" content=\"2025-08-17T02:48:03+00:00\" \/>\n<meta property=\"og:image\" content=\"https:\/\/www.em.com.br\/emfoco\/wp-content\/uploads\/2025\/08\/mosaico_1755398658742.jpg\" \/>\n\t<meta property=\"og:image:width\" content=\"1280\" \/>\n\t<meta property=\"og:image:height\" content=\"720\" \/>\n\t<meta property=\"og:image:type\" content=\"image\/jpeg\" \/>\n<meta name=\"author\" content=\"Lucas Sampaio\" \/>\n<meta name=\"twitter:card\" content=\"summary_large_image\" \/>\n<meta name=\"twitter:label1\" content=\"Escrito por\" \/>\n\t<meta name=\"twitter:data1\" content=\"Lucas Sampaio\" \/>\n\t<meta name=\"twitter:label2\" content=\"Est. tempo de leitura\" \/>\n\t<meta name=\"twitter:data2\" content=\"3 minutos\" \/>\n<!-- \/ Yoast SEO plugin. -->","yoast_head_json":{"title":"Sou nutricionista e venho para te contar o que acontece quando bebemos energ\u00e9tico - Estado de Minas - Em foco","description":"Nutricionista Matheus D\u2019Avila explica os riscos de beber energ\u00e9tico todos os dias: impacto no cora\u00e7\u00e3o, sono, f\u00edgado, rins e sa\u00fade mental.","robots":{"index":"index","follow":"follow","max-snippet":"max-snippet:-1","max-image-preview":"max-image-preview:large","max-video-preview":"max-video-preview:-1"},"canonical":"https:\/\/www.em.com.br\/emfoco\/2025\/08\/17\/sou-nutricionista-e-venho-para-te-contar-o-que-acontece-quando-bebemos-energetico\/","og_locale":"pt_BR","og_type":"article","og_title":"Sou nutricionista e venho para te contar o que acontece quando bebemos energ\u00e9tico - Estado de Minas - Em foco","og_description":"Nutricionista Matheus D\u2019Avila explica os riscos de beber energ\u00e9tico todos os dias: impacto no cora\u00e7\u00e3o, sono, f\u00edgado, rins e sa\u00fade mental.","og_url":"https:\/\/www.em.com.br\/emfoco\/2025\/08\/17\/sou-nutricionista-e-venho-para-te-contar-o-que-acontece-quando-bebemos-energetico\/","og_site_name":"Estado de Minas - Em foco","article_published_time":"2025-08-17T12:58:00+00:00","article_modified_time":"2025-08-17T02:48:03+00:00","og_image":[{"width":1280,"height":720,"url":"https:\/\/www.em.com.br\/emfoco\/wp-content\/uploads\/2025\/08\/mosaico_1755398658742.jpg","type":"image\/jpeg"}],"author":"Lucas Sampaio","twitter_card":"summary_large_image","twitter_misc":{"Escrito por":"Lucas Sampaio","Est. tempo de leitura":"3 minutos"},"schema":{"@context":"https:\/\/schema.org","@graph":[{"@type":"WebPage","@id":"https:\/\/www.em.com.br\/emfoco\/2025\/08\/17\/sou-nutricionista-e-venho-para-te-contar-o-que-acontece-quando-bebemos-energetico\/","url":"https:\/\/www.em.com.br\/emfoco\/2025\/08\/17\/sou-nutricionista-e-venho-para-te-contar-o-que-acontece-quando-bebemos-energetico\/","name":"Sou nutricionista e venho para te contar o que acontece quando bebemos energ\u00e9tico - Estado de Minas - Em foco","isPartOf":{"@id":"https:\/\/www.em.com.br\/emfoco\/#website"},"primaryImageOfPage":{"@id":"https:\/\/www.em.com.br\/emfoco\/2025\/08\/17\/sou-nutricionista-e-venho-para-te-contar-o-que-acontece-quando-bebemos-energetico\/#primaryimage"},"image":{"@id":"https:\/\/www.em.com.br\/emfoco\/2025\/08\/17\/sou-nutricionista-e-venho-para-te-contar-o-que-acontece-quando-bebemos-energetico\/#primaryimage"},"thumbnailUrl":"https:\/\/www.em.com.br\/emfoco\/wp-content\/uploads\/2025\/08\/mosaico_1755398658742.jpg","datePublished":"2025-08-17T12:58:00+00:00","dateModified":"2025-08-17T02:48:03+00:00","author":{"@id":"https:\/\/www.em.com.br\/emfoco\/#\/schema\/person\/9ad4c536bd87f5bb8006420332b99aef"},"description":"Nutricionista Matheus D\u2019Avila explica os riscos de beber energ\u00e9tico todos os dias: impacto no cora\u00e7\u00e3o, sono, f\u00edgado, rins e sa\u00fade mental.","breadcrumb":{"@id":"https:\/\/www.em.com.br\/emfoco\/2025\/08\/17\/sou-nutricionista-e-venho-para-te-contar-o-que-acontece-quando-bebemos-energetico\/#breadcrumb"},"inLanguage":"pt-BR","potentialAction":[{"@type":"ReadAction","target":["https:\/\/www.em.com.br\/emfoco\/2025\/08\/17\/sou-nutricionista-e-venho-para-te-contar-o-que-acontece-quando-bebemos-energetico\/"]}]},{"@type":"ImageObject","inLanguage":"pt-BR","@id":"https:\/\/www.em.com.br\/emfoco\/2025\/08\/17\/sou-nutricionista-e-venho-para-te-contar-o-que-acontece-quando-bebemos-energetico\/#primaryimage","url":"https:\/\/www.em.com.br\/emfoco\/wp-content\/uploads\/2025\/08\/mosaico_1755398658742.jpg","contentUrl":"https:\/\/www.em.com.br\/emfoco\/wp-content\/uploads\/2025\/08\/mosaico_1755398658742.jpg","width":1280,"height":720,"caption":"Reprodu\u00e7\u00e3o (TikTok: @matheusdavilanutri)"},{"@type":"BreadcrumbList","@id":"https:\/\/www.em.com.br\/emfoco\/2025\/08\/17\/sou-nutricionista-e-venho-para-te-contar-o-que-acontece-quando-bebemos-energetico\/#breadcrumb","itemListElement":[{"@type":"ListItem","position":1,"name":"In\u00edcio","item":"https:\/\/www.em.com.br\/emfoco\/"},{"@type":"ListItem","position":2,"name":"Sou nutricionista e venho para te contar o que acontece quando bebemos energ\u00e9tico"}]},{"@type":"WebSite","@id":"https:\/\/www.em.com.br\/emfoco\/#website","url":"https:\/\/www.em.com.br\/emfoco\/","name":"Estado de Minas - Em foco","description":"Acompanhe as \u00faltimas not\u00edcias e fique bem informado sobre tudo o que acontece em Minas Gerais, Brasil e no mundo.","potentialAction":[{"@type":"SearchAction","target":{"@type":"EntryPoint","urlTemplate":"https:\/\/www.em.com.br\/emfoco\/?s={search_term_string}"},"query-input":{"@type":"PropertyValueSpecification","valueRequired":true,"valueName":"search_term_string"}}],"inLanguage":"pt-BR"},{"@type":"Person","@id":"https:\/\/www.em.com.br\/emfoco\/#\/schema\/person\/9ad4c536bd87f5bb8006420332b99aef","name":"Lucas Sampaio","image":{"@type":"ImageObject","inLanguage":"pt-BR","@id":"https:\/\/www.em.com.br\/emfoco\/#\/schema\/person\/image\/","url":"https:\/\/secure.gravatar.com\/avatar\/2696b9676ad143cd7135b717faf6f79f?s=96&d=mm&r=g","contentUrl":"https:\/\/secure.gravatar.com\/avatar\/2696b9676ad143cd7135b717faf6f79f?s=96&d=mm&r=g","caption":"Lucas Sampaio"},"sameAs":["https:\/\/www.em.com.br\/emfoco\/"],"url":"https:\/\/www.em.com.br\/emfoco\/author\/lucasmyth\/"}]}},"_links":{"self":[{"href":"https:\/\/www.em.com.br\/emfoco\/wp-json\/wp\/v2\/posts\/92705","targetHints":{"allow":["GET"]}}],"collection":[{"href":"https:\/\/www.em.com.br\/emfoco\/wp-json\/wp\/v2\/posts"}],"about":[{"href":"https:\/\/www.em.com.br\/emfoco\/wp-json\/wp\/v2\/types\/post"}],"author":[{"embeddable":true,"href":"https:\/\/www.em.com.br\/emfoco\/wp-json\/wp\/v2\/users\/17"}],"replies":[{"embeddable":true,"href":"https:\/\/www.em.com.br\/emfoco\/wp-json\/wp\/v2\/comments?post=92705"}],"version-history":[{"count":1,"href":"https:\/\/www.em.com.br\/emfoco\/wp-json\/wp\/v2\/posts\/92705\/revisions"}],"predecessor-version":[{"id":92714,"href":"https:\/\/www.em.com.br\/emfoco\/wp-json\/wp\/v2\/posts\/92705\/revisions\/92714"}],"wp:featuredmedia":[{"embeddable":true,"href":"https:\/\/www.em.com.br\/emfoco\/wp-json\/wp\/v2\/media\/92711"}],"wp:attachment":[{"href":"https:\/\/www.em.com.br\/emfoco\/wp-json\/wp\/v2\/media?parent=92705"}],"wp:term":[{"taxonomy":"category","embeddable":true,"href":"https:\/\/www.em.com.br\/emfoco\/wp-json\/wp\/v2\/categories?post=92705"},{"taxonomy":"post_tag","embeddable":true,"href":"https:\/\/www.em.com.br\/emfoco\/wp-json\/wp\/v2\/tags?post=92705"}],"curies":[{"name":"wp","href":"https:\/\/api.w.org\/{rel}","templated":true}]}}