{"id":92526,"date":"2025-08-16T11:38:00","date_gmt":"2025-08-16T14:38:00","guid":{"rendered":"https:\/\/www.em.com.br\/emfoco\/?p=92526"},"modified":"2025-08-16T10:02:58","modified_gmt":"2025-08-16T13:02:58","slug":"dr-bruno-monteze-medico-quem-janta-cedo-vive-mais-e-com-saude-tem-muito-mais-a-ganhar","status":"publish","type":"post","link":"https:\/\/www.em.com.br\/emfoco\/2025\/08\/16\/dr-bruno-monteze-medico-quem-janta-cedo-vive-mais-e-com-saude-tem-muito-mais-a-ganhar\/","title":{"rendered":"Dr. Bruno Monteze, M\u00e9dico: \u201cQuem janta cedo vive mais e com sa\u00fade, t\u00eam muito mais a ganhar\u201d"},"content":{"rendered":"\n<p>O <strong>Dr. Bruno Monteze (CRM 160179 \/ RQE 58317)<\/strong> ressalta em suas orienta\u00e7\u00f5es que <strong>o hor\u00e1rio da \u00faltima refei\u00e7\u00e3o tem impacto direto na sa\u00fade<\/strong>. Para ele, jantar cedo traz benef\u00edcios importantes para digest\u00e3o, metabolismo e at\u00e9 na preven\u00e7\u00e3o de doen\u00e7as como o diabetes.<\/p>\n\n\n\n<p>Segundo o m\u00e9dico, n\u00e3o se trata apenas de escolher o que comer, mas tamb\u00e9m <strong>quando comer<\/strong>. Ele destaca que, ao adiantar o jantar, \u00e9 poss\u00edvel melhorar o sono, reduzir erros alimentares e at\u00e9 potencializar o emagrecimento, j\u00e1 que o corpo funciona de forma mais eficiente em hor\u00e1rios anteriores \u00e0 noite.<\/p>\n\n\n\n<h2 class=\"wp-block-heading\">Por que jantar tarde prejudica a digest\u00e3o?<\/h2>\n\n\n\n<p>O processo digestivo leva em m\u00e9dia de tr\u00eas a quatro horas para ser conclu\u00eddo. Quando a refei\u00e7\u00e3o \u00e9 feita tarde e a pessoa se deita logo em seguida, a digest\u00e3o n\u00e3o acontece adequadamente. Isso favorece desconfortos como refluxo e azia durante a noite.<\/p>\n\n\n\n<p>Al\u00e9m disso, estudos mostram que a efici\u00eancia digestiva \u00e9 menor \u00e0 noite. Isso ocorre porque a acidez estomacal \u00e9 mais baixa, dificultando a quebra de prote\u00ednas e refei\u00e7\u00f5es mais pesadas, como carnes.<\/p>\n\n\n\n<h2 class=\"wp-block-heading\">Qual a rela\u00e7\u00e3o entre jantar cedo e insulina?<\/h2>\n\n\n\n<p>A insulina, horm\u00f4nio respons\u00e1vel por controlar o a\u00e7\u00facar no sangue, tem sua fun\u00e7\u00e3o reduzida \u00e0 noite. Quando a \u00faltima refei\u00e7\u00e3o \u00e9 muito tardia, aumenta-se o risco de ac\u00famulo de gordura e resist\u00eancia insul\u00ednica, o que pode levar ao desenvolvimento de diabetes tipo 2.<\/p>\n\n\n\n<p>Por isso, jantar cedo favorece n\u00e3o apenas o controle do peso, mas tamb\u00e9m a regula\u00e7\u00e3o da glicemia. Isso ajuda a manter o metabolismo mais equilibrado e reduz a sobrecarga do organismo.<\/p>\n\n\n\n<h2 class=\"wp-block-heading\">Comer cedo pode ajudar no emagrecimento?<\/h2>\n\n\n\n<p>Segundo o Dr. Monteze, jantar cedo ajuda a evitar epis\u00f3dios de compuls\u00e3o noturna, que geralmente surgem quando estamos cansados e diante de alimentos mais cal\u00f3ricos, como doces e ultraprocessados. Ao encerrar a alimenta\u00e7\u00e3o antes, \u00e9 mais f\u00e1cil manter o controle.<\/p>\n\n\n<div class=\"wp-block-image\">\n<figure class=\"aligncenter size-large\"><img loading=\"lazy\" decoding=\"async\" width=\"1024\" height=\"576\" src=\"https:\/\/www.em.com.br\/emfoco\/wp-content\/uploads\/2025\/08\/emagrecimento_1755348463902-1024x576.jpg\" alt=\"\" class=\"wp-image-92543\" srcset=\"https:\/\/www.em.com.br\/emfoco\/wp-content\/uploads\/2025\/08\/emagrecimento_1755348463902-1024x576.jpg 1024w, https:\/\/www.em.com.br\/emfoco\/wp-content\/uploads\/2025\/08\/emagrecimento_1755348463902-300x169.jpg 300w, https:\/\/www.em.com.br\/emfoco\/wp-content\/uploads\/2025\/08\/emagrecimento_1755348463902-768x432.jpg 768w, https:\/\/www.em.com.br\/emfoco\/wp-content\/uploads\/2025\/08\/emagrecimento_1755348463902-750x422.jpg 750w, https:\/\/www.em.com.br\/emfoco\/wp-content\/uploads\/2025\/08\/emagrecimento_1755348463902-1140x641.jpg 1140w, https:\/\/www.em.com.br\/emfoco\/wp-content\/uploads\/2025\/08\/emagrecimento_1755348463902.jpg 1280w\" sizes=\"auto, (max-width: 1024px) 100vw, 1024px\" \/><figcaption class=\"wp-element-caption\">Mulher aferindo suas pr\u00f3prias medidas de cintura &#8211; Cr\u00e9ditos: depositphotos.com \/ dmitryvavilon<\/figcaption><\/figure><\/div>\n\n\n<p>Outro benef\u00edcio \u00e9 que, ao concentrar a \u00faltima refei\u00e7\u00e3o mais cedo, o corpo aproveita melhor os nutrientes e mant\u00e9m um intervalo maior de jejum at\u00e9 o caf\u00e9 da manh\u00e3, o que pode contribuir para perda de peso.<\/p>\n\n\n\n<h2 class=\"wp-block-heading\">Jantar cedo melhora o sono?<\/h2>\n\n\n\n<p>Dormir logo ap\u00f3s uma refei\u00e7\u00e3o pesada atrapalha a qualidade do sono, j\u00e1 que o corpo ainda est\u00e1 ocupado no processo digestivo. Isso pode causar despertares noturnos, desconforto abdominal e at\u00e9 ins\u00f4nia.<\/p>\n\n\n\n<p>Ao jantar mais cedo, o corpo j\u00e1 completou a digest\u00e3o quando chega a hora de dormir, favorecendo um sono mais profundo e reparador. Isso tamb\u00e9m auxilia no equil\u00edbrio hormonal e na recupera\u00e7\u00e3o da energia.<\/p>\n\n\n\n<h2 class=\"wp-block-heading\">Quem janta cedo realmente vive mais?<\/h2>\n\n\n\n<p>Estudos cient\u00edficos apontam que padr\u00f5es alimentares associados a jantares mais cedo e intervalos regulares entre as refei\u00e7\u00f5es est\u00e3o ligados a menor risco de doen\u00e7as metab\u00f3licas e maior longevidade. Isso acontece porque o organismo trabalha em sincronia com o rel\u00f3gio biol\u00f3gico.<\/p>\n\n\n\n<p>Para o Dr. Bruno Monteze, jantar cedo \u00e9 uma estrat\u00e9gia simples, acess\u00edvel e capaz de trazer impactos positivos para quem busca sa\u00fade, energia e preven\u00e7\u00e3o de doen\u00e7as.<\/p>\n\n\n\n<h2 class=\"wp-block-heading\">Fontes oficiais<\/h2>\n\n\n\n<ul class=\"wp-block-list\">\n<li>Organiza\u00e7\u00e3o Mundial da Sa\u00fade (OMS) \u2014 <a href=\"https:\/\/www.who.int\" target=\"_blank\" rel=\"noreferrer noopener\">https:\/\/www.who.int<\/a><\/li>\n\n\n\n<li>Minist\u00e9rio da Sa\u00fade (Brasil) \u2014 <a href=\"https:\/\/www.gov.br\/saude\" target=\"_blank\" rel=\"noreferrer noopener\">https:\/\/www.gov.br\/saude<\/a><\/li>\n\n\n\n<li>National Institute of Diabetes and Digestive and Kidney Diseases (NIH) \u2014 <a href=\"https:\/\/www.niddk.nih.gov\" target=\"_blank\" rel=\"noreferrer noopener\">https:\/\/www.niddk.nih.gov<\/a><\/li>\n<\/ul>\n","protected":false},"excerpt":{"rendered":"<p>O Dr. Bruno Monteze (CRM 160179 \/ RQE 58317) ressalta em suas orienta\u00e7\u00f5es que o hor\u00e1rio da \u00faltima refei\u00e7\u00e3o tem impacto direto na sa\u00fade. Para ele, jantar cedo traz benef\u00edcios importantes para digest\u00e3o, metabolismo e at\u00e9 na preven\u00e7\u00e3o de doen\u00e7as como o diabetes. Segundo o m\u00e9dico, n\u00e3o se trata apenas de escolher o que comer, [&hellip;]<\/p>\n","protected":false},"author":17,"featured_media":92544,"comment_status":"open","ping_status":"open","sticky":false,"template":"","format":"standard","meta":{"jnews-multi-image_gallery":[],"jnews_single_post":{"format":"standard"},"jnews_primary_category":[],"jnews_social_meta":[],"jnews_override_counter":[],"footnotes":""},"categories":[9053],"tags":[10635,3509,327,415],"class_list":["post-92526","post","type-post","status-publish","format-standard","has-post-thumbnail","hentry","category-saude","tag-jantar","tag-nutricao","tag-qualidade-de-vida","tag-saude"],"yoast_head":"<!-- This site is optimized with the Yoast SEO plugin v23.8 - https:\/\/yoast.com\/wordpress\/plugins\/seo\/ -->\n<title>Dr. Bruno Monteze, M\u00e9dico: \u201cQuem janta cedo vive mais e com sa\u00fade, t\u00eam muito mais a ganhar\u201d - Estado de Minas - Em foco<\/title>\n<meta name=\"description\" content=\"Dr. Monteze explica por que jantar cedo melhora digest\u00e3o, sono e metabolismo, ajudando a prevenir diabetes e contribuir para a longevidade.\" \/>\n<meta name=\"robots\" content=\"index, follow, max-snippet:-1, max-image-preview:large, max-video-preview:-1\" \/>\n<link rel=\"canonical\" href=\"https:\/\/www.em.com.br\/emfoco\/2025\/08\/16\/dr-bruno-monteze-medico-quem-janta-cedo-vive-mais-e-com-saude-tem-muito-mais-a-ganhar\/\" \/>\n<meta property=\"og:locale\" content=\"pt_BR\" \/>\n<meta property=\"og:type\" content=\"article\" \/>\n<meta property=\"og:title\" content=\"Dr. Bruno Monteze, M\u00e9dico: \u201cQuem janta cedo vive mais e com sa\u00fade, t\u00eam muito mais a ganhar\u201d - Estado de Minas - Em foco\" \/>\n<meta property=\"og:description\" content=\"Dr. Monteze explica por que jantar cedo melhora digest\u00e3o, sono e metabolismo, ajudando a prevenir diabetes e contribuir para a longevidade.\" \/>\n<meta property=\"og:url\" content=\"https:\/\/www.em.com.br\/emfoco\/2025\/08\/16\/dr-bruno-monteze-medico-quem-janta-cedo-vive-mais-e-com-saude-tem-muito-mais-a-ganhar\/\" \/>\n<meta property=\"og:site_name\" content=\"Estado de Minas - Em foco\" \/>\n<meta property=\"article:published_time\" content=\"2025-08-16T14:38:00+00:00\" \/>\n<meta property=\"article:modified_time\" content=\"2025-08-16T13:02:58+00:00\" \/>\n<meta property=\"og:image\" content=\"https:\/\/www.em.com.br\/emfoco\/wp-content\/uploads\/2025\/08\/mosaico_1755348507562.jpg\" \/>\n\t<meta property=\"og:image:width\" content=\"1280\" \/>\n\t<meta property=\"og:image:height\" content=\"720\" \/>\n\t<meta property=\"og:image:type\" content=\"image\/jpeg\" \/>\n<meta name=\"author\" content=\"Lucas Sampaio\" \/>\n<meta name=\"twitter:card\" content=\"summary_large_image\" \/>\n<meta name=\"twitter:label1\" content=\"Escrito por\" \/>\n\t<meta name=\"twitter:data1\" content=\"Lucas Sampaio\" \/>\n\t<meta name=\"twitter:label2\" content=\"Est. tempo de leitura\" \/>\n\t<meta name=\"twitter:data2\" content=\"4 minutos\" \/>\n<!-- \/ Yoast SEO plugin. -->","yoast_head_json":{"title":"Dr. Bruno Monteze, M\u00e9dico: \u201cQuem janta cedo vive mais e com sa\u00fade, t\u00eam muito mais a ganhar\u201d - Estado de Minas - Em foco","description":"Dr. Monteze explica por que jantar cedo melhora digest\u00e3o, sono e metabolismo, ajudando a prevenir diabetes e contribuir para a longevidade.","robots":{"index":"index","follow":"follow","max-snippet":"max-snippet:-1","max-image-preview":"max-image-preview:large","max-video-preview":"max-video-preview:-1"},"canonical":"https:\/\/www.em.com.br\/emfoco\/2025\/08\/16\/dr-bruno-monteze-medico-quem-janta-cedo-vive-mais-e-com-saude-tem-muito-mais-a-ganhar\/","og_locale":"pt_BR","og_type":"article","og_title":"Dr. Bruno Monteze, M\u00e9dico: \u201cQuem janta cedo vive mais e com sa\u00fade, t\u00eam muito mais a ganhar\u201d - Estado de Minas - Em foco","og_description":"Dr. Monteze explica por que jantar cedo melhora digest\u00e3o, sono e metabolismo, ajudando a prevenir diabetes e contribuir para a longevidade.","og_url":"https:\/\/www.em.com.br\/emfoco\/2025\/08\/16\/dr-bruno-monteze-medico-quem-janta-cedo-vive-mais-e-com-saude-tem-muito-mais-a-ganhar\/","og_site_name":"Estado de Minas - Em foco","article_published_time":"2025-08-16T14:38:00+00:00","article_modified_time":"2025-08-16T13:02:58+00:00","og_image":[{"width":1280,"height":720,"url":"https:\/\/www.em.com.br\/emfoco\/wp-content\/uploads\/2025\/08\/mosaico_1755348507562.jpg","type":"image\/jpeg"}],"author":"Lucas Sampaio","twitter_card":"summary_large_image","twitter_misc":{"Escrito por":"Lucas Sampaio","Est. tempo de leitura":"4 minutos"},"schema":{"@context":"https:\/\/schema.org","@graph":[{"@type":"WebPage","@id":"https:\/\/www.em.com.br\/emfoco\/2025\/08\/16\/dr-bruno-monteze-medico-quem-janta-cedo-vive-mais-e-com-saude-tem-muito-mais-a-ganhar\/","url":"https:\/\/www.em.com.br\/emfoco\/2025\/08\/16\/dr-bruno-monteze-medico-quem-janta-cedo-vive-mais-e-com-saude-tem-muito-mais-a-ganhar\/","name":"Dr. Bruno Monteze, M\u00e9dico: \u201cQuem janta cedo vive mais e com sa\u00fade, t\u00eam muito mais a ganhar\u201d - Estado de Minas - Em foco","isPartOf":{"@id":"https:\/\/www.em.com.br\/emfoco\/#website"},"primaryImageOfPage":{"@id":"https:\/\/www.em.com.br\/emfoco\/2025\/08\/16\/dr-bruno-monteze-medico-quem-janta-cedo-vive-mais-e-com-saude-tem-muito-mais-a-ganhar\/#primaryimage"},"image":{"@id":"https:\/\/www.em.com.br\/emfoco\/2025\/08\/16\/dr-bruno-monteze-medico-quem-janta-cedo-vive-mais-e-com-saude-tem-muito-mais-a-ganhar\/#primaryimage"},"thumbnailUrl":"https:\/\/www.em.com.br\/emfoco\/wp-content\/uploads\/2025\/08\/mosaico_1755348507562.jpg","datePublished":"2025-08-16T14:38:00+00:00","dateModified":"2025-08-16T13:02:58+00:00","author":{"@id":"https:\/\/www.em.com.br\/emfoco\/#\/schema\/person\/9ad4c536bd87f5bb8006420332b99aef"},"description":"Dr. Monteze explica por que jantar cedo melhora digest\u00e3o, sono e metabolismo, ajudando a prevenir diabetes e contribuir para a longevidade.","breadcrumb":{"@id":"https:\/\/www.em.com.br\/emfoco\/2025\/08\/16\/dr-bruno-monteze-medico-quem-janta-cedo-vive-mais-e-com-saude-tem-muito-mais-a-ganhar\/#breadcrumb"},"inLanguage":"pt-BR","potentialAction":[{"@type":"ReadAction","target":["https:\/\/www.em.com.br\/emfoco\/2025\/08\/16\/dr-bruno-monteze-medico-quem-janta-cedo-vive-mais-e-com-saude-tem-muito-mais-a-ganhar\/"]}]},{"@type":"ImageObject","inLanguage":"pt-BR","@id":"https:\/\/www.em.com.br\/emfoco\/2025\/08\/16\/dr-bruno-monteze-medico-quem-janta-cedo-vive-mais-e-com-saude-tem-muito-mais-a-ganhar\/#primaryimage","url":"https:\/\/www.em.com.br\/emfoco\/wp-content\/uploads\/2025\/08\/mosaico_1755348507562.jpg","contentUrl":"https:\/\/www.em.com.br\/emfoco\/wp-content\/uploads\/2025\/08\/mosaico_1755348507562.jpg","width":1280,"height":720,"caption":"Reprodu\u00e7\u00e3o (TikTok: @drmonteze)"},{"@type":"BreadcrumbList","@id":"https:\/\/www.em.com.br\/emfoco\/2025\/08\/16\/dr-bruno-monteze-medico-quem-janta-cedo-vive-mais-e-com-saude-tem-muito-mais-a-ganhar\/#breadcrumb","itemListElement":[{"@type":"ListItem","position":1,"name":"In\u00edcio","item":"https:\/\/www.em.com.br\/emfoco\/"},{"@type":"ListItem","position":2,"name":"Dr. Bruno Monteze, M\u00e9dico: \u201cQuem janta cedo vive mais e com sa\u00fade, t\u00eam muito mais a ganhar\u201d"}]},{"@type":"WebSite","@id":"https:\/\/www.em.com.br\/emfoco\/#website","url":"https:\/\/www.em.com.br\/emfoco\/","name":"Estado de Minas - Em foco","description":"Acompanhe as \u00faltimas not\u00edcias e fique bem informado sobre tudo o que acontece em Minas Gerais, Brasil e no mundo.","potentialAction":[{"@type":"SearchAction","target":{"@type":"EntryPoint","urlTemplate":"https:\/\/www.em.com.br\/emfoco\/?s={search_term_string}"},"query-input":{"@type":"PropertyValueSpecification","valueRequired":true,"valueName":"search_term_string"}}],"inLanguage":"pt-BR"},{"@type":"Person","@id":"https:\/\/www.em.com.br\/emfoco\/#\/schema\/person\/9ad4c536bd87f5bb8006420332b99aef","name":"Lucas Sampaio","image":{"@type":"ImageObject","inLanguage":"pt-BR","@id":"https:\/\/www.em.com.br\/emfoco\/#\/schema\/person\/image\/","url":"https:\/\/secure.gravatar.com\/avatar\/2696b9676ad143cd7135b717faf6f79f?s=96&d=mm&r=g","contentUrl":"https:\/\/secure.gravatar.com\/avatar\/2696b9676ad143cd7135b717faf6f79f?s=96&d=mm&r=g","caption":"Lucas Sampaio"},"sameAs":["https:\/\/www.em.com.br\/emfoco\/"],"url":"https:\/\/www.em.com.br\/emfoco\/author\/lucasmyth\/"}]}},"_links":{"self":[{"href":"https:\/\/www.em.com.br\/emfoco\/wp-json\/wp\/v2\/posts\/92526","targetHints":{"allow":["GET"]}}],"collection":[{"href":"https:\/\/www.em.com.br\/emfoco\/wp-json\/wp\/v2\/posts"}],"about":[{"href":"https:\/\/www.em.com.br\/emfoco\/wp-json\/wp\/v2\/types\/post"}],"author":[{"embeddable":true,"href":"https:\/\/www.em.com.br\/emfoco\/wp-json\/wp\/v2\/users\/17"}],"replies":[{"embeddable":true,"href":"https:\/\/www.em.com.br\/emfoco\/wp-json\/wp\/v2\/comments?post=92526"}],"version-history":[{"count":3,"href":"https:\/\/www.em.com.br\/emfoco\/wp-json\/wp\/v2\/posts\/92526\/revisions"}],"predecessor-version":[{"id":92545,"href":"https:\/\/www.em.com.br\/emfoco\/wp-json\/wp\/v2\/posts\/92526\/revisions\/92545"}],"wp:featuredmedia":[{"embeddable":true,"href":"https:\/\/www.em.com.br\/emfoco\/wp-json\/wp\/v2\/media\/92544"}],"wp:attachment":[{"href":"https:\/\/www.em.com.br\/emfoco\/wp-json\/wp\/v2\/media?parent=92526"}],"wp:term":[{"taxonomy":"category","embeddable":true,"href":"https:\/\/www.em.com.br\/emfoco\/wp-json\/wp\/v2\/categories?post=92526"},{"taxonomy":"post_tag","embeddable":true,"href":"https:\/\/www.em.com.br\/emfoco\/wp-json\/wp\/v2\/tags?post=92526"}],"curies":[{"name":"wp","href":"https:\/\/api.w.org\/{rel}","templated":true}]}}