{"id":92518,"date":"2025-08-16T07:58:00","date_gmt":"2025-08-16T10:58:00","guid":{"rendered":"https:\/\/www.em.com.br\/emfoco\/?p=92518"},"modified":"2025-08-16T02:18:39","modified_gmt":"2025-08-16T05:18:39","slug":"marcia-sensitiva-espiritualista-banheiro-tem-que-ter-uma-planta-principal","status":"publish","type":"post","link":"https:\/\/www.em.com.br\/emfoco\/2025\/08\/16\/marcia-sensitiva-espiritualista-banheiro-tem-que-ter-uma-planta-principal\/","title":{"rendered":"M\u00e1rcia Sensitiva, espiritualista: \u201cbanheiro tem que ter uma planta principal\u201d"},"content":{"rendered":"\n<p>Segundo a <strong>espiritualista M\u00e1rcia Fernandes, conhecida como M\u00e1rcia Sensitiva<\/strong>, o l\u00edrio da paz \u00e9 uma planta especial para ser colocada no banheiro. Para ela, essa planta n\u00e3o apenas decora o ambiente, mas tamb\u00e9m funciona como um verdadeiro \u201cterm\u00f4metro energ\u00e9tico\u201d.<\/p>\n\n\n\n<p>De acordo com a sensitiva, o l\u00edrio da paz teria a capacidade de detectar energias pesadas associadas a esp\u00edritos desencarnados. Na vis\u00e3o espiritual, se a planta murchar ou secar rapidamente dentro do banheiro, isso poderia ser um sinal de que h\u00e1 presen\u00e7a de energias negativas no local.<\/p>\n\n\n\n<h2 class=\"wp-block-heading\">Por que o l\u00edrio da paz \u00e9 indicado para o banheiro?<\/h2>\n\n\n\n<p>O l\u00edrio da paz \u00e9 considerado uma planta de purifica\u00e7\u00e3o. Na espiritualidade, acredita-se que ela tem a fun\u00e7\u00e3o de absorver energias densas e trazer equil\u00edbrio ao ambiente. Por ser resistente e f\u00e1cil de cuidar, pode ser mantida em espa\u00e7os internos, como o banheiro.<\/p>\n\n\n\n<p>Al\u00e9m disso, o banheiro \u00e9 visto por muitas tradi\u00e7\u00f5es espirituais como um ambiente de grande circula\u00e7\u00e3o energ\u00e9tica. Por isso, colocar uma planta com fun\u00e7\u00e3o simb\u00f3lica de prote\u00e7\u00e3o e limpeza \u00e9 considerado uma forma de harmonizar o espa\u00e7o.<\/p>\n\n\n\n<h2 class=\"wp-block-heading\">Como o l\u00edrio da paz \u201cavisa\u201d sobre energias?<\/h2>\n\n\n\n<p>Segundo M\u00e1rcia Sensitiva, quando o l\u00edrio da paz seca repentinamente, isso poderia ser interpretado como um sinal de que existem energias espirituais densas no ambiente. Nesse caso, a recomenda\u00e7\u00e3o seria retirar a planta do banheiro e coloc\u00e1-la em um local arejado, como quintal ou janela.<\/p>\n\n\n\n<p>Esse processo funcionaria como uma esp\u00e9cie de alerta espiritual: a planta absorve a energia e se desgasta, indicando que algo precisa ser trabalhado no campo energ\u00e9tico da casa.<\/p>\n\n\n\n<h2 class=\"wp-block-heading\">O que fazer se a planta secar r\u00e1pido?<\/h2>\n\n\n\n<p>Na vis\u00e3o espiritualista, se o l\u00edrio da paz secar em pouco tempo dentro do banheiro, pode ser necess\u00e1rio realizar pr\u00e1ticas de limpeza energ\u00e9tica, como ora\u00e7\u00f5es, defuma\u00e7\u00f5es ou mantras. O ato de colocar a planta ao sol ou em contato com a natureza tamb\u00e9m ajudaria a revitaliz\u00e1-la.<\/p>\n\n\n<div class=\"wp-block-image\">\n<figure class=\"aligncenter size-large\"><img loading=\"lazy\" decoding=\"async\" width=\"1024\" height=\"576\" src=\"https:\/\/www.em.com.br\/emfoco\/wp-content\/uploads\/2025\/08\/lirio-da-paz_1755321213047-1024x576.jpg\" alt=\"\" class=\"wp-image-92523\" srcset=\"https:\/\/www.em.com.br\/emfoco\/wp-content\/uploads\/2025\/08\/lirio-da-paz_1755321213047-1024x576.jpg 1024w, https:\/\/www.em.com.br\/emfoco\/wp-content\/uploads\/2025\/08\/lirio-da-paz_1755321213047-300x169.jpg 300w, https:\/\/www.em.com.br\/emfoco\/wp-content\/uploads\/2025\/08\/lirio-da-paz_1755321213047-768x432.jpg 768w, https:\/\/www.em.com.br\/emfoco\/wp-content\/uploads\/2025\/08\/lirio-da-paz_1755321213047-750x422.jpg 750w, https:\/\/www.em.com.br\/emfoco\/wp-content\/uploads\/2025\/08\/lirio-da-paz_1755321213047-1140x641.jpg 1140w, https:\/\/www.em.com.br\/emfoco\/wp-content\/uploads\/2025\/08\/lirio-da-paz_1755321213047.jpg 1280w\" sizes=\"auto, (max-width: 1024px) 100vw, 1024px\" \/><figcaption class=\"wp-element-caption\">Flor de l\u00edrio &#8211; Cr\u00e9ditos: depositphotos.com \/ Ok<\/figcaption><\/figure><\/div>\n\n\n<p>\u00c9 importante lembrar que, no cuidado f\u00edsico, o l\u00edrio da paz tamb\u00e9m pode secar por falta de luz, excesso ou escassez de \u00e1gua, ou baixa umidade do ar. Portanto, equilibrar a manuten\u00e7\u00e3o da planta com a vis\u00e3o espiritual pode ser uma forma de unir pr\u00e1ticas de cuidado e f\u00e9.<\/p>\n\n\n\n<h2 class=\"wp-block-heading\">O l\u00edrio da paz \u00e9 s\u00f3 espiritual ou tamb\u00e9m decorativo?<\/h2>\n\n\n\n<p>Al\u00e9m da simbologia espiritual, o l\u00edrio da paz \u00e9 uma planta muito utilizada na decora\u00e7\u00e3o de interiores. Suas folhas verdes e flores brancas transmitem leveza e eleg\u00e2ncia, sendo um elemento que embeleza banheiros, salas e escrit\u00f3rios.<\/p>\n\n\n\n<p>Assim, ele pode ser visto tanto como uma ferramenta espiritual de purifica\u00e7\u00e3o quanto como um elemento est\u00e9tico que contribui para o bem-estar e a harmonia do ambiente.<\/p>\n\n\n\n<h2 class=\"wp-block-heading\">Fontes oficiais<\/h2>\n\n\n\n<p>Como se trata de uma cren\u00e7a espiritual, n\u00e3o h\u00e1 comprova\u00e7\u00e3o cient\u00edfica sobre o tema. Para cuidados bot\u00e2nicos e f\u00edsicos com a planta:<\/p>\n\n\n\n<ul class=\"wp-block-list\">\n<li>Sociedade Brasileira de Bot\u00e2nica \u2014 <a href=\"https:\/\/www.botanica.org.br\" target=\"_blank\" rel=\"noreferrer noopener\">https:\/\/www.botanica.org.br<\/a><\/li>\n\n\n\n<li>Minist\u00e9rio do Meio Ambiente (Brasil) \u2014 <a href=\"https:\/\/www.gov.br\/mma\" target=\"_blank\" rel=\"noreferrer noopener\">https:\/\/www.gov.br\/mma<\/a><\/li>\n\n\n\n<li>Organiza\u00e7\u00e3o das Na\u00e7\u00f5es Unidas para Alimenta\u00e7\u00e3o e Agricultura (FAO) \u2014 <a href=\"https:\/\/www.fao.org\" target=\"_blank\" rel=\"noreferrer noopener\">https:\/\/www.fao.org<\/a><\/li>\n<\/ul>\n","protected":false},"excerpt":{"rendered":"<p>Segundo a espiritualista M\u00e1rcia Fernandes, conhecida como M\u00e1rcia Sensitiva, o l\u00edrio da paz \u00e9 uma planta especial para ser colocada no banheiro. Para ela, essa planta n\u00e3o apenas decora o ambiente, mas tamb\u00e9m funciona como um verdadeiro \u201cterm\u00f4metro energ\u00e9tico\u201d. De acordo com a sensitiva, o l\u00edrio da paz teria a capacidade de detectar energias pesadas [&hellip;]<\/p>\n","protected":false},"author":17,"featured_media":92524,"comment_status":"open","ping_status":"open","sticky":false,"template":"","format":"standard","meta":{"jnews-multi-image_gallery":[],"jnews_single_post":{"format":"standard"},"jnews_primary_category":[],"jnews_social_meta":[],"jnews_override_counter":[],"footnotes":""},"categories":[9053],"tags":[3324,327,415],"class_list":["post-92518","post","type-post","status-publish","format-standard","has-post-thumbnail","hentry","category-saude","tag-plantas","tag-qualidade-de-vida","tag-saude"],"yoast_head":"<!-- This site is optimized with the Yoast SEO plugin v23.8 - https:\/\/yoast.com\/wordpress\/plugins\/seo\/ -->\n<title>M\u00e1rcia Sensitiva, espiritualista: \u201cbanheiro tem que ter uma planta principal\u201d - Estado de Minas - Em foco<\/title>\n<meta name=\"description\" content=\"M\u00e1rcia Sensitiva explica o poder do l\u00edrio da paz no banheiro e como a planta pode indicar energias no ambiente segundo espiritualidade.\" \/>\n<meta name=\"robots\" content=\"index, follow, max-snippet:-1, max-image-preview:large, max-video-preview:-1\" \/>\n<link rel=\"canonical\" href=\"https:\/\/www.em.com.br\/emfoco\/2025\/08\/16\/marcia-sensitiva-espiritualista-banheiro-tem-que-ter-uma-planta-principal\/\" \/>\n<meta property=\"og:locale\" content=\"pt_BR\" \/>\n<meta property=\"og:type\" content=\"article\" \/>\n<meta property=\"og:title\" content=\"M\u00e1rcia Sensitiva, espiritualista: \u201cbanheiro tem que ter uma planta principal\u201d - Estado de Minas - Em foco\" \/>\n<meta property=\"og:description\" content=\"M\u00e1rcia Sensitiva explica o poder do l\u00edrio da paz no banheiro e como a planta pode indicar energias no ambiente segundo espiritualidade.\" \/>\n<meta property=\"og:url\" content=\"https:\/\/www.em.com.br\/emfoco\/2025\/08\/16\/marcia-sensitiva-espiritualista-banheiro-tem-que-ter-uma-planta-principal\/\" \/>\n<meta property=\"og:site_name\" content=\"Estado de Minas - Em foco\" \/>\n<meta property=\"article:published_time\" content=\"2025-08-16T10:58:00+00:00\" \/>\n<meta property=\"article:modified_time\" content=\"2025-08-16T05:18:39+00:00\" \/>\n<meta property=\"og:image\" content=\"https:\/\/www.em.com.br\/emfoco\/wp-content\/uploads\/2025\/08\/mosaico_1755321292330.jpg\" \/>\n\t<meta property=\"og:image:width\" content=\"1280\" \/>\n\t<meta property=\"og:image:height\" content=\"720\" \/>\n\t<meta property=\"og:image:type\" content=\"image\/jpeg\" \/>\n<meta name=\"author\" content=\"Lucas Sampaio\" \/>\n<meta name=\"twitter:card\" content=\"summary_large_image\" \/>\n<meta name=\"twitter:label1\" content=\"Escrito por\" \/>\n\t<meta name=\"twitter:data1\" content=\"Lucas Sampaio\" \/>\n\t<meta name=\"twitter:label2\" content=\"Est. tempo de leitura\" \/>\n\t<meta name=\"twitter:data2\" content=\"4 minutos\" \/>\n<!-- \/ Yoast SEO plugin. -->","yoast_head_json":{"title":"M\u00e1rcia Sensitiva, espiritualista: \u201cbanheiro tem que ter uma planta principal\u201d - Estado de Minas - Em foco","description":"M\u00e1rcia Sensitiva explica o poder do l\u00edrio da paz no banheiro e como a planta pode indicar energias no ambiente segundo espiritualidade.","robots":{"index":"index","follow":"follow","max-snippet":"max-snippet:-1","max-image-preview":"max-image-preview:large","max-video-preview":"max-video-preview:-1"},"canonical":"https:\/\/www.em.com.br\/emfoco\/2025\/08\/16\/marcia-sensitiva-espiritualista-banheiro-tem-que-ter-uma-planta-principal\/","og_locale":"pt_BR","og_type":"article","og_title":"M\u00e1rcia Sensitiva, espiritualista: \u201cbanheiro tem que ter uma planta principal\u201d - Estado de Minas - Em foco","og_description":"M\u00e1rcia Sensitiva explica o poder do l\u00edrio da paz no banheiro e como a planta pode indicar energias no ambiente segundo espiritualidade.","og_url":"https:\/\/www.em.com.br\/emfoco\/2025\/08\/16\/marcia-sensitiva-espiritualista-banheiro-tem-que-ter-uma-planta-principal\/","og_site_name":"Estado de Minas - Em foco","article_published_time":"2025-08-16T10:58:00+00:00","article_modified_time":"2025-08-16T05:18:39+00:00","og_image":[{"width":1280,"height":720,"url":"https:\/\/www.em.com.br\/emfoco\/wp-content\/uploads\/2025\/08\/mosaico_1755321292330.jpg","type":"image\/jpeg"}],"author":"Lucas Sampaio","twitter_card":"summary_large_image","twitter_misc":{"Escrito por":"Lucas Sampaio","Est. tempo de leitura":"4 minutos"},"schema":{"@context":"https:\/\/schema.org","@graph":[{"@type":"WebPage","@id":"https:\/\/www.em.com.br\/emfoco\/2025\/08\/16\/marcia-sensitiva-espiritualista-banheiro-tem-que-ter-uma-planta-principal\/","url":"https:\/\/www.em.com.br\/emfoco\/2025\/08\/16\/marcia-sensitiva-espiritualista-banheiro-tem-que-ter-uma-planta-principal\/","name":"M\u00e1rcia Sensitiva, espiritualista: \u201cbanheiro tem que ter uma planta principal\u201d - Estado de Minas - Em foco","isPartOf":{"@id":"https:\/\/www.em.com.br\/emfoco\/#website"},"primaryImageOfPage":{"@id":"https:\/\/www.em.com.br\/emfoco\/2025\/08\/16\/marcia-sensitiva-espiritualista-banheiro-tem-que-ter-uma-planta-principal\/#primaryimage"},"image":{"@id":"https:\/\/www.em.com.br\/emfoco\/2025\/08\/16\/marcia-sensitiva-espiritualista-banheiro-tem-que-ter-uma-planta-principal\/#primaryimage"},"thumbnailUrl":"https:\/\/www.em.com.br\/emfoco\/wp-content\/uploads\/2025\/08\/mosaico_1755321292330.jpg","datePublished":"2025-08-16T10:58:00+00:00","dateModified":"2025-08-16T05:18:39+00:00","author":{"@id":"https:\/\/www.em.com.br\/emfoco\/#\/schema\/person\/9ad4c536bd87f5bb8006420332b99aef"},"description":"M\u00e1rcia Sensitiva explica o poder do l\u00edrio da paz no banheiro e como a planta pode indicar energias no ambiente segundo espiritualidade.","breadcrumb":{"@id":"https:\/\/www.em.com.br\/emfoco\/2025\/08\/16\/marcia-sensitiva-espiritualista-banheiro-tem-que-ter-uma-planta-principal\/#breadcrumb"},"inLanguage":"pt-BR","potentialAction":[{"@type":"ReadAction","target":["https:\/\/www.em.com.br\/emfoco\/2025\/08\/16\/marcia-sensitiva-espiritualista-banheiro-tem-que-ter-uma-planta-principal\/"]}]},{"@type":"ImageObject","inLanguage":"pt-BR","@id":"https:\/\/www.em.com.br\/emfoco\/2025\/08\/16\/marcia-sensitiva-espiritualista-banheiro-tem-que-ter-uma-planta-principal\/#primaryimage","url":"https:\/\/www.em.com.br\/emfoco\/wp-content\/uploads\/2025\/08\/mosaico_1755321292330.jpg","contentUrl":"https:\/\/www.em.com.br\/emfoco\/wp-content\/uploads\/2025\/08\/mosaico_1755321292330.jpg","width":1280,"height":720,"caption":"Reprodu\u00e7\u00e3o (TikTok: @marciasensitivaoficial)"},{"@type":"BreadcrumbList","@id":"https:\/\/www.em.com.br\/emfoco\/2025\/08\/16\/marcia-sensitiva-espiritualista-banheiro-tem-que-ter-uma-planta-principal\/#breadcrumb","itemListElement":[{"@type":"ListItem","position":1,"name":"In\u00edcio","item":"https:\/\/www.em.com.br\/emfoco\/"},{"@type":"ListItem","position":2,"name":"M\u00e1rcia Sensitiva, espiritualista: \u201cbanheiro tem que ter uma planta principal\u201d"}]},{"@type":"WebSite","@id":"https:\/\/www.em.com.br\/emfoco\/#website","url":"https:\/\/www.em.com.br\/emfoco\/","name":"Estado de Minas - Em foco","description":"Acompanhe as \u00faltimas not\u00edcias e fique bem informado sobre tudo o que acontece em Minas Gerais, Brasil e no mundo.","potentialAction":[{"@type":"SearchAction","target":{"@type":"EntryPoint","urlTemplate":"https:\/\/www.em.com.br\/emfoco\/?s={search_term_string}"},"query-input":{"@type":"PropertyValueSpecification","valueRequired":true,"valueName":"search_term_string"}}],"inLanguage":"pt-BR"},{"@type":"Person","@id":"https:\/\/www.em.com.br\/emfoco\/#\/schema\/person\/9ad4c536bd87f5bb8006420332b99aef","name":"Lucas Sampaio","image":{"@type":"ImageObject","inLanguage":"pt-BR","@id":"https:\/\/www.em.com.br\/emfoco\/#\/schema\/person\/image\/","url":"https:\/\/secure.gravatar.com\/avatar\/2696b9676ad143cd7135b717faf6f79f?s=96&d=mm&r=g","contentUrl":"https:\/\/secure.gravatar.com\/avatar\/2696b9676ad143cd7135b717faf6f79f?s=96&d=mm&r=g","caption":"Lucas Sampaio"},"sameAs":["https:\/\/www.em.com.br\/emfoco\/"],"url":"https:\/\/www.em.com.br\/emfoco\/author\/lucasmyth\/"}]}},"_links":{"self":[{"href":"https:\/\/www.em.com.br\/emfoco\/wp-json\/wp\/v2\/posts\/92518","targetHints":{"allow":["GET"]}}],"collection":[{"href":"https:\/\/www.em.com.br\/emfoco\/wp-json\/wp\/v2\/posts"}],"about":[{"href":"https:\/\/www.em.com.br\/emfoco\/wp-json\/wp\/v2\/types\/post"}],"author":[{"embeddable":true,"href":"https:\/\/www.em.com.br\/emfoco\/wp-json\/wp\/v2\/users\/17"}],"replies":[{"embeddable":true,"href":"https:\/\/www.em.com.br\/emfoco\/wp-json\/wp\/v2\/comments?post=92518"}],"version-history":[{"count":1,"href":"https:\/\/www.em.com.br\/emfoco\/wp-json\/wp\/v2\/posts\/92518\/revisions"}],"predecessor-version":[{"id":92525,"href":"https:\/\/www.em.com.br\/emfoco\/wp-json\/wp\/v2\/posts\/92518\/revisions\/92525"}],"wp:featuredmedia":[{"embeddable":true,"href":"https:\/\/www.em.com.br\/emfoco\/wp-json\/wp\/v2\/media\/92524"}],"wp:attachment":[{"href":"https:\/\/www.em.com.br\/emfoco\/wp-json\/wp\/v2\/media?parent=92518"}],"wp:term":[{"taxonomy":"category","embeddable":true,"href":"https:\/\/www.em.com.br\/emfoco\/wp-json\/wp\/v2\/categories?post=92518"},{"taxonomy":"post_tag","embeddable":true,"href":"https:\/\/www.em.com.br\/emfoco\/wp-json\/wp\/v2\/tags?post=92518"}],"curies":[{"name":"wp","href":"https:\/\/api.w.org\/{rel}","templated":true}]}}