{"id":92096,"date":"2025-08-18T21:08:00","date_gmt":"2025-08-19T00:08:00","guid":{"rendered":"https:\/\/www.em.com.br\/emfoco\/?p=92096"},"modified":"2025-08-15T13:56:00","modified_gmt":"2025-08-15T16:56:00","slug":"transforme-seus-pes-em-minutos-com-esses-ingredientes-simples","status":"publish","type":"post","link":"https:\/\/www.em.com.br\/emfoco\/2025\/08\/18\/transforme-seus-pes-em-minutos-com-esses-ingredientes-simples\/","title":{"rendered":"Transforme seus p\u00e9s em minutos com esses ingredientes simples"},"content":{"rendered":"\n<p>Manter os p\u00e9s macios e livres de rachaduras pode ser simples usando <strong>ingredientes caseiros<\/strong>. Com alguns produtos comuns da cozinha, \u00e9 poss\u00edvel criar um <strong>hidratante poderoso<\/strong> e natural.<\/p>\n\n\n\n<ul class=\"wp-block-list\">\n<li><strong>Hidrata\u00e7\u00e3o intensa<\/strong> sem recorrer a cremes industrializados.<\/li>\n\n\n\n<li><strong>Passo a passo f\u00e1cil<\/strong> para preparar em poucos minutos.<\/li>\n\n\n\n<li><strong>Benef\u00edcios extras<\/strong> como suavidade, cheiro agrad\u00e1vel e cuidado da pele.<\/li>\n<\/ul>\n\n\n\n<h2 class=\"wp-block-heading\">Quais ingredientes simples podem transformar a pele dos p\u00e9s?<\/h2>\n\n\n\n<p>Para criar um <strong>hidratante <\/strong>caseiro, voc\u00ea pode usar <strong>\u00f3leo de coco, mel, azeite e a\u00e7\u00facar<\/strong>. Esses ingredientes possuem propriedades emolientes e nutritivas.<\/p>\n\n\n\n<p>O <strong>\u00f3leo de coco<\/strong> ajuda a manter a umidade, enquanto o <strong>mel<\/strong> oferece a\u00e7\u00e3o antibacteriana e suaviza a pele. J\u00e1 o <a href=\"https:\/\/www.em.com.br\/emfoco\/2025\/07\/24\/5-sinais-para-identificar-um-azeite-de-oliva-que-nao-e-confiavel\/\" target=\"_blank\" rel=\"noreferrer noopener\"><strong>azeite<\/strong> <\/a>garante elasticidade e o <strong>a\u00e7\u00facar<\/strong> pode ser usado para esfolia\u00e7\u00e3o leve.<\/p>\n\n\n\n<figure class=\"wp-block-image size-large\"><img loading=\"lazy\" decoding=\"async\" width=\"1024\" height=\"576\" src=\"https:\/\/www.em.com.br\/emfoco\/wp-content\/uploads\/2025\/07\/pes_1753275296982-1024x576.jpg\" alt=\"Nova teoria diz que a largura dos seus p\u00e9s pode contar muito sobre seu passado\" class=\"wp-image-80231\" srcset=\"https:\/\/www.em.com.br\/emfoco\/wp-content\/uploads\/2025\/07\/pes_1753275296982-1024x576.jpg 1024w, https:\/\/www.em.com.br\/emfoco\/wp-content\/uploads\/2025\/07\/pes_1753275296982-300x169.jpg 300w, https:\/\/www.em.com.br\/emfoco\/wp-content\/uploads\/2025\/07\/pes_1753275296982-768x432.jpg 768w, https:\/\/www.em.com.br\/emfoco\/wp-content\/uploads\/2025\/07\/pes_1753275296982-750x422.jpg 750w, https:\/\/www.em.com.br\/emfoco\/wp-content\/uploads\/2025\/07\/pes_1753275296982-1140x641.jpg 1140w, https:\/\/www.em.com.br\/emfoco\/wp-content\/uploads\/2025\/07\/pes_1753275296982.jpg 1280w\" sizes=\"auto, (max-width: 1024px) 100vw, 1024px\" \/><figcaption class=\"wp-element-caption\">P\u00e9s &#8211; Cr\u00e9ditos: depositphotos.com \/ AndrewLozovyi<\/figcaption><\/figure>\n\n\n\n<h2 class=\"wp-block-heading\">Como preparar a base do hidratante caseiro?<\/h2>\n\n\n\n<p>Comece misturando 2 colheres de sopa de <strong>\u00f3leo de coco<\/strong> com 1 colher de sopa de <strong>mel<\/strong>. A combina\u00e7\u00e3o garante hidrata\u00e7\u00e3o profunda e prote\u00e7\u00e3o contra ressecamento.<\/p>\n\n\n\n<p>Adicione 1 colher de ch\u00e1 de <strong>azeite<\/strong> para refor\u00e7ar a maciez e 1 colher de ch\u00e1 de <strong>a\u00e7\u00facar<\/strong> se desejar criar um efeito esfoliante suave, removendo c\u00e9lulas mortas e deixando os p\u00e9s mais lisos.<\/p>\n\n\n\n<h2 class=\"wp-block-heading\">Qual \u00e9 a t\u00e9cnica correta de aplica\u00e7\u00e3o?<\/h2>\n\n\n\n<p>Antes de aplicar o <strong>hidratante <\/strong>, lave os p\u00e9s com \u00e1gua morna e seque suavemente. Em seguida, massageie a mistura por 5 a 10 minutos, enfatizando calcanhares e \u00e1reas mais ressecadas.<\/p>\n\n\n\n<p>Para potencializar o efeito, use meias de algod\u00e3o por 30 minutos ap\u00f3s a aplica\u00e7\u00e3o, permitindo que os <strong>ingredientes caseiros<\/strong> penetrem profundamente na pele.<\/p>\n\n\n\n<ul class=\"wp-block-list\">\n<li>Massageie com movimentos circulares, estimulando a circula\u00e7\u00e3o.<\/li>\n\n\n\n<li>Evite enxaguar imediatamente para manter a hidrata\u00e7\u00e3o.<\/li>\n\n\n\n<li>Repita a aplica\u00e7\u00e3o 2 a 3 vezes por semana para melhores resultados.<\/li>\n\n\n\n<li>Combine com esfolia\u00e7\u00e3o leve semanalmente para suavidade extra.<\/li>\n<\/ul>\n\n\n\n<figure class=\"wp-block-image size-large\"><img loading=\"lazy\" decoding=\"async\" width=\"1024\" height=\"576\" src=\"https:\/\/www.em.com.br\/emfoco\/wp-content\/uploads\/2025\/07\/pes_1753275321182-1024x576.jpg\" alt=\"Nova teoria diz que a largura dos seus p\u00e9s pode contar muito sobre seu passado\" class=\"wp-image-80232\" srcset=\"https:\/\/www.em.com.br\/emfoco\/wp-content\/uploads\/2025\/07\/pes_1753275321182-1024x576.jpg 1024w, https:\/\/www.em.com.br\/emfoco\/wp-content\/uploads\/2025\/07\/pes_1753275321182-300x169.jpg 300w, https:\/\/www.em.com.br\/emfoco\/wp-content\/uploads\/2025\/07\/pes_1753275321182-768x432.jpg 768w, https:\/\/www.em.com.br\/emfoco\/wp-content\/uploads\/2025\/07\/pes_1753275321182-750x422.jpg 750w, https:\/\/www.em.com.br\/emfoco\/wp-content\/uploads\/2025\/07\/pes_1753275321182-1140x641.jpg 1140w, https:\/\/www.em.com.br\/emfoco\/wp-content\/uploads\/2025\/07\/pes_1753275321182.jpg 1280w\" sizes=\"auto, (max-width: 1024px) 100vw, 1024px\" \/><figcaption class=\"wp-element-caption\">P\u00e9s &#8211; Cr\u00e9ditos: depositphotos.com \/ Katrin_Timoff<\/figcaption><\/figure>\n\n\n\n<h2 class=\"wp-block-heading\">Quais cuidados manter ao usar o hidratante caseiro?<\/h2>\n\n\n\n<p>Mesmo natural, o <strong>hidratante <\/strong>exige aten\u00e7\u00e3o. Pessoas com alergia a algum dos ingredientes devem testar uma pequena quantidade antes de aplicar completamente.<\/p>\n\n\n\n<p>Evite contato com feridas abertas ou cortes. Mantenha o preparo armazenado em recipiente limpo e fechado para conservar propriedades e evitar contamina\u00e7\u00e3o.<\/p>\n\n\n\n<ul class=\"wp-block-list\">\n<li>Realize teste de sensibilidade antes do uso completo.<\/li>\n\n\n\n<li>Use apenas em pele \u00edntegra e limpa.<\/li>\n\n\n\n<li>Armazene em pote de vidro, longe da luz direta.<\/li>\n\n\n\n<li>Descartar se houver altera\u00e7\u00e3o de cheiro ou cor.<\/li>\n<\/ul>\n\n\n\n<h2 class=\"wp-block-heading\">Como potencializar a maciez e o conforto dos p\u00e9s diariamente?<\/h2>\n\n\n\n<p>Inclua o <strong>hidratante <\/strong>na <strong><a href=\"https:\/\/www.centrum.com.br\/aprenda-conosco\/dicas-de-saude-e-bem-estar\/estabelecendo-uma-rotina-de-autocuidado\/\" target=\"_blank\" rel=\"noreferrer noopener\">rotina semanal de cuidados<\/a><\/strong> e combine com bons h\u00e1bitos, como hidrata\u00e7\u00e3o interna e cal\u00e7ados confort\u00e1veis.<\/p>\n\n\n\n<p>Pequenos ajustes, como evitar ficar longos per\u00edodos em p\u00e9 sem descanso e utilizar meias de algod\u00e3o, ajudam a manter a pele dos p\u00e9s sempre macia e saud\u00e1vel.<\/p>\n\n\n\n<h2 class=\"wp-block-heading\">P\u00e9s macios e saud\u00e1veis todos os dias<\/h2>\n\n\n\n<ul class=\"wp-block-list\">\n<li>O <strong>hidratante <\/strong>caseiro hidrata profundamente e suaviza calcanhares ressecados.<\/li>\n\n\n\n<li>Ingredientes simples da cozinha oferecem cuidado natural e seguro.<\/li>\n\n\n\n<li>Aplica\u00e7\u00e3o regular e h\u00e1bitos saud\u00e1veis garantem conforto e pele macia.<\/li>\n<\/ul>\n","protected":false},"excerpt":{"rendered":"<p>Manter os p\u00e9s macios e livres de rachaduras pode ser simples usando ingredientes caseiros. Com alguns produtos comuns da cozinha, \u00e9 poss\u00edvel criar um hidratante poderoso e natural. Quais ingredientes simples podem transformar a pele dos p\u00e9s? Para criar um hidratante caseiro, voc\u00ea pode usar \u00f3leo de coco, mel, azeite e a\u00e7\u00facar. Esses ingredientes possuem [&hellip;]<\/p>\n","protected":false},"author":13,"featured_media":86290,"comment_status":"open","ping_status":"open","sticky":false,"template":"","format":"standard","meta":{"jnews-multi-image_gallery":[],"jnews_single_post":{"format":"standard"},"jnews_primary_category":[],"jnews_social_meta":[],"jnews_override_counter":[],"footnotes":""},"categories":[8819],"tags":[2017,14104,14105,13111],"class_list":["post-92096","post","type-post","status-publish","format-standard","has-post-thumbnail","hentry","category-curiosidades","tag-dicas","tag-hidratante-caseiro","tag-pes-hidratados","tag-produtos-caseiros"],"yoast_head":"<!-- This site is optimized with the Yoast SEO plugin v23.8 - https:\/\/yoast.com\/wordpress\/plugins\/seo\/ -->\n<title>Transforme seus p\u00e9s em minutos com esses ingredientes simples - Estado de Minas - Em foco<\/title>\n<meta name=\"description\" content=\"A receita queridinha para p\u00e9s rachados envolve poucos passos e muito resultado. Ideal para quem busca conforto e pele macia todos os dias.\" \/>\n<meta name=\"robots\" content=\"index, follow, max-snippet:-1, max-image-preview:large, max-video-preview:-1\" \/>\n<link rel=\"canonical\" href=\"https:\/\/www.em.com.br\/emfoco\/2025\/08\/18\/transforme-seus-pes-em-minutos-com-esses-ingredientes-simples\/\" \/>\n<meta property=\"og:locale\" content=\"pt_BR\" \/>\n<meta property=\"og:type\" content=\"article\" \/>\n<meta property=\"og:title\" content=\"Transforme seus p\u00e9s em minutos com esses ingredientes simples - Estado de Minas - Em foco\" \/>\n<meta property=\"og:description\" content=\"A receita queridinha para p\u00e9s rachados envolve poucos passos e muito resultado. Ideal para quem busca conforto e pele macia todos os dias.\" \/>\n<meta property=\"og:url\" content=\"https:\/\/www.em.com.br\/emfoco\/2025\/08\/18\/transforme-seus-pes-em-minutos-com-esses-ingredientes-simples\/\" \/>\n<meta property=\"og:site_name\" content=\"Estado de Minas - Em foco\" \/>\n<meta property=\"article:published_time\" content=\"2025-08-19T00:08:00+00:00\" \/>\n<meta property=\"article:modified_time\" content=\"2025-08-15T16:56:00+00:00\" \/>\n<meta property=\"og:image\" content=\"https:\/\/www.em.com.br\/emfoco\/wp-content\/uploads\/2025\/08\/lavar-os-pes_1754323490003.jpg\" \/>\n\t<meta property=\"og:image:width\" content=\"1280\" \/>\n\t<meta property=\"og:image:height\" content=\"720\" \/>\n\t<meta property=\"og:image:type\" content=\"image\/jpeg\" \/>\n<meta name=\"author\" content=\"Gabriel Martins\" \/>\n<meta name=\"twitter:card\" content=\"summary_large_image\" \/>\n<meta name=\"twitter:label1\" content=\"Escrito por\" \/>\n\t<meta name=\"twitter:data1\" content=\"Gabriel Martins\" \/>\n\t<meta name=\"twitter:label2\" content=\"Est. tempo de leitura\" \/>\n\t<meta name=\"twitter:data2\" content=\"4 minutos\" \/>\n<!-- \/ Yoast SEO plugin. -->","yoast_head_json":{"title":"Transforme seus p\u00e9s em minutos com esses ingredientes simples - Estado de Minas - Em foco","description":"A receita queridinha para p\u00e9s rachados envolve poucos passos e muito resultado. Ideal para quem busca conforto e pele macia todos os dias.","robots":{"index":"index","follow":"follow","max-snippet":"max-snippet:-1","max-image-preview":"max-image-preview:large","max-video-preview":"max-video-preview:-1"},"canonical":"https:\/\/www.em.com.br\/emfoco\/2025\/08\/18\/transforme-seus-pes-em-minutos-com-esses-ingredientes-simples\/","og_locale":"pt_BR","og_type":"article","og_title":"Transforme seus p\u00e9s em minutos com esses ingredientes simples - Estado de Minas - Em foco","og_description":"A receita queridinha para p\u00e9s rachados envolve poucos passos e muito resultado. Ideal para quem busca conforto e pele macia todos os dias.","og_url":"https:\/\/www.em.com.br\/emfoco\/2025\/08\/18\/transforme-seus-pes-em-minutos-com-esses-ingredientes-simples\/","og_site_name":"Estado de Minas - Em foco","article_published_time":"2025-08-19T00:08:00+00:00","article_modified_time":"2025-08-15T16:56:00+00:00","og_image":[{"width":1280,"height":720,"url":"https:\/\/www.em.com.br\/emfoco\/wp-content\/uploads\/2025\/08\/lavar-os-pes_1754323490003.jpg","type":"image\/jpeg"}],"author":"Gabriel Martins","twitter_card":"summary_large_image","twitter_misc":{"Escrito por":"Gabriel Martins","Est. tempo de leitura":"4 minutos"},"schema":{"@context":"https:\/\/schema.org","@graph":[{"@type":"WebPage","@id":"https:\/\/www.em.com.br\/emfoco\/2025\/08\/18\/transforme-seus-pes-em-minutos-com-esses-ingredientes-simples\/","url":"https:\/\/www.em.com.br\/emfoco\/2025\/08\/18\/transforme-seus-pes-em-minutos-com-esses-ingredientes-simples\/","name":"Transforme seus p\u00e9s em minutos com esses ingredientes simples - Estado de Minas - Em foco","isPartOf":{"@id":"https:\/\/www.em.com.br\/emfoco\/#website"},"primaryImageOfPage":{"@id":"https:\/\/www.em.com.br\/emfoco\/2025\/08\/18\/transforme-seus-pes-em-minutos-com-esses-ingredientes-simples\/#primaryimage"},"image":{"@id":"https:\/\/www.em.com.br\/emfoco\/2025\/08\/18\/transforme-seus-pes-em-minutos-com-esses-ingredientes-simples\/#primaryimage"},"thumbnailUrl":"https:\/\/www.em.com.br\/emfoco\/wp-content\/uploads\/2025\/08\/lavar-os-pes_1754323490003.jpg","datePublished":"2025-08-19T00:08:00+00:00","dateModified":"2025-08-15T16:56:00+00:00","author":{"@id":"https:\/\/www.em.com.br\/emfoco\/#\/schema\/person\/1c9ddeab18b98abeffef834667bcf08a"},"description":"A receita queridinha para p\u00e9s rachados envolve poucos passos e muito resultado. Ideal para quem busca conforto e pele macia todos os dias.","breadcrumb":{"@id":"https:\/\/www.em.com.br\/emfoco\/2025\/08\/18\/transforme-seus-pes-em-minutos-com-esses-ingredientes-simples\/#breadcrumb"},"inLanguage":"pt-BR","potentialAction":[{"@type":"ReadAction","target":["https:\/\/www.em.com.br\/emfoco\/2025\/08\/18\/transforme-seus-pes-em-minutos-com-esses-ingredientes-simples\/"]}]},{"@type":"ImageObject","inLanguage":"pt-BR","@id":"https:\/\/www.em.com.br\/emfoco\/2025\/08\/18\/transforme-seus-pes-em-minutos-com-esses-ingredientes-simples\/#primaryimage","url":"https:\/\/www.em.com.br\/emfoco\/wp-content\/uploads\/2025\/08\/lavar-os-pes_1754323490003.jpg","contentUrl":"https:\/\/www.em.com.br\/emfoco\/wp-content\/uploads\/2025\/08\/lavar-os-pes_1754323490003.jpg","width":1280,"height":720,"caption":"Lavando os p\u00e9s - Cr\u00e9ditos: depositphotos.com \/ kotin"},{"@type":"BreadcrumbList","@id":"https:\/\/www.em.com.br\/emfoco\/2025\/08\/18\/transforme-seus-pes-em-minutos-com-esses-ingredientes-simples\/#breadcrumb","itemListElement":[{"@type":"ListItem","position":1,"name":"In\u00edcio","item":"https:\/\/www.em.com.br\/emfoco\/"},{"@type":"ListItem","position":2,"name":"Transforme seus p\u00e9s em minutos com esses ingredientes simples"}]},{"@type":"WebSite","@id":"https:\/\/www.em.com.br\/emfoco\/#website","url":"https:\/\/www.em.com.br\/emfoco\/","name":"Estado de Minas - Em foco","description":"Acompanhe as \u00faltimas not\u00edcias e fique bem informado sobre tudo o que acontece em Minas Gerais, Brasil e no mundo.","potentialAction":[{"@type":"SearchAction","target":{"@type":"EntryPoint","urlTemplate":"https:\/\/www.em.com.br\/emfoco\/?s={search_term_string}"},"query-input":{"@type":"PropertyValueSpecification","valueRequired":true,"valueName":"search_term_string"}}],"inLanguage":"pt-BR"},{"@type":"Person","@id":"https:\/\/www.em.com.br\/emfoco\/#\/schema\/person\/1c9ddeab18b98abeffef834667bcf08a","name":"Gabriel Martins","image":{"@type":"ImageObject","inLanguage":"pt-BR","@id":"https:\/\/www.em.com.br\/emfoco\/#\/schema\/person\/image\/","url":"https:\/\/secure.gravatar.com\/avatar\/f0f1e2efdfd88f1ad2cb08c5c2731e50?s=96&d=mm&r=g","contentUrl":"https:\/\/secure.gravatar.com\/avatar\/f0f1e2efdfd88f1ad2cb08c5c2731e50?s=96&d=mm&r=g","caption":"Gabriel Martins"},"sameAs":["https:\/\/www.em.com.br\/emfoco\/"],"url":"https:\/\/www.em.com.br\/emfoco\/author\/gabrielmartinsmyth\/"}]}},"_links":{"self":[{"href":"https:\/\/www.em.com.br\/emfoco\/wp-json\/wp\/v2\/posts\/92096","targetHints":{"allow":["GET"]}}],"collection":[{"href":"https:\/\/www.em.com.br\/emfoco\/wp-json\/wp\/v2\/posts"}],"about":[{"href":"https:\/\/www.em.com.br\/emfoco\/wp-json\/wp\/v2\/types\/post"}],"author":[{"embeddable":true,"href":"https:\/\/www.em.com.br\/emfoco\/wp-json\/wp\/v2\/users\/13"}],"replies":[{"embeddable":true,"href":"https:\/\/www.em.com.br\/emfoco\/wp-json\/wp\/v2\/comments?post=92096"}],"version-history":[{"count":1,"href":"https:\/\/www.em.com.br\/emfoco\/wp-json\/wp\/v2\/posts\/92096\/revisions"}],"predecessor-version":[{"id":92112,"href":"https:\/\/www.em.com.br\/emfoco\/wp-json\/wp\/v2\/posts\/92096\/revisions\/92112"}],"wp:featuredmedia":[{"embeddable":true,"href":"https:\/\/www.em.com.br\/emfoco\/wp-json\/wp\/v2\/media\/86290"}],"wp:attachment":[{"href":"https:\/\/www.em.com.br\/emfoco\/wp-json\/wp\/v2\/media?parent=92096"}],"wp:term":[{"taxonomy":"category","embeddable":true,"href":"https:\/\/www.em.com.br\/emfoco\/wp-json\/wp\/v2\/categories?post=92096"},{"taxonomy":"post_tag","embeddable":true,"href":"https:\/\/www.em.com.br\/emfoco\/wp-json\/wp\/v2\/tags?post=92096"}],"curies":[{"name":"wp","href":"https:\/\/api.w.org\/{rel}","templated":true}]}}