{"id":91976,"date":"2025-08-18T07:08:00","date_gmt":"2025-08-18T10:08:00","guid":{"rendered":"https:\/\/www.em.com.br\/emfoco\/?p=91976"},"modified":"2025-08-15T10:43:32","modified_gmt":"2025-08-15T13:43:32","slug":"7-alimentos-leves-que-promovem-bem-estar-para-uma-noite-de-sono-tranquila","status":"publish","type":"post","link":"https:\/\/www.em.com.br\/emfoco\/2025\/08\/18\/7-alimentos-leves-que-promovem-bem-estar-para-uma-noite-de-sono-tranquila\/","title":{"rendered":"7 alimentos leves que promovem bem-estar para uma noite de sono tranquila"},"content":{"rendered":"\n<p>Quer dormir melhor sem acordar pesado? Escolher <strong>alimentos leves<\/strong> antes de dormir pode melhorar o sono e a sa\u00fade. Veja 7 op\u00e7\u00f5es ideais!<\/p>\n\n\n\n<ul class=\"wp-block-list\">\n<li>Conhe\u00e7a alimentos que promovem relaxamento e descanso.<\/li>\n\n\n\n<li>Entenda como evitar desconfortos digestivos \u00e0 noite.<\/li>\n\n\n\n<li>Descubra formas simples de incluir essas op\u00e7\u00f5es na rotina.<\/li>\n<\/ul>\n\n\n\n<h2 class=\"wp-block-heading\">Por que a alimenta\u00e7\u00e3o afeta o sono?<\/h2>\n\n\n\n<p>Comidas pesadas ou ricas em gordura podem causar <strong>ins\u00f4nia<\/strong> e desconforto g\u00e1strico. Alimentos leves favorecem a produ\u00e7\u00e3o de melatonina.<\/p>\n\n\n\n<p>Estudos mostram que op\u00e7\u00f5es ricas em tript\u00f3fano e magn\u00e9sio ajudam a relaxar o <strong><a href=\"https:\/\/brasilescola.uol.com.br\/biologia\/sistema-nervoso.htm\" target=\"_blank\" rel=\"noreferrer noopener\">sistema nervoso<\/a><\/strong>, promovendo um sono reparador.<\/p>\n\n\n\n<figure class=\"wp-block-image size-large\"><img loading=\"lazy\" decoding=\"async\" width=\"1024\" height=\"576\" src=\"https:\/\/www.em.com.br\/emfoco\/wp-content\/uploads\/2025\/07\/insonia_1753451667580-1024x576.jpg\" alt=\"O que significa acordar no meio da noite sempre no mesmo hor\u00e1rio\" class=\"wp-image-81397\" srcset=\"https:\/\/www.em.com.br\/emfoco\/wp-content\/uploads\/2025\/07\/insonia_1753451667580-1024x576.jpg 1024w, https:\/\/www.em.com.br\/emfoco\/wp-content\/uploads\/2025\/07\/insonia_1753451667580-300x169.jpg 300w, https:\/\/www.em.com.br\/emfoco\/wp-content\/uploads\/2025\/07\/insonia_1753451667580-768x432.jpg 768w, https:\/\/www.em.com.br\/emfoco\/wp-content\/uploads\/2025\/07\/insonia_1753451667580-750x422.jpg 750w, https:\/\/www.em.com.br\/emfoco\/wp-content\/uploads\/2025\/07\/insonia_1753451667580-1140x641.jpg 1140w, https:\/\/www.em.com.br\/emfoco\/wp-content\/uploads\/2025\/07\/insonia_1753451667580.jpg 1280w\" sizes=\"auto, (max-width: 1024px) 100vw, 1024px\" \/><figcaption class=\"wp-element-caption\">Ins\u00f4nia &#8211; Cr\u00e9ditos: depositphotos.com \/ RostyslavOleksin<\/figcaption><\/figure>\n\n\n\n<h2 class=\"wp-block-heading\">Como a leite morna ajuda a dormir?<\/h2>\n\n\n\n<p>O <strong>leite morno<\/strong> cont\u00e9m tript\u00f3fano, que estimula a produ\u00e7\u00e3o de serotonina e melatonina, essenciais para o sono. O c\u00e1lcio regula os ciclos de descanso.<\/p>\n\n\n\n<p>Adicionar uma pitada de cacau amargo ou canela pode potencializar o efeito relaxante, segundo especialistas.<\/p>\n\n\n\n<h2 class=\"wp-block-heading\">Quais frutas s\u00e3o aliadas do sono?<\/h2>\n\n\n\n<p><strong>Banana<\/strong> e kiwi s\u00e3o ricos em tript\u00f3fano, pot\u00e1ssio e antioxidantes. Eles relaxam m\u00fasculos e estabilizam o ritmo card\u00edaco para um sono tranquilo.<\/p>\n\n\n\n<p>Estudos indicam que o kiwi, com <a href=\"https:\/\/www.em.com.br\/emfoco\/2025\/08\/05\/a-fruta-mais-rica-em-vitamina-c-que-voce-pode-plantar-no-quintal\/\" target=\"_blank\" rel=\"noreferrer noopener\"><strong>vitamina C<\/strong><\/a>, melhora a dura\u00e7\u00e3o do sono. Consuma em fatias ou com aveia.<\/p>\n\n\n\n<ul class=\"wp-block-list\">\n<li>Banana regula o cora\u00e7\u00e3o e promove calma.<\/li>\n\n\n\n<li>Kiwi aumenta a qualidade do sono, segundo pesquisas.<\/li>\n\n\n\n<li>Coma 1 hora antes de dormir para melhor digest\u00e3o.<\/li>\n\n\n\n<li>Evite por\u00e7\u00f5es grandes para n\u00e3o sobrecarregar o est\u00f4mago.<\/li>\n<\/ul>\n\n\n\n<figure class=\"wp-block-image size-large\"><img loading=\"lazy\" decoding=\"async\" width=\"1024\" height=\"576\" src=\"https:\/\/www.em.com.br\/emfoco\/wp-content\/uploads\/2025\/05\/banana_1746108343828-1024x576.jpg\" alt=\"Benef\u00edcios da banana que podem transformar seu dia com energia e bem-estar\" class=\"wp-image-43247\" srcset=\"https:\/\/www.em.com.br\/emfoco\/wp-content\/uploads\/2025\/05\/banana_1746108343828-1024x576.jpg 1024w, https:\/\/www.em.com.br\/emfoco\/wp-content\/uploads\/2025\/05\/banana_1746108343828-300x169.jpg 300w, https:\/\/www.em.com.br\/emfoco\/wp-content\/uploads\/2025\/05\/banana_1746108343828-768x432.jpg 768w, https:\/\/www.em.com.br\/emfoco\/wp-content\/uploads\/2025\/05\/banana_1746108343828-750x422.jpg 750w, https:\/\/www.em.com.br\/emfoco\/wp-content\/uploads\/2025\/05\/banana_1746108343828-1140x641.jpg 1140w, https:\/\/www.em.com.br\/emfoco\/wp-content\/uploads\/2025\/05\/banana_1746108343828.jpg 1280w\" sizes=\"auto, (max-width: 1024px) 100vw, 1024px\" \/><figcaption class=\"wp-element-caption\">Banana &#8211; Cr\u00e9ditos: depositphotos.com \/ photomaru<\/figcaption><\/figure>\n\n\n\n<h2 class=\"wp-block-heading\">Quais lanches leves favorecem o descanso?<\/h2>\n\n\n\n<p><strong>Ovos cozidos<\/strong> e iogurte com aveia s\u00e3o op\u00e7\u00f5es saciantes e f\u00e1ceis de digerir. Suas prote\u00ednas estabilizam o a\u00e7\u00facar no sangue durante a noite.<\/p>\n\n\n\n<p>Am\u00eandoas, com magn\u00e9sio, relaxam o sistema nervoso, mas limite a 5 unidades para evitar excesso cal\u00f3rico.<\/p>\n\n\n\n<ul class=\"wp-block-list\">\n<li>Ovos cozidos evitam picos de glicemia noturnos.<\/li>\n\n\n\n<li>Iogurte com aveia melhora a sa\u00fade intestinal.<\/li>\n\n\n\n<li>Am\u00eandoas promovem relaxamento com modera\u00e7\u00e3o.<\/li>\n\n\n\n<li>Adicione mel ao iogurte para um toque funcional.<\/li>\n<\/ul>\n\n\n\n<h2 class=\"wp-block-heading\">Alimentos para um sono reparador<\/h2>\n\n\n\n<p>Inclua <strong>ch\u00e1s calmantes<\/strong>, como camomila, e alimentos ricos em tript\u00f3fano na sua noite. Consuma-os 1 hora antes de dormir para melhores resultados.<\/p>\n\n\n\n<ul class=\"wp-block-list\">\n<li>Leite, banana e kiwi promovem melatonina naturalmente.<\/li>\n\n\n\n<li>Evite cafe\u00edna e telas para potencializar o descanso.<\/li>\n\n\n\n<li>Op\u00e7\u00f5es leves mant\u00eam a sa\u00fade e evitam ganho de peso.<\/li>\n<\/ul>\n","protected":false},"excerpt":{"rendered":"<p>Quer dormir melhor sem acordar pesado? Escolher alimentos leves antes de dormir pode melhorar o sono e a sa\u00fade. Veja 7 op\u00e7\u00f5es ideais! Por que a alimenta\u00e7\u00e3o afeta o sono? Comidas pesadas ou ricas em gordura podem causar ins\u00f4nia e desconforto g\u00e1strico. Alimentos leves favorecem a produ\u00e7\u00e3o de melatonina. Estudos mostram que op\u00e7\u00f5es ricas em [&hellip;]<\/p>\n","protected":false},"author":13,"featured_media":66888,"comment_status":"open","ping_status":"open","sticky":false,"template":"","format":"standard","meta":{"jnews-multi-image_gallery":[],"jnews_single_post":{"format":"standard"},"jnews_primary_category":[],"jnews_social_meta":[],"jnews_override_counter":[],"footnotes":""},"categories":[8819],"tags":[14084,4205,12803],"class_list":["post-91976","post","type-post","status-publish","format-standard","has-post-thumbnail","hentry","category-curiosidades","tag-alimentos-leves","tag-digestao","tag-qualidade-do-sono"],"yoast_head":"<!-- This site is optimized with the Yoast SEO plugin v23.8 - https:\/\/yoast.com\/wordpress\/plugins\/seo\/ -->\n<title>7 alimentos leves que promovem bem-estar para uma noite de sono tranquila - Estado de Minas - Em foco<\/title>\n<meta name=\"description\" content=\"Comer alimentos leves antes de dormir melhora o sono, evita desconfortos e ajuda a manter a sa\u00fade. Veja 7 op\u00e7\u00f5es para incluir na sua noite.\" \/>\n<meta name=\"robots\" content=\"index, follow, max-snippet:-1, max-image-preview:large, max-video-preview:-1\" \/>\n<link rel=\"canonical\" href=\"https:\/\/www.em.com.br\/emfoco\/2025\/08\/18\/7-alimentos-leves-que-promovem-bem-estar-para-uma-noite-de-sono-tranquila\/\" \/>\n<meta property=\"og:locale\" content=\"pt_BR\" \/>\n<meta property=\"og:type\" content=\"article\" \/>\n<meta property=\"og:title\" content=\"7 alimentos leves que promovem bem-estar para uma noite de sono tranquila - Estado de Minas - Em foco\" \/>\n<meta property=\"og:description\" content=\"Comer alimentos leves antes de dormir melhora o sono, evita desconfortos e ajuda a manter a sa\u00fade. Veja 7 op\u00e7\u00f5es para incluir na sua noite.\" \/>\n<meta property=\"og:url\" content=\"https:\/\/www.em.com.br\/emfoco\/2025\/08\/18\/7-alimentos-leves-que-promovem-bem-estar-para-uma-noite-de-sono-tranquila\/\" \/>\n<meta property=\"og:site_name\" content=\"Estado de Minas - Em foco\" \/>\n<meta property=\"article:published_time\" content=\"2025-08-18T10:08:00+00:00\" \/>\n<meta property=\"article:modified_time\" content=\"2025-08-15T13:43:32+00:00\" \/>\n<meta property=\"og:image\" content=\"https:\/\/www.em.com.br\/emfoco\/wp-content\/uploads\/2025\/06\/travesseiro_1750865980639.jpg\" \/>\n\t<meta property=\"og:image:width\" content=\"1280\" \/>\n\t<meta property=\"og:image:height\" content=\"720\" \/>\n\t<meta property=\"og:image:type\" content=\"image\/jpeg\" \/>\n<meta name=\"author\" content=\"Gabriel Martins\" \/>\n<meta name=\"twitter:card\" content=\"summary_large_image\" \/>\n<meta name=\"twitter:label1\" content=\"Escrito por\" \/>\n\t<meta name=\"twitter:data1\" content=\"Gabriel Martins\" \/>\n\t<meta name=\"twitter:label2\" content=\"Est. tempo de leitura\" \/>\n\t<meta name=\"twitter:data2\" content=\"3 minutos\" \/>\n<!-- \/ Yoast SEO plugin. -->","yoast_head_json":{"title":"7 alimentos leves que promovem bem-estar para uma noite de sono tranquila - Estado de Minas - Em foco","description":"Comer alimentos leves antes de dormir melhora o sono, evita desconfortos e ajuda a manter a sa\u00fade. Veja 7 op\u00e7\u00f5es para incluir na sua noite.","robots":{"index":"index","follow":"follow","max-snippet":"max-snippet:-1","max-image-preview":"max-image-preview:large","max-video-preview":"max-video-preview:-1"},"canonical":"https:\/\/www.em.com.br\/emfoco\/2025\/08\/18\/7-alimentos-leves-que-promovem-bem-estar-para-uma-noite-de-sono-tranquila\/","og_locale":"pt_BR","og_type":"article","og_title":"7 alimentos leves que promovem bem-estar para uma noite de sono tranquila - Estado de Minas - Em foco","og_description":"Comer alimentos leves antes de dormir melhora o sono, evita desconfortos e ajuda a manter a sa\u00fade. Veja 7 op\u00e7\u00f5es para incluir na sua noite.","og_url":"https:\/\/www.em.com.br\/emfoco\/2025\/08\/18\/7-alimentos-leves-que-promovem-bem-estar-para-uma-noite-de-sono-tranquila\/","og_site_name":"Estado de Minas - Em foco","article_published_time":"2025-08-18T10:08:00+00:00","article_modified_time":"2025-08-15T13:43:32+00:00","og_image":[{"width":1280,"height":720,"url":"https:\/\/www.em.com.br\/emfoco\/wp-content\/uploads\/2025\/06\/travesseiro_1750865980639.jpg","type":"image\/jpeg"}],"author":"Gabriel Martins","twitter_card":"summary_large_image","twitter_misc":{"Escrito por":"Gabriel Martins","Est. tempo de leitura":"3 minutos"},"schema":{"@context":"https:\/\/schema.org","@graph":[{"@type":"WebPage","@id":"https:\/\/www.em.com.br\/emfoco\/2025\/08\/18\/7-alimentos-leves-que-promovem-bem-estar-para-uma-noite-de-sono-tranquila\/","url":"https:\/\/www.em.com.br\/emfoco\/2025\/08\/18\/7-alimentos-leves-que-promovem-bem-estar-para-uma-noite-de-sono-tranquila\/","name":"7 alimentos leves que promovem bem-estar para uma noite de sono tranquila - Estado de Minas - Em foco","isPartOf":{"@id":"https:\/\/www.em.com.br\/emfoco\/#website"},"primaryImageOfPage":{"@id":"https:\/\/www.em.com.br\/emfoco\/2025\/08\/18\/7-alimentos-leves-que-promovem-bem-estar-para-uma-noite-de-sono-tranquila\/#primaryimage"},"image":{"@id":"https:\/\/www.em.com.br\/emfoco\/2025\/08\/18\/7-alimentos-leves-que-promovem-bem-estar-para-uma-noite-de-sono-tranquila\/#primaryimage"},"thumbnailUrl":"https:\/\/www.em.com.br\/emfoco\/wp-content\/uploads\/2025\/06\/travesseiro_1750865980639.jpg","datePublished":"2025-08-18T10:08:00+00:00","dateModified":"2025-08-15T13:43:32+00:00","author":{"@id":"https:\/\/www.em.com.br\/emfoco\/#\/schema\/person\/1c9ddeab18b98abeffef834667bcf08a"},"description":"Comer alimentos leves antes de dormir melhora o sono, evita desconfortos e ajuda a manter a sa\u00fade. Veja 7 op\u00e7\u00f5es para incluir na sua noite.","breadcrumb":{"@id":"https:\/\/www.em.com.br\/emfoco\/2025\/08\/18\/7-alimentos-leves-que-promovem-bem-estar-para-uma-noite-de-sono-tranquila\/#breadcrumb"},"inLanguage":"pt-BR","potentialAction":[{"@type":"ReadAction","target":["https:\/\/www.em.com.br\/emfoco\/2025\/08\/18\/7-alimentos-leves-que-promovem-bem-estar-para-uma-noite-de-sono-tranquila\/"]}]},{"@type":"ImageObject","inLanguage":"pt-BR","@id":"https:\/\/www.em.com.br\/emfoco\/2025\/08\/18\/7-alimentos-leves-que-promovem-bem-estar-para-uma-noite-de-sono-tranquila\/#primaryimage","url":"https:\/\/www.em.com.br\/emfoco\/wp-content\/uploads\/2025\/06\/travesseiro_1750865980639.jpg","contentUrl":"https:\/\/www.em.com.br\/emfoco\/wp-content\/uploads\/2025\/06\/travesseiro_1750865980639.jpg","width":1280,"height":720,"caption":"Mulher dormindo - Cr\u00e9ditos: depositphotos.com \/ VaDrobotBO"},{"@type":"BreadcrumbList","@id":"https:\/\/www.em.com.br\/emfoco\/2025\/08\/18\/7-alimentos-leves-que-promovem-bem-estar-para-uma-noite-de-sono-tranquila\/#breadcrumb","itemListElement":[{"@type":"ListItem","position":1,"name":"In\u00edcio","item":"https:\/\/www.em.com.br\/emfoco\/"},{"@type":"ListItem","position":2,"name":"7 alimentos leves que promovem bem-estar para uma noite de sono tranquila"}]},{"@type":"WebSite","@id":"https:\/\/www.em.com.br\/emfoco\/#website","url":"https:\/\/www.em.com.br\/emfoco\/","name":"Estado de Minas - Em foco","description":"Acompanhe as \u00faltimas not\u00edcias e fique bem informado sobre tudo o que acontece em Minas Gerais, Brasil e no mundo.","potentialAction":[{"@type":"SearchAction","target":{"@type":"EntryPoint","urlTemplate":"https:\/\/www.em.com.br\/emfoco\/?s={search_term_string}"},"query-input":{"@type":"PropertyValueSpecification","valueRequired":true,"valueName":"search_term_string"}}],"inLanguage":"pt-BR"},{"@type":"Person","@id":"https:\/\/www.em.com.br\/emfoco\/#\/schema\/person\/1c9ddeab18b98abeffef834667bcf08a","name":"Gabriel Martins","image":{"@type":"ImageObject","inLanguage":"pt-BR","@id":"https:\/\/www.em.com.br\/emfoco\/#\/schema\/person\/image\/","url":"https:\/\/secure.gravatar.com\/avatar\/f0f1e2efdfd88f1ad2cb08c5c2731e50?s=96&d=mm&r=g","contentUrl":"https:\/\/secure.gravatar.com\/avatar\/f0f1e2efdfd88f1ad2cb08c5c2731e50?s=96&d=mm&r=g","caption":"Gabriel Martins"},"sameAs":["https:\/\/www.em.com.br\/emfoco\/"],"url":"https:\/\/www.em.com.br\/emfoco\/author\/gabrielmartinsmyth\/"}]}},"_links":{"self":[{"href":"https:\/\/www.em.com.br\/emfoco\/wp-json\/wp\/v2\/posts\/91976","targetHints":{"allow":["GET"]}}],"collection":[{"href":"https:\/\/www.em.com.br\/emfoco\/wp-json\/wp\/v2\/posts"}],"about":[{"href":"https:\/\/www.em.com.br\/emfoco\/wp-json\/wp\/v2\/types\/post"}],"author":[{"embeddable":true,"href":"https:\/\/www.em.com.br\/emfoco\/wp-json\/wp\/v2\/users\/13"}],"replies":[{"embeddable":true,"href":"https:\/\/www.em.com.br\/emfoco\/wp-json\/wp\/v2\/comments?post=91976"}],"version-history":[{"count":1,"href":"https:\/\/www.em.com.br\/emfoco\/wp-json\/wp\/v2\/posts\/91976\/revisions"}],"predecessor-version":[{"id":91990,"href":"https:\/\/www.em.com.br\/emfoco\/wp-json\/wp\/v2\/posts\/91976\/revisions\/91990"}],"wp:featuredmedia":[{"embeddable":true,"href":"https:\/\/www.em.com.br\/emfoco\/wp-json\/wp\/v2\/media\/66888"}],"wp:attachment":[{"href":"https:\/\/www.em.com.br\/emfoco\/wp-json\/wp\/v2\/media?parent=91976"}],"wp:term":[{"taxonomy":"category","embeddable":true,"href":"https:\/\/www.em.com.br\/emfoco\/wp-json\/wp\/v2\/categories?post=91976"},{"taxonomy":"post_tag","embeddable":true,"href":"https:\/\/www.em.com.br\/emfoco\/wp-json\/wp\/v2\/tags?post=91976"}],"curies":[{"name":"wp","href":"https:\/\/api.w.org\/{rel}","templated":true}]}}