{"id":91879,"date":"2025-08-16T06:18:00","date_gmt":"2025-08-16T09:18:00","guid":{"rendered":"https:\/\/www.em.com.br\/emfoco\/?p=91879"},"modified":"2025-08-14T23:19:58","modified_gmt":"2025-08-15T02:19:58","slug":"solucoes-de-renda-para-quem-nao-tem-vinculo-com-o-inss","status":"publish","type":"post","link":"https:\/\/www.em.com.br\/emfoco\/2025\/08\/16\/solucoes-de-renda-para-quem-nao-tem-vinculo-com-o-inss\/","title":{"rendered":"Solu\u00e7\u00f5es de renda para quem n\u00e3o tem v\u00ednculo com o INSS"},"content":{"rendered":"\n<p>No <strong>Brasil<\/strong>, muitos cidad\u00e3os, como trabalhadores informais, donas de casa e pequenos agricultores, alimentam d\u00favidas sobre garantir renda na terceira idade sem ter contribu\u00eddo para o <strong>Instituto Nacional do Seguro Social<\/strong> (INSS). A solu\u00e7\u00e3o pode estar no <strong>Benef\u00edcio de Presta\u00e7\u00e3o Continuada<\/strong> (<a href=\"https:\/\/www.gov.br\/mds\/pt-br\/acoes-e-programas\/suas\/beneficios-assistenciais\/beneficio-assistencial-ao-idoso-e-a-pessoa-com-deficiencia-bpc\" target=\"_blank\" rel=\"noreferrer noopener\">BPC<\/a>) ou na aposentadoria rural, iniciativas que oferecem suporte financeiro para aqueles que n\u00e3o possuem contribui\u00e7\u00f5es previdenci\u00e1rias regulares. Tais mecanismos s\u00e3o essenciais na promo\u00e7\u00e3o da inclus\u00e3o social, especialmente para idosos e pessoas com defici\u00eancia que vivem em condi\u00e7\u00f5es vulner\u00e1veis.<\/p>\n\n\n\n<p>Al\u00e9m disso, o crescente processo de envelhecimento da popula\u00e7\u00e3o brasileira torna o debate sobre pol\u00edticas de prote\u00e7\u00e3o social ainda mais relevante. Muitos cidad\u00e3os se preocupam em como garantir uma fonte de renda digna mesmo sem um hist\u00f3rico de contribui\u00e7\u00f5es previdenci\u00e1rias, real\u00e7ando a import\u00e2ncia dos programas assistenciais como o <strong>BPC<\/strong>, que auxiliam no combate \u00e0 pobreza e \u00e0 exclus\u00e3o social.<\/p>\n\n\n\n<h2 class=\"wp-block-heading\">Quem tem direito ao Benef\u00edcio de Presta\u00e7\u00e3o Continuada?<\/h2>\n\n\n<div class=\"wp-block-image\">\n<figure class=\"aligncenter size-large\"><img loading=\"lazy\" decoding=\"async\" width=\"1024\" height=\"576\" src=\"https:\/\/www.em.com.br\/emfoco\/wp-content\/uploads\/2025\/06\/idoso-computador_1744372840329-1024x576.jpg\" alt=\"Aposentados aguardam ansiosos pelas novas datas do INSS\" class=\"wp-image-54993\" srcset=\"https:\/\/www.em.com.br\/emfoco\/wp-content\/uploads\/2025\/06\/idoso-computador_1744372840329-1024x576.jpg 1024w, https:\/\/www.em.com.br\/emfoco\/wp-content\/uploads\/2025\/06\/idoso-computador_1744372840329-300x169.jpg 300w, https:\/\/www.em.com.br\/emfoco\/wp-content\/uploads\/2025\/06\/idoso-computador_1744372840329-768x432.jpg 768w, https:\/\/www.em.com.br\/emfoco\/wp-content\/uploads\/2025\/06\/idoso-computador_1744372840329-750x422.jpg 750w, https:\/\/www.em.com.br\/emfoco\/wp-content\/uploads\/2025\/06\/idoso-computador_1744372840329-1140x641.jpg 1140w, https:\/\/www.em.com.br\/emfoco\/wp-content\/uploads\/2025\/06\/idoso-computador_1744372840329.jpg 1280w\" sizes=\"auto, (max-width: 1024px) 100vw, 1024px\" \/><figcaption class=\"wp-element-caption\">Casal de idosos utilizando o notebook &#8211;  Cr\u00e9ditos: depositphotos.com \/ HayDmitriy<\/figcaption><\/figure><\/div>\n\n\n<p>Os crit\u00e9rios de elegibilidade ao <strong>BPC <\/strong>s\u00e3o bastante espec\u00edficos. Para idosos, \u00e9 necess\u00e1rio ter no m\u00ednimo 65 anos de idade. J\u00e1 pessoas com defici\u00eancia precisam comprovar sua condi\u00e7\u00e3o atrav\u00e9s de documenta\u00e7\u00e3o m\u00e9dica e realiza\u00e7\u00e3o de avalia\u00e7\u00e3o biopsicossocial pelo <strong>INSS<\/strong>. Em ambos os casos, \u00e9 obrigat\u00f3ria a comprova\u00e7\u00e3o de vulnerabilidade econ\u00f4mica, com a renda familiar per capita n\u00e3o podendo ultrapassar um quarto do sal\u00e1rio m\u00ednimo, ou seja, R$ 379,50 em 2025.<\/p>\n\n\n\n<p>Esse crit\u00e9rio rigoroso de renda garante que o apoio seja direcionado aos que realmente necessitam. Al\u00e9m disso, integrantes da mesma fam\u00edlia n\u00e3o podem acumular <strong>BPC<\/strong>, e \u00e9 importante considerar todos que residem no mesmo domic\u00edlio para o c\u00e1lculo da renda per capita. Essa pol\u00edtica fortalece a justi\u00e7a social, voltando-se, de fato, para os brasileiros em maior situa\u00e7\u00e3o de necessidade.<\/p>\n\n\n\n<h2 class=\"wp-block-heading\">Requisitos e documenta\u00e7\u00e3o para solicitar o BPC<\/h2>\n\n\n\n<p>Para solicitar o <strong>BPC<\/strong>, \u00e9 necess\u00e1rio realizar a inscri\u00e7\u00e3o no <strong>Cadastro \u00danico<\/strong> (<a href=\"https:\/\/www.em.com.br\/emfoco\/2025\/07\/25\/cadunico-e-a-chave-para-acessar-programas-que-ajudam-no-aluguel-luz-e-alimentacao\/\" target=\"_blank\" rel=\"noreferrer noopener\">Cad\u00danico<\/a>) junto ao <strong>Centro de Refer\u00eancia de Assist\u00eancia Social<\/strong> (CRAS) do munic\u00edpio. A apresenta\u00e7\u00e3o de documentos como RG, CPF de todos da fam\u00edlia, comprovante de resid\u00eancia e, quando for o caso, laudos m\u00e9dicos detalhados \u00e9 fundamental para instruir o pedido e comprovar a condi\u00e7\u00e3o de sa\u00fade no caso de pessoas com defici\u00eancia.<\/p>\n\n\n\n<p>O processo de an\u00e1lise \u00e9 bastante minucioso. Ap\u00f3s a entrega da documenta\u00e7\u00e3o e realiza\u00e7\u00e3o da triagem biopsicossocial pelo <strong>INSS<\/strong>, o tempo m\u00e9dio de resposta gira em <strong>torno de 45 a 90 dias<\/strong>. Caso o benef\u00edcio seja negado, o solicitante pode recorrer administrativamente, apresentando novos documentos ou evid\u00eancias que comprovem a real situa\u00e7\u00e3o de vulnerabilidade.<\/p>\n\n\n\n<h2 class=\"wp-block-heading\">Diferen\u00e7as entre BPC e aposentadoria convencional<\/h2>\n\n\n\n<p>Embora o <strong>BPC <\/strong>ofere\u00e7a um importante suporte financeiro, ele n\u00e3o \u00e9 considerado uma aposentadoria convencional. Isso ocorre porque o <strong>BPC <\/strong>n\u00e3o exige contribui\u00e7\u00f5es pr\u00e9vias ao <strong>INSS<\/strong>, sendo um benef\u00edcio assistencial, enquanto a aposentadoria demanda um per\u00edodo de contribui\u00e7\u00e3o ao longo da vida laboral. Outra diferen\u00e7a relevante \u00e9 que o <strong>BPC <\/strong>n\u00e3o oferece direito ao d\u00e9cimo terceiro sal\u00e1rio nem gera pens\u00e3o por morte.<\/p>\n\n\n\n<p>Portanto, ao falecer o benefici\u00e1rio do <strong>BPC<\/strong>, os dependentes n\u00e3o recebem nenhum valor residual, diferente do que ocorre com benefici\u00e1rios de aposentadoria previdenci\u00e1ria. Essa distin\u00e7\u00e3o \u00e9 fundamental para os familiares, que devem se planejar financeiramente considerando os direitos e deveres previstos para cada modalidade.<\/p>\n\n\n\n<h2 class=\"wp-block-heading\">Como funciona a aposentadoria rural para quem nunca contribuiu?<\/h2>\n\n\n\n<p>A aposentadoria rural \u00e9 uma alternativa para agricultores familiares e trabalhadores rurais que, mesmo sem contribui\u00e7\u00f5es regulares ao <strong>INSS<\/strong>, podem comprovar o trabalho no campo por pelo menos 15 anos. O benef\u00edcio \u00e9 concedido mediante apresenta\u00e7\u00e3o de documentos como declara\u00e7\u00f5es de sindicatos rurais, contratos de arrendamento e notas fiscais de venda da produ\u00e7\u00e3o.<\/p>\n\n\n\n<p>Essa modalidade protege especialmente pequenos produtores, muitos deles em regi\u00f5es afastadas dos grandes centros urbanos, garantindo uma aposentadoria digna ap\u00f3s anos de dedica\u00e7\u00e3o ao trabalho agr\u00edcola. A medida \u00e9 fundamental para incentivar a perman\u00eancia dessas pessoas no campo e valorizar a agricultura familiar, essencial para a seguran\u00e7a alimentar do pa\u00eds.<\/p>\n\n\n\n<h2 class=\"wp-block-heading\">Passo a passo para solicitar o benef\u00edcio<\/h2>\n\n\n\n<p>O primeiro passo para solicitar o <strong>BPC <\/strong>\u00e9 garantir que todos os membros da fam\u00edlia estejam devidamente cadastrados no <strong>Cad\u00danico<\/strong>. Em seguida, o requerimento pode ser feito pelo aplicativo <strong>Meu INSS<\/strong>, pelo telefone 135, ou em uma ag\u00eancia do INSS, apresentando toda a documenta\u00e7\u00e3o necess\u00e1ria. Durante a avalia\u00e7\u00e3o, o <strong>INSS <\/strong>poder\u00e1 solicitar entrevistas, visitas domiciliares e exames m\u00e9dicos (no caso de defici\u00eancia).<\/p>\n\n\n\n<p>\u00c9 recomend\u00e1vel buscar o apoio do <strong>CRAS <\/strong>para auxiliar na organiza\u00e7\u00e3o dos documentos, tirar d\u00favidas e organizar recursos em caso de negativa do benef\u00edcio. Manter o cadastro e as informa\u00e7\u00f5es atualizadas \u00e9 essencial para evitar atrasos e garantir maior celeridade na an\u00e1lise do pedido.<\/p>\n\n\n\n<h2 class=\"wp-block-heading\">Impactos sociais do BPC e da aposentadoria rural<\/h2>\n\n\n\n<p>O <strong>BPC <\/strong>e a aposentadoria rural cumprem um papel fundamental de inclus\u00e3o social no <strong>Brasil<\/strong>. Eles contribuem para combater a pobreza extrema e viabilizam a dignidade da popula\u00e7\u00e3o idosa e das pessoas com defici\u00eancia em situa\u00e7\u00e3o de vulnerabilidade. O benef\u00edcio tamb\u00e9m movimenta a economia local, sobretudo em pequenos munic\u00edpios onde o valor recebido ajuda a sustentar fam\u00edlias inteiras.<\/p>\n\n\n\n<p>Al\u00e9m disso, essas medidas favorecem a perman\u00eancia da popula\u00e7\u00e3o nas \u00e1reas rurais e contribuem para a redu\u00e7\u00e3o das desigualdades regionais. Programas como o <strong>BPC <\/strong>refor\u00e7am a necessidade de pol\u00edticas p\u00fablicas verdadeiramente voltadas \u00e0 prote\u00e7\u00e3o dos mais fr\u00e1geis, promovendo o exerc\u00edcio pleno dos direitos sociais previstos na Constitui\u00e7\u00e3o Federal.<\/p>\n","protected":false},"excerpt":{"rendered":"<p>No Brasil, muitos cidad\u00e3os, como trabalhadores informais, donas de casa e pequenos agricultores, alimentam d\u00favidas sobre garantir renda na terceira idade sem ter contribu\u00eddo para o Instituto Nacional do Seguro Social (INSS). A solu\u00e7\u00e3o pode estar no Benef\u00edcio de Presta\u00e7\u00e3o Continuada (BPC) ou na aposentadoria rural, iniciativas que oferecem suporte financeiro para aqueles que n\u00e3o [&hellip;]<\/p>\n","protected":false},"author":20,"featured_media":89942,"comment_status":"open","ping_status":"open","sticky":false,"template":"","format":"standard","meta":{"jnews-multi-image_gallery":[],"jnews_single_post":{"format":"standard"},"jnews_primary_category":[],"jnews_social_meta":[],"jnews_override_counter":[],"footnotes":""},"categories":[28,1],"tags":[256,257,174],"class_list":["post-91879","post","type-post","status-publish","format-standard","has-post-thumbnail","hentry","category-economia","category-noticias","tag-beneficios","tag-bpc","tag-inss"],"yoast_head":"<!-- This site is optimized with the Yoast SEO plugin v23.8 - https:\/\/yoast.com\/wordpress\/plugins\/seo\/ -->\n<title>Solu\u00e7\u00f5es de renda para quem n\u00e3o tem v\u00ednculo com o INSS - Estado de Minas - Em foco<\/title>\n<meta name=\"description\" content=\"A terceira idade pode ser mais tranquila com apoio financeiro, mesmo sem contribui\u00e7\u00f5es ao INSS. Entenda as op\u00e7\u00f5es dispon\u00edveis.\" \/>\n<meta name=\"robots\" content=\"index, follow, max-snippet:-1, max-image-preview:large, max-video-preview:-1\" \/>\n<link rel=\"canonical\" href=\"https:\/\/www.em.com.br\/emfoco\/2025\/08\/16\/solucoes-de-renda-para-quem-nao-tem-vinculo-com-o-inss\/\" \/>\n<meta property=\"og:locale\" content=\"pt_BR\" \/>\n<meta property=\"og:type\" content=\"article\" \/>\n<meta property=\"og:title\" content=\"Solu\u00e7\u00f5es de renda para quem n\u00e3o tem v\u00ednculo com o INSS - Estado de Minas - Em foco\" \/>\n<meta property=\"og:description\" content=\"A terceira idade pode ser mais tranquila com apoio financeiro, mesmo sem contribui\u00e7\u00f5es ao INSS. Entenda as op\u00e7\u00f5es dispon\u00edveis.\" \/>\n<meta property=\"og:url\" content=\"https:\/\/www.em.com.br\/emfoco\/2025\/08\/16\/solucoes-de-renda-para-quem-nao-tem-vinculo-com-o-inss\/\" \/>\n<meta property=\"og:site_name\" content=\"Estado de Minas - Em foco\" \/>\n<meta property=\"article:published_time\" content=\"2025-08-16T09:18:00+00:00\" \/>\n<meta property=\"article:modified_time\" content=\"2025-08-15T02:19:58+00:00\" \/>\n<meta property=\"og:image\" content=\"https:\/\/www.em.com.br\/emfoco\/wp-content\/uploads\/2025\/08\/calculadora-dinheiro_1754959238129.jpg\" \/>\n\t<meta property=\"og:image:width\" content=\"1280\" \/>\n\t<meta property=\"og:image:height\" content=\"720\" \/>\n\t<meta property=\"og:image:type\" content=\"image\/jpeg\" \/>\n<meta name=\"author\" content=\"Ingrid Diniz\" \/>\n<meta name=\"twitter:card\" content=\"summary_large_image\" \/>\n<meta name=\"twitter:label1\" content=\"Escrito por\" \/>\n\t<meta name=\"twitter:data1\" content=\"Ingrid Diniz\" \/>\n\t<meta name=\"twitter:label2\" content=\"Est. tempo de leitura\" \/>\n\t<meta name=\"twitter:data2\" content=\"6 minutos\" \/>\n<!-- \/ Yoast SEO plugin. -->","yoast_head_json":{"title":"Solu\u00e7\u00f5es de renda para quem n\u00e3o tem v\u00ednculo com o INSS - Estado de Minas - Em foco","description":"A terceira idade pode ser mais tranquila com apoio financeiro, mesmo sem contribui\u00e7\u00f5es ao INSS. Entenda as op\u00e7\u00f5es dispon\u00edveis.","robots":{"index":"index","follow":"follow","max-snippet":"max-snippet:-1","max-image-preview":"max-image-preview:large","max-video-preview":"max-video-preview:-1"},"canonical":"https:\/\/www.em.com.br\/emfoco\/2025\/08\/16\/solucoes-de-renda-para-quem-nao-tem-vinculo-com-o-inss\/","og_locale":"pt_BR","og_type":"article","og_title":"Solu\u00e7\u00f5es de renda para quem n\u00e3o tem v\u00ednculo com o INSS - Estado de Minas - Em foco","og_description":"A terceira idade pode ser mais tranquila com apoio financeiro, mesmo sem contribui\u00e7\u00f5es ao INSS. Entenda as op\u00e7\u00f5es dispon\u00edveis.","og_url":"https:\/\/www.em.com.br\/emfoco\/2025\/08\/16\/solucoes-de-renda-para-quem-nao-tem-vinculo-com-o-inss\/","og_site_name":"Estado de Minas - Em foco","article_published_time":"2025-08-16T09:18:00+00:00","article_modified_time":"2025-08-15T02:19:58+00:00","og_image":[{"width":1280,"height":720,"url":"https:\/\/www.em.com.br\/emfoco\/wp-content\/uploads\/2025\/08\/calculadora-dinheiro_1754959238129.jpg","type":"image\/jpeg"}],"author":"Ingrid Diniz","twitter_card":"summary_large_image","twitter_misc":{"Escrito por":"Ingrid Diniz","Est. tempo de leitura":"6 minutos"},"schema":{"@context":"https:\/\/schema.org","@graph":[{"@type":"WebPage","@id":"https:\/\/www.em.com.br\/emfoco\/2025\/08\/16\/solucoes-de-renda-para-quem-nao-tem-vinculo-com-o-inss\/","url":"https:\/\/www.em.com.br\/emfoco\/2025\/08\/16\/solucoes-de-renda-para-quem-nao-tem-vinculo-com-o-inss\/","name":"Solu\u00e7\u00f5es de renda para quem n\u00e3o tem v\u00ednculo com o INSS - Estado de Minas - Em foco","isPartOf":{"@id":"https:\/\/www.em.com.br\/emfoco\/#website"},"primaryImageOfPage":{"@id":"https:\/\/www.em.com.br\/emfoco\/2025\/08\/16\/solucoes-de-renda-para-quem-nao-tem-vinculo-com-o-inss\/#primaryimage"},"image":{"@id":"https:\/\/www.em.com.br\/emfoco\/2025\/08\/16\/solucoes-de-renda-para-quem-nao-tem-vinculo-com-o-inss\/#primaryimage"},"thumbnailUrl":"https:\/\/www.em.com.br\/emfoco\/wp-content\/uploads\/2025\/08\/calculadora-dinheiro_1754959238129.jpg","datePublished":"2025-08-16T09:18:00+00:00","dateModified":"2025-08-15T02:19:58+00:00","author":{"@id":"https:\/\/www.em.com.br\/emfoco\/#\/schema\/person\/649e610b4eb8fff87ff394e54fe17b2b"},"description":"A terceira idade pode ser mais tranquila com apoio financeiro, mesmo sem contribui\u00e7\u00f5es ao INSS. Entenda as op\u00e7\u00f5es dispon\u00edveis.","breadcrumb":{"@id":"https:\/\/www.em.com.br\/emfoco\/2025\/08\/16\/solucoes-de-renda-para-quem-nao-tem-vinculo-com-o-inss\/#breadcrumb"},"inLanguage":"pt-BR","potentialAction":[{"@type":"ReadAction","target":["https:\/\/www.em.com.br\/emfoco\/2025\/08\/16\/solucoes-de-renda-para-quem-nao-tem-vinculo-com-o-inss\/"]}]},{"@type":"ImageObject","inLanguage":"pt-BR","@id":"https:\/\/www.em.com.br\/emfoco\/2025\/08\/16\/solucoes-de-renda-para-quem-nao-tem-vinculo-com-o-inss\/#primaryimage","url":"https:\/\/www.em.com.br\/emfoco\/wp-content\/uploads\/2025\/08\/calculadora-dinheiro_1754959238129.jpg","contentUrl":"https:\/\/www.em.com.br\/emfoco\/wp-content\/uploads\/2025\/08\/calculadora-dinheiro_1754959238129.jpg","width":1280,"height":720,"caption":"BPC 2026 novo valor e quem tem direito - Cr\u00e9ditos: depositphotos.com \/ Tapanakornkaow@gmail.com"},{"@type":"BreadcrumbList","@id":"https:\/\/www.em.com.br\/emfoco\/2025\/08\/16\/solucoes-de-renda-para-quem-nao-tem-vinculo-com-o-inss\/#breadcrumb","itemListElement":[{"@type":"ListItem","position":1,"name":"In\u00edcio","item":"https:\/\/www.em.com.br\/emfoco\/"},{"@type":"ListItem","position":2,"name":"Solu\u00e7\u00f5es de renda para quem n\u00e3o tem v\u00ednculo com o INSS"}]},{"@type":"WebSite","@id":"https:\/\/www.em.com.br\/emfoco\/#website","url":"https:\/\/www.em.com.br\/emfoco\/","name":"Estado de Minas - Em foco","description":"Acompanhe as \u00faltimas not\u00edcias e fique bem informado sobre tudo o que acontece em Minas Gerais, Brasil e no mundo.","potentialAction":[{"@type":"SearchAction","target":{"@type":"EntryPoint","urlTemplate":"https:\/\/www.em.com.br\/emfoco\/?s={search_term_string}"},"query-input":{"@type":"PropertyValueSpecification","valueRequired":true,"valueName":"search_term_string"}}],"inLanguage":"pt-BR"},{"@type":"Person","@id":"https:\/\/www.em.com.br\/emfoco\/#\/schema\/person\/649e610b4eb8fff87ff394e54fe17b2b","name":"Ingrid Diniz","image":{"@type":"ImageObject","inLanguage":"pt-BR","@id":"https:\/\/www.em.com.br\/emfoco\/#\/schema\/person\/image\/","url":"https:\/\/secure.gravatar.com\/avatar\/a3baa1449ec5c39b4c42babc9d4f3951?s=96&d=mm&r=g","contentUrl":"https:\/\/secure.gravatar.com\/avatar\/a3baa1449ec5c39b4c42babc9d4f3951?s=96&d=mm&r=g","caption":"Ingrid Diniz"},"sameAs":["https:\/\/www.em.com.br\/"],"url":"https:\/\/www.em.com.br\/emfoco\/author\/ingridmyth\/"}]}},"_links":{"self":[{"href":"https:\/\/www.em.com.br\/emfoco\/wp-json\/wp\/v2\/posts\/91879","targetHints":{"allow":["GET"]}}],"collection":[{"href":"https:\/\/www.em.com.br\/emfoco\/wp-json\/wp\/v2\/posts"}],"about":[{"href":"https:\/\/www.em.com.br\/emfoco\/wp-json\/wp\/v2\/types\/post"}],"author":[{"embeddable":true,"href":"https:\/\/www.em.com.br\/emfoco\/wp-json\/wp\/v2\/users\/20"}],"replies":[{"embeddable":true,"href":"https:\/\/www.em.com.br\/emfoco\/wp-json\/wp\/v2\/comments?post=91879"}],"version-history":[{"count":1,"href":"https:\/\/www.em.com.br\/emfoco\/wp-json\/wp\/v2\/posts\/91879\/revisions"}],"predecessor-version":[{"id":91889,"href":"https:\/\/www.em.com.br\/emfoco\/wp-json\/wp\/v2\/posts\/91879\/revisions\/91889"}],"wp:featuredmedia":[{"embeddable":true,"href":"https:\/\/www.em.com.br\/emfoco\/wp-json\/wp\/v2\/media\/89942"}],"wp:attachment":[{"href":"https:\/\/www.em.com.br\/emfoco\/wp-json\/wp\/v2\/media?parent=91879"}],"wp:term":[{"taxonomy":"category","embeddable":true,"href":"https:\/\/www.em.com.br\/emfoco\/wp-json\/wp\/v2\/categories?post=91879"},{"taxonomy":"post_tag","embeddable":true,"href":"https:\/\/www.em.com.br\/emfoco\/wp-json\/wp\/v2\/tags?post=91879"}],"curies":[{"name":"wp","href":"https:\/\/api.w.org\/{rel}","templated":true}]}}