{"id":91747,"date":"2025-09-06T09:00:00","date_gmt":"2025-09-06T12:00:00","guid":{"rendered":"https:\/\/www.em.com.br\/emfoco\/?p=91747"},"modified":"2025-09-06T02:36:09","modified_gmt":"2025-09-06T05:36:09","slug":"dr-patrizio-morisson-cirurgiao-o-sinal-na-pele-que-pode-indicar-o-cancer-mais-perigoso","status":"publish","type":"post","link":"https:\/\/www.em.com.br\/emfoco\/2025\/09\/06\/dr-patrizio-morisson-cirurgiao-o-sinal-na-pele-que-pode-indicar-o-cancer-mais-perigoso\/","title":{"rendered":"Dr. Patrizio Morisson, Cirurgi\u00e3o: o sinal na pele que pode indicar o c\u00e2ncer mais perigoso"},"content":{"rendered":"\n<p>O <strong>Melanoma <\/strong>\u00e9 um tipo de c\u00e2ncer de pele que se origina dos melan\u00f3citos, c\u00e9lulas respons\u00e1veis pela produ\u00e7\u00e3o de melanina, o pigmento que confere cor \u00e0 pele. \u00c9 notoriamente agressivo e potencialmente letal, uma vez que pode se espalhar para outras partes do corpo se n\u00e3o tratado precocemente. Os melan\u00f3citos s\u00e3o encontrados principalmente na pele, mas tamb\u00e9m podem estar presentes em outros tecidos, como nos olhos e no trato digestivo, e o melanoma pode ocorrer em qualquer lugar onde estas c\u00e9lulas estejam presentes.<\/p>\n\n\n\n<p>Em sua forma inicial, o melanoma costuma apresentar caracter\u00edsticas que podem ser identificadas visualmente atrav\u00e9s da regra \u201cABCDE\u201d, que ajuda na detec\u00e7\u00e3o precoce da doen\u00e7a. De acordo com essa regra, o melanoma se apresenta assimetricamente, com bordas irregulares, colora\u00e7\u00e3o variada, di\u00e2metro superior a 6 mil\u00edmetros e evolu\u00e7\u00e3o not\u00e1vel ao longo do tempo.<\/p>\n\n\n\n<blockquote class=\"instagram-media\" data-instgrm-permalink=\"https:\/\/www.instagram.com\/reel\/DLFMttzgUgB\/?utm_source=ig_embed&amp;utm_campaign=loading\" data-instgrm-version=\"14\" style=\" background:#FFF; border:0; border-radius:3px; box-shadow:0 0 1px 0 rgba(0,0,0,0.5),0 1px 10px 0 rgba(0,0,0,0.15); margin: 1px; max-width:540px; min-width:326px; padding:0; width:99.375%; width:-webkit-calc(100% - 2px); width:calc(100% - 2px);\"><div style=\"padding:16px;\"> <a href=\"https:\/\/www.instagram.com\/reel\/DLFMttzgUgB\/?utm_source=ig_embed&amp;utm_campaign=loading\" style=\" background:#FFFFFF; line-height:0; padding:0 0; text-align:center; text-decoration:none; width:100%;\" target=\"_blank\"> <div style=\" display: flex; flex-direction: row; align-items: center;\"> <div style=\"background-color: #F4F4F4; border-radius: 50%; flex-grow: 0; height: 40px; margin-right: 14px; width: 40px;\"><\/div> <div style=\"display: flex; flex-direction: column; flex-grow: 1; justify-content: center;\"> <div style=\" background-color: #F4F4F4; border-radius: 4px; flex-grow: 0; height: 14px; margin-bottom: 6px; width: 100px;\"><\/div> <div style=\" background-color: #F4F4F4; border-radius: 4px; flex-grow: 0; height: 14px; width: 60px;\"><\/div><\/div><\/div><div style=\"padding: 19% 0;\"><\/div> <div style=\"display:block; height:50px; margin:0 auto 12px; width:50px;\"><svg width=\"50px\" height=\"50px\" viewBox=\"0 0 60 60\" version=\"1.1\" xmlns=\"https:\/\/www.w3.org\/2000\/svg\" xmlns:xlink=\"https:\/\/www.w3.org\/1999\/xlink\"><g stroke=\"none\" stroke-width=\"1\" fill=\"none\" fill-rule=\"evenodd\"><g transform=\"translate(-511.000000, -20.000000)\" fill=\"#000000\"><g><path d=\"M556.869,30.41 C554.814,30.41 553.148,32.076 553.148,34.131 C553.148,36.186 554.814,37.852 556.869,37.852 C558.924,37.852 560.59,36.186 560.59,34.131 C560.59,32.076 558.924,30.41 556.869,30.41 M541,60.657 C535.114,60.657 530.342,55.887 530.342,50 C530.342,44.114 535.114,39.342 541,39.342 C546.887,39.342 551.658,44.114 551.658,50 C551.658,55.887 546.887,60.657 541,60.657 M541,33.886 C532.1,33.886 524.886,41.1 524.886,50 C524.886,58.899 532.1,66.113 541,66.113 C549.9,66.113 557.115,58.899 557.115,50 C557.115,41.1 549.9,33.886 541,33.886 M565.378,62.101 C565.244,65.022 564.756,66.606 564.346,67.663 C563.803,69.06 563.154,70.057 562.106,71.106 C561.058,72.155 560.06,72.803 558.662,73.347 C557.607,73.757 556.021,74.244 553.102,74.378 C549.944,74.521 548.997,74.552 541,74.552 C533.003,74.552 532.056,74.521 528.898,74.378 C525.979,74.244 524.393,73.757 523.338,73.347 C521.94,72.803 520.942,72.155 519.894,71.106 C518.846,70.057 518.197,69.06 517.654,67.663 C517.244,66.606 516.755,65.022 516.623,62.101 C516.479,58.943 516.448,57.996 516.448,50 C516.448,42.003 516.479,41.056 516.623,37.899 C516.755,34.978 517.244,33.391 517.654,32.338 C518.197,30.938 518.846,29.942 519.894,28.894 C520.942,27.846 521.94,27.196 523.338,26.654 C524.393,26.244 525.979,25.756 528.898,25.623 C532.057,25.479 533.004,25.448 541,25.448 C548.997,25.448 549.943,25.479 553.102,25.623 C556.021,25.756 557.607,26.244 558.662,26.654 C560.06,27.196 561.058,27.846 562.106,28.894 C563.154,29.942 563.803,30.938 564.346,32.338 C564.756,33.391 565.244,34.978 565.378,37.899 C565.522,41.056 565.552,42.003 565.552,50 C565.552,57.996 565.522,58.943 565.378,62.101 M570.82,37.631 C570.674,34.438 570.167,32.258 569.425,30.349 C568.659,28.377 567.633,26.702 565.965,25.035 C564.297,23.368 562.623,22.342 560.652,21.575 C558.743,20.834 556.562,20.326 553.369,20.18 C550.169,20.033 549.148,20 541,20 C532.853,20 531.831,20.033 528.631,20.18 C525.438,20.326 523.257,20.834 521.349,21.575 C519.376,22.342 517.703,23.368 516.035,25.035 C514.368,26.702 513.342,28.377 512.574,30.349 C511.834,32.258 511.326,34.438 511.181,37.631 C511.035,40.831 511,41.851 511,50 C511,58.147 511.035,59.17 511.181,62.369 C511.326,65.562 511.834,67.743 512.574,69.651 C513.342,71.625 514.368,73.296 516.035,74.965 C517.703,76.634 519.376,77.658 521.349,78.425 C523.257,79.167 525.438,79.673 528.631,79.82 C531.831,79.965 532.853,80.001 541,80.001 C549.148,80.001 550.169,79.965 553.369,79.82 C556.562,79.673 558.743,79.167 560.652,78.425 C562.623,77.658 564.297,76.634 565.965,74.965 C567.633,73.296 568.659,71.625 569.425,69.651 C570.167,67.743 570.674,65.562 570.82,62.369 C570.966,59.17 571,58.147 571,50 C571,41.851 570.966,40.831 570.82,37.631\"><\/path><\/g><\/g><\/g><\/svg><\/div><div style=\"padding-top: 8px;\"> <div style=\" color:#3897f0; font-family:Arial,sans-serif; font-size:14px; font-style:normal; font-weight:550; line-height:18px;\">Ver essa foto no Instagram<\/div><\/div><div style=\"padding: 12.5% 0;\"><\/div> <div style=\"display: flex; flex-direction: row; margin-bottom: 14px; align-items: center;\"><div> <div style=\"background-color: #F4F4F4; border-radius: 50%; height: 12.5px; width: 12.5px; transform: translateX(0px) translateY(7px);\"><\/div> <div style=\"background-color: #F4F4F4; height: 12.5px; transform: rotate(-45deg) translateX(3px) translateY(1px); width: 12.5px; flex-grow: 0; margin-right: 14px; margin-left: 2px;\"><\/div> <div style=\"background-color: #F4F4F4; border-radius: 50%; height: 12.5px; width: 12.5px; transform: translateX(9px) translateY(-18px);\"><\/div><\/div><div style=\"margin-left: 8px;\"> <div style=\" background-color: #F4F4F4; border-radius: 50%; flex-grow: 0; height: 20px; width: 20px;\"><\/div> <div style=\" width: 0; height: 0; border-top: 2px solid transparent; border-left: 6px solid #f4f4f4; border-bottom: 2px solid transparent; transform: translateX(16px) translateY(-4px) rotate(30deg)\"><\/div><\/div><div style=\"margin-left: auto;\"> <div style=\" width: 0px; border-top: 8px solid #F4F4F4; border-right: 8px solid transparent; transform: translateY(16px);\"><\/div> <div style=\" background-color: #F4F4F4; flex-grow: 0; height: 12px; width: 16px; transform: translateY(-4px);\"><\/div> <div style=\" width: 0; height: 0; border-top: 8px solid #F4F4F4; border-left: 8px solid transparent; transform: translateY(-4px) translateX(8px);\"><\/div><\/div><\/div> <div style=\"display: flex; flex-direction: column; flex-grow: 1; justify-content: center; margin-bottom: 24px;\"> <div style=\" background-color: #F4F4F4; border-radius: 4px; flex-grow: 0; height: 14px; margin-bottom: 6px; width: 224px;\"><\/div> <div style=\" background-color: #F4F4F4; border-radius: 4px; flex-grow: 0; height: 14px; width: 144px;\"><\/div><\/div><\/a><p style=\" color:#c9c8cd; font-family:Arial,sans-serif; font-size:14px; line-height:17px; margin-bottom:0; margin-top:8px; overflow:hidden; padding:8px 0 7px; text-align:center; text-overflow:ellipsis; white-space:nowrap;\"><a href=\"https:\/\/www.instagram.com\/reel\/DLFMttzgUgB\/?utm_source=ig_embed&amp;utm_campaign=loading\" style=\" color:#c9c8cd; font-family:Arial,sans-serif; font-size:14px; font-style:normal; font-weight:normal; line-height:17px; text-decoration:none;\" target=\"_blank\">Uma publica\u00e7\u00e3o compartilhada por Dr Patrizio Morisson (@patriziomorisson)<\/a><\/p><\/div><\/blockquote>\n<script async src=\"\/\/www.instagram.com\/embed.js\"><\/script>\n\n\n\n<h2 class=\"wp-block-heading\">Quais s\u00e3o os principais tipos de melanoma?<\/h2>\n\n\n\n<p>Existem quatro tipos principais de melanoma: o&nbsp;<strong>melanoma extensivo superficial<\/strong>, o&nbsp;<strong>melanoma nodular<\/strong>, o&nbsp;<strong>lentigo maligno<\/strong>&nbsp;e o&nbsp;<strong>melanoma acral lentiginoso<\/strong>. O melanoma extensivo superficial \u00e9 o mais comum, caracterizando-se por um crescimento horizontal antes de penetrar em camadas mais profundas. O melanoma nodular, por sua vez, \u00e9 mais agressivo, crescendo rapidamente em profundidade.<\/p>\n\n\n\n<p>O lentigo maligno \u00e9 menos frequente e est\u00e1 geralmente ligado \u00e0 exposi\u00e7\u00e3o solar cont\u00ednua. J\u00e1 o melanoma acral lentiginoso, apesar de raro em pessoas de pele clara, \u00e9 comum em indiv\u00edduos com pele mais escura e aparece principalmente nas palmas das m\u00e3os, solas dos p\u00e9s e sob as unhas.<\/p>\n\n\n\n<h2 class=\"wp-block-heading\">Como prevenir o surgimento do melanoma?<\/h2>\n\n\n\n<p>A preven\u00e7\u00e3o do melanoma envolve uma s\u00e9rie de medidas que visam minimizar a exposi\u00e7\u00e3o aos fatores de risco. Um dos principais desencadeadores do melanoma \u00e9 a exposi\u00e7\u00e3o excessiva \u00e0 radia\u00e7\u00e3o ultravioleta, tanto natural quanto artificial. Para reduzir o risco, \u00e9 importante evitar a exposi\u00e7\u00e3o solar excessiva, especialmente entre as 10h e 16h, quando os raios solares s\u00e3o mais intensos. Usar protetor solar com fator de prote\u00e7\u00e3o solar (FPS) 30 ou superior \u00e9 recomendado, al\u00e9m de reaplic\u00e1-lo a cada duas horas ou ap\u00f3s nadar ou suar.<\/p>\n\n\n<div class=\"wp-block-image\">\n<figure class=\"aligncenter size-large\"><img loading=\"lazy\" decoding=\"async\" width=\"1024\" height=\"576\" src=\"https:\/\/www.em.com.br\/emfoco\/wp-content\/uploads\/2025\/08\/melanoma_1755202290873-1024x576.jpg\" alt=\"\" class=\"wp-image-91753\" srcset=\"https:\/\/www.em.com.br\/emfoco\/wp-content\/uploads\/2025\/08\/melanoma_1755202290873-1024x576.jpg 1024w, https:\/\/www.em.com.br\/emfoco\/wp-content\/uploads\/2025\/08\/melanoma_1755202290873-300x169.jpg 300w, https:\/\/www.em.com.br\/emfoco\/wp-content\/uploads\/2025\/08\/melanoma_1755202290873-768x432.jpg 768w, https:\/\/www.em.com.br\/emfoco\/wp-content\/uploads\/2025\/08\/melanoma_1755202290873-750x422.jpg 750w, https:\/\/www.em.com.br\/emfoco\/wp-content\/uploads\/2025\/08\/melanoma_1755202290873-1140x641.jpg 1140w, https:\/\/www.em.com.br\/emfoco\/wp-content\/uploads\/2025\/08\/melanoma_1755202290873.jpg 1280w\" sizes=\"auto, (max-width: 1024px) 100vw, 1024px\" \/><figcaption class=\"wp-element-caption\">Melanoma &#8211; Cr\u00e9ditos: depositphotos.com \/ AndrewLozovyi<\/figcaption><\/figure><\/div>\n\n\n<ul class=\"wp-block-list\">\n<li>Evite o uso de cabines de bronzeamento artificial.<\/li>\n\n\n\n<li>Proteja-se com roupas adequadas, como chap\u00e9us de abas largas e \u00f3culos de sol.<\/li>\n\n\n\n<li>Realize autoexames regulares na pele, prestando aten\u00e7\u00e3o a qualquer pinta que mude de cor, tamanho ou forma.<\/li>\n<\/ul>\n\n\n\n<h2 class=\"wp-block-heading\">Quais s\u00e3o os fatores de risco associados ao melanoma?<\/h2>\n\n\n\n<p>Os fatores de risco para o melanoma incluem hist\u00f3rico familiar da doen\u00e7a, presen\u00e7a de nevos at\u00edpicos, exposi\u00e7\u00e3o solar excessiva, principalmente durante a inf\u00e2ncia, e pele clara que queima facilmente. Pessoas com muitas pintas ou com hist\u00f3rico pessoal de melanoma tamb\u00e9m est\u00e3o em maior risco. Al\u00e9m disso, o uso frequente de l\u00e2mpadas e cabines de bronzeamento pode aumentar a chance de desenvolvimento da doen\u00e7a.<\/p>\n\n\n\n<h2 class=\"wp-block-heading\">Como \u00e9 feito o tratamento do melanoma?<\/h2>\n\n\n\n<p>O tratamento do melanoma depende do est\u00e1gio da doen\u00e7a e pode incluir cirurgia, quimioterapia, radioterapia, imunoterapia e terapias-alvo. A&nbsp;<strong>cirurgia<\/strong>&nbsp;\u00e9 a terapia prim\u00e1ria nos casos iniciais, onde o melanoma \u00e9 removido juntamente com uma margem de pele saud\u00e1vel para garantir a completa remo\u00e7\u00e3o do c\u00e2ncer. Em casos mais avan\u00e7ados, onde a doen\u00e7a j\u00e1 se espalhou, outros m\u00e9todos como a quimioterapia e a imunoterapia podem ser empregados para controlar a progress\u00e3o do c\u00e2ncer e aliviar os sintomas.<\/p>\n\n\n\n<p>O tratamento imunol\u00f3gico, por exemplo, utiliza mecanismos que buscam fortalecer o sistema imunol\u00f3gico do paciente, auxiliando o corpo a combater as c\u00e9lulas cancer\u00edgenas de forma mais eficaz. J\u00e1 as terapias-alvo visam bloquear o crescimento celular, interrompendo a sinaliza\u00e7\u00e3o qu\u00edmica que promove o desenvolvimento do tumor.<\/p>\n\n\n\n<p>\u00c9 importante que o melanoma seja diagnosticado e tratado precocemente para aumentar as chances de cura. Assim, qualquer altera\u00e7\u00e3o suspeita na pele deve ser avaliada por um dermatologista para confirma\u00e7\u00e3o diagn\u00f3stica e in\u00edcio imediato do tratamento adequado.<\/p>\n\n\n\n<p style=\"margin: 0; padding: 0; text-align: center;\">   <a href=\"https:\/\/www.instagram.com\/patriziomorisson\/\" target=\"_blank\" rel=\"noopener\"      style=\"text-decoration: none; color: inherit; display: inline-block; width: 60%; margin: 0 auto; border: 1px solid #ccc; border-radius: 10px; padding: 15px; font-family: sans-serif; box-shadow: 0 2px 5px rgba(0,0,0,0.1); cursor: pointer; text-align: center; box-sizing: border-box;\">      <span style=\"display: block; margin-bottom: 15px; font-weight: bold; color: #2c3e50;\">       Precisa de um m\u00e9dico? Entre em contato:     <\/span>      <span style=\"display: block;\">       <span style=\"display: block; font-size: 1.1em; font-weight: 600; line-height: 1.4;\">         Dr. Patrizio Morisson       <\/span>       <span style=\"display: block; font-size: 0.9em; color: #0073aa; line-height: 1.4; font-style: italic;\">         M\u00e9dico Cirurgi\u00e3o       <\/span>       <span style=\"display: block; font-size: 0.9em; color: #555; line-height: 1.4;\">         CRM-RJ: 5283566-8       <\/span>       <span style=\"display: block; font-size: 0.9em; color: #555; line-height: 1.4; font-style: italic;\">         RQE: 40.203       <\/span>     <\/span>   <\/a> <\/p>\n","protected":false},"excerpt":{"rendered":"<p>O Melanoma \u00e9 um tipo de c\u00e2ncer de pele que se origina dos melan\u00f3citos, c\u00e9lulas respons\u00e1veis pela produ\u00e7\u00e3o de melanina, o pigmento que confere cor \u00e0 pele. \u00c9 notoriamente agressivo e potencialmente letal, uma vez que pode se espalhar para outras partes do corpo se n\u00e3o tratado precocemente. Os melan\u00f3citos s\u00e3o encontrados principalmente na pele, [&hellip;]<\/p>\n","protected":false},"author":25,"featured_media":91752,"comment_status":"open","ping_status":"open","sticky":false,"template":"","format":"standard","meta":{"jnews-multi-image_gallery":[],"jnews_single_post":{"format":"standard"},"jnews_primary_category":[],"jnews_social_meta":[],"jnews_override_counter":[],"footnotes":""},"categories":[9053],"tags":[14061,14060,913],"class_list":["post-91747","post","type-post","status-publish","format-standard","has-post-thumbnail","hentry","category-saude","tag-cancer-de-pele","tag-melanoma","tag-prevencao"],"yoast_head":"<!-- This site is optimized with the Yoast SEO plugin v23.8 - https:\/\/yoast.com\/wordpress\/plugins\/seo\/ -->\n<title>Dr. Patrizio Morisson, Cirurgi\u00e3o: o sinal na pele que pode indicar o c\u00e2ncer mais perigoso - Estado de Minas - Em foco<\/title>\n<meta name=\"description\" content=\"Saiba como identificar e prevenir o melanoma, o c\u00e2ncer de pele mais agressivo, e descubra sinais que podem salvar vidas.\" \/>\n<meta name=\"robots\" content=\"index, follow, max-snippet:-1, max-image-preview:large, max-video-preview:-1\" \/>\n<link rel=\"canonical\" href=\"https:\/\/www.em.com.br\/emfoco\/2025\/09\/06\/dr-patrizio-morisson-cirurgiao-o-sinal-na-pele-que-pode-indicar-o-cancer-mais-perigoso\/\" \/>\n<meta property=\"og:locale\" content=\"pt_BR\" \/>\n<meta property=\"og:type\" content=\"article\" \/>\n<meta property=\"og:title\" content=\"Dr. Patrizio Morisson, Cirurgi\u00e3o: o sinal na pele que pode indicar o c\u00e2ncer mais perigoso - Estado de Minas - Em foco\" \/>\n<meta property=\"og:description\" content=\"Saiba como identificar e prevenir o melanoma, o c\u00e2ncer de pele mais agressivo, e descubra sinais que podem salvar vidas.\" \/>\n<meta property=\"og:url\" content=\"https:\/\/www.em.com.br\/emfoco\/2025\/09\/06\/dr-patrizio-morisson-cirurgiao-o-sinal-na-pele-que-pode-indicar-o-cancer-mais-perigoso\/\" \/>\n<meta property=\"og:site_name\" content=\"Estado de Minas - Em foco\" \/>\n<meta property=\"article:published_time\" content=\"2025-09-06T12:00:00+00:00\" \/>\n<meta property=\"article:modified_time\" content=\"2025-09-06T05:36:09+00:00\" \/>\n<meta property=\"og:image\" content=\"https:\/\/www.em.com.br\/emfoco\/wp-content\/uploads\/2025\/08\/melanoma_1755202266907.jpg\" \/>\n\t<meta property=\"og:image:width\" content=\"1280\" \/>\n\t<meta property=\"og:image:height\" content=\"720\" \/>\n\t<meta property=\"og:image:type\" content=\"image\/jpeg\" \/>\n<meta name=\"author\" content=\"Guilherme Lopes\" \/>\n<meta name=\"twitter:card\" content=\"summary_large_image\" \/>\n<meta name=\"twitter:label1\" content=\"Escrito por\" \/>\n\t<meta name=\"twitter:data1\" content=\"Guilherme Lopes\" \/>\n\t<meta name=\"twitter:label2\" content=\"Est. tempo de leitura\" \/>\n\t<meta name=\"twitter:data2\" content=\"4 minutos\" \/>\n<!-- \/ Yoast SEO plugin. -->","yoast_head_json":{"title":"Dr. Patrizio Morisson, Cirurgi\u00e3o: o sinal na pele que pode indicar o c\u00e2ncer mais perigoso - Estado de Minas - Em foco","description":"Saiba como identificar e prevenir o melanoma, o c\u00e2ncer de pele mais agressivo, e descubra sinais que podem salvar vidas.","robots":{"index":"index","follow":"follow","max-snippet":"max-snippet:-1","max-image-preview":"max-image-preview:large","max-video-preview":"max-video-preview:-1"},"canonical":"https:\/\/www.em.com.br\/emfoco\/2025\/09\/06\/dr-patrizio-morisson-cirurgiao-o-sinal-na-pele-que-pode-indicar-o-cancer-mais-perigoso\/","og_locale":"pt_BR","og_type":"article","og_title":"Dr. Patrizio Morisson, Cirurgi\u00e3o: o sinal na pele que pode indicar o c\u00e2ncer mais perigoso - Estado de Minas - Em foco","og_description":"Saiba como identificar e prevenir o melanoma, o c\u00e2ncer de pele mais agressivo, e descubra sinais que podem salvar vidas.","og_url":"https:\/\/www.em.com.br\/emfoco\/2025\/09\/06\/dr-patrizio-morisson-cirurgiao-o-sinal-na-pele-que-pode-indicar-o-cancer-mais-perigoso\/","og_site_name":"Estado de Minas - Em foco","article_published_time":"2025-09-06T12:00:00+00:00","article_modified_time":"2025-09-06T05:36:09+00:00","og_image":[{"width":1280,"height":720,"url":"https:\/\/www.em.com.br\/emfoco\/wp-content\/uploads\/2025\/08\/melanoma_1755202266907.jpg","type":"image\/jpeg"}],"author":"Guilherme Lopes","twitter_card":"summary_large_image","twitter_misc":{"Escrito por":"Guilherme Lopes","Est. tempo de leitura":"4 minutos"},"schema":{"@context":"https:\/\/schema.org","@graph":[{"@type":"WebPage","@id":"https:\/\/www.em.com.br\/emfoco\/2025\/09\/06\/dr-patrizio-morisson-cirurgiao-o-sinal-na-pele-que-pode-indicar-o-cancer-mais-perigoso\/","url":"https:\/\/www.em.com.br\/emfoco\/2025\/09\/06\/dr-patrizio-morisson-cirurgiao-o-sinal-na-pele-que-pode-indicar-o-cancer-mais-perigoso\/","name":"Dr. Patrizio Morisson, Cirurgi\u00e3o: o sinal na pele que pode indicar o c\u00e2ncer mais perigoso - Estado de Minas - Em foco","isPartOf":{"@id":"https:\/\/www.em.com.br\/emfoco\/#website"},"primaryImageOfPage":{"@id":"https:\/\/www.em.com.br\/emfoco\/2025\/09\/06\/dr-patrizio-morisson-cirurgiao-o-sinal-na-pele-que-pode-indicar-o-cancer-mais-perigoso\/#primaryimage"},"image":{"@id":"https:\/\/www.em.com.br\/emfoco\/2025\/09\/06\/dr-patrizio-morisson-cirurgiao-o-sinal-na-pele-que-pode-indicar-o-cancer-mais-perigoso\/#primaryimage"},"thumbnailUrl":"https:\/\/www.em.com.br\/emfoco\/wp-content\/uploads\/2025\/08\/melanoma_1755202266907.jpg","datePublished":"2025-09-06T12:00:00+00:00","dateModified":"2025-09-06T05:36:09+00:00","author":{"@id":"https:\/\/www.em.com.br\/emfoco\/#\/schema\/person\/f6eade2e287023da170a1b2b329f68e5"},"description":"Saiba como identificar e prevenir o melanoma, o c\u00e2ncer de pele mais agressivo, e descubra sinais que podem salvar vidas.","breadcrumb":{"@id":"https:\/\/www.em.com.br\/emfoco\/2025\/09\/06\/dr-patrizio-morisson-cirurgiao-o-sinal-na-pele-que-pode-indicar-o-cancer-mais-perigoso\/#breadcrumb"},"inLanguage":"pt-BR","potentialAction":[{"@type":"ReadAction","target":["https:\/\/www.em.com.br\/emfoco\/2025\/09\/06\/dr-patrizio-morisson-cirurgiao-o-sinal-na-pele-que-pode-indicar-o-cancer-mais-perigoso\/"]}]},{"@type":"ImageObject","inLanguage":"pt-BR","@id":"https:\/\/www.em.com.br\/emfoco\/2025\/09\/06\/dr-patrizio-morisson-cirurgiao-o-sinal-na-pele-que-pode-indicar-o-cancer-mais-perigoso\/#primaryimage","url":"https:\/\/www.em.com.br\/emfoco\/wp-content\/uploads\/2025\/08\/melanoma_1755202266907.jpg","contentUrl":"https:\/\/www.em.com.br\/emfoco\/wp-content\/uploads\/2025\/08\/melanoma_1755202266907.jpg","width":1280,"height":720,"caption":"Melanoma - Cr\u00e9ditos: depositphotos.com \/ AndrewLozovyi"},{"@type":"BreadcrumbList","@id":"https:\/\/www.em.com.br\/emfoco\/2025\/09\/06\/dr-patrizio-morisson-cirurgiao-o-sinal-na-pele-que-pode-indicar-o-cancer-mais-perigoso\/#breadcrumb","itemListElement":[{"@type":"ListItem","position":1,"name":"In\u00edcio","item":"https:\/\/www.em.com.br\/emfoco\/"},{"@type":"ListItem","position":2,"name":"Dr. Patrizio Morisson, Cirurgi\u00e3o: o sinal na pele que pode indicar o c\u00e2ncer mais perigoso"}]},{"@type":"WebSite","@id":"https:\/\/www.em.com.br\/emfoco\/#website","url":"https:\/\/www.em.com.br\/emfoco\/","name":"Estado de Minas - Em foco","description":"Acompanhe as \u00faltimas not\u00edcias e fique bem informado sobre tudo o que acontece em Minas Gerais, Brasil e no mundo.","potentialAction":[{"@type":"SearchAction","target":{"@type":"EntryPoint","urlTemplate":"https:\/\/www.em.com.br\/emfoco\/?s={search_term_string}"},"query-input":{"@type":"PropertyValueSpecification","valueRequired":true,"valueName":"search_term_string"}}],"inLanguage":"pt-BR"},{"@type":"Person","@id":"https:\/\/www.em.com.br\/emfoco\/#\/schema\/person\/f6eade2e287023da170a1b2b329f68e5","name":"Guilherme Lopes","image":{"@type":"ImageObject","inLanguage":"pt-BR","@id":"https:\/\/www.em.com.br\/emfoco\/#\/schema\/person\/image\/","url":"https:\/\/secure.gravatar.com\/avatar\/df9adfb835d344bc0af109d41756253f?s=96&d=mm&r=g","contentUrl":"https:\/\/secure.gravatar.com\/avatar\/df9adfb835d344bc0af109d41756253f?s=96&d=mm&r=g","caption":"Guilherme Lopes"},"url":"https:\/\/www.em.com.br\/emfoco\/author\/guilherme_saude\/"}]}},"_links":{"self":[{"href":"https:\/\/www.em.com.br\/emfoco\/wp-json\/wp\/v2\/posts\/91747","targetHints":{"allow":["GET"]}}],"collection":[{"href":"https:\/\/www.em.com.br\/emfoco\/wp-json\/wp\/v2\/posts"}],"about":[{"href":"https:\/\/www.em.com.br\/emfoco\/wp-json\/wp\/v2\/types\/post"}],"author":[{"embeddable":true,"href":"https:\/\/www.em.com.br\/emfoco\/wp-json\/wp\/v2\/users\/25"}],"replies":[{"embeddable":true,"href":"https:\/\/www.em.com.br\/emfoco\/wp-json\/wp\/v2\/comments?post=91747"}],"version-history":[{"count":2,"href":"https:\/\/www.em.com.br\/emfoco\/wp-json\/wp\/v2\/posts\/91747\/revisions"}],"predecessor-version":[{"id":94737,"href":"https:\/\/www.em.com.br\/emfoco\/wp-json\/wp\/v2\/posts\/91747\/revisions\/94737"}],"wp:featuredmedia":[{"embeddable":true,"href":"https:\/\/www.em.com.br\/emfoco\/wp-json\/wp\/v2\/media\/91752"}],"wp:attachment":[{"href":"https:\/\/www.em.com.br\/emfoco\/wp-json\/wp\/v2\/media?parent=91747"}],"wp:term":[{"taxonomy":"category","embeddable":true,"href":"https:\/\/www.em.com.br\/emfoco\/wp-json\/wp\/v2\/categories?post=91747"},{"taxonomy":"post_tag","embeddable":true,"href":"https:\/\/www.em.com.br\/emfoco\/wp-json\/wp\/v2\/tags?post=91747"}],"curies":[{"name":"wp","href":"https:\/\/api.w.org\/{rel}","templated":true}]}}