{"id":9166,"date":"2025-01-08T17:00:00","date_gmt":"2025-01-08T20:00:00","guid":{"rendered":"https:\/\/www.em.com.br\/emfoco\/?p=9166"},"modified":"2025-01-08T02:01:04","modified_gmt":"2025-01-08T05:01:04","slug":"quer-entender-como-as-mudancas-no-bpc-vao-te-afetar","status":"publish","type":"post","link":"https:\/\/www.em.com.br\/emfoco\/2025\/01\/08\/quer-entender-como-as-mudancas-no-bpc-vao-te-afetar\/","title":{"rendered":"Quer entender como as mudan\u00e7as no BPC v\u00e3o te afetar?"},"content":{"rendered":"\n<p>O Benef\u00edcio de Presta\u00e7\u00e3o Continuada (BPC\/Loas) est\u00e1 destinado a passar por <a href=\"https:\/\/www.em.com.br\/emfoco\/2025\/01\/02\/o-banco-central-tem-novidades-importantes-para-voce\/\" target=\"_blank\" rel=\"noreferrer noopener\">importantes <\/a>mudan\u00e7as em 2025. Essas altera\u00e7\u00f5es est\u00e3o vinculadas ao pacote de corte de gastos aprovado pelo Congresso Nacional, o que tem gerado questionamentos e incertezas sobre seus impactos para os atuais e futuros benefici\u00e1rios do aux\u00edlio oferecido pelo Instituto Nacional do Seguro Social (<a href=\"https:\/\/www.gov.br\/inss\/pt-br\" target=\"_blank\" rel=\"noreferrer noopener\">INSS<\/a>).<\/p>\n\n\n\n<p>Atualmente, o BPC\/Loas \u00e9 um aux\u00edlio crucial para idosos com mais de 65 anos e pessoas com defici\u00eancia, assegurando-lhes um sal\u00e1rio m\u00ednimo mensal, que foi reajustado em 2024 para R$ 1.518. Para requisitar o benef\u00edcio, o cidad\u00e3o deve comprovar renda familiar per capita inferior a um quarto do sal\u00e1rio m\u00ednimo, o que equivale a R$ 379,50.<\/p>\n\n\n\n<h2 class=\"wp-block-heading\">Quais as principais mudan\u00e7as no BPC\/Loas?<\/h2>\n\n\n\n<p>O pacote de ajustes introduziu altera\u00e7\u00f5es significativas, como a implementa\u00e7\u00e3o do cadastro biom\u00e9trico obrigat\u00f3rio e a obrigatoriedade de atualizar o Cadastro \u00danico (Cad\u00danico) do solicitante a cada dois anos. Este sistema permitir\u00e1 que as informa\u00e7\u00f5es sejam compartilhadas entre diferentes \u00f3rg\u00e3os governamentais, o que facilitar\u00e1 o controle e fiscaliza\u00e7\u00e3o.<\/p>\n\n\n\n<p>Nas \u00e1reas onde n\u00e3o h\u00e1 pontos de biometria dispon\u00edveis, os benefici\u00e1rios t\u00eam um prazo inicial de seis meses para cumprir essa exig\u00eancia, que pode ser prorrogado. Esse aspecto da mudan\u00e7a gerou preocupa\u00e7\u00f5es referentes \u00e0 acessibilidade para pessoas residentes em locais remotos, especialmente sobre a viabilidade de implementa\u00e7\u00e3o e execu\u00e7\u00e3o deste requisito.<\/p>\n\n\n<div class=\"wp-block-image\">\n<figure class=\"aligncenter size-large\"><img loading=\"lazy\" decoding=\"async\" width=\"1024\" height=\"576\" src=\"https:\/\/www.em.com.br\/emfoco\/wp-content\/uploads\/2024\/12\/Aposentados_1734292352794-1024x576.jpg\" alt=\"\" class=\"wp-image-5100\" srcset=\"https:\/\/www.em.com.br\/emfoco\/wp-content\/uploads\/2024\/12\/Aposentados_1734292352794-1024x576.jpg 1024w, https:\/\/www.em.com.br\/emfoco\/wp-content\/uploads\/2024\/12\/Aposentados_1734292352794-300x169.jpg 300w, https:\/\/www.em.com.br\/emfoco\/wp-content\/uploads\/2024\/12\/Aposentados_1734292352794-768x432.jpg 768w, https:\/\/www.em.com.br\/emfoco\/wp-content\/uploads\/2024\/12\/Aposentados_1734292352794-750x422.jpg 750w, https:\/\/www.em.com.br\/emfoco\/wp-content\/uploads\/2024\/12\/Aposentados_1734292352794-1140x641.jpg 1140w, https:\/\/www.em.com.br\/emfoco\/wp-content\/uploads\/2024\/12\/Aposentados_1734292352794.jpg 1280w\" sizes=\"auto, (max-width: 1024px) 100vw, 1024px\" \/><figcaption class=\"wp-element-caption\">Aposentados &#8211; Cr\u00e9ditos: depositphotos.com \/ evgenyataman<\/figcaption><\/figure><\/div>\n\n\n<h2 class=\"wp-block-heading\">Como a atualiza\u00e7\u00e3o cadastral pode impactar os benefici\u00e1rios?<\/h2>\n\n\n\n<p>Casos como o de Jo\u00e3o Carlos Barbosa mostram a import\u00e2ncia de um cadastro atualizado. Ap\u00f3s ter seu benef\u00edcio suspenso devido a um erro que o confundiu com um falecido de nome parecido, a corre\u00e7\u00e3o do cadastro se tornou vital para o restabelecimento dos pagamentos. Estas altera\u00e7\u00f5es visam evitar tais problemas e garantir que os recursos cheguem a quem realmente precisa.<\/p>\n\n\n\n<p>Apesar disso, o processo de atualiza\u00e7\u00e3o pode ser burocr\u00e1tico e demorado, exigindo dos benefici\u00e1rios disponibilidade para resolver quest\u00f5es documentais, muitas vezes nos munic\u00edpios mais distantes onde vivem.<\/p>\n\n\n\n<h2 class=\"wp-block-heading\">De que maneira as mudan\u00e7as afetam pessoas com defici\u00eancia?<\/h2>\n\n\n\n<p>Uma proposta controversa, inclu\u00edda no pacote de ajuste fiscal, previa restringir o direito ao BPC\/Loas apenas a pessoas com defici\u00eancia moderada ou grave. Entretanto, ap\u00f3s intensos debates, esse trecho foi vetado, permitindo que pessoas com defici\u00eancias leves continuem eleg\u00edveis para o benef\u00edcio com base em suas necessidades.<\/p>\n\n\n\n<p>Candidatos como Rafael, uma crian\u00e7a com Transtorno do Espectro Autista, ainda enfrentam desafios significativos na obten\u00e7\u00e3o do benef\u00edcio, evidenciando a complexidade do sistema e a necessidade de avalia\u00e7\u00f5es mais sens\u00edveis e abrangentes.<\/p>\n\n\n\n<h2 class=\"wp-block-heading\">Haver\u00e1 revis\u00e3o do benef\u00edcio pelo INSS?<\/h2>\n\n\n\n<p>O INSS iniciou um processo de revis\u00e3o para identificar benefici\u00e1rios com cadastros desatualizados. Aqueles que n\u00e3o realizarem a atualiza\u00e7\u00e3o necess\u00e1ria podem ter seus benef\u00edcios bloqueados, embora a regulariza\u00e7\u00e3o possa ocorrer em at\u00e9 72 horas desde que haja confirma\u00e7\u00e3o do recebimento da notifica\u00e7\u00e3o.<\/p>\n\n\n\n<p>Essa a\u00e7\u00e3o visa garantir que os recursos p\u00fablicos sejam direcionados corretamente, mantendo o foco no atendimento \u00e0s necessidades de quem realmente depende desse suporte financeiro.<\/p>\n\n\n\n<h2 class=\"wp-block-heading\">O que permanece igual no BPC\/Loas?<\/h2>\n\n\n\n<p>A proposta inicial previa mudan\u00e7as mais amplas, mas algumas delas foram removidas do texto final. Por exemplo, continua poss\u00edvel acumular o BPC\/Loas com outros benef\u00edcios como o Bolsa Fam\u00edlia, desde que os requisitos sejam cumpridos. At\u00e9 o momento, fatores como a renda familiar per capita e despesas essenciais continuam sendo levados em considera\u00e7\u00e3o para a elegibilidade.<\/p>\n\n\n\n<p>Apesar dos desafios, a manuten\u00e7\u00e3o dessas regras proporciona certa estabilidade para aqueles que j\u00e1 dependem do benef\u00edcio h\u00e1 anos. A constante revis\u00e3o das normas mostra a inten\u00e7\u00e3o de adaptar o BPC\/Loas \u00e0s reais necessidades sociais, equilibrando austeridade fiscal e prote\u00e7\u00e3o social.<\/p>\n","protected":false},"excerpt":{"rendered":"<p>O Benef\u00edcio de Presta\u00e7\u00e3o Continuada (BPC\/Loas) est\u00e1 destinado a passar por importantes mudan\u00e7as em 2025. Essas altera\u00e7\u00f5es est\u00e3o vinculadas ao pacote de corte de gastos aprovado pelo Congresso Nacional, o que tem gerado questionamentos e incertezas sobre seus impactos para os atuais e futuros benefici\u00e1rios do aux\u00edlio oferecido pelo Instituto Nacional do Seguro Social (INSS). [&hellip;]<\/p>\n","protected":false},"author":7,"featured_media":5991,"comment_status":"open","ping_status":"open","sticky":false,"template":"","format":"standard","meta":{"jnews-multi-image_gallery":[],"jnews_single_post":{"format":"standard"},"jnews_primary_category":[],"jnews_social_meta":[],"jnews_override_counter":[],"footnotes":""},"categories":[28],"tags":[1113,257,174,258,354],"class_list":["post-9166","post","type-post","status-publish","format-standard","has-post-thumbnail","hentry","category-economia","tag-beneficio-de-prestacao-continuada","tag-bpc","tag-inss","tag-loas","tag-mudancas"],"yoast_head":"<!-- This site is optimized with the Yoast SEO plugin v23.8 - https:\/\/yoast.com\/wordpress\/plugins\/seo\/ -->\n<title>Quer entender como as mudan\u00e7as no BPC v\u00e3o te afetar? - Estado de Minas - Em foco<\/title>\n<meta name=\"description\" content=\"Um artigo sobre as transforma\u00e7\u00f5es no Benef\u00edcio de Presta\u00e7\u00e3o Continuada. Confira!\" \/>\n<meta name=\"robots\" content=\"index, follow, max-snippet:-1, max-image-preview:large, max-video-preview:-1\" \/>\n<link rel=\"canonical\" href=\"https:\/\/www.em.com.br\/emfoco\/2025\/01\/08\/quer-entender-como-as-mudancas-no-bpc-vao-te-afetar\/\" \/>\n<meta property=\"og:locale\" content=\"pt_BR\" \/>\n<meta property=\"og:type\" content=\"article\" \/>\n<meta property=\"og:title\" content=\"Quer entender como as mudan\u00e7as no BPC v\u00e3o te afetar? - Estado de Minas - Em foco\" \/>\n<meta property=\"og:description\" content=\"Um artigo sobre as transforma\u00e7\u00f5es no Benef\u00edcio de Presta\u00e7\u00e3o Continuada. Confira!\" \/>\n<meta property=\"og:url\" content=\"https:\/\/www.em.com.br\/emfoco\/2025\/01\/08\/quer-entender-como-as-mudancas-no-bpc-vao-te-afetar\/\" \/>\n<meta property=\"og:site_name\" content=\"Estado de Minas - Em foco\" \/>\n<meta property=\"article:published_time\" content=\"2025-01-08T20:00:00+00:00\" \/>\n<meta property=\"article:modified_time\" content=\"2025-01-08T05:01:04+00:00\" \/>\n<meta property=\"og:image\" content=\"https:\/\/www.em.com.br\/emfoco\/wp-content\/uploads\/2024\/12\/Aposentados_1734718151812.jpg\" \/>\n\t<meta property=\"og:image:width\" content=\"1280\" \/>\n\t<meta property=\"og:image:height\" content=\"720\" \/>\n\t<meta property=\"og:image:type\" content=\"image\/jpeg\" \/>\n<meta name=\"author\" content=\"Kelvin\" \/>\n<meta name=\"twitter:card\" content=\"summary_large_image\" \/>\n<meta name=\"twitter:label1\" content=\"Escrito por\" \/>\n\t<meta name=\"twitter:data1\" content=\"Kelvin\" \/>\n\t<meta name=\"twitter:label2\" content=\"Est. tempo de leitura\" \/>\n\t<meta name=\"twitter:data2\" content=\"4 minutos\" \/>\n<!-- \/ Yoast SEO plugin. -->","yoast_head_json":{"title":"Quer entender como as mudan\u00e7as no BPC v\u00e3o te afetar? - Estado de Minas - Em foco","description":"Um artigo sobre as transforma\u00e7\u00f5es no Benef\u00edcio de Presta\u00e7\u00e3o Continuada. Confira!","robots":{"index":"index","follow":"follow","max-snippet":"max-snippet:-1","max-image-preview":"max-image-preview:large","max-video-preview":"max-video-preview:-1"},"canonical":"https:\/\/www.em.com.br\/emfoco\/2025\/01\/08\/quer-entender-como-as-mudancas-no-bpc-vao-te-afetar\/","og_locale":"pt_BR","og_type":"article","og_title":"Quer entender como as mudan\u00e7as no BPC v\u00e3o te afetar? - Estado de Minas - Em foco","og_description":"Um artigo sobre as transforma\u00e7\u00f5es no Benef\u00edcio de Presta\u00e7\u00e3o Continuada. Confira!","og_url":"https:\/\/www.em.com.br\/emfoco\/2025\/01\/08\/quer-entender-como-as-mudancas-no-bpc-vao-te-afetar\/","og_site_name":"Estado de Minas - Em foco","article_published_time":"2025-01-08T20:00:00+00:00","article_modified_time":"2025-01-08T05:01:04+00:00","og_image":[{"width":1280,"height":720,"url":"https:\/\/www.em.com.br\/emfoco\/wp-content\/uploads\/2024\/12\/Aposentados_1734718151812.jpg","type":"image\/jpeg"}],"author":"Kelvin","twitter_card":"summary_large_image","twitter_misc":{"Escrito por":"Kelvin","Est. tempo de leitura":"4 minutos"},"schema":{"@context":"https:\/\/schema.org","@graph":[{"@type":"WebPage","@id":"https:\/\/www.em.com.br\/emfoco\/2025\/01\/08\/quer-entender-como-as-mudancas-no-bpc-vao-te-afetar\/","url":"https:\/\/www.em.com.br\/emfoco\/2025\/01\/08\/quer-entender-como-as-mudancas-no-bpc-vao-te-afetar\/","name":"Quer entender como as mudan\u00e7as no BPC v\u00e3o te afetar? - Estado de Minas - Em foco","isPartOf":{"@id":"https:\/\/www.em.com.br\/emfoco\/#website"},"primaryImageOfPage":{"@id":"https:\/\/www.em.com.br\/emfoco\/2025\/01\/08\/quer-entender-como-as-mudancas-no-bpc-vao-te-afetar\/#primaryimage"},"image":{"@id":"https:\/\/www.em.com.br\/emfoco\/2025\/01\/08\/quer-entender-como-as-mudancas-no-bpc-vao-te-afetar\/#primaryimage"},"thumbnailUrl":"https:\/\/www.em.com.br\/emfoco\/wp-content\/uploads\/2024\/12\/Aposentados_1734718151812.jpg","datePublished":"2025-01-08T20:00:00+00:00","dateModified":"2025-01-08T05:01:04+00:00","author":{"@id":"https:\/\/www.em.com.br\/emfoco\/#\/schema\/person\/fb0a7f48c6fbb94b83f413a80f61917d"},"description":"Um artigo sobre as transforma\u00e7\u00f5es no Benef\u00edcio de Presta\u00e7\u00e3o Continuada. Confira!","breadcrumb":{"@id":"https:\/\/www.em.com.br\/emfoco\/2025\/01\/08\/quer-entender-como-as-mudancas-no-bpc-vao-te-afetar\/#breadcrumb"},"inLanguage":"pt-BR","potentialAction":[{"@type":"ReadAction","target":["https:\/\/www.em.com.br\/emfoco\/2025\/01\/08\/quer-entender-como-as-mudancas-no-bpc-vao-te-afetar\/"]}]},{"@type":"ImageObject","inLanguage":"pt-BR","@id":"https:\/\/www.em.com.br\/emfoco\/2025\/01\/08\/quer-entender-como-as-mudancas-no-bpc-vao-te-afetar\/#primaryimage","url":"https:\/\/www.em.com.br\/emfoco\/wp-content\/uploads\/2024\/12\/Aposentados_1734718151812.jpg","contentUrl":"https:\/\/www.em.com.br\/emfoco\/wp-content\/uploads\/2024\/12\/Aposentados_1734718151812.jpg","width":1280,"height":720,"caption":"Aposentados - Cr\u00e9ditos: depositphotos.com \/ Feverpitch"},{"@type":"BreadcrumbList","@id":"https:\/\/www.em.com.br\/emfoco\/2025\/01\/08\/quer-entender-como-as-mudancas-no-bpc-vao-te-afetar\/#breadcrumb","itemListElement":[{"@type":"ListItem","position":1,"name":"In\u00edcio","item":"https:\/\/www.em.com.br\/emfoco\/"},{"@type":"ListItem","position":2,"name":"Quer entender como as mudan\u00e7as no BPC v\u00e3o te afetar?"}]},{"@type":"WebSite","@id":"https:\/\/www.em.com.br\/emfoco\/#website","url":"https:\/\/www.em.com.br\/emfoco\/","name":"Estado de Minas - Em foco","description":"Acompanhe as \u00faltimas not\u00edcias e fique bem informado sobre tudo o que acontece em Minas Gerais, Brasil e no mundo.","potentialAction":[{"@type":"SearchAction","target":{"@type":"EntryPoint","urlTemplate":"https:\/\/www.em.com.br\/emfoco\/?s={search_term_string}"},"query-input":{"@type":"PropertyValueSpecification","valueRequired":true,"valueName":"search_term_string"}}],"inLanguage":"pt-BR"},{"@type":"Person","@id":"https:\/\/www.em.com.br\/emfoco\/#\/schema\/person\/fb0a7f48c6fbb94b83f413a80f61917d","name":"Kelvin","image":{"@type":"ImageObject","inLanguage":"pt-BR","@id":"https:\/\/www.em.com.br\/emfoco\/#\/schema\/person\/image\/","url":"https:\/\/secure.gravatar.com\/avatar\/e74f84337e6bf6c4c5e88fbdffa05270?s=96&d=mm&r=g","contentUrl":"https:\/\/secure.gravatar.com\/avatar\/e74f84337e6bf6c4c5e88fbdffa05270?s=96&d=mm&r=g","caption":"Kelvin"},"sameAs":["https:\/\/www.em.com.br\/emfoco"],"url":"https:\/\/www.em.com.br\/emfoco\/author\/kelvinmyth\/"}]}},"_links":{"self":[{"href":"https:\/\/www.em.com.br\/emfoco\/wp-json\/wp\/v2\/posts\/9166","targetHints":{"allow":["GET"]}}],"collection":[{"href":"https:\/\/www.em.com.br\/emfoco\/wp-json\/wp\/v2\/posts"}],"about":[{"href":"https:\/\/www.em.com.br\/emfoco\/wp-json\/wp\/v2\/types\/post"}],"author":[{"embeddable":true,"href":"https:\/\/www.em.com.br\/emfoco\/wp-json\/wp\/v2\/users\/7"}],"replies":[{"embeddable":true,"href":"https:\/\/www.em.com.br\/emfoco\/wp-json\/wp\/v2\/comments?post=9166"}],"version-history":[{"count":2,"href":"https:\/\/www.em.com.br\/emfoco\/wp-json\/wp\/v2\/posts\/9166\/revisions"}],"predecessor-version":[{"id":9169,"href":"https:\/\/www.em.com.br\/emfoco\/wp-json\/wp\/v2\/posts\/9166\/revisions\/9169"}],"wp:featuredmedia":[{"embeddable":true,"href":"https:\/\/www.em.com.br\/emfoco\/wp-json\/wp\/v2\/media\/5991"}],"wp:attachment":[{"href":"https:\/\/www.em.com.br\/emfoco\/wp-json\/wp\/v2\/media?parent=9166"}],"wp:term":[{"taxonomy":"category","embeddable":true,"href":"https:\/\/www.em.com.br\/emfoco\/wp-json\/wp\/v2\/categories?post=9166"},{"taxonomy":"post_tag","embeddable":true,"href":"https:\/\/www.em.com.br\/emfoco\/wp-json\/wp\/v2\/tags?post=9166"}],"curies":[{"name":"wp","href":"https:\/\/api.w.org\/{rel}","templated":true}]}}