{"id":91460,"date":"2025-08-15T15:08:21","date_gmt":"2025-08-15T18:08:21","guid":{"rendered":"https:\/\/www.em.com.br\/emfoco\/?p=91460"},"modified":"2025-08-14T12:04:14","modified_gmt":"2025-08-14T15:04:14","slug":"como-organizar-sua-rotina-de-cuidados-e-ter-cabelos-fortes-e-saudaveis","status":"publish","type":"post","link":"https:\/\/www.em.com.br\/emfoco\/2025\/08\/15\/como-organizar-sua-rotina-de-cuidados-e-ter-cabelos-fortes-e-saudaveis\/","title":{"rendered":"Como organizar sua rotina de cuidados e ter cabelos fortes e saud\u00e1veis"},"content":{"rendered":"\n<p>O cronograma capilar \u00e9 uma rotina de cuidados que visa a recupera\u00e7\u00e3o e a manuten\u00e7\u00e3o da sa\u00fade dos cabelos, por meio de uma sequ\u00eancia estruturada de tratamentos. Ele se baseia em tr\u00eas etapas principais: <strong>hidrata\u00e7\u00e3o<\/strong>, <strong>nutri\u00e7\u00e3o<\/strong> e <strong>reconstru\u00e7\u00e3o<\/strong>. Cada uma delas tem um papel espec\u00edfico na revitaliza\u00e7\u00e3o dos fios, proporcionando brilho, maciez e for\u00e7a. Esta abordagem \u00e9 ideal para quem deseja disciplinar os cabelos, seja para corrigir danos causados pelo uso excessivo de produtos qu\u00edmicos, seja para prevenir futuros problemas. Inclusive, cabe salientar que profissionais em cidades como <strong>S\u00e3o Paulo<\/strong>, por exemplo, t\u00eam indicado o cronograma para clientes que buscam recupera\u00e7\u00e3o p\u00f3s-procedimentos realizados em sal\u00f5es de beleza de grandes centros urbanos.<\/p>\n\n\n\n<p>No cronograma capilar, a <em>hidrata\u00e7\u00e3o<\/em> \u00e9 a primeira etapa e tem a fun\u00e7\u00e3o de repor a \u00e1gua dos cabelos. Este passo \u00e9 essencial para combater o ressecamento e melhorar a elasticidade dos fios. A hidrata\u00e7\u00e3o pode ser realizada com o uso de produtos que contenham ingredientes como aloe vera, pantenol e glicerina. A aplica\u00e7\u00e3o regular desses produtos ajuda a manter o <a href=\"https:\/\/www.em.com.br\/emfoco\/2025\/08\/13\/os-cortes-de-cabelo-femininos-mais-desejados-do-outono-2025\/\" target=\"_blank\" rel=\"noopener\">cabelo<\/a> male\u00e1vel e brilhante.<\/p>\n\n\n\n<h2 class=\"wp-block-heading\">O que \u00e9 a nutri\u00e7\u00e3o dentro do cronograma capilar?<\/h2>\n\n\n\n<p>A segunda etapa, a <strong>nutri\u00e7\u00e3o<\/strong>, tem como objetivo fornecer lip\u00eddios aos cabelos. Este processo \u00e9 crucial especialmente para cabelos crespos e cacheados, que tendem a ser mais secos devido \u00e0 dificuldade da oleosidade natural do couro cabeludo em percorrer toda a extens\u00e3o dos fios. A nutri\u00e7\u00e3o pode ser feita com m\u00e1scaras que contenham \u00f3leos e manteigas, tais como \u00f3leo de coco, azeite de oliva ou <a href=\"https:\/\/www.tuasaude.com\/manteiga-de-karite\/\" target=\"_blank\" rel=\"noopener\">manteiga de karit\u00e9<\/a>. Estes componentes promovem uma barreira protetora, mantendo a umidade interna dos fios e diminuindo o frizz. Em algumas linhas lan\u00e7adas por marcas como <strong>L&#8217;Or\u00e9al Paris<\/strong>, h\u00e1 f\u00f3rmulas espec\u00edficas para cada etapa, o que facilita a escolha dos produtos conforme a necessidade.<\/p>\n\n\n\n<h2 class=\"wp-block-heading\">Como a reconstru\u00e7\u00e3o ajuda na sa\u00fade dos cabelos?<\/h2>\n\n\n\n<p>A \u00faltima etapa, a <strong>reconstru\u00e7\u00e3o<\/strong>, destina-se a repor a massa capilar e as prote\u00ednas perdidas, principalmente a queratina. Esta fase \u00e9 imprescind\u00edvel para cabelos que passaram por processos qu\u00edmicos como descolora\u00e7\u00e3o, alisamento ou colora\u00e7\u00e3o. A reconstru\u00e7\u00e3o fortalece os fios, prevenindo a quebra e o aparecimento de pontas duplas. Por\u00e9m, deve ser realizada moderadamente, cerca de uma vez por m\u00eas, para evitar o efeito rebote \u2013 quando o cabelo se torna r\u00edgido e propenso \u00e0 quebra.&nbsp;<\/p>\n\n\n<div class=\"wp-block-image\">\n<figure class=\"aligncenter size-large\"><img loading=\"lazy\" decoding=\"async\" width=\"1024\" height=\"576\" src=\"https:\/\/www.em.com.br\/emfoco\/wp-content\/uploads\/2025\/06\/cabelo-danificado_1750730766741-1024x576.jpg\" alt=\"\" class=\"wp-image-65948\" srcset=\"https:\/\/www.em.com.br\/emfoco\/wp-content\/uploads\/2025\/06\/cabelo-danificado_1750730766741-1024x576.jpg 1024w, https:\/\/www.em.com.br\/emfoco\/wp-content\/uploads\/2025\/06\/cabelo-danificado_1750730766741-300x169.jpg 300w, https:\/\/www.em.com.br\/emfoco\/wp-content\/uploads\/2025\/06\/cabelo-danificado_1750730766741-768x432.jpg 768w, https:\/\/www.em.com.br\/emfoco\/wp-content\/uploads\/2025\/06\/cabelo-danificado_1750730766741-750x422.jpg 750w, https:\/\/www.em.com.br\/emfoco\/wp-content\/uploads\/2025\/06\/cabelo-danificado_1750730766741-1140x641.jpg 1140w, https:\/\/www.em.com.br\/emfoco\/wp-content\/uploads\/2025\/06\/cabelo-danificado_1750730766741.jpg 1280w\" sizes=\"auto, (max-width: 1024px) 100vw, 1024px\" \/><figcaption class=\"wp-element-caption\">Cabelo danificado &#8211; Cr\u00e9ditos: depositphotos.com \/ IgorVetushko<\/figcaption><\/figure><\/div>\n\n\n<h2 class=\"wp-block-heading\">Como planejar um cronograma capilar eficiente?<\/h2>\n\n\n\n<p>Organizar um cronograma capilar eficaz requer o entendimento das necessidades espec\u00edficas de cada cabelo. Geralmente, a rotina b\u00e1sica sugere:<\/p>\n\n\n\n<ol class=\"wp-block-list\">\n<li>Primeira semana: duas hidrata\u00e7\u00f5es e uma nutri\u00e7\u00e3o.<\/li>\n\n\n\n<li>Segunda semana: duas hidrata\u00e7\u00f5es e uma nutri\u00e7\u00e3o.<\/li>\n\n\n\n<li>Terceira semana: uma hidrata\u00e7\u00e3o, uma nutri\u00e7\u00e3o e uma reconstru\u00e7\u00e3o.<\/li>\n\n\n\n<li>Quarta semana: repetir a segunda semana.<\/li>\n<\/ol>\n\n\n\n<p>Quantidade e frequ\u00eancia podem variar conforme a condi\u00e7\u00e3o e tipo do cabelo. \u00c9 recomendado ajustar o cronograma conforme observado os resultados, sempre almejando o equil\u00edbrio entre as etapas para n\u00e3o sobrecarregar os fios. Plataformas como <strong>Instagram<\/strong> e <strong>YouTube<\/strong> apresentam tutoriais e relatos de quem j\u00e1 obteve sucesso com essa rotina, o que pode inspirar e ajudar na adapta\u00e7\u00e3o do cronograma ideal para o seu perfil.<\/p>\n\n\n\n<p>Implementar um cronograma capilar promove n\u00e3o apenas a est\u00e9tica, mas principalmente a sa\u00fade dos fios, oferecendo resultados vis\u00edveis e duradouros. Dedicar-se a essa rotina de forma consciente permite que qualquer pessoa, independentemente do tipo de cabelo, desfrute de madeixas mais fortes, saud\u00e1veis e bonitas. Escolher produtos adequados para cada uma das fases do cronograma \u00e9 fundamental para potencializar os efeitos desejados ao longo das semanas, revitalizando os cabelos de forma completa.<\/p>\n","protected":false},"excerpt":{"rendered":"<p>O cronograma capilar \u00e9 uma rotina de cuidados que visa a recupera\u00e7\u00e3o e a manuten\u00e7\u00e3o da sa\u00fade dos cabelos, por meio de uma sequ\u00eancia estruturada de tratamentos. Ele se baseia em tr\u00eas etapas principais: hidrata\u00e7\u00e3o, nutri\u00e7\u00e3o e reconstru\u00e7\u00e3o. Cada uma delas tem um papel espec\u00edfico na revitaliza\u00e7\u00e3o dos fios, proporcionando brilho, maciez e for\u00e7a. Esta [&hellip;]<\/p>\n","protected":false},"author":9,"featured_media":38644,"comment_status":"open","ping_status":"open","sticky":false,"template":"","format":"standard","meta":{"jnews-multi-image_gallery":[],"jnews_single_post":{"format":"standard"},"jnews_primary_category":[],"jnews_social_meta":[],"jnews_override_counter":[],"footnotes":""},"categories":[29,1],"tags":[5143,6494,4941,3509],"class_list":["post-91460","post","type-post","status-publish","format-standard","has-post-thumbnail","hentry","category-entretenimento","category-noticias","tag-cabelos","tag-cronograma-capilar","tag-hidratacao","tag-nutricao"],"yoast_head":"<!-- This site is optimized with the Yoast SEO plugin v23.8 - https:\/\/yoast.com\/wordpress\/plugins\/seo\/ -->\n<title>Como organizar sua rotina de cuidados e ter cabelos fortes e saud\u00e1veis<\/title>\n<meta name=\"description\" content=\"Aprenda a rotina de cronograma capilar que hidrata, nutre e reconstr\u00f3i cabelos, deixando-os fortes, saud\u00e1veis e cheios de brilho.\" \/>\n<meta name=\"robots\" content=\"index, follow, max-snippet:-1, max-image-preview:large, max-video-preview:-1\" \/>\n<link rel=\"canonical\" href=\"https:\/\/www.em.com.br\/emfoco\/2025\/08\/15\/como-organizar-sua-rotina-de-cuidados-e-ter-cabelos-fortes-e-saudaveis\/\" \/>\n<meta property=\"og:locale\" content=\"pt_BR\" \/>\n<meta property=\"og:type\" content=\"article\" \/>\n<meta property=\"og:title\" content=\"Como organizar sua rotina de cuidados e ter cabelos fortes e saud\u00e1veis\" \/>\n<meta property=\"og:description\" content=\"Aprenda a rotina de cronograma capilar que hidrata, nutre e reconstr\u00f3i cabelos, deixando-os fortes, saud\u00e1veis e cheios de brilho.\" \/>\n<meta property=\"og:url\" content=\"https:\/\/www.em.com.br\/emfoco\/2025\/08\/15\/como-organizar-sua-rotina-de-cuidados-e-ter-cabelos-fortes-e-saudaveis\/\" \/>\n<meta property=\"og:site_name\" content=\"Estado de Minas - Em foco\" \/>\n<meta property=\"article:published_time\" content=\"2025-08-15T18:08:21+00:00\" \/>\n<meta property=\"article:modified_time\" content=\"2025-08-14T15:04:14+00:00\" \/>\n<meta property=\"og:image\" content=\"https:\/\/www.em.com.br\/emfoco\/wp-content\/uploads\/2025\/04\/tonico-capilar_1744733685626.jpg\" \/>\n\t<meta property=\"og:image:width\" content=\"1280\" \/>\n\t<meta property=\"og:image:height\" content=\"720\" \/>\n\t<meta property=\"og:image:type\" content=\"image\/jpeg\" \/>\n<meta name=\"author\" content=\"Daniely Cardoso\" \/>\n<meta name=\"twitter:card\" content=\"summary_large_image\" \/>\n<meta name=\"twitter:label1\" content=\"Escrito por\" \/>\n\t<meta name=\"twitter:data1\" content=\"Daniely Cardoso\" \/>\n\t<meta name=\"twitter:label2\" content=\"Est. tempo de leitura\" \/>\n\t<meta name=\"twitter:data2\" content=\"4 minutos\" \/>\n<!-- \/ Yoast SEO plugin. -->","yoast_head_json":{"title":"Como organizar sua rotina de cuidados e ter cabelos fortes e saud\u00e1veis","description":"Aprenda a rotina de cronograma capilar que hidrata, nutre e reconstr\u00f3i cabelos, deixando-os fortes, saud\u00e1veis e cheios de brilho.","robots":{"index":"index","follow":"follow","max-snippet":"max-snippet:-1","max-image-preview":"max-image-preview:large","max-video-preview":"max-video-preview:-1"},"canonical":"https:\/\/www.em.com.br\/emfoco\/2025\/08\/15\/como-organizar-sua-rotina-de-cuidados-e-ter-cabelos-fortes-e-saudaveis\/","og_locale":"pt_BR","og_type":"article","og_title":"Como organizar sua rotina de cuidados e ter cabelos fortes e saud\u00e1veis","og_description":"Aprenda a rotina de cronograma capilar que hidrata, nutre e reconstr\u00f3i cabelos, deixando-os fortes, saud\u00e1veis e cheios de brilho.","og_url":"https:\/\/www.em.com.br\/emfoco\/2025\/08\/15\/como-organizar-sua-rotina-de-cuidados-e-ter-cabelos-fortes-e-saudaveis\/","og_site_name":"Estado de Minas - Em foco","article_published_time":"2025-08-15T18:08:21+00:00","article_modified_time":"2025-08-14T15:04:14+00:00","og_image":[{"width":1280,"height":720,"url":"https:\/\/www.em.com.br\/emfoco\/wp-content\/uploads\/2025\/04\/tonico-capilar_1744733685626.jpg","type":"image\/jpeg"}],"author":"Daniely Cardoso","twitter_card":"summary_large_image","twitter_misc":{"Escrito por":"Daniely Cardoso","Est. tempo de leitura":"4 minutos"},"schema":{"@context":"https:\/\/schema.org","@graph":[{"@type":"WebPage","@id":"https:\/\/www.em.com.br\/emfoco\/2025\/08\/15\/como-organizar-sua-rotina-de-cuidados-e-ter-cabelos-fortes-e-saudaveis\/","url":"https:\/\/www.em.com.br\/emfoco\/2025\/08\/15\/como-organizar-sua-rotina-de-cuidados-e-ter-cabelos-fortes-e-saudaveis\/","name":"Como organizar sua rotina de cuidados e ter cabelos fortes e saud\u00e1veis","isPartOf":{"@id":"https:\/\/www.em.com.br\/emfoco\/#website"},"primaryImageOfPage":{"@id":"https:\/\/www.em.com.br\/emfoco\/2025\/08\/15\/como-organizar-sua-rotina-de-cuidados-e-ter-cabelos-fortes-e-saudaveis\/#primaryimage"},"image":{"@id":"https:\/\/www.em.com.br\/emfoco\/2025\/08\/15\/como-organizar-sua-rotina-de-cuidados-e-ter-cabelos-fortes-e-saudaveis\/#primaryimage"},"thumbnailUrl":"https:\/\/www.em.com.br\/emfoco\/wp-content\/uploads\/2025\/04\/tonico-capilar_1744733685626.jpg","datePublished":"2025-08-15T18:08:21+00:00","dateModified":"2025-08-14T15:04:14+00:00","author":{"@id":"https:\/\/www.em.com.br\/emfoco\/#\/schema\/person\/0a8186d72f2c3a5c6276d90b41f271a0"},"description":"Aprenda a rotina de cronograma capilar que hidrata, nutre e reconstr\u00f3i cabelos, deixando-os fortes, saud\u00e1veis e cheios de brilho.","breadcrumb":{"@id":"https:\/\/www.em.com.br\/emfoco\/2025\/08\/15\/como-organizar-sua-rotina-de-cuidados-e-ter-cabelos-fortes-e-saudaveis\/#breadcrumb"},"inLanguage":"pt-BR","potentialAction":[{"@type":"ReadAction","target":["https:\/\/www.em.com.br\/emfoco\/2025\/08\/15\/como-organizar-sua-rotina-de-cuidados-e-ter-cabelos-fortes-e-saudaveis\/"]}]},{"@type":"ImageObject","inLanguage":"pt-BR","@id":"https:\/\/www.em.com.br\/emfoco\/2025\/08\/15\/como-organizar-sua-rotina-de-cuidados-e-ter-cabelos-fortes-e-saudaveis\/#primaryimage","url":"https:\/\/www.em.com.br\/emfoco\/wp-content\/uploads\/2025\/04\/tonico-capilar_1744733685626.jpg","contentUrl":"https:\/\/www.em.com.br\/emfoco\/wp-content\/uploads\/2025\/04\/tonico-capilar_1744733685626.jpg","width":1280,"height":720,"caption":"T\u00f4nico capilar - Cr\u00e9ditos: depositphotos.com \/ GarnaZarina"},{"@type":"BreadcrumbList","@id":"https:\/\/www.em.com.br\/emfoco\/2025\/08\/15\/como-organizar-sua-rotina-de-cuidados-e-ter-cabelos-fortes-e-saudaveis\/#breadcrumb","itemListElement":[{"@type":"ListItem","position":1,"name":"In\u00edcio","item":"https:\/\/www.em.com.br\/emfoco\/"},{"@type":"ListItem","position":2,"name":"Como organizar sua rotina de cuidados e ter cabelos fortes e saud\u00e1veis"}]},{"@type":"WebSite","@id":"https:\/\/www.em.com.br\/emfoco\/#website","url":"https:\/\/www.em.com.br\/emfoco\/","name":"Estado de Minas - Em foco","description":"Acompanhe as \u00faltimas not\u00edcias e fique bem informado sobre tudo o que acontece em Minas Gerais, Brasil e no mundo.","potentialAction":[{"@type":"SearchAction","target":{"@type":"EntryPoint","urlTemplate":"https:\/\/www.em.com.br\/emfoco\/?s={search_term_string}"},"query-input":{"@type":"PropertyValueSpecification","valueRequired":true,"valueName":"search_term_string"}}],"inLanguage":"pt-BR"},{"@type":"Person","@id":"https:\/\/www.em.com.br\/emfoco\/#\/schema\/person\/0a8186d72f2c3a5c6276d90b41f271a0","name":"Daniely Cardoso","image":{"@type":"ImageObject","inLanguage":"pt-BR","@id":"https:\/\/www.em.com.br\/emfoco\/#\/schema\/person\/image\/","url":"https:\/\/secure.gravatar.com\/avatar\/4b80ddbd124d1f071b626d52d62e5dff?s=96&d=mm&r=g","contentUrl":"https:\/\/secure.gravatar.com\/avatar\/4b80ddbd124d1f071b626d52d62e5dff?s=96&d=mm&r=g","caption":"Daniely Cardoso"},"url":"https:\/\/www.em.com.br\/emfoco\/author\/danielymyth\/"}]}},"_links":{"self":[{"href":"https:\/\/www.em.com.br\/emfoco\/wp-json\/wp\/v2\/posts\/91460","targetHints":{"allow":["GET"]}}],"collection":[{"href":"https:\/\/www.em.com.br\/emfoco\/wp-json\/wp\/v2\/posts"}],"about":[{"href":"https:\/\/www.em.com.br\/emfoco\/wp-json\/wp\/v2\/types\/post"}],"author":[{"embeddable":true,"href":"https:\/\/www.em.com.br\/emfoco\/wp-json\/wp\/v2\/users\/9"}],"replies":[{"embeddable":true,"href":"https:\/\/www.em.com.br\/emfoco\/wp-json\/wp\/v2\/comments?post=91460"}],"version-history":[{"count":2,"href":"https:\/\/www.em.com.br\/emfoco\/wp-json\/wp\/v2\/posts\/91460\/revisions"}],"predecessor-version":[{"id":91511,"href":"https:\/\/www.em.com.br\/emfoco\/wp-json\/wp\/v2\/posts\/91460\/revisions\/91511"}],"wp:featuredmedia":[{"embeddable":true,"href":"https:\/\/www.em.com.br\/emfoco\/wp-json\/wp\/v2\/media\/38644"}],"wp:attachment":[{"href":"https:\/\/www.em.com.br\/emfoco\/wp-json\/wp\/v2\/media?parent=91460"}],"wp:term":[{"taxonomy":"category","embeddable":true,"href":"https:\/\/www.em.com.br\/emfoco\/wp-json\/wp\/v2\/categories?post=91460"},{"taxonomy":"post_tag","embeddable":true,"href":"https:\/\/www.em.com.br\/emfoco\/wp-json\/wp\/v2\/tags?post=91460"}],"curies":[{"name":"wp","href":"https:\/\/api.w.org\/{rel}","templated":true}]}}