{"id":91221,"date":"2025-08-13T09:50:00","date_gmt":"2025-08-13T12:50:00","guid":{"rendered":"https:\/\/www.em.com.br\/emfoco\/?p=91221"},"modified":"2025-08-14T02:35:42","modified_gmt":"2025-08-14T05:35:42","slug":"dra-priscila-antunes-medica-tres-suplementos-que-voce-nao-deve-comprar-na-farmacia","status":"publish","type":"post","link":"https:\/\/www.em.com.br\/emfoco\/2025\/08\/13\/dra-priscila-antunes-medica-tres-suplementos-que-voce-nao-deve-comprar-na-farmacia\/","title":{"rendered":"Dra. Priscila Antunes, m\u00e9dica: \u201cTr\u00eas suplementos que voc\u00ea n\u00e3o deve comprar na farm\u00e1cia\u201d"},"content":{"rendered":"\n<p>A Dra. Priscila Antunes (CRM 109981-7), m\u00e9dica especializada em sa\u00fade e bem-estar, alerta sobre tr\u00eas suplementos comuns vendidos em farm\u00e1cias que podem n\u00e3o trazer os benef\u00edcios esperados e, em alguns casos, at\u00e9 prejudicar a sa\u00fade. Em um v\u00eddeo informativo, ela explica os motivos e aponta alternativas mais seguras e eficazes.<\/p>\n\n\n\n<p>Com linguagem acess\u00edvel e base cient\u00edfica, a Dra. Priscila destaca que muitas formula\u00e7\u00f5es comerciais apresentam problemas como oxida\u00e7\u00e3o, presen\u00e7a de contaminantes, aditivos prejudiciais e formas qu\u00edmicas de vitaminas de baixa absor\u00e7\u00e3o. Segundo ela, entender esses pontos \u00e9 essencial para fazer escolhas mais inteligentes e evitar desperd\u00edcio de dinheiro.<\/p>\n\n\n\n<h2 class=\"wp-block-heading\">Por que evitar certos \u00f4megas 3 vendidos em c\u00e1psulas transparentes?<\/h2>\n\n\n\n<p>O primeiro suplemento citado \u00e9 o \u00f4mega 3 em c\u00e1psula com inv\u00f3lucro transparente. Segundo a m\u00e9dica, a exposi\u00e7\u00e3o \u00e0 luz favorece a oxida\u00e7\u00e3o das gorduras, reduzindo sua qualidade e potencial inflamat\u00f3rio. O ideal \u00e9 optar por c\u00e1psulas escuras ou leitosas, que protegem o conte\u00fado.<\/p>\n\n\n\n<p>Ela tamb\u00e9m recomenda verificar se o produto possui selos de qualidade como <strong>MEG-3<\/strong> ou <strong>IFOS<\/strong>, que atestam pureza e aus\u00eancia de contaminantes como merc\u00fario. Esses selos s\u00e3o reconhecidos internacionalmente e indicam que o \u00f3leo de peixe passou por testes rigorosos de seguran\u00e7a.<\/p>\n\n\n\n<h2 class=\"wp-block-heading\">Polivitam\u00ednicos para gestantes: quais os riscos?<\/h2>\n\n\n\n<p>O segundo alerta \u00e9 para polivitam\u00ednicos, especialmente os destinados a gestantes. A Dra. Priscila explica que muitas dessas f\u00f3rmulas cont\u00eam corantes como carmim, que \u00e9 alerg\u00eanico, e di\u00f3xido de tit\u00e2nio, que pode ser prejudicial \u00e0 sa\u00fade intestinal. Para gr\u00e1vidas, a preocupa\u00e7\u00e3o \u00e9 ainda maior, j\u00e1 que esses aditivos n\u00e3o trazem benef\u00edcio nutricional e podem representar riscos.<\/p>\n\n\n\n<p>Outro problema apontado \u00e9 o uso de formas menos biodispon\u00edveis de vitaminas e minerais. Em vez de metilfolato (forma ativa do folato), muitas f\u00f3rmulas usam \u00e1cido f\u00f3lico sint\u00e9tico. No lugar da metilcobalamina (B12 ativa), \u00e9 comum encontrar cianocobalamina. O mesmo acontece com o ferro, que em vez de formas queladas de melhor absor\u00e7\u00e3o, \u00e9 oferecido como fumarato ferroso.<\/p>\n\n\n\n<h2 class=\"wp-block-heading\">Vitamina C efervescente funciona?<\/h2>\n\n\n\n<p>O terceiro suplemento citado \u00e9 a vitamina C efervescente. Segundo a m\u00e9dica, ela n\u00e3o tem comprova\u00e7\u00e3o cient\u00edfica de efic\u00e1cia na preven\u00e7\u00e3o de gripes e resfriados quando usada apenas durante a doen\u00e7a. Para efeitos reais, a vitamina C precisa ser consumida diariamente e por longo prazo.<\/p>\n\n\n<div class=\"wp-block-image\">\n<figure class=\"aligncenter size-large\"><img loading=\"lazy\" decoding=\"async\" width=\"1024\" height=\"576\" src=\"https:\/\/www.em.com.br\/emfoco\/wp-content\/uploads\/2025\/08\/Vitamina-C-efervescente_1755149477527-1024x576.jpg\" alt=\"\" class=\"wp-image-91232\" srcset=\"https:\/\/www.em.com.br\/emfoco\/wp-content\/uploads\/2025\/08\/Vitamina-C-efervescente_1755149477527-1024x576.jpg 1024w, https:\/\/www.em.com.br\/emfoco\/wp-content\/uploads\/2025\/08\/Vitamina-C-efervescente_1755149477527-300x169.jpg 300w, https:\/\/www.em.com.br\/emfoco\/wp-content\/uploads\/2025\/08\/Vitamina-C-efervescente_1755149477527-768x432.jpg 768w, https:\/\/www.em.com.br\/emfoco\/wp-content\/uploads\/2025\/08\/Vitamina-C-efervescente_1755149477527-750x422.jpg 750w, https:\/\/www.em.com.br\/emfoco\/wp-content\/uploads\/2025\/08\/Vitamina-C-efervescente_1755149477527-1140x641.jpg 1140w, https:\/\/www.em.com.br\/emfoco\/wp-content\/uploads\/2025\/08\/Vitamina-C-efervescente_1755149477527.jpg 1280w\" sizes=\"auto, (max-width: 1024px) 100vw, 1024px\" \/><figcaption class=\"wp-element-caption\">Vitamina C efervescente &#8211; Cr\u00e9ditos: depositphotos.com \/ diego_cervo<\/figcaption><\/figure><\/div>\n\n\n<p>Al\u00e9m disso, vers\u00f5es efervescentes geralmente cont\u00eam corantes e ado\u00e7antes artificiais que n\u00e3o agregam benef\u00edcios \u00e0 sa\u00fade. A Dra. Priscila indica que \u00e9 poss\u00edvel obter vitamina C de forma natural e econ\u00f4mica por meio da alimenta\u00e7\u00e3o, como frutas c\u00edtricas, acerola e outros vegetais ricos nesse nutriente.<\/p>\n\n\n\n<h2 class=\"wp-block-heading\">Como escolher suplementos de forma segura?<\/h2>\n\n\n\n<p>A escolha de um suplemento deve levar em conta a forma qu\u00edmica dos nutrientes, a presen\u00e7a de selos de qualidade, a aus\u00eancia de aditivos desnecess\u00e1rios e a real necessidade individual, preferencialmente avaliada por um profissional de sa\u00fade. Nem todo suplemento de farm\u00e1cia \u00e9 ruim, mas \u00e9 fundamental saber ler r\u00f3tulos e entender o que est\u00e1 comprando.<\/p>\n\n\n\n<p>Segundo a Anvisa e o Minist\u00e9rio da Sa\u00fade, a suplementa\u00e7\u00e3o deve ser individualizada, evitando uso indiscriminado. Sempre que poss\u00edvel, priorize nutrientes obtidos por meio da alimenta\u00e7\u00e3o equilibrada.<\/p>\n\n\n\n<h2 class=\"wp-block-heading\">Fontes oficiais<\/h2>\n\n\n\n<ul class=\"wp-block-list\">\n<li>Ag\u00eancia Nacional de Vigil\u00e2ncia Sanit\u00e1ria (Anvisa): <a href=\"https:\/\/www.gov.br\/anvisa\" target=\"_blank\" rel=\"noreferrer noopener\">https:\/\/www.gov.br\/anvisa<\/a><\/li>\n\n\n\n<li>Minist\u00e9rio da Sa\u00fade: <a href=\"https:\/\/www.gov.br\/saude\" target=\"_blank\" rel=\"noreferrer noopener\">https:\/\/www.gov.br\/saude<\/a><\/li>\n\n\n\n<li>fOrganiza\u00e7\u00e3o Mundial da Sa\u00fade (OMS): <a href=\"https:\/\/www.who.int\" target=\"_blank\" rel=\"noreferrer noopener\">https:\/\/www.who.int<\/a><\/li>\n<\/ul>\n","protected":false},"excerpt":{"rendered":"<p>A Dra. Priscila Antunes (CRM 109981-7), m\u00e9dica especializada em sa\u00fade e bem-estar, alerta sobre tr\u00eas suplementos comuns vendidos em farm\u00e1cias que podem n\u00e3o trazer os benef\u00edcios esperados e, em alguns casos, at\u00e9 prejudicar a sa\u00fade. Em um v\u00eddeo informativo, ela explica os motivos e aponta alternativas mais seguras e eficazes. Com linguagem acess\u00edvel e base [&hellip;]<\/p>\n","protected":false},"author":17,"featured_media":91233,"comment_status":"open","ping_status":"open","sticky":false,"template":"","format":"standard","meta":{"jnews-multi-image_gallery":[],"jnews_single_post":{"format":"standard"},"jnews_primary_category":[],"jnews_social_meta":[],"jnews_override_counter":[],"footnotes":""},"categories":[9053],"tags":[711,9932,6981],"class_list":["post-91221","post","type-post","status-publish","format-standard","has-post-thumbnail","hentry","category-saude","tag-bem-estar","tag-farmacia","tag-suplementos"],"yoast_head":"<!-- This site is optimized with the Yoast SEO plugin v23.8 - https:\/\/yoast.com\/wordpress\/plugins\/seo\/ -->\n<title>Dra. Priscila Antunes, m\u00e9dica: \u201cTr\u00eas suplementos que voc\u00ea n\u00e3o deve comprar na farm\u00e1cia\u201d - Estado de Minas - Em foco<\/title>\n<meta name=\"description\" content=\"Dra. Priscila Antunes alerta sobre 3 suplementos comuns que podem prejudicar sua sa\u00fade e indica como escolher op\u00e7\u00f5es mais seguras e eficazes.\" \/>\n<meta name=\"robots\" content=\"index, follow, max-snippet:-1, max-image-preview:large, max-video-preview:-1\" \/>\n<link rel=\"canonical\" href=\"https:\/\/www.em.com.br\/emfoco\/2025\/08\/13\/dra-priscila-antunes-medica-tres-suplementos-que-voce-nao-deve-comprar-na-farmacia\/\" \/>\n<meta property=\"og:locale\" content=\"pt_BR\" \/>\n<meta property=\"og:type\" content=\"article\" \/>\n<meta property=\"og:title\" content=\"Dra. Priscila Antunes, m\u00e9dica: \u201cTr\u00eas suplementos que voc\u00ea n\u00e3o deve comprar na farm\u00e1cia\u201d - Estado de Minas - Em foco\" \/>\n<meta property=\"og:description\" content=\"Dra. Priscila Antunes alerta sobre 3 suplementos comuns que podem prejudicar sua sa\u00fade e indica como escolher op\u00e7\u00f5es mais seguras e eficazes.\" \/>\n<meta property=\"og:url\" content=\"https:\/\/www.em.com.br\/emfoco\/2025\/08\/13\/dra-priscila-antunes-medica-tres-suplementos-que-voce-nao-deve-comprar-na-farmacia\/\" \/>\n<meta property=\"og:site_name\" content=\"Estado de Minas - Em foco\" \/>\n<meta property=\"article:published_time\" content=\"2025-08-13T12:50:00+00:00\" \/>\n<meta property=\"article:modified_time\" content=\"2025-08-14T05:35:42+00:00\" \/>\n<meta property=\"og:image\" content=\"https:\/\/www.em.com.br\/emfoco\/wp-content\/uploads\/2025\/08\/mosaico_1755149670649.jpg\" \/>\n\t<meta property=\"og:image:width\" content=\"1280\" \/>\n\t<meta property=\"og:image:height\" content=\"720\" \/>\n\t<meta property=\"og:image:type\" content=\"image\/jpeg\" \/>\n<meta name=\"author\" content=\"Lucas Sampaio\" \/>\n<meta name=\"twitter:card\" content=\"summary_large_image\" \/>\n<meta name=\"twitter:label1\" content=\"Escrito por\" \/>\n\t<meta name=\"twitter:data1\" content=\"Lucas Sampaio\" \/>\n\t<meta name=\"twitter:label2\" content=\"Est. tempo de leitura\" \/>\n\t<meta name=\"twitter:data2\" content=\"4 minutos\" \/>\n<!-- \/ Yoast SEO plugin. -->","yoast_head_json":{"title":"Dra. Priscila Antunes, m\u00e9dica: \u201cTr\u00eas suplementos que voc\u00ea n\u00e3o deve comprar na farm\u00e1cia\u201d - Estado de Minas - Em foco","description":"Dra. Priscila Antunes alerta sobre 3 suplementos comuns que podem prejudicar sua sa\u00fade e indica como escolher op\u00e7\u00f5es mais seguras e eficazes.","robots":{"index":"index","follow":"follow","max-snippet":"max-snippet:-1","max-image-preview":"max-image-preview:large","max-video-preview":"max-video-preview:-1"},"canonical":"https:\/\/www.em.com.br\/emfoco\/2025\/08\/13\/dra-priscila-antunes-medica-tres-suplementos-que-voce-nao-deve-comprar-na-farmacia\/","og_locale":"pt_BR","og_type":"article","og_title":"Dra. Priscila Antunes, m\u00e9dica: \u201cTr\u00eas suplementos que voc\u00ea n\u00e3o deve comprar na farm\u00e1cia\u201d - Estado de Minas - Em foco","og_description":"Dra. Priscila Antunes alerta sobre 3 suplementos comuns que podem prejudicar sua sa\u00fade e indica como escolher op\u00e7\u00f5es mais seguras e eficazes.","og_url":"https:\/\/www.em.com.br\/emfoco\/2025\/08\/13\/dra-priscila-antunes-medica-tres-suplementos-que-voce-nao-deve-comprar-na-farmacia\/","og_site_name":"Estado de Minas - Em foco","article_published_time":"2025-08-13T12:50:00+00:00","article_modified_time":"2025-08-14T05:35:42+00:00","og_image":[{"width":1280,"height":720,"url":"https:\/\/www.em.com.br\/emfoco\/wp-content\/uploads\/2025\/08\/mosaico_1755149670649.jpg","type":"image\/jpeg"}],"author":"Lucas Sampaio","twitter_card":"summary_large_image","twitter_misc":{"Escrito por":"Lucas Sampaio","Est. tempo de leitura":"4 minutos"},"schema":{"@context":"https:\/\/schema.org","@graph":[{"@type":"WebPage","@id":"https:\/\/www.em.com.br\/emfoco\/2025\/08\/13\/dra-priscila-antunes-medica-tres-suplementos-que-voce-nao-deve-comprar-na-farmacia\/","url":"https:\/\/www.em.com.br\/emfoco\/2025\/08\/13\/dra-priscila-antunes-medica-tres-suplementos-que-voce-nao-deve-comprar-na-farmacia\/","name":"Dra. Priscila Antunes, m\u00e9dica: \u201cTr\u00eas suplementos que voc\u00ea n\u00e3o deve comprar na farm\u00e1cia\u201d - Estado de Minas - Em foco","isPartOf":{"@id":"https:\/\/www.em.com.br\/emfoco\/#website"},"primaryImageOfPage":{"@id":"https:\/\/www.em.com.br\/emfoco\/2025\/08\/13\/dra-priscila-antunes-medica-tres-suplementos-que-voce-nao-deve-comprar-na-farmacia\/#primaryimage"},"image":{"@id":"https:\/\/www.em.com.br\/emfoco\/2025\/08\/13\/dra-priscila-antunes-medica-tres-suplementos-que-voce-nao-deve-comprar-na-farmacia\/#primaryimage"},"thumbnailUrl":"https:\/\/www.em.com.br\/emfoco\/wp-content\/uploads\/2025\/08\/mosaico_1755149670649.jpg","datePublished":"2025-08-13T12:50:00+00:00","dateModified":"2025-08-14T05:35:42+00:00","author":{"@id":"https:\/\/www.em.com.br\/emfoco\/#\/schema\/person\/9ad4c536bd87f5bb8006420332b99aef"},"description":"Dra. Priscila Antunes alerta sobre 3 suplementos comuns que podem prejudicar sua sa\u00fade e indica como escolher op\u00e7\u00f5es mais seguras e eficazes.","breadcrumb":{"@id":"https:\/\/www.em.com.br\/emfoco\/2025\/08\/13\/dra-priscila-antunes-medica-tres-suplementos-que-voce-nao-deve-comprar-na-farmacia\/#breadcrumb"},"inLanguage":"pt-BR","potentialAction":[{"@type":"ReadAction","target":["https:\/\/www.em.com.br\/emfoco\/2025\/08\/13\/dra-priscila-antunes-medica-tres-suplementos-que-voce-nao-deve-comprar-na-farmacia\/"]}]},{"@type":"ImageObject","inLanguage":"pt-BR","@id":"https:\/\/www.em.com.br\/emfoco\/2025\/08\/13\/dra-priscila-antunes-medica-tres-suplementos-que-voce-nao-deve-comprar-na-farmacia\/#primaryimage","url":"https:\/\/www.em.com.br\/emfoco\/wp-content\/uploads\/2025\/08\/mosaico_1755149670649.jpg","contentUrl":"https:\/\/www.em.com.br\/emfoco\/wp-content\/uploads\/2025\/08\/mosaico_1755149670649.jpg","width":1280,"height":720,"caption":"Reprodu\u00e7\u00e3o (TikTok: @drapriantunes)"},{"@type":"BreadcrumbList","@id":"https:\/\/www.em.com.br\/emfoco\/2025\/08\/13\/dra-priscila-antunes-medica-tres-suplementos-que-voce-nao-deve-comprar-na-farmacia\/#breadcrumb","itemListElement":[{"@type":"ListItem","position":1,"name":"In\u00edcio","item":"https:\/\/www.em.com.br\/emfoco\/"},{"@type":"ListItem","position":2,"name":"Dra. Priscila Antunes, m\u00e9dica: \u201cTr\u00eas suplementos que voc\u00ea n\u00e3o deve comprar na farm\u00e1cia\u201d"}]},{"@type":"WebSite","@id":"https:\/\/www.em.com.br\/emfoco\/#website","url":"https:\/\/www.em.com.br\/emfoco\/","name":"Estado de Minas - Em foco","description":"Acompanhe as \u00faltimas not\u00edcias e fique bem informado sobre tudo o que acontece em Minas Gerais, Brasil e no mundo.","potentialAction":[{"@type":"SearchAction","target":{"@type":"EntryPoint","urlTemplate":"https:\/\/www.em.com.br\/emfoco\/?s={search_term_string}"},"query-input":{"@type":"PropertyValueSpecification","valueRequired":true,"valueName":"search_term_string"}}],"inLanguage":"pt-BR"},{"@type":"Person","@id":"https:\/\/www.em.com.br\/emfoco\/#\/schema\/person\/9ad4c536bd87f5bb8006420332b99aef","name":"Lucas Sampaio","image":{"@type":"ImageObject","inLanguage":"pt-BR","@id":"https:\/\/www.em.com.br\/emfoco\/#\/schema\/person\/image\/","url":"https:\/\/secure.gravatar.com\/avatar\/2696b9676ad143cd7135b717faf6f79f?s=96&d=mm&r=g","contentUrl":"https:\/\/secure.gravatar.com\/avatar\/2696b9676ad143cd7135b717faf6f79f?s=96&d=mm&r=g","caption":"Lucas Sampaio"},"sameAs":["https:\/\/www.em.com.br\/emfoco\/"],"url":"https:\/\/www.em.com.br\/emfoco\/author\/lucasmyth\/"}]}},"_links":{"self":[{"href":"https:\/\/www.em.com.br\/emfoco\/wp-json\/wp\/v2\/posts\/91221","targetHints":{"allow":["GET"]}}],"collection":[{"href":"https:\/\/www.em.com.br\/emfoco\/wp-json\/wp\/v2\/posts"}],"about":[{"href":"https:\/\/www.em.com.br\/emfoco\/wp-json\/wp\/v2\/types\/post"}],"author":[{"embeddable":true,"href":"https:\/\/www.em.com.br\/emfoco\/wp-json\/wp\/v2\/users\/17"}],"replies":[{"embeddable":true,"href":"https:\/\/www.em.com.br\/emfoco\/wp-json\/wp\/v2\/comments?post=91221"}],"version-history":[{"count":1,"href":"https:\/\/www.em.com.br\/emfoco\/wp-json\/wp\/v2\/posts\/91221\/revisions"}],"predecessor-version":[{"id":91234,"href":"https:\/\/www.em.com.br\/emfoco\/wp-json\/wp\/v2\/posts\/91221\/revisions\/91234"}],"wp:featuredmedia":[{"embeddable":true,"href":"https:\/\/www.em.com.br\/emfoco\/wp-json\/wp\/v2\/media\/91233"}],"wp:attachment":[{"href":"https:\/\/www.em.com.br\/emfoco\/wp-json\/wp\/v2\/media?parent=91221"}],"wp:term":[{"taxonomy":"category","embeddable":true,"href":"https:\/\/www.em.com.br\/emfoco\/wp-json\/wp\/v2\/categories?post=91221"},{"taxonomy":"post_tag","embeddable":true,"href":"https:\/\/www.em.com.br\/emfoco\/wp-json\/wp\/v2\/tags?post=91221"}],"curies":[{"name":"wp","href":"https:\/\/api.w.org\/{rel}","templated":true}]}}