{"id":9120,"date":"2025-01-15T06:40:00","date_gmt":"2025-01-15T09:40:00","guid":{"rendered":"https:\/\/www.em.com.br\/emfoco\/?p=9120"},"modified":"2025-01-15T05:52:24","modified_gmt":"2025-01-15T08:52:24","slug":"como-descer-pra-bc-mudou-a-cara-de-balneario-camboriu","status":"publish","type":"post","link":"https:\/\/www.em.com.br\/emfoco\/2025\/01\/15\/como-descer-pra-bc-mudou-a-cara-de-balneario-camboriu\/","title":{"rendered":"Como &#8220;Descer pra BC&#8221; Mudou a Cara de Balne\u00e1rio Cambori\u00fa"},"content":{"rendered":"\n<p>A <strong><a href=\"https:\/\/www.em.com.br\/emfoco\/2024\/12\/25\/a-melodia-que-fez-o-brasil-descer-pra-bc\/\" target=\"_blank\" rel=\"noreferrer noopener\">m\u00fasica<\/a><\/strong> <strong>\u201cDescer pra BC\u201d<\/strong> da dupla sertaneja <strong><a href=\"https:\/\/www.instagram.com\/brennoematheus\/\" target=\"_blank\" rel=\"noreferrer noopener\">Brenno &amp; Matheus<\/a><\/strong> rapidamente se tornou um fen\u00f4meno no Brasil, ganhando destaque nas paradas musicais e alcan\u00e7ando milh\u00f5es de reprodu\u00e7\u00f5es. Essa can\u00e7\u00e3o n\u00e3o s\u00f3 catapultou os artistas para a fama, mas tamb\u00e9m despertou a aten\u00e7\u00e3o para Balne\u00e1rio Cambori\u00fa, que passou a ser vista com novos olhos.<\/p>\n\n\n\n<p>Com sua narrativa cativante, a faixa retrata o anseio de muitos em trocar a vida pacata de cidades menores por uma viv\u00eancia mais glamorosa em Balne\u00e1rio Cambori\u00fa. A letra \u00e9 um reflexo das aspira\u00e7\u00f5es de muitos brasileiros, o que explica seu enorme sucesso e apelo popular.<\/p>\n\n\n\n<h2 class=\"wp-block-heading\">Como \u201cDescer pra BC\u201d Influenciou Balne\u00e1rio Cambori\u00fa?<\/h2>\n\n\n\n<p>A popularidade de <em>\u201cDescer pra BC\u201d<\/em> trouxe benef\u00edcios significativos para Balne\u00e1rio Cambori\u00fa, especialmente no setor de turismo. A cidade viu um aumento no n\u00famero de visitantes de v\u00e1rias regi\u00f5es, impulsionando a economia local, com destaque para os setores hoteleiros e gastron\u00f4micos.<\/p>\n\n\n\n<p>Al\u00e9m dos aspectos econ\u00f4micos, o impacto da m\u00fasica nas redes sociais foi not\u00e1vel. Celebridades e influenciadores ajudaram a amplificar seu alcance, gerando um ciclo positivo de visibilidade tanto para a can\u00e7\u00e3o quanto para a cidade. Essa intera\u00e7\u00e3o aumentou ainda mais a atratividade de Balne\u00e1rio Cambori\u00fa como um destino desejado.<\/p>\n\n\n\n<figure class=\"wp-block-embed is-type-video is-provider-youtube wp-block-embed-youtube wp-embed-aspect-16-9 wp-has-aspect-ratio\"><div class=\"wp-block-embed__wrapper\">\n<div class=\"jeg_video_container jeg_video_content\"><iframe loading=\"lazy\" title=\"Brenno &amp; Matheus, DJ Ari SL - Descer Pra BC (Clipe Oficial)\" width=\"500\" height=\"281\" src=\"https:\/\/www.youtube.com\/embed\/U6reD8UVa0E?feature=oembed\" frameborder=\"0\" allow=\"accelerometer; autoplay; clipboard-write; encrypted-media; gyroscope; picture-in-picture; web-share\" referrerpolicy=\"strict-origin-when-cross-origin\" allowfullscreen><\/iframe><\/div>\n<\/div><\/figure>\n\n\n\n<h2 class=\"wp-block-heading\">Por que Balne\u00e1rio Cambori\u00fa \u00c9 Conhecida como a \u201cDubai Brasileira\u201d?<\/h2>\n\n\n\n<p>A compara\u00e7\u00e3o de Balne\u00e1rio Cambori\u00fa com Dubai est\u00e1 enraizada em sua arquitetura imponente e estilo de vida luxuoso. A cidade \u00e9 famosa por seus altos arranha-c\u00e9us e por atrair turistas que buscam experi\u00eancias sofisticadas e exclusivas.<\/p>\n\n\n\n<p>Esse r\u00f3tulo de &#8220;Dubai brasileira&#8221; ajudou a fortalecer a imagem de Balne\u00e1rio Cambori\u00fa, posicionando-a como um destino premium no Brasil. A combina\u00e7\u00e3o de infraestrutura moderna com belezas naturais faz dela um lugar \u00fanico e atraente.<\/p>\n\n\n\n<figure class=\"wp-block-image size-large\"><img loading=\"lazy\" decoding=\"async\" width=\"1024\" height=\"576\" src=\"https:\/\/www.em.com.br\/emfoco\/wp-content\/uploads\/2024\/12\/Balneario-Camboriu-_1733154922041-1024x576.jpg\" alt=\"Uma Jornada pela Alemanha do Brasil!\" class=\"wp-image-2781\" srcset=\"https:\/\/www.em.com.br\/emfoco\/wp-content\/uploads\/2024\/12\/Balneario-Camboriu-_1733154922041-1024x576.jpg 1024w, https:\/\/www.em.com.br\/emfoco\/wp-content\/uploads\/2024\/12\/Balneario-Camboriu-_1733154922041-300x169.jpg 300w, https:\/\/www.em.com.br\/emfoco\/wp-content\/uploads\/2024\/12\/Balneario-Camboriu-_1733154922041-768x432.jpg 768w, https:\/\/www.em.com.br\/emfoco\/wp-content\/uploads\/2024\/12\/Balneario-Camboriu-_1733154922041-750x422.jpg 750w, https:\/\/www.em.com.br\/emfoco\/wp-content\/uploads\/2024\/12\/Balneario-Camboriu-_1733154922041-1140x641.jpg 1140w, https:\/\/www.em.com.br\/emfoco\/wp-content\/uploads\/2024\/12\/Balneario-Camboriu-_1733154922041.jpg 1280w\" sizes=\"auto, (max-width: 1024px) 100vw, 1024px\" \/><figcaption class=\"wp-element-caption\">Balne\u00e1rio Cambori\u00fa &#8211; Cr\u00e9ditos: depositphotos.com \/ inacioluc<\/figcaption><\/figure>\n\n\n\n<h2 class=\"wp-block-heading\">Qual \u00c9 o Futuro da Rela\u00e7\u00e3o Entre M\u00fasica e Turismo?<\/h2>\n\n\n\n<p>O sucesso de <strong>&#8220;Descer pra BC&#8221;<\/strong> destaca o poder da m\u00fasica como ferramenta de promo\u00e7\u00e3o tur\u00edstica. Ao integrar m\u00fasicas populares com destinos reais, h\u00e1 uma oportunidade \u00fanica de impulsionar o turismo e fortalecer a marca de um local.<\/p>\n\n\n\n<p>No futuro, espera-se que outras cidades brasileiras identifiquem e adotem estrat\u00e9gias similares para explorar essa sinergia entre m\u00fasica e turismo. Balne\u00e1rio Cambori\u00fa, agora no centro das aten\u00e7\u00f5es, est\u00e1 pronta para maximizar os benef\u00edcios que esse sucesso musical trouxe, aguardando ainda mais visitantes que desejam experienciar essa &#8220;Dubai brasileira&#8221;.<\/p>\n","protected":false},"excerpt":{"rendered":"<p>A m\u00fasica \u201cDescer pra BC\u201d da dupla sertaneja Brenno &amp; Matheus rapidamente se tornou um fen\u00f4meno no Brasil, ganhando destaque nas paradas musicais e alcan\u00e7ando milh\u00f5es de reprodu\u00e7\u00f5es. Essa can\u00e7\u00e3o n\u00e3o s\u00f3 catapultou os artistas para a fama, mas tamb\u00e9m despertou a aten\u00e7\u00e3o para Balne\u00e1rio Cambori\u00fa, que passou a ser vista com novos olhos. Com [&hellip;]<\/p>\n","protected":false},"author":5,"featured_media":7000,"comment_status":"open","ping_status":"open","sticky":false,"template":"","format":"standard","meta":{"jnews-multi-image_gallery":[],"jnews_single_post":{"format":"standard"},"jnews_primary_category":[],"jnews_social_meta":[],"jnews_override_counter":[],"footnotes":""},"categories":[26,1],"tags":[1398,2540,157],"class_list":["post-9120","post","type-post","status-publish","format-standard","has-post-thumbnail","hentry","category-cidades","category-noticias","tag-balneario-camboriu","tag-musica-sertaneja","tag-turismo"],"yoast_head":"<!-- This site is optimized with the Yoast SEO plugin v23.8 - https:\/\/yoast.com\/wordpress\/plugins\/seo\/ -->\n<title>Como &quot;Descer pra BC&quot; Mudou a Cara de Balne\u00e1rio Cambori\u00fa - Estado de Minas - Em foco<\/title>\n<meta name=\"description\" content=\"A m\u00fasica como ferramenta de marketing: o caso de &quot;Descer pra BC&quot; e Balne\u00e1rio Cambori\u00fa. Saiba como a can\u00e7\u00e3o impulsionou a economia local.\" \/>\n<meta name=\"robots\" content=\"index, follow, max-snippet:-1, max-image-preview:large, max-video-preview:-1\" \/>\n<link rel=\"canonical\" href=\"https:\/\/www.em.com.br\/emfoco\/2025\/01\/15\/como-descer-pra-bc-mudou-a-cara-de-balneario-camboriu\/\" \/>\n<meta property=\"og:locale\" content=\"pt_BR\" \/>\n<meta property=\"og:type\" content=\"article\" \/>\n<meta property=\"og:title\" content=\"Como &quot;Descer pra BC&quot; Mudou a Cara de Balne\u00e1rio Cambori\u00fa - Estado de Minas - Em foco\" \/>\n<meta property=\"og:description\" content=\"A m\u00fasica como ferramenta de marketing: o caso de &quot;Descer pra BC&quot; e Balne\u00e1rio Cambori\u00fa. Saiba como a can\u00e7\u00e3o impulsionou a economia local.\" \/>\n<meta property=\"og:url\" content=\"https:\/\/www.em.com.br\/emfoco\/2025\/01\/15\/como-descer-pra-bc-mudou-a-cara-de-balneario-camboriu\/\" \/>\n<meta property=\"og:site_name\" content=\"Estado de Minas - Em foco\" \/>\n<meta property=\"article:published_time\" content=\"2025-01-15T09:40:00+00:00\" \/>\n<meta property=\"article:modified_time\" content=\"2025-01-15T08:52:24+00:00\" \/>\n<meta property=\"og:image\" content=\"https:\/\/www.em.com.br\/emfoco\/wp-content\/uploads\/2024\/12\/festa_1735314571464.jpg\" \/>\n\t<meta property=\"og:image:width\" content=\"1280\" \/>\n\t<meta property=\"og:image:height\" content=\"720\" \/>\n\t<meta property=\"og:image:type\" content=\"image\/jpeg\" \/>\n<meta name=\"author\" content=\"N\u00fabia Rangel\" \/>\n<meta name=\"twitter:card\" content=\"summary_large_image\" \/>\n<meta name=\"twitter:label1\" content=\"Escrito por\" \/>\n\t<meta name=\"twitter:data1\" content=\"N\u00fabia Rangel\" \/>\n\t<meta name=\"twitter:label2\" content=\"Est. tempo de leitura\" \/>\n\t<meta name=\"twitter:data2\" content=\"3 minutos\" \/>\n<!-- \/ Yoast SEO plugin. -->","yoast_head_json":{"title":"Como \"Descer pra BC\" Mudou a Cara de Balne\u00e1rio Cambori\u00fa - Estado de Minas - Em foco","description":"A m\u00fasica como ferramenta de marketing: o caso de \"Descer pra BC\" e Balne\u00e1rio Cambori\u00fa. Saiba como a can\u00e7\u00e3o impulsionou a economia local.","robots":{"index":"index","follow":"follow","max-snippet":"max-snippet:-1","max-image-preview":"max-image-preview:large","max-video-preview":"max-video-preview:-1"},"canonical":"https:\/\/www.em.com.br\/emfoco\/2025\/01\/15\/como-descer-pra-bc-mudou-a-cara-de-balneario-camboriu\/","og_locale":"pt_BR","og_type":"article","og_title":"Como \"Descer pra BC\" Mudou a Cara de Balne\u00e1rio Cambori\u00fa - Estado de Minas - Em foco","og_description":"A m\u00fasica como ferramenta de marketing: o caso de \"Descer pra BC\" e Balne\u00e1rio Cambori\u00fa. Saiba como a can\u00e7\u00e3o impulsionou a economia local.","og_url":"https:\/\/www.em.com.br\/emfoco\/2025\/01\/15\/como-descer-pra-bc-mudou-a-cara-de-balneario-camboriu\/","og_site_name":"Estado de Minas - Em foco","article_published_time":"2025-01-15T09:40:00+00:00","article_modified_time":"2025-01-15T08:52:24+00:00","og_image":[{"width":1280,"height":720,"url":"https:\/\/www.em.com.br\/emfoco\/wp-content\/uploads\/2024\/12\/festa_1735314571464.jpg","type":"image\/jpeg"}],"author":"N\u00fabia Rangel","twitter_card":"summary_large_image","twitter_misc":{"Escrito por":"N\u00fabia Rangel","Est. tempo de leitura":"3 minutos"},"schema":{"@context":"https:\/\/schema.org","@graph":[{"@type":"WebPage","@id":"https:\/\/www.em.com.br\/emfoco\/2025\/01\/15\/como-descer-pra-bc-mudou-a-cara-de-balneario-camboriu\/","url":"https:\/\/www.em.com.br\/emfoco\/2025\/01\/15\/como-descer-pra-bc-mudou-a-cara-de-balneario-camboriu\/","name":"Como \"Descer pra BC\" Mudou a Cara de Balne\u00e1rio Cambori\u00fa - Estado de Minas - Em foco","isPartOf":{"@id":"https:\/\/www.em.com.br\/emfoco\/#website"},"primaryImageOfPage":{"@id":"https:\/\/www.em.com.br\/emfoco\/2025\/01\/15\/como-descer-pra-bc-mudou-a-cara-de-balneario-camboriu\/#primaryimage"},"image":{"@id":"https:\/\/www.em.com.br\/emfoco\/2025\/01\/15\/como-descer-pra-bc-mudou-a-cara-de-balneario-camboriu\/#primaryimage"},"thumbnailUrl":"https:\/\/www.em.com.br\/emfoco\/wp-content\/uploads\/2024\/12\/festa_1735314571464.jpg","datePublished":"2025-01-15T09:40:00+00:00","dateModified":"2025-01-15T08:52:24+00:00","author":{"@id":"https:\/\/www.em.com.br\/emfoco\/#\/schema\/person\/524437ef54f8a5d32591b143307f2e20"},"description":"A m\u00fasica como ferramenta de marketing: o caso de \"Descer pra BC\" e Balne\u00e1rio Cambori\u00fa. Saiba como a can\u00e7\u00e3o impulsionou a economia local.","breadcrumb":{"@id":"https:\/\/www.em.com.br\/emfoco\/2025\/01\/15\/como-descer-pra-bc-mudou-a-cara-de-balneario-camboriu\/#breadcrumb"},"inLanguage":"pt-BR","potentialAction":[{"@type":"ReadAction","target":["https:\/\/www.em.com.br\/emfoco\/2025\/01\/15\/como-descer-pra-bc-mudou-a-cara-de-balneario-camboriu\/"]}]},{"@type":"ImageObject","inLanguage":"pt-BR","@id":"https:\/\/www.em.com.br\/emfoco\/2025\/01\/15\/como-descer-pra-bc-mudou-a-cara-de-balneario-camboriu\/#primaryimage","url":"https:\/\/www.em.com.br\/emfoco\/wp-content\/uploads\/2024\/12\/festa_1735314571464.jpg","contentUrl":"https:\/\/www.em.com.br\/emfoco\/wp-content\/uploads\/2024\/12\/festa_1735314571464.jpg","width":1280,"height":720,"caption":"Imagem Ilustrativa de Festa - Cr\u00e9ditos: depositphotos.com \/ yanlev"},{"@type":"BreadcrumbList","@id":"https:\/\/www.em.com.br\/emfoco\/2025\/01\/15\/como-descer-pra-bc-mudou-a-cara-de-balneario-camboriu\/#breadcrumb","itemListElement":[{"@type":"ListItem","position":1,"name":"In\u00edcio","item":"https:\/\/www.em.com.br\/emfoco\/"},{"@type":"ListItem","position":2,"name":"Como &#8220;Descer pra BC&#8221; Mudou a Cara de Balne\u00e1rio Cambori\u00fa"}]},{"@type":"WebSite","@id":"https:\/\/www.em.com.br\/emfoco\/#website","url":"https:\/\/www.em.com.br\/emfoco\/","name":"Estado de Minas - Em foco","description":"Acompanhe as \u00faltimas not\u00edcias e fique bem informado sobre tudo o que acontece em Minas Gerais, Brasil e no mundo.","potentialAction":[{"@type":"SearchAction","target":{"@type":"EntryPoint","urlTemplate":"https:\/\/www.em.com.br\/emfoco\/?s={search_term_string}"},"query-input":{"@type":"PropertyValueSpecification","valueRequired":true,"valueName":"search_term_string"}}],"inLanguage":"pt-BR"},{"@type":"Person","@id":"https:\/\/www.em.com.br\/emfoco\/#\/schema\/person\/524437ef54f8a5d32591b143307f2e20","name":"N\u00fabia Rangel","image":{"@type":"ImageObject","inLanguage":"pt-BR","@id":"https:\/\/www.em.com.br\/emfoco\/#\/schema\/person\/image\/","url":"https:\/\/secure.gravatar.com\/avatar\/47cff2827a5ba23c37e8068c86817ea4?s=96&d=mm&r=g","contentUrl":"https:\/\/secure.gravatar.com\/avatar\/47cff2827a5ba23c37e8068c86817ea4?s=96&d=mm&r=g","caption":"N\u00fabia Rangel"},"sameAs":["https:\/\/www.em.com.br\/emfoco\/"],"url":"https:\/\/www.em.com.br\/emfoco\/author\/nubiamyth\/"}]}},"_links":{"self":[{"href":"https:\/\/www.em.com.br\/emfoco\/wp-json\/wp\/v2\/posts\/9120","targetHints":{"allow":["GET"]}}],"collection":[{"href":"https:\/\/www.em.com.br\/emfoco\/wp-json\/wp\/v2\/posts"}],"about":[{"href":"https:\/\/www.em.com.br\/emfoco\/wp-json\/wp\/v2\/types\/post"}],"author":[{"embeddable":true,"href":"https:\/\/www.em.com.br\/emfoco\/wp-json\/wp\/v2\/users\/5"}],"replies":[{"embeddable":true,"href":"https:\/\/www.em.com.br\/emfoco\/wp-json\/wp\/v2\/comments?post=9120"}],"version-history":[{"count":2,"href":"https:\/\/www.em.com.br\/emfoco\/wp-json\/wp\/v2\/posts\/9120\/revisions"}],"predecessor-version":[{"id":9122,"href":"https:\/\/www.em.com.br\/emfoco\/wp-json\/wp\/v2\/posts\/9120\/revisions\/9122"}],"wp:featuredmedia":[{"embeddable":true,"href":"https:\/\/www.em.com.br\/emfoco\/wp-json\/wp\/v2\/media\/7000"}],"wp:attachment":[{"href":"https:\/\/www.em.com.br\/emfoco\/wp-json\/wp\/v2\/media?parent=9120"}],"wp:term":[{"taxonomy":"category","embeddable":true,"href":"https:\/\/www.em.com.br\/emfoco\/wp-json\/wp\/v2\/categories?post=9120"},{"taxonomy":"post_tag","embeddable":true,"href":"https:\/\/www.em.com.br\/emfoco\/wp-json\/wp\/v2\/tags?post=9120"}],"curies":[{"name":"wp","href":"https:\/\/api.w.org\/{rel}","templated":true}]}}