{"id":91195,"date":"2025-08-15T20:38:00","date_gmt":"2025-08-15T23:38:00","guid":{"rendered":"https:\/\/www.em.com.br\/emfoco\/?p=91195"},"modified":"2025-08-14T00:32:20","modified_gmt":"2025-08-14T03:32:20","slug":"como-usar-o-cnis-para-garantir-sua-aposentadoria","status":"publish","type":"post","link":"https:\/\/www.em.com.br\/emfoco\/2025\/08\/15\/como-usar-o-cnis-para-garantir-sua-aposentadoria\/","title":{"rendered":"Como usar o CNIS para garantir sua aposentadoria"},"content":{"rendered":"\n<p>O <strong>Cadastro Nacional de Informa\u00e7\u00f5es Sociais<\/strong> (<a href=\"http:\/\/www.previdencia.gov.br\/servicos-ao-cidadao\/todos-os-servicos\/cnis\/\" target=\"_blank\" rel=\"noreferrer noopener\">CNIS<\/a>) \u00e9 o principal banco de dados do sistema previdenci\u00e1rio brasileiro, reunindo registros essenciais sobre os v\u00ednculos trabalhistas e as contribui\u00e7\u00f5es previdenci\u00e1rias dos cidad\u00e3os. Desde sua cria\u00e7\u00e3o, funciona como instrumento fundamental para garantir os direitos dos segurados e facilitar a an\u00e1lise, concess\u00e3o e manuten\u00e7\u00e3o de benef\u00edcios previdenci\u00e1rios. Ao centralizar uma grande quantidade de dados, o <strong>CNIS <\/strong>permite um acompanhamento mais preciso pelo trabalhador e reduz a chance de irregularidades.<\/p>\n\n\n\n<p>Atualizado e mantido pelo <strong>Instituto Nacional do Seguro Social<\/strong> (<a href=\"https:\/\/www.em.com.br\/emfoco\/2025\/08\/13\/novas-regras-do-inss-facilitam-aposentadoria-e-reconhece-o-trabalho-infantil\/\" target=\"_blank\" rel=\"noreferrer noopener\">INSS<\/a>), o <strong>CNIS <\/strong>agrupa informa\u00e7\u00f5es como sal\u00e1rios, per\u00edodos de contribui\u00e7\u00e3o, empregos anteriores e dados relevantes \u00e0s atividades registradas. Essa organiza\u00e7\u00e3o proporciona ao trabalhador maior autonomia para monitorar suas contribui\u00e7\u00f5es, consultar dados a qualquer momento e assegurar que seus direitos estejam protegidos. O acesso facilitado e a possibilidade de atualiza\u00e7\u00e3o conferem seguran\u00e7a jur\u00eddica ao segurado.<\/p>\n\n\n\n<p>Al\u00e9m de sua fun\u00e7\u00e3o documental, o <strong>CNIS <\/strong>tamb\u00e9m \u00e9 importante em auditorias, controles internos do <strong>INSS <\/strong>e pol\u00edticas p\u00fablicas para a <strong>Previd\u00eancia Social<\/strong>. O constante aperfei\u00e7oamento do cadastro traz maior transpar\u00eancia para o sistema, amplia a confian\u00e7a dos trabalhadores e melhora a efici\u00eancia dos processos de concess\u00e3o dos benef\u00edcios.<\/p>\n\n\n\n<h2 class=\"wp-block-heading\">Como acessar o CNIS?<\/h2>\n\n\n<div class=\"wp-block-image\">\n<figure class=\"aligncenter size-large\"><img loading=\"lazy\" decoding=\"async\" width=\"1024\" height=\"576\" src=\"https:\/\/www.em.com.br\/emfoco\/wp-content\/uploads\/2025\/06\/inss_1748997236579-1024x576.jpg\" alt=\"INSS divulga novas datas de pagamento para agosto e setembro\" class=\"wp-image-55206\" srcset=\"https:\/\/www.em.com.br\/emfoco\/wp-content\/uploads\/2025\/06\/inss_1748997236579-1024x576.jpg 1024w, https:\/\/www.em.com.br\/emfoco\/wp-content\/uploads\/2025\/06\/inss_1748997236579-300x169.jpg 300w, https:\/\/www.em.com.br\/emfoco\/wp-content\/uploads\/2025\/06\/inss_1748997236579-768x432.jpg 768w, https:\/\/www.em.com.br\/emfoco\/wp-content\/uploads\/2025\/06\/inss_1748997236579-750x422.jpg 750w, https:\/\/www.em.com.br\/emfoco\/wp-content\/uploads\/2025\/06\/inss_1748997236579-1140x641.jpg 1140w, https:\/\/www.em.com.br\/emfoco\/wp-content\/uploads\/2025\/06\/inss_1748997236579.jpg 1280w\" sizes=\"auto, (max-width: 1024px) 100vw, 1024px\" \/><figcaption class=\"wp-element-caption\">Aplicativo do INSS aberto em celular com dinheiro ao fundo &#8211; Cr\u00e9ditos: depositphotos.com \/ rafapress<\/figcaption><\/figure><\/div>\n\n\n<p>Para acessar o extrato do <strong>CNIS<\/strong>, basta ter cadastro no portal <strong>Meu INSS<\/strong>. Essa plataforma digital elimina a necessidade de deslocamento at\u00e9 uma ag\u00eancia, promovendo praticidade ao segurado. Ap\u00f3s login, \u00e9 poss\u00edvel encontrar facilmente a op\u00e7\u00e3o de extrato do <strong>CNIS<\/strong>, visualizando toda a trajet\u00f3ria contributiva registrada em seu nome.<\/p>\n\n\n\n<p>O uso do <strong>CNIS <\/strong>digitalizado torna o processo mais transparente e oferece maior agilidade para identificar diverg\u00eancias e corrigi-las rapidamente. O extrato pode ser consultado periodicamente, auxiliando no acompanhamento de eventuais mudan\u00e7as ou inconsist\u00eancias.<\/p>\n\n\n\n<p>Em casos de dificuldades de acesso, o cidad\u00e3o pode buscar o atendimento presencial nas ag\u00eancias do <strong>INSS<\/strong>, onde servidores prestam o suporte t\u00e9cnico necess\u00e1rio. Dessa forma, todos os segurados t\u00eam alternativas para garantir acesso \u00e0 informa\u00e7\u00e3o.<\/p>\n\n\n\n<h2 class=\"wp-block-heading\">Quais dados est\u00e3o presentes no CNIS?<\/h2>\n\n\n\n<p>O <strong>CNIS <\/strong>concentra uma extensa gama de informa\u00e7\u00f5es, fundamentais para a efetiva\u00e7\u00e3o dos direitos previdenci\u00e1rios. Esses registros incluem dados pessoais, v\u00ednculos empregat\u00edcios, remunera\u00e7\u00f5es e per\u00edodos de contribui\u00e7\u00e3o. Detalhes sobre as atividades aut\u00f4nomas e informa\u00e7\u00f5es de dependentes tamb\u00e9m s\u00e3o integralmente contemplados.<\/p>\n\n\n\n<p>A base de dados reflete todas as fases de v\u00ednculo com a <strong>Previd\u00eancia Social<\/strong>, seja como empregado formal, contribuinte individual ou segurado facultativo. Isso garante que tempos distintos de contribui\u00e7\u00e3o possam ser consolidados, facilitando o c\u00e1lculo dos benef\u00edcios.<\/p>\n\n\n\n<p>Com precis\u00e3o e organiza\u00e7\u00e3o, o <strong>CNIS <\/strong>assegura que os segurados possam apurar se todos os dados necess\u00e1rios para <strong>aposentadorias, pens\u00f5es, aux\u00edlios e demais<\/strong> presta\u00e7\u00f5es est\u00e3o completos e corretos.<\/p>\n\n\n\n<ul class=\"wp-block-list\">\n<li>Nome completo e dados pessoais<\/li>\n\n\n\n<li>Hist\u00f3rico de empregos: datas de admiss\u00e3o e demiss\u00e3o<\/li>\n\n\n\n<li>Valores de contribui\u00e7\u00f5es dos trabalhadores e empregadores<\/li>\n\n\n\n<li>Registros de trabalho aut\u00f4nomo ou como microempreendedor<\/li>\n\n\n\n<li>Inclus\u00e3o de dependentes, quando informado<\/li>\n<\/ul>\n\n\n\n<h2 class=\"wp-block-heading\">Import\u00e2ncia do CNIS para o trabalhador<\/h2>\n\n\n\n<p>O <strong>CNIS <\/strong>\u00e9 decisivo para o trabalhador por assegurar que todo per\u00edodo de servi\u00e7o e as respectivas contribui\u00e7\u00f5es estejam corretamente contabilizados. A partir dele, \u00e9 poss\u00edvel obter seguran\u00e7a sobre o hist\u00f3rico previdenci\u00e1rio e antecipar corre\u00e7\u00f5es necess\u00e1rias, evitando atrasos ou indeferimentos na an\u00e1lise dos benef\u00edcios.<\/p>\n\n\n\n<p>O registro oficial das contribui\u00e7\u00f5es permite planejar a aposentadoria e identificar poss\u00edveis necessidades de complementa\u00e7\u00e3o dos per\u00edodos ou valores. Com isso, h\u00e1 maior autonomia na gest\u00e3o da carreira previdenci\u00e1ria, especialmente em face das recorrentes mudan\u00e7as nas regras do <strong>INSS<\/strong>.<\/p>\n\n\n\n<p>Ter um hist\u00f3rico atualizado, confi\u00e1vel e pronto para confer\u00eancia simplifica e agiliza futuras solicita\u00e7\u00f5es de benef\u00edcios, trazendo tranquilidade ao trabalhador nos processos de <strong>aposentadoria, aux\u00edlio-doen\u00e7a ou pens\u00e3o<\/strong>.<\/p>\n\n\n\n<h2 class=\"wp-block-heading\">Como corrigir informa\u00e7\u00f5es no CNIS?<\/h2>\n\n\n\n<p>Erros podem ocorrer no <strong>CNIS<\/strong>, como v\u00ednculos n\u00e3o lan\u00e7ados, datas erradas ou recolhimentos ausentes. Essas falhas devem ser corrigidas de forma \u00e1gil para evitar preju\u00edzos futuros. O primeiro passo \u00e9 analisar o extrato e, se houver alguma inconsist\u00eancia, reunir documentos comprobat\u00f3rios.<\/p>\n\n\n\n<p>A solicita\u00e7\u00e3o de ajuste pode ser feita pelo portal <strong>Meu INSS<\/strong>, anexando os arquivos necess\u00e1rios, ou presencialmente em uma ag\u00eancia. Ap\u00f3s o envio, \u00e9 importante acompanhar o andamento do pedido para garantir que as altera\u00e7\u00f5es sejam processadas corretamente.<\/p>\n\n\n\n<p>Al\u00e9m de ser um direito do segurado, manter o <strong>CNIS <\/strong>atualizado \u00e9 essencial para assegurar o reconhecimento integral das contribui\u00e7\u00f5es e o recebimento pleno dos benef\u00edcios.<\/p>\n\n\n\n<ul class=\"wp-block-list\">\n<li>Confira regularmente todos os v\u00ednculos e valores no extrato <strong>CNIS<\/strong><\/li>\n\n\n\n<li>Re\u00fana documentos: carteira de trabalho, recibos de sal\u00e1rio e guias de recolhimento<\/li>\n\n\n\n<li>Solicite a corre\u00e7\u00e3o no <strong>Meu INSS<\/strong> ou agende atendimento na ag\u00eancia<\/li>\n\n\n\n<li>Acompanhe o andamento do processo pelo portal<\/li>\n<\/ul>\n\n\n\n<h2 class=\"wp-block-heading\">Cuidados ao utilizar o CNIS<\/h2>\n\n\n\n<p>Consultar o <strong>CNIS <\/strong>regularmente \u00e9 a melhor forma de prevenir eventuais problemas no futuro. O trabalhador deve estar atento ao lan\u00e7amento correto dos per\u00edodos, \u00e0s informa\u00e7\u00f5es de sal\u00e1rios e \u00e0 atualiza\u00e7\u00e3o de dados cadastrais para evitar diverg\u00eancias na hora de solicitar benef\u00edcios.<\/p>\n\n\n\n<p>\u00c9 recomend\u00e1vel guardar todos os comprovantes de rela\u00e7\u00e3o de emprego, carn\u00eas pagos, recibos e documentos que possam servir de prova de eventuais per\u00edodos n\u00e3o reconhecidos. Esse arquivo pessoal facilitar\u00e1 a solu\u00e7\u00e3o de eventuais pend\u00eancias junto ao <strong>INSS<\/strong>.<\/p>\n\n\n\n<p>Manter contato frequente com o portal <strong>Meu INSS<\/strong> e acompanhar not\u00edcias sobre altera\u00e7\u00f5es nas regras previdenci\u00e1rias s\u00e3o pr\u00e1ticas que contribuem para a seguran\u00e7a do segurado.<\/p>\n\n\n\n<h2 class=\"wp-block-heading\">Principais d\u00favidas sobre o CNIS<\/h2>\n\n\n\n<p>Muitos segurados t\u00eam d\u00favidas sobre como acessar, entender e corrigir informa\u00e7\u00f5es no <strong>CNIS<\/strong>. Outras quest\u00f5es comuns envolvem a identifica\u00e7\u00e3o de v\u00ednculos divergentes, per\u00edodos em atraso e inclus\u00e3o de atividades aut\u00f4nomas.<\/p>\n\n\n\n<p>O <strong>INSS <\/strong>oferece informa\u00e7\u00e3o detalhada no portal <strong>Meu INSS<\/strong> e canais oficiais, esclarecendo sobre a import\u00e2ncia do cadastro atualizado e os direitos dos segurados. Existem, ainda, tutoriais e orienta\u00e7\u00f5es dispon\u00edveis para facilitar o uso da ferramenta digital.<\/p>\n\n\n\n<p>Por fim, manter-se informado e proativo quanto ao uso do <strong>CNIS <\/strong>\u00e9 fundamental n\u00e3o apenas para garantir direitos, mas tamb\u00e9m para evitar surpresas ou atrasos na hora de dar entrada ou solicitar a revis\u00e3o de um benef\u00edcio previdenci\u00e1rio.<\/p>\n","protected":false},"excerpt":{"rendered":"<p>O Cadastro Nacional de Informa\u00e7\u00f5es Sociais (CNIS) \u00e9 o principal banco de dados do sistema previdenci\u00e1rio brasileiro, reunindo registros essenciais sobre os v\u00ednculos trabalhistas e as contribui\u00e7\u00f5es previdenci\u00e1rias dos cidad\u00e3os. Desde sua cria\u00e7\u00e3o, funciona como instrumento fundamental para garantir os direitos dos segurados e facilitar a an\u00e1lise, concess\u00e3o e manuten\u00e7\u00e3o de benef\u00edcios previdenci\u00e1rios. Ao centralizar [&hellip;]<\/p>\n","protected":false},"author":20,"featured_media":67042,"comment_status":"open","ping_status":"open","sticky":false,"template":"","format":"standard","meta":{"jnews-multi-image_gallery":[],"jnews_single_post":{"format":"standard"},"jnews_primary_category":[],"jnews_social_meta":[],"jnews_override_counter":[],"footnotes":""},"categories":[28,1],"tags":[13974,10010,174],"class_list":["post-91195","post","type-post","status-publish","format-standard","has-post-thumbnail","hentry","category-economia","category-noticias","tag-cadastro-nacional-de-informacoes-sociais","tag-cnis","tag-inss"],"yoast_head":"<!-- This site is optimized with the Yoast SEO plugin v23.8 - https:\/\/yoast.com\/wordpress\/plugins\/seo\/ -->\n<title>Como usar o CNIS para garantir sua aposentadoria - Estado de Minas - Em foco<\/title>\n<meta name=\"description\" content=\"Saiba como consultar e corrigir o CNIS pelo Meu INSS, garantindo que todas as suas contribui\u00e7\u00f5es estejam corretas para evitar atrasos na aposentadoria.\" \/>\n<meta name=\"robots\" content=\"index, follow, max-snippet:-1, max-image-preview:large, max-video-preview:-1\" \/>\n<link rel=\"canonical\" href=\"https:\/\/www.em.com.br\/emfoco\/2025\/08\/15\/como-usar-o-cnis-para-garantir-sua-aposentadoria\/\" \/>\n<meta property=\"og:locale\" content=\"pt_BR\" \/>\n<meta property=\"og:type\" content=\"article\" \/>\n<meta property=\"og:title\" content=\"Como usar o CNIS para garantir sua aposentadoria - Estado de Minas - Em foco\" \/>\n<meta property=\"og:description\" content=\"Saiba como consultar e corrigir o CNIS pelo Meu INSS, garantindo que todas as suas contribui\u00e7\u00f5es estejam corretas para evitar atrasos na aposentadoria.\" \/>\n<meta property=\"og:url\" content=\"https:\/\/www.em.com.br\/emfoco\/2025\/08\/15\/como-usar-o-cnis-para-garantir-sua-aposentadoria\/\" \/>\n<meta property=\"og:site_name\" content=\"Estado de Minas - Em foco\" \/>\n<meta property=\"article:published_time\" content=\"2025-08-15T23:38:00+00:00\" \/>\n<meta property=\"article:modified_time\" content=\"2025-08-14T03:32:20+00:00\" \/>\n<meta property=\"og:image\" content=\"https:\/\/www.em.com.br\/emfoco\/wp-content\/uploads\/2025\/06\/feliz_1750889132121.jpg\" \/>\n\t<meta property=\"og:image:width\" content=\"1280\" \/>\n\t<meta property=\"og:image:height\" content=\"720\" \/>\n\t<meta property=\"og:image:type\" content=\"image\/jpeg\" \/>\n<meta name=\"author\" content=\"Ingrid Diniz\" \/>\n<meta name=\"twitter:card\" content=\"summary_large_image\" \/>\n<meta name=\"twitter:label1\" content=\"Escrito por\" \/>\n\t<meta name=\"twitter:data1\" content=\"Ingrid Diniz\" \/>\n\t<meta name=\"twitter:label2\" content=\"Est. tempo de leitura\" \/>\n\t<meta name=\"twitter:data2\" content=\"6 minutos\" \/>\n<!-- \/ Yoast SEO plugin. -->","yoast_head_json":{"title":"Como usar o CNIS para garantir sua aposentadoria - Estado de Minas - Em foco","description":"Saiba como consultar e corrigir o CNIS pelo Meu INSS, garantindo que todas as suas contribui\u00e7\u00f5es estejam corretas para evitar atrasos na aposentadoria.","robots":{"index":"index","follow":"follow","max-snippet":"max-snippet:-1","max-image-preview":"max-image-preview:large","max-video-preview":"max-video-preview:-1"},"canonical":"https:\/\/www.em.com.br\/emfoco\/2025\/08\/15\/como-usar-o-cnis-para-garantir-sua-aposentadoria\/","og_locale":"pt_BR","og_type":"article","og_title":"Como usar o CNIS para garantir sua aposentadoria - Estado de Minas - Em foco","og_description":"Saiba como consultar e corrigir o CNIS pelo Meu INSS, garantindo que todas as suas contribui\u00e7\u00f5es estejam corretas para evitar atrasos na aposentadoria.","og_url":"https:\/\/www.em.com.br\/emfoco\/2025\/08\/15\/como-usar-o-cnis-para-garantir-sua-aposentadoria\/","og_site_name":"Estado de Minas - Em foco","article_published_time":"2025-08-15T23:38:00+00:00","article_modified_time":"2025-08-14T03:32:20+00:00","og_image":[{"width":1280,"height":720,"url":"https:\/\/www.em.com.br\/emfoco\/wp-content\/uploads\/2025\/06\/feliz_1750889132121.jpg","type":"image\/jpeg"}],"author":"Ingrid Diniz","twitter_card":"summary_large_image","twitter_misc":{"Escrito por":"Ingrid Diniz","Est. tempo de leitura":"6 minutos"},"schema":{"@context":"https:\/\/schema.org","@graph":[{"@type":"WebPage","@id":"https:\/\/www.em.com.br\/emfoco\/2025\/08\/15\/como-usar-o-cnis-para-garantir-sua-aposentadoria\/","url":"https:\/\/www.em.com.br\/emfoco\/2025\/08\/15\/como-usar-o-cnis-para-garantir-sua-aposentadoria\/","name":"Como usar o CNIS para garantir sua aposentadoria - Estado de Minas - Em foco","isPartOf":{"@id":"https:\/\/www.em.com.br\/emfoco\/#website"},"primaryImageOfPage":{"@id":"https:\/\/www.em.com.br\/emfoco\/2025\/08\/15\/como-usar-o-cnis-para-garantir-sua-aposentadoria\/#primaryimage"},"image":{"@id":"https:\/\/www.em.com.br\/emfoco\/2025\/08\/15\/como-usar-o-cnis-para-garantir-sua-aposentadoria\/#primaryimage"},"thumbnailUrl":"https:\/\/www.em.com.br\/emfoco\/wp-content\/uploads\/2025\/06\/feliz_1750889132121.jpg","datePublished":"2025-08-15T23:38:00+00:00","dateModified":"2025-08-14T03:32:20+00:00","author":{"@id":"https:\/\/www.em.com.br\/emfoco\/#\/schema\/person\/649e610b4eb8fff87ff394e54fe17b2b"},"description":"Saiba como consultar e corrigir o CNIS pelo Meu INSS, garantindo que todas as suas contribui\u00e7\u00f5es estejam corretas para evitar atrasos na aposentadoria.","breadcrumb":{"@id":"https:\/\/www.em.com.br\/emfoco\/2025\/08\/15\/como-usar-o-cnis-para-garantir-sua-aposentadoria\/#breadcrumb"},"inLanguage":"pt-BR","potentialAction":[{"@type":"ReadAction","target":["https:\/\/www.em.com.br\/emfoco\/2025\/08\/15\/como-usar-o-cnis-para-garantir-sua-aposentadoria\/"]}]},{"@type":"ImageObject","inLanguage":"pt-BR","@id":"https:\/\/www.em.com.br\/emfoco\/2025\/08\/15\/como-usar-o-cnis-para-garantir-sua-aposentadoria\/#primaryimage","url":"https:\/\/www.em.com.br\/emfoco\/wp-content\/uploads\/2025\/06\/feliz_1750889132121.jpg","contentUrl":"https:\/\/www.em.com.br\/emfoco\/wp-content\/uploads\/2025\/06\/feliz_1750889132121.jpg","width":1280,"height":720,"caption":"Senhora feliz - Cr\u00e9ditos: depositphotos.com \/ EdZbarzhyvetsky"},{"@type":"BreadcrumbList","@id":"https:\/\/www.em.com.br\/emfoco\/2025\/08\/15\/como-usar-o-cnis-para-garantir-sua-aposentadoria\/#breadcrumb","itemListElement":[{"@type":"ListItem","position":1,"name":"In\u00edcio","item":"https:\/\/www.em.com.br\/emfoco\/"},{"@type":"ListItem","position":2,"name":"Como usar o CNIS para garantir sua aposentadoria"}]},{"@type":"WebSite","@id":"https:\/\/www.em.com.br\/emfoco\/#website","url":"https:\/\/www.em.com.br\/emfoco\/","name":"Estado de Minas - Em foco","description":"Acompanhe as \u00faltimas not\u00edcias e fique bem informado sobre tudo o que acontece em Minas Gerais, Brasil e no mundo.","potentialAction":[{"@type":"SearchAction","target":{"@type":"EntryPoint","urlTemplate":"https:\/\/www.em.com.br\/emfoco\/?s={search_term_string}"},"query-input":{"@type":"PropertyValueSpecification","valueRequired":true,"valueName":"search_term_string"}}],"inLanguage":"pt-BR"},{"@type":"Person","@id":"https:\/\/www.em.com.br\/emfoco\/#\/schema\/person\/649e610b4eb8fff87ff394e54fe17b2b","name":"Ingrid Diniz","image":{"@type":"ImageObject","inLanguage":"pt-BR","@id":"https:\/\/www.em.com.br\/emfoco\/#\/schema\/person\/image\/","url":"https:\/\/secure.gravatar.com\/avatar\/a3baa1449ec5c39b4c42babc9d4f3951?s=96&d=mm&r=g","contentUrl":"https:\/\/secure.gravatar.com\/avatar\/a3baa1449ec5c39b4c42babc9d4f3951?s=96&d=mm&r=g","caption":"Ingrid Diniz"},"sameAs":["https:\/\/www.em.com.br\/"],"url":"https:\/\/www.em.com.br\/emfoco\/author\/ingridmyth\/"}]}},"_links":{"self":[{"href":"https:\/\/www.em.com.br\/emfoco\/wp-json\/wp\/v2\/posts\/91195","targetHints":{"allow":["GET"]}}],"collection":[{"href":"https:\/\/www.em.com.br\/emfoco\/wp-json\/wp\/v2\/posts"}],"about":[{"href":"https:\/\/www.em.com.br\/emfoco\/wp-json\/wp\/v2\/types\/post"}],"author":[{"embeddable":true,"href":"https:\/\/www.em.com.br\/emfoco\/wp-json\/wp\/v2\/users\/20"}],"replies":[{"embeddable":true,"href":"https:\/\/www.em.com.br\/emfoco\/wp-json\/wp\/v2\/comments?post=91195"}],"version-history":[{"count":1,"href":"https:\/\/www.em.com.br\/emfoco\/wp-json\/wp\/v2\/posts\/91195\/revisions"}],"predecessor-version":[{"id":91222,"href":"https:\/\/www.em.com.br\/emfoco\/wp-json\/wp\/v2\/posts\/91195\/revisions\/91222"}],"wp:featuredmedia":[{"embeddable":true,"href":"https:\/\/www.em.com.br\/emfoco\/wp-json\/wp\/v2\/media\/67042"}],"wp:attachment":[{"href":"https:\/\/www.em.com.br\/emfoco\/wp-json\/wp\/v2\/media?parent=91195"}],"wp:term":[{"taxonomy":"category","embeddable":true,"href":"https:\/\/www.em.com.br\/emfoco\/wp-json\/wp\/v2\/categories?post=91195"},{"taxonomy":"post_tag","embeddable":true,"href":"https:\/\/www.em.com.br\/emfoco\/wp-json\/wp\/v2\/tags?post=91195"}],"curies":[{"name":"wp","href":"https:\/\/api.w.org\/{rel}","templated":true}]}}