{"id":90981,"date":"2025-08-13T13:50:00","date_gmt":"2025-08-13T16:50:00","guid":{"rendered":"https:\/\/www.em.com.br\/emfoco\/?p=90981"},"modified":"2025-08-13T13:57:40","modified_gmt":"2025-08-13T16:57:40","slug":"dra-miriane-ferreira-marido-pode-mandar-a-esposa-embora-de-casa-mesmo-que-a-casa-seja-dele","status":"publish","type":"post","link":"https:\/\/www.em.com.br\/emfoco\/2025\/08\/13\/dra-miriane-ferreira-marido-pode-mandar-a-esposa-embora-de-casa-mesmo-que-a-casa-seja-dele\/","title":{"rendered":"Dra. Miriane Ferreira: \u201cMarido pode mandar a esposa embora de casa mesmo que a casa seja dele\u201d"},"content":{"rendered":"\n<p>A advogada e mestre em Direito <strong>Dra. Miriane Ferreira<\/strong> (@dra.mirianeferreira) responde a uma d\u00favida comum e urgente: se o marido pode obrigar a esposa a sair de casa. A situa\u00e7\u00e3o, que afeta muitas mulheres, gera medo e inseguran\u00e7a, mas a resposta jur\u00eddica \u00e9 clara \u2014 e protege quem est\u00e1 em situa\u00e7\u00e3o de vulnerabilidade.<\/p>\n\n\n\n<p>Segundo a especialista, mesmo que o im\u00f3vel esteja apenas no nome do marido, seja adquirido antes do casamento ou o casal viva sob regime de separa\u00e7\u00e3o de bens, a lei garante \u00e0 esposa o direito de permanecer na resid\u00eancia onde mora. Essa prote\u00e7\u00e3o existe para evitar que a pessoa seja colocada em situa\u00e7\u00e3o de risco ou desamparo de forma repentina.<\/p>\n\n\n\n<h2 class=\"wp-block-heading\">Em quais situa\u00e7\u00f5es a esposa pode permanecer na casa mesmo sem ser propriet\u00e1ria?<\/h2>\n\n\n\n<p>O direito de permanecer no lar conjugal vale independentemente do regime de bens ou de quem seja o dono do im\u00f3vel. Mesmo que a propriedade tenha sido adquirida antes da uni\u00e3o, se \u00e9 o local onde a esposa reside, ela n\u00e3o pode ser obrigada a sair de forma imediata.<br>A perman\u00eancia \u00e9 garantida at\u00e9 que a pessoa consiga se reorganizar e encontrar outra moradia, assegurando uma transi\u00e7\u00e3o digna e segura.<\/p>\n\n\n\n<h2 class=\"wp-block-heading\">E se houver amea\u00e7as ou constrangimentos por parte do marido?<\/h2>\n\n\n\n<p>A Dra. Miriane destaca que qualquer tipo de amea\u00e7a, constrangimento ou press\u00e3o para que a esposa deixe o im\u00f3vel pode configurar <strong>viol\u00eancia psicol\u00f3gica<\/strong>, prevista na Lei Maria da Penha.<br>Nesses casos, \u00e9 fundamental registrar um <strong>boletim de ocorr\u00eancia<\/strong> e, se necess\u00e1rio, solicitar <strong>medida protetiva<\/strong> para garantir a seguran\u00e7a f\u00edsica e emocional.<\/p>\n\n\n<div class=\"wp-block-image\">\n<figure class=\"aligncenter size-large\"><img loading=\"lazy\" decoding=\"async\" width=\"1024\" height=\"576\" src=\"https:\/\/www.em.com.br\/emfoco\/wp-content\/uploads\/2025\/08\/casal-brigando_1755104083349-1024x576.jpg\" alt=\"\" class=\"wp-image-90990\" srcset=\"https:\/\/www.em.com.br\/emfoco\/wp-content\/uploads\/2025\/08\/casal-brigando_1755104083349-1024x576.jpg 1024w, https:\/\/www.em.com.br\/emfoco\/wp-content\/uploads\/2025\/08\/casal-brigando_1755104083349-300x169.jpg 300w, https:\/\/www.em.com.br\/emfoco\/wp-content\/uploads\/2025\/08\/casal-brigando_1755104083349-768x432.jpg 768w, https:\/\/www.em.com.br\/emfoco\/wp-content\/uploads\/2025\/08\/casal-brigando_1755104083349-750x422.jpg 750w, https:\/\/www.em.com.br\/emfoco\/wp-content\/uploads\/2025\/08\/casal-brigando_1755104083349-1140x641.jpg 1140w, https:\/\/www.em.com.br\/emfoco\/wp-content\/uploads\/2025\/08\/casal-brigando_1755104083349.jpg 1280w\" sizes=\"auto, (max-width: 1024px) 100vw, 1024px\" \/><figcaption class=\"wp-element-caption\">Casal brigado &#8211; Cr\u00e9ditos: depositphotos.com \/ lucidwaters<\/figcaption><\/figure><\/div>\n\n\n<h2 class=\"wp-block-heading\">O que diz a Lei Maria da Penha sobre esse tipo de situa\u00e7\u00e3o?<\/h2>\n\n\n\n<p>A Lei n\u00ba 11.340\/2006, conhecida como Lei Maria da Penha, prev\u00ea prote\u00e7\u00e3o \u00e0 mulher em casos de viol\u00eancia dom\u00e9stica, inclusive quando ela \u00e9 de ordem psicol\u00f3gica ou patrimonial.<br>Isso significa que, mesmo sem agress\u00e3o f\u00edsica, comportamentos que causem medo, humilha\u00e7\u00e3o ou amea\u00e7a de perda de moradia s\u00e3o pass\u00edveis de interven\u00e7\u00e3o judicial imediata.<\/p>\n\n\n\n<h2 class=\"wp-block-heading\">Quais medidas pr\u00e1ticas tomar para se proteger?<\/h2>\n\n\n\n<p>Al\u00e9m de registrar a ocorr\u00eancia, \u00e9 indicado reunir provas como mensagens, \u00e1udios ou testemunhas que comprovem as amea\u00e7as ou constrangimentos.<br>Com esses elementos, a mulher pode acionar a Justi\u00e7a para assegurar sua perman\u00eancia no im\u00f3vel at\u00e9 que uma solu\u00e7\u00e3o definitiva seja encontrada.<\/p>\n\n\n\n<h2 class=\"wp-block-heading\">Fontes oficiais<\/h2>\n\n\n\n<ul class=\"wp-block-list\">\n<li>Lei Maria da Penha \u2013 <a href=\"https:\/\/www.planalto.gov.br\/ccivil_03\/_ato2004-2006\/2006\/lei\/l11340.htm\" target=\"_blank\" rel=\"noreferrer noopener\">https:\/\/www.planalto.gov.br\/ccivil_03\/_ato2004-2006\/2006\/lei\/l11340.htm<\/a><\/li>\n\n\n\n<li>Minist\u00e9rio dos Direitos Humanos e da Cidadania \u2013 <a href=\"https:\/\/www.gov.br\/mdh\" target=\"_blank\" rel=\"noreferrer noopener\">https:\/\/www.gov.br\/mdh<\/a><\/li>\n<\/ul>\n\n\n\n<p><\/p>\n","protected":false},"excerpt":{"rendered":"<p>A advogada e mestre em Direito Dra. Miriane Ferreira (@dra.mirianeferreira) responde a uma d\u00favida comum e urgente: se o marido pode obrigar a esposa a sair de casa. A situa\u00e7\u00e3o, que afeta muitas mulheres, gera medo e inseguran\u00e7a, mas a resposta jur\u00eddica \u00e9 clara \u2014 e protege quem est\u00e1 em situa\u00e7\u00e3o de vulnerabilidade. Segundo a [&hellip;]<\/p>\n","protected":false},"author":17,"featured_media":90993,"comment_status":"open","ping_status":"open","sticky":false,"template":"","format":"standard","meta":{"jnews-multi-image_gallery":[],"jnews_single_post":{"format":"standard"},"jnews_primary_category":[],"jnews_social_meta":[],"jnews_override_counter":[],"footnotes":""},"categories":[138],"tags":[2911,8851,487],"class_list":["post-90981","post","type-post","status-publish","format-standard","has-post-thumbnail","hentry","category-mundo","tag-casa","tag-casal","tag-lei"],"yoast_head":"<!-- This site is optimized with the Yoast SEO plugin v23.8 - https:\/\/yoast.com\/wordpress\/plugins\/seo\/ -->\n<title>Dra. Miriane Ferreira: \u201cMarido pode mandar a esposa embora de casa mesmo que a casa seja dele\u201d - Estado de Minas - Em foco<\/title>\n<meta name=\"description\" content=\"Dra. Miriane Ferreira explica por que o marido n\u00e3o pode mandar a esposa embora de casa, mesmo que o im\u00f3vel seja s\u00f3 dele.\" \/>\n<meta name=\"robots\" content=\"index, follow, max-snippet:-1, max-image-preview:large, max-video-preview:-1\" \/>\n<link rel=\"canonical\" href=\"https:\/\/www.em.com.br\/emfoco\/2025\/08\/13\/dra-miriane-ferreira-marido-pode-mandar-a-esposa-embora-de-casa-mesmo-que-a-casa-seja-dele\/\" \/>\n<meta property=\"og:locale\" content=\"pt_BR\" \/>\n<meta property=\"og:type\" content=\"article\" \/>\n<meta property=\"og:title\" content=\"Dra. Miriane Ferreira: \u201cMarido pode mandar a esposa embora de casa mesmo que a casa seja dele\u201d - Estado de Minas - Em foco\" \/>\n<meta property=\"og:description\" content=\"Dra. Miriane Ferreira explica por que o marido n\u00e3o pode mandar a esposa embora de casa, mesmo que o im\u00f3vel seja s\u00f3 dele.\" \/>\n<meta property=\"og:url\" content=\"https:\/\/www.em.com.br\/emfoco\/2025\/08\/13\/dra-miriane-ferreira-marido-pode-mandar-a-esposa-embora-de-casa-mesmo-que-a-casa-seja-dele\/\" \/>\n<meta property=\"og:site_name\" content=\"Estado de Minas - Em foco\" \/>\n<meta property=\"article:published_time\" content=\"2025-08-13T16:50:00+00:00\" \/>\n<meta property=\"article:modified_time\" content=\"2025-08-13T16:57:40+00:00\" \/>\n<meta property=\"og:image\" content=\"https:\/\/www.em.com.br\/emfoco\/wp-content\/uploads\/2025\/08\/mosaico_1755104208003.jpg\" \/>\n\t<meta property=\"og:image:width\" content=\"1280\" \/>\n\t<meta property=\"og:image:height\" content=\"720\" \/>\n\t<meta property=\"og:image:type\" content=\"image\/jpeg\" \/>\n<meta name=\"author\" content=\"Lucas Sampaio\" \/>\n<meta name=\"twitter:card\" content=\"summary_large_image\" \/>\n<meta name=\"twitter:label1\" content=\"Escrito por\" \/>\n\t<meta name=\"twitter:data1\" content=\"Lucas Sampaio\" \/>\n\t<meta name=\"twitter:label2\" content=\"Est. tempo de leitura\" \/>\n\t<meta name=\"twitter:data2\" content=\"3 minutos\" \/>\n<!-- \/ Yoast SEO plugin. -->","yoast_head_json":{"title":"Dra. Miriane Ferreira: \u201cMarido pode mandar a esposa embora de casa mesmo que a casa seja dele\u201d - Estado de Minas - Em foco","description":"Dra. Miriane Ferreira explica por que o marido n\u00e3o pode mandar a esposa embora de casa, mesmo que o im\u00f3vel seja s\u00f3 dele.","robots":{"index":"index","follow":"follow","max-snippet":"max-snippet:-1","max-image-preview":"max-image-preview:large","max-video-preview":"max-video-preview:-1"},"canonical":"https:\/\/www.em.com.br\/emfoco\/2025\/08\/13\/dra-miriane-ferreira-marido-pode-mandar-a-esposa-embora-de-casa-mesmo-que-a-casa-seja-dele\/","og_locale":"pt_BR","og_type":"article","og_title":"Dra. Miriane Ferreira: \u201cMarido pode mandar a esposa embora de casa mesmo que a casa seja dele\u201d - Estado de Minas - Em foco","og_description":"Dra. Miriane Ferreira explica por que o marido n\u00e3o pode mandar a esposa embora de casa, mesmo que o im\u00f3vel seja s\u00f3 dele.","og_url":"https:\/\/www.em.com.br\/emfoco\/2025\/08\/13\/dra-miriane-ferreira-marido-pode-mandar-a-esposa-embora-de-casa-mesmo-que-a-casa-seja-dele\/","og_site_name":"Estado de Minas - Em foco","article_published_time":"2025-08-13T16:50:00+00:00","article_modified_time":"2025-08-13T16:57:40+00:00","og_image":[{"width":1280,"height":720,"url":"https:\/\/www.em.com.br\/emfoco\/wp-content\/uploads\/2025\/08\/mosaico_1755104208003.jpg","type":"image\/jpeg"}],"author":"Lucas Sampaio","twitter_card":"summary_large_image","twitter_misc":{"Escrito por":"Lucas Sampaio","Est. tempo de leitura":"3 minutos"},"schema":{"@context":"https:\/\/schema.org","@graph":[{"@type":"WebPage","@id":"https:\/\/www.em.com.br\/emfoco\/2025\/08\/13\/dra-miriane-ferreira-marido-pode-mandar-a-esposa-embora-de-casa-mesmo-que-a-casa-seja-dele\/","url":"https:\/\/www.em.com.br\/emfoco\/2025\/08\/13\/dra-miriane-ferreira-marido-pode-mandar-a-esposa-embora-de-casa-mesmo-que-a-casa-seja-dele\/","name":"Dra. Miriane Ferreira: \u201cMarido pode mandar a esposa embora de casa mesmo que a casa seja dele\u201d - Estado de Minas - Em foco","isPartOf":{"@id":"https:\/\/www.em.com.br\/emfoco\/#website"},"primaryImageOfPage":{"@id":"https:\/\/www.em.com.br\/emfoco\/2025\/08\/13\/dra-miriane-ferreira-marido-pode-mandar-a-esposa-embora-de-casa-mesmo-que-a-casa-seja-dele\/#primaryimage"},"image":{"@id":"https:\/\/www.em.com.br\/emfoco\/2025\/08\/13\/dra-miriane-ferreira-marido-pode-mandar-a-esposa-embora-de-casa-mesmo-que-a-casa-seja-dele\/#primaryimage"},"thumbnailUrl":"https:\/\/www.em.com.br\/emfoco\/wp-content\/uploads\/2025\/08\/mosaico_1755104208003.jpg","datePublished":"2025-08-13T16:50:00+00:00","dateModified":"2025-08-13T16:57:40+00:00","author":{"@id":"https:\/\/www.em.com.br\/emfoco\/#\/schema\/person\/9ad4c536bd87f5bb8006420332b99aef"},"description":"Dra. Miriane Ferreira explica por que o marido n\u00e3o pode mandar a esposa embora de casa, mesmo que o im\u00f3vel seja s\u00f3 dele.","breadcrumb":{"@id":"https:\/\/www.em.com.br\/emfoco\/2025\/08\/13\/dra-miriane-ferreira-marido-pode-mandar-a-esposa-embora-de-casa-mesmo-que-a-casa-seja-dele\/#breadcrumb"},"inLanguage":"pt-BR","potentialAction":[{"@type":"ReadAction","target":["https:\/\/www.em.com.br\/emfoco\/2025\/08\/13\/dra-miriane-ferreira-marido-pode-mandar-a-esposa-embora-de-casa-mesmo-que-a-casa-seja-dele\/"]}]},{"@type":"ImageObject","inLanguage":"pt-BR","@id":"https:\/\/www.em.com.br\/emfoco\/2025\/08\/13\/dra-miriane-ferreira-marido-pode-mandar-a-esposa-embora-de-casa-mesmo-que-a-casa-seja-dele\/#primaryimage","url":"https:\/\/www.em.com.br\/emfoco\/wp-content\/uploads\/2025\/08\/mosaico_1755104208003.jpg","contentUrl":"https:\/\/www.em.com.br\/emfoco\/wp-content\/uploads\/2025\/08\/mosaico_1755104208003.jpg","width":1280,"height":720,"caption":"Reprodu\u00e7\u00e3o (TikTok: @dra.mirianeferreira)"},{"@type":"BreadcrumbList","@id":"https:\/\/www.em.com.br\/emfoco\/2025\/08\/13\/dra-miriane-ferreira-marido-pode-mandar-a-esposa-embora-de-casa-mesmo-que-a-casa-seja-dele\/#breadcrumb","itemListElement":[{"@type":"ListItem","position":1,"name":"In\u00edcio","item":"https:\/\/www.em.com.br\/emfoco\/"},{"@type":"ListItem","position":2,"name":"Dra. Miriane Ferreira: \u201cMarido pode mandar a esposa embora de casa mesmo que a casa seja dele\u201d"}]},{"@type":"WebSite","@id":"https:\/\/www.em.com.br\/emfoco\/#website","url":"https:\/\/www.em.com.br\/emfoco\/","name":"Estado de Minas - Em foco","description":"Acompanhe as \u00faltimas not\u00edcias e fique bem informado sobre tudo o que acontece em Minas Gerais, Brasil e no mundo.","potentialAction":[{"@type":"SearchAction","target":{"@type":"EntryPoint","urlTemplate":"https:\/\/www.em.com.br\/emfoco\/?s={search_term_string}"},"query-input":{"@type":"PropertyValueSpecification","valueRequired":true,"valueName":"search_term_string"}}],"inLanguage":"pt-BR"},{"@type":"Person","@id":"https:\/\/www.em.com.br\/emfoco\/#\/schema\/person\/9ad4c536bd87f5bb8006420332b99aef","name":"Lucas Sampaio","image":{"@type":"ImageObject","inLanguage":"pt-BR","@id":"https:\/\/www.em.com.br\/emfoco\/#\/schema\/person\/image\/","url":"https:\/\/secure.gravatar.com\/avatar\/2696b9676ad143cd7135b717faf6f79f?s=96&d=mm&r=g","contentUrl":"https:\/\/secure.gravatar.com\/avatar\/2696b9676ad143cd7135b717faf6f79f?s=96&d=mm&r=g","caption":"Lucas Sampaio"},"sameAs":["https:\/\/www.em.com.br\/emfoco\/"],"url":"https:\/\/www.em.com.br\/emfoco\/author\/lucasmyth\/"}]}},"_links":{"self":[{"href":"https:\/\/www.em.com.br\/emfoco\/wp-json\/wp\/v2\/posts\/90981","targetHints":{"allow":["GET"]}}],"collection":[{"href":"https:\/\/www.em.com.br\/emfoco\/wp-json\/wp\/v2\/posts"}],"about":[{"href":"https:\/\/www.em.com.br\/emfoco\/wp-json\/wp\/v2\/types\/post"}],"author":[{"embeddable":true,"href":"https:\/\/www.em.com.br\/emfoco\/wp-json\/wp\/v2\/users\/17"}],"replies":[{"embeddable":true,"href":"https:\/\/www.em.com.br\/emfoco\/wp-json\/wp\/v2\/comments?post=90981"}],"version-history":[{"count":1,"href":"https:\/\/www.em.com.br\/emfoco\/wp-json\/wp\/v2\/posts\/90981\/revisions"}],"predecessor-version":[{"id":90996,"href":"https:\/\/www.em.com.br\/emfoco\/wp-json\/wp\/v2\/posts\/90981\/revisions\/90996"}],"wp:featuredmedia":[{"embeddable":true,"href":"https:\/\/www.em.com.br\/emfoco\/wp-json\/wp\/v2\/media\/90993"}],"wp:attachment":[{"href":"https:\/\/www.em.com.br\/emfoco\/wp-json\/wp\/v2\/media?parent=90981"}],"wp:term":[{"taxonomy":"category","embeddable":true,"href":"https:\/\/www.em.com.br\/emfoco\/wp-json\/wp\/v2\/categories?post=90981"},{"taxonomy":"post_tag","embeddable":true,"href":"https:\/\/www.em.com.br\/emfoco\/wp-json\/wp\/v2\/tags?post=90981"}],"curies":[{"name":"wp","href":"https:\/\/api.w.org\/{rel}","templated":true}]}}