{"id":9098,"date":"2025-01-14T11:40:00","date_gmt":"2025-01-14T14:40:00","guid":{"rendered":"https:\/\/www.em.com.br\/emfoco\/?p=9098"},"modified":"2025-01-14T05:15:26","modified_gmt":"2025-01-14T08:15:26","slug":"a-ilha-isolada-que-abriga-um-tesouro-biologico","status":"publish","type":"post","link":"https:\/\/www.em.com.br\/emfoco\/2025\/01\/14\/a-ilha-isolada-que-abriga-um-tesouro-biologico\/","title":{"rendered":"A Ilha Isolada que Abriga um Tesouro Biol\u00f3gico"},"content":{"rendered":"\n<p>Localizada no litoral sul do <strong><a href=\"https:\/\/www.em.com.br\/emfoco\/2024\/12\/25\/a-melodia-que-fez-o-brasil-descer-pra-bc\/\" target=\"_blank\" rel=\"noreferrer noopener\">Brasil<\/a><\/strong>, a <strong>Ilha da Queimada Grande<\/strong> ganhou fama mundial como a &#8216;Ilha das Cobras&#8217;. Essa ilha intrigante est\u00e1 fechada ao turismo comum devido \u00e0 presen\u00e7a maci\u00e7a de serpentes venenosas, oferecendo um fasc\u00ednio especial para estudiosos e bi\u00f3logos.<\/p>\n\n\n\n<p>Seu isolamento do continente brasileiro criou condi\u00e7\u00f5es \u00fanicas para a evolu\u00e7\u00e3o de esp\u00e9cies, especialmente a infame jararaca-ilhoa. Este local se tornou um ponto de interesse central para pesquisas sobre adapta\u00e7\u00f5es evolutivas em ambientes restritos.<\/p>\n\n\n\n<h2 class=\"wp-block-heading\">O Que Torna a Ilha t\u00e3o \u00danica?<\/h2>\n\n\n\n<p>A principal raz\u00e3o para a notoriedade da <strong>Ilha da Queimada Grande<\/strong> \u00e9 a <strong><a href=\"https:\/\/pt.wikipedia.org\/wiki\/Jararaca-ilhoa\" target=\"_blank\" rel=\"noreferrer noopener\">jararaca-ilhoa<\/a><\/strong>, uma serpente end\u00eamica e altamente venenosa. As condi\u00e7\u00f5es especiais da ilha, como sua vegeta\u00e7\u00e3o e microclima, permitiram o desenvolvimento de caracter\u00edsticas \u00fanicas nesta esp\u00e9cie. \u00c9 estimado que haja uma alta concentra\u00e7\u00e3o de cobras por metro quadrado, criando um ambiente singular e desafiador.<\/p>\n\n\n\n<p>Al\u00e9m disso, o ecossistema local \u00e9 um exemplo fascinante de biodiversidade que requer aten\u00e7\u00e3o cuidadosa e pesquisas cont\u00ednuas. Estudos realizados aqui ajudam a entender como esp\u00e9cies evoluem quando isoladas geograficamente, oferecendo insights valiosos para a biologia e ecologia.<\/p>\n\n\n\n<figure class=\"wp-block-image size-full\"><img loading=\"lazy\" decoding=\"async\" width=\"600\" height=\"338\" src=\"https:\/\/www.em.com.br\/emfoco\/wp-content\/uploads\/2025\/01\/image-24-e1736286199761.png\" alt=\"A Ilha Isolada que Abriga um Tesouro Biol\u00f3gico\" class=\"wp-image-9101\" srcset=\"https:\/\/www.em.com.br\/emfoco\/wp-content\/uploads\/2025\/01\/image-24-e1736286199761.png 600w, https:\/\/www.em.com.br\/emfoco\/wp-content\/uploads\/2025\/01\/image-24-e1736286199761-300x169.png 300w\" sizes=\"auto, (max-width: 600px) 100vw, 600px\" \/><figcaption class=\"wp-element-caption\">Jararaca-ilhoa em lha da Queimada Grande &#8211; Cr\u00e9ditos: Animalia<\/figcaption><\/figure>\n\n\n\n<h2 class=\"wp-block-heading\">Como a Ilha est\u00e1 Protegida?<\/h2>\n\n\n\n<p>A prote\u00e7\u00e3o da <em>Ilha da Queimada Grande<\/em> envolve v\u00e1rias estrat\u00e9gias rigorosas para assegurar que o ambiente natural n\u00e3o seja perturbado. O acesso \u00e9 estritamente controlado, permitindo a entrada apenas de pesquisadores com autoriza\u00e7\u00f5es espec\u00edficas devido \u00e0 delicadeza do ecossistema.<\/p>\n\n\n\n<ul class=\"wp-block-list\">\n<li>Permiss\u00f5es s\u00e3o obrigat\u00f3rias e cuidadosamente reguladas.<\/li>\n\n\n\n<li>Monitoramento constante \u00e9 feito para prevenir invas\u00f5es e manter a biodiversidade local intacta.<\/li>\n\n\n\n<li>Estudos sobre o potencial medicamentoso das cobras s\u00e3o uma \u00e1rea de pesquisa ativa.<\/li>\n<\/ul>\n\n\n\n<h2 class=\"wp-block-heading\">Quais os Desafios Futuros da Ilha?<\/h2>\n\n\n\n<p>O futuro da Ilha da Queimada Grande depende de sua capacidade de equilibrar a conserva\u00e7\u00e3o com a pesquisa cient\u00edfica. A continuidade das restri\u00e7\u00f5es de acesso assegura que a ilha se mantenha um local de interesse prim\u00e1rio para estudos naturais. Al\u00e9m disso, a implementa\u00e7\u00e3o de m\u00e9todos de combate \u00e0s mudan\u00e7as clim\u00e1ticas s\u00e3o essenciais para preservar este habitat \u00fanico.<\/p>\n\n\n\n<p>O papel da ilha na conserva\u00e7\u00e3o da natureza demonstra como \u00e1reas isoladas podem ser utilizadas para entender melhor os processos evolutivos sem comprometer os ecossistemas. Assim, ela se mant\u00e9m como uma pe\u00e7a central nas discuss\u00f5es de prote\u00e7\u00e3o ambiental e pesquisa cient\u00edfica.<\/p>\n","protected":false},"excerpt":{"rendered":"<p>Localizada no litoral sul do Brasil, a Ilha da Queimada Grande ganhou fama mundial como a &#8216;Ilha das Cobras&#8217;. Essa ilha intrigante est\u00e1 fechada ao turismo comum devido \u00e0 presen\u00e7a maci\u00e7a de serpentes venenosas, oferecendo um fasc\u00ednio especial para estudiosos e bi\u00f3logos. Seu isolamento do continente brasileiro criou condi\u00e7\u00f5es \u00fanicas para a evolu\u00e7\u00e3o de esp\u00e9cies, [&hellip;]<\/p>\n","protected":false},"author":5,"featured_media":9100,"comment_status":"open","ping_status":"open","sticky":false,"template":"","format":"standard","meta":{"jnews-multi-image_gallery":[],"jnews_single_post":{"format":"standard"},"jnews_primary_category":[],"jnews_social_meta":[],"jnews_override_counter":[],"footnotes":""},"categories":[26,1],"tags":[158,2507,1180,157],"class_list":["post-9098","post","type-post","status-publish","format-standard","has-post-thumbnail","hentry","category-cidades","category-noticias","tag-brasil","tag-ilha-da-queimada-grande","tag-sul","tag-turismo"],"yoast_head":"<!-- This site is optimized with the Yoast SEO plugin v23.8 - https:\/\/yoast.com\/wordpress\/plugins\/seo\/ -->\n<title>A Ilha Isolada que Abriga um Tesouro Biol\u00f3gico - Estado de Minas - Em foco<\/title>\n<meta name=\"description\" content=\"Conhe\u00e7a agora o porqu\u00ea a Ilha da Queimada Grande \u00e9 um dos locais mais estudados por bi\u00f3logos e pesquisadores.\" \/>\n<meta name=\"robots\" content=\"index, follow, max-snippet:-1, max-image-preview:large, max-video-preview:-1\" \/>\n<link rel=\"canonical\" href=\"https:\/\/www.em.com.br\/emfoco\/2025\/01\/14\/a-ilha-isolada-que-abriga-um-tesouro-biologico\/\" \/>\n<meta property=\"og:locale\" content=\"pt_BR\" \/>\n<meta property=\"og:type\" content=\"article\" \/>\n<meta property=\"og:title\" content=\"A Ilha Isolada que Abriga um Tesouro Biol\u00f3gico - Estado de Minas - Em foco\" \/>\n<meta property=\"og:description\" content=\"Conhe\u00e7a agora o porqu\u00ea a Ilha da Queimada Grande \u00e9 um dos locais mais estudados por bi\u00f3logos e pesquisadores.\" \/>\n<meta property=\"og:url\" content=\"https:\/\/www.em.com.br\/emfoco\/2025\/01\/14\/a-ilha-isolada-que-abriga-um-tesouro-biologico\/\" \/>\n<meta property=\"og:site_name\" content=\"Estado de Minas - Em foco\" \/>\n<meta property=\"article:published_time\" content=\"2025-01-14T14:40:00+00:00\" \/>\n<meta property=\"article:modified_time\" content=\"2025-01-14T08:15:26+00:00\" \/>\n<meta property=\"og:image\" content=\"https:\/\/www.em.com.br\/emfoco\/wp-content\/uploads\/2025\/01\/image-23.png\" \/>\n\t<meta property=\"og:image:width\" content=\"1024\" \/>\n\t<meta property=\"og:image:height\" content=\"576\" \/>\n\t<meta property=\"og:image:type\" content=\"image\/png\" \/>\n<meta name=\"author\" content=\"N\u00fabia Rangel\" \/>\n<meta name=\"twitter:card\" content=\"summary_large_image\" \/>\n<meta name=\"twitter:label1\" content=\"Escrito por\" \/>\n\t<meta name=\"twitter:data1\" content=\"N\u00fabia Rangel\" \/>\n\t<meta name=\"twitter:label2\" content=\"Est. tempo de leitura\" \/>\n\t<meta name=\"twitter:data2\" content=\"3 minutos\" \/>\n<!-- \/ Yoast SEO plugin. -->","yoast_head_json":{"title":"A Ilha Isolada que Abriga um Tesouro Biol\u00f3gico - Estado de Minas - Em foco","description":"Conhe\u00e7a agora o porqu\u00ea a Ilha da Queimada Grande \u00e9 um dos locais mais estudados por bi\u00f3logos e pesquisadores.","robots":{"index":"index","follow":"follow","max-snippet":"max-snippet:-1","max-image-preview":"max-image-preview:large","max-video-preview":"max-video-preview:-1"},"canonical":"https:\/\/www.em.com.br\/emfoco\/2025\/01\/14\/a-ilha-isolada-que-abriga-um-tesouro-biologico\/","og_locale":"pt_BR","og_type":"article","og_title":"A Ilha Isolada que Abriga um Tesouro Biol\u00f3gico - Estado de Minas - Em foco","og_description":"Conhe\u00e7a agora o porqu\u00ea a Ilha da Queimada Grande \u00e9 um dos locais mais estudados por bi\u00f3logos e pesquisadores.","og_url":"https:\/\/www.em.com.br\/emfoco\/2025\/01\/14\/a-ilha-isolada-que-abriga-um-tesouro-biologico\/","og_site_name":"Estado de Minas - Em foco","article_published_time":"2025-01-14T14:40:00+00:00","article_modified_time":"2025-01-14T08:15:26+00:00","og_image":[{"width":1024,"height":576,"url":"https:\/\/www.em.com.br\/emfoco\/wp-content\/uploads\/2025\/01\/image-23.png","type":"image\/png"}],"author":"N\u00fabia Rangel","twitter_card":"summary_large_image","twitter_misc":{"Escrito por":"N\u00fabia Rangel","Est. tempo de leitura":"3 minutos"},"schema":{"@context":"https:\/\/schema.org","@graph":[{"@type":"WebPage","@id":"https:\/\/www.em.com.br\/emfoco\/2025\/01\/14\/a-ilha-isolada-que-abriga-um-tesouro-biologico\/","url":"https:\/\/www.em.com.br\/emfoco\/2025\/01\/14\/a-ilha-isolada-que-abriga-um-tesouro-biologico\/","name":"A Ilha Isolada que Abriga um Tesouro Biol\u00f3gico - Estado de Minas - Em foco","isPartOf":{"@id":"https:\/\/www.em.com.br\/emfoco\/#website"},"primaryImageOfPage":{"@id":"https:\/\/www.em.com.br\/emfoco\/2025\/01\/14\/a-ilha-isolada-que-abriga-um-tesouro-biologico\/#primaryimage"},"image":{"@id":"https:\/\/www.em.com.br\/emfoco\/2025\/01\/14\/a-ilha-isolada-que-abriga-um-tesouro-biologico\/#primaryimage"},"thumbnailUrl":"https:\/\/www.em.com.br\/emfoco\/wp-content\/uploads\/2025\/01\/image-23.png","datePublished":"2025-01-14T14:40:00+00:00","dateModified":"2025-01-14T08:15:26+00:00","author":{"@id":"https:\/\/www.em.com.br\/emfoco\/#\/schema\/person\/524437ef54f8a5d32591b143307f2e20"},"description":"Conhe\u00e7a agora o porqu\u00ea a Ilha da Queimada Grande \u00e9 um dos locais mais estudados por bi\u00f3logos e pesquisadores.","breadcrumb":{"@id":"https:\/\/www.em.com.br\/emfoco\/2025\/01\/14\/a-ilha-isolada-que-abriga-um-tesouro-biologico\/#breadcrumb"},"inLanguage":"pt-BR","potentialAction":[{"@type":"ReadAction","target":["https:\/\/www.em.com.br\/emfoco\/2025\/01\/14\/a-ilha-isolada-que-abriga-um-tesouro-biologico\/"]}]},{"@type":"ImageObject","inLanguage":"pt-BR","@id":"https:\/\/www.em.com.br\/emfoco\/2025\/01\/14\/a-ilha-isolada-que-abriga-um-tesouro-biologico\/#primaryimage","url":"https:\/\/www.em.com.br\/emfoco\/wp-content\/uploads\/2025\/01\/image-23.png","contentUrl":"https:\/\/www.em.com.br\/emfoco\/wp-content\/uploads\/2025\/01\/image-23.png","width":1024,"height":576,"caption":"Ilha da Queimada Grande - Cr\u00e9ditos: Flickr"},{"@type":"BreadcrumbList","@id":"https:\/\/www.em.com.br\/emfoco\/2025\/01\/14\/a-ilha-isolada-que-abriga-um-tesouro-biologico\/#breadcrumb","itemListElement":[{"@type":"ListItem","position":1,"name":"In\u00edcio","item":"https:\/\/www.em.com.br\/emfoco\/"},{"@type":"ListItem","position":2,"name":"A Ilha Isolada que Abriga um Tesouro Biol\u00f3gico"}]},{"@type":"WebSite","@id":"https:\/\/www.em.com.br\/emfoco\/#website","url":"https:\/\/www.em.com.br\/emfoco\/","name":"Estado de Minas - Em foco","description":"Acompanhe as \u00faltimas not\u00edcias e fique bem informado sobre tudo o que acontece em Minas Gerais, Brasil e no mundo.","potentialAction":[{"@type":"SearchAction","target":{"@type":"EntryPoint","urlTemplate":"https:\/\/www.em.com.br\/emfoco\/?s={search_term_string}"},"query-input":{"@type":"PropertyValueSpecification","valueRequired":true,"valueName":"search_term_string"}}],"inLanguage":"pt-BR"},{"@type":"Person","@id":"https:\/\/www.em.com.br\/emfoco\/#\/schema\/person\/524437ef54f8a5d32591b143307f2e20","name":"N\u00fabia Rangel","image":{"@type":"ImageObject","inLanguage":"pt-BR","@id":"https:\/\/www.em.com.br\/emfoco\/#\/schema\/person\/image\/","url":"https:\/\/secure.gravatar.com\/avatar\/47cff2827a5ba23c37e8068c86817ea4?s=96&d=mm&r=g","contentUrl":"https:\/\/secure.gravatar.com\/avatar\/47cff2827a5ba23c37e8068c86817ea4?s=96&d=mm&r=g","caption":"N\u00fabia Rangel"},"sameAs":["https:\/\/www.em.com.br\/emfoco\/"],"url":"https:\/\/www.em.com.br\/emfoco\/author\/nubiamyth\/"}]}},"_links":{"self":[{"href":"https:\/\/www.em.com.br\/emfoco\/wp-json\/wp\/v2\/posts\/9098","targetHints":{"allow":["GET"]}}],"collection":[{"href":"https:\/\/www.em.com.br\/emfoco\/wp-json\/wp\/v2\/posts"}],"about":[{"href":"https:\/\/www.em.com.br\/emfoco\/wp-json\/wp\/v2\/types\/post"}],"author":[{"embeddable":true,"href":"https:\/\/www.em.com.br\/emfoco\/wp-json\/wp\/v2\/users\/5"}],"replies":[{"embeddable":true,"href":"https:\/\/www.em.com.br\/emfoco\/wp-json\/wp\/v2\/comments?post=9098"}],"version-history":[{"count":2,"href":"https:\/\/www.em.com.br\/emfoco\/wp-json\/wp\/v2\/posts\/9098\/revisions"}],"predecessor-version":[{"id":9102,"href":"https:\/\/www.em.com.br\/emfoco\/wp-json\/wp\/v2\/posts\/9098\/revisions\/9102"}],"wp:featuredmedia":[{"embeddable":true,"href":"https:\/\/www.em.com.br\/emfoco\/wp-json\/wp\/v2\/media\/9100"}],"wp:attachment":[{"href":"https:\/\/www.em.com.br\/emfoco\/wp-json\/wp\/v2\/media?parent=9098"}],"wp:term":[{"taxonomy":"category","embeddable":true,"href":"https:\/\/www.em.com.br\/emfoco\/wp-json\/wp\/v2\/categories?post=9098"},{"taxonomy":"post_tag","embeddable":true,"href":"https:\/\/www.em.com.br\/emfoco\/wp-json\/wp\/v2\/tags?post=9098"}],"curies":[{"name":"wp","href":"https:\/\/api.w.org\/{rel}","templated":true}]}}