{"id":90966,"date":"2025-08-15T19:18:12","date_gmt":"2025-08-15T22:18:12","guid":{"rendered":"https:\/\/www.em.com.br\/emfoco\/?p=90966"},"modified":"2025-08-14T19:30:13","modified_gmt":"2025-08-14T22:30:13","slug":"o-segredo-para-flores-sempre-bonitas-e-duradouras-das-floriculturas","status":"publish","type":"post","link":"https:\/\/www.em.com.br\/emfoco\/2025\/08\/15\/o-segredo-para-flores-sempre-bonitas-e-duradouras-das-floriculturas\/","title":{"rendered":"O segredo para flores sempre bonitas e duradouras das floriculturas"},"content":{"rendered":"\n<p>O <strong>a\u00e7\u00facar mascavo<\/strong> \u00e9 uma alternativa natural e eficiente que pode prolongar significativamente a vida das suas flores. Neste artigo, vamos explorar a import\u00e2ncia do uso do a\u00e7\u00facar mascavo em arranjos florais de curto e m\u00e9dio prazo. Descubra os benef\u00edcios dessa pr\u00e1tica simples, econ\u00f4mica e ecol\u00f3gica, que pode impactar positivamente a beleza e a durabilidade dos seus arranjos florais em casa ou em eventos especiais.<\/p>\n\n\n\n<ul class=\"wp-block-list\">\n<li><strong>A\u00e7\u00facar mascavo<\/strong> nutre as flores de maneira eficaz e sustent\u00e1vel.<\/li>\n\n\n\n<li>Prolonga a vida \u00fatil dos arranjos florais ao fornecer energia cont\u00ednua.<\/li>\n\n\n\n<li><strong>Alternativa natural<\/strong> e econ\u00f4mica aos conservantes qu\u00edmicos tradicionais.<\/li>\n<\/ul>\n\n\n\n<h2 class=\"wp-block-heading\">Como o a\u00e7\u00facar mascavo beneficia as flores?<\/h2>\n\n\n\n<p>O <strong>a\u00e7\u00facar mascavo<\/strong> atua como uma fonte direta de energia para as flores cortadas. Quando dissolvido na \u00e1gua, ele libera a\u00e7\u00facares que as flores absorvem, ajudando a nutrir os caules e prolongar a vitalidade das p\u00e9talas. Esse processo ajuda a manter o frescor das flores por mais tempo e reduz sinais de murcha precoce.<\/p>\n\n\n\n<p>Al\u00e9m disso, o a\u00e7\u00facar mascavo cont\u00e9m micronutrientes valiosos que contribuem para a sa\u00fade das flores durante o tempo em que est\u00e3o no vaso. Ao utilizar esse ingrediente natural, voc\u00ea estimula a absor\u00e7\u00e3o de \u00e1gua e melhora o metabolismo das flores, tornando o arranjo mais bonito e saud\u00e1vel.<\/p>\n\n\n<div class=\"wp-block-image\">\n<figure class=\"aligncenter size-large\"><img loading=\"lazy\" decoding=\"async\" width=\"1024\" height=\"576\" src=\"https:\/\/www.em.com.br\/emfoco\/wp-content\/uploads\/2025\/08\/flores-em-vaso_1755101776954-1024x576.jpg\" alt=\"Flores duradouras\" class=\"wp-image-90969\" srcset=\"https:\/\/www.em.com.br\/emfoco\/wp-content\/uploads\/2025\/08\/flores-em-vaso_1755101776954-1024x576.jpg 1024w, https:\/\/www.em.com.br\/emfoco\/wp-content\/uploads\/2025\/08\/flores-em-vaso_1755101776954-300x169.jpg 300w, https:\/\/www.em.com.br\/emfoco\/wp-content\/uploads\/2025\/08\/flores-em-vaso_1755101776954-768x432.jpg 768w, https:\/\/www.em.com.br\/emfoco\/wp-content\/uploads\/2025\/08\/flores-em-vaso_1755101776954-750x422.jpg 750w, https:\/\/www.em.com.br\/emfoco\/wp-content\/uploads\/2025\/08\/flores-em-vaso_1755101776954-1140x641.jpg 1140w, https:\/\/www.em.com.br\/emfoco\/wp-content\/uploads\/2025\/08\/flores-em-vaso_1755101776954.jpg 1280w\" sizes=\"auto, (max-width: 1024px) 100vw, 1024px\" \/><figcaption class=\"wp-element-caption\">Flores duradouras &#8211; Cr\u00e9ditos: depositphotos.com \/ doethion<\/figcaption><\/figure><\/div>\n\n\n<h2 class=\"wp-block-heading\">Quais s\u00e3o os nutrientes encontrados no a\u00e7\u00facar mascavo?<\/h2>\n\n\n\n<p>Rico em vitaminas e minerais, o <strong>a\u00e7\u00facar mascavo<\/strong> cont\u00e9m elementos essenciais como <em>c\u00e1lcio<\/em>, <em>pot\u00e1ssio<\/em> e <em>ferro<\/em>, fundamentais para fortalecer a estrutura das c\u00e9lulas florais. Esses componentes ajudam na manuten\u00e7\u00e3o da intensidade das cores, brilho e textura das p\u00e9talas, resultando em arranjos mais vistosos.<\/p>\n\n\n\n<p>Al\u00e9m desses minerais, o a\u00e7\u00facar mascavo pode conter pequenas quantidades de magn\u00e9sio, f\u00f3sforo e vitaminas B, que auxiliam no transporte e absor\u00e7\u00e3o de nutrientes e \u00e1gua pelas flores. Essa composi\u00e7\u00e3o \u00e9 ideal para evitar que as flores percam o vigor rapidamente, promovendo uma apar\u00eancia sempre renovada e fresca.<\/p>\n\n\n\n<p>Leia tamb\u00e9m: <a href=\"https:\/\/www.em.com.br\/emfoco\/2025\/08\/13\/pessoas-que-deixam-louca-suja-dentro-da-pia-sem-lavar-geralmente-demonstram-esses-7-comportamentos\/\" target=\"_blank\" rel=\"noreferrer noopener\">Pessoas que deixam lou\u00e7a suja dentro da pia sem lavar, geralmente demonstram esses 7 comportamentos<\/a><\/p>\n\n\n\n<h2 class=\"wp-block-heading\">Como utilizar o a\u00e7\u00facar mascavo nas flores?<\/h2>\n\n\n\n<p>Adicionar uma colher de ch\u00e1 de <strong>a\u00e7\u00facar mascavo<\/strong> \u00e0 \u00e1gua do vaso \u00e9 uma pr\u00e1tica simples e eficaz para garantir o bom desenvolvimento das suas flores. Certifique-se de misturar bem at\u00e9 que o a\u00e7\u00facar esteja completamente dissolvido, proporcionando um alimento l\u00edquido cont\u00ednuo e acess\u00edvel aos caules e p\u00e9talas.<\/p>\n\n\n\n<p>Lembre-se de n\u00e3o exceder a quantidade recomendada, pois o excesso de a\u00e7\u00facar pode favorecer o crescimento de bact\u00e9rias, prejudicando as flores em vez de benefici\u00e1-las. Troque a \u00e1gua e a solu\u00e7\u00e3o de a\u00e7\u00facar a cada dois dias para evitar problemas e manter as flores sempre saud\u00e1veis.<\/p>\n\n\n\n<h2 class=\"wp-block-heading\">As flores realmente duram mais com a\u00e7\u00facar mascavo?<\/h2>\n\n\n\n<p>Sim, diversos estudos e experi\u00eancias pr\u00e1ticas indicam que o uso de <strong>a\u00e7\u00facar mascavo<\/strong> pode efetivamente prolongar a vida de flores de corte. Arranjos tratados com a\u00e7\u00facar mascavo apresentam uma apar\u00eancia mais fresca por mais tempo e resistem melhor ao envelhecimento natural das p\u00e9talas e folhagens.<\/p>\n\n\n\n<p>O a\u00e7\u00facar atua promovendo energia adicional \u00e0s flores, ajudando a retardar o processo de degrada\u00e7\u00e3o. Por isso, \u00e9 altamente recomendado tanto para floriculturas quanto para uso dom\u00e9stico por quem deseja preservar arranjos florais com apar\u00eancia vibrante durante v\u00e1rios dias ou at\u00e9 semanas.<\/p>\n\n\n\n<h2 class=\"wp-block-heading\">Cuidados importantes ao usar a\u00e7\u00facar mascavo em flores<\/h2>\n\n\n\n<p>Embora o <strong>a\u00e7\u00facar mascavo<\/strong> ofere\u00e7a muitos benef\u00edcios, \u00e9 essencial ter aten\u00e7\u00e3o ao tempo de uso cont\u00ednuo dessa pr\u00e1tica. O uso prolongado e em grandes quantidades pode causar o ac\u00famulo de res\u00edduos doces na \u00e1gua, favorecendo a prolifera\u00e7\u00e3o de bact\u00e9rias e fungos, o que pode ser prejudicial para a sa\u00fade das flores. Al\u00e9m disso, o excesso de a\u00e7\u00facar no ambiente pode acabar bloqueando a absor\u00e7\u00e3o adequada de \u00e1gua pelos caules, acelerando o processo de murcha.<\/p>\n\n\n\n<p>O ideal \u00e9 utilizar o a\u00e7\u00facar mascavo apenas por per\u00edodos curtos, trocando a \u00e1gua do vaso regularmente e garantindo sempre a limpeza do recipiente. Dessa forma, voc\u00ea evita malef\u00edcios e aproveita apenas os pontos positivos desse m\u00e9todo natural para manter suas flores lindas e vi\u00e7osas.<\/p>\n\n\n\n<h2 class=\"wp-block-heading\">Maximize o potencial das suas flores com a\u00e7\u00facar mascavo<\/h2>\n\n\n\n<p>Incorporar <strong>a\u00e7\u00facar mascavo<\/strong> no cuidado com arranjos florais \u00e9 uma estrat\u00e9gia pr\u00e1tica, sustent\u00e1vel e econ\u00f4mica. Essa dica pode ser utilizada em diferentes tipos de flores cortadas, proporcionando <a href=\"https:\/\/globorural.globo.com\/vida-na-fazenda\/noticia\/2018\/09\/como-plantar-cinco-flores-perfumadas-para-ter-em-casa.html\" target=\"_blank\" rel=\"noreferrer noopener\">resultados <\/a>vis\u00edveis rapidamente e tornando o cuidado di\u00e1rio mais eficiente e prazeroso.<\/p>\n\n\n\n<p>Al\u00e9m de manter as flores saud\u00e1veis, o uso de a\u00e7\u00facar mascavo est\u00e1 alinhado com pr\u00e1ticas mais ecol\u00f3gicas e conscientes, evitando o uso de produtos qu\u00edmicos e preservando o meio ambiente. Experimente essa alternativa e transforme a durabilidade e a beleza dos seus arranjos florais.<\/p>\n\n\n\n<ul class=\"wp-block-list\">\n<li>Proporciona nutri\u00e7\u00e3o sustent\u00e1vel e natural para as flores, preservando sua beleza por mais tempo.<\/li>\n\n\n\n<li>Facilita o cuidado di\u00e1rio com arranjos florais, tornando o processo mais pr\u00e1tico.<\/li>\n\n\n\n<li>Contribui para pr\u00e1ticas mais ecol\u00f3gicas, econ\u00f4micas e conscientes no cuidado com plantas.<\/li>\n\n\n\n<li>Utilize o a\u00e7\u00facar mascavo de forma moderada e n\u00e3o prolongue seu uso al\u00e9m do necess\u00e1rio para evitar preju\u00edzos \u00e0s flores.<\/li>\n<\/ul>\n","protected":false},"excerpt":{"rendered":"<p>O a\u00e7\u00facar mascavo \u00e9 uma alternativa natural e eficiente que pode prolongar significativamente a vida das suas flores. Neste artigo, vamos explorar a import\u00e2ncia do uso do a\u00e7\u00facar mascavo em arranjos florais de curto e m\u00e9dio prazo. Descubra os benef\u00edcios dessa pr\u00e1tica simples, econ\u00f4mica e ecol\u00f3gica, que pode impactar positivamente a beleza e a durabilidade [&hellip;]<\/p>\n","protected":false},"author":15,"featured_media":90968,"comment_status":"open","ping_status":"open","sticky":false,"template":"","format":"standard","meta":{"jnews-multi-image_gallery":[],"jnews_single_post":{"format":"standard"},"jnews_primary_category":[],"jnews_social_meta":[],"jnews_override_counter":[],"footnotes":""},"categories":[8819],"tags":[13940,13941,7750,3357],"class_list":["post-90966","post","type-post","status-publish","format-standard","has-post-thumbnail","hentry","category-curiosidades","tag-acucar-mascavo","tag-cuidados-naturais","tag-dicas-de-jardinagem","tag-flores"],"yoast_head":"<!-- This site is optimized with the Yoast SEO plugin v23.8 - https:\/\/yoast.com\/wordpress\/plugins\/seo\/ -->\n<title>O segredo para flores sempre bonitas e duradouras das floriculturas - Estado de Minas - Em foco<\/title>\n<meta name=\"description\" content=\"Esse m\u00e9todo prolonga a vida e a beleza das flores, mantendo-as floridas e vibrantes por dias a mais sem muito esfor\u00e7o.\" \/>\n<meta name=\"robots\" content=\"index, follow, max-snippet:-1, max-image-preview:large, max-video-preview:-1\" \/>\n<link rel=\"canonical\" href=\"https:\/\/www.em.com.br\/emfoco\/2025\/08\/15\/o-segredo-para-flores-sempre-bonitas-e-duradouras-das-floriculturas\/\" \/>\n<meta property=\"og:locale\" content=\"pt_BR\" \/>\n<meta property=\"og:type\" content=\"article\" \/>\n<meta property=\"og:title\" content=\"O segredo para flores sempre bonitas e duradouras das floriculturas - Estado de Minas - Em foco\" \/>\n<meta property=\"og:description\" content=\"Esse m\u00e9todo prolonga a vida e a beleza das flores, mantendo-as floridas e vibrantes por dias a mais sem muito esfor\u00e7o.\" \/>\n<meta property=\"og:url\" content=\"https:\/\/www.em.com.br\/emfoco\/2025\/08\/15\/o-segredo-para-flores-sempre-bonitas-e-duradouras-das-floriculturas\/\" \/>\n<meta property=\"og:site_name\" content=\"Estado de Minas - Em foco\" \/>\n<meta property=\"article:published_time\" content=\"2025-08-15T22:18:12+00:00\" \/>\n<meta property=\"article:modified_time\" content=\"2025-08-14T22:30:13+00:00\" \/>\n<meta property=\"og:image\" content=\"https:\/\/www.em.com.br\/emfoco\/wp-content\/uploads\/2025\/08\/flores-em-vaso_1755101757936.jpg\" \/>\n\t<meta property=\"og:image:width\" content=\"1280\" \/>\n\t<meta property=\"og:image:height\" content=\"720\" \/>\n\t<meta property=\"og:image:type\" content=\"image\/jpeg\" \/>\n<meta name=\"author\" content=\"Douglas Myth\" \/>\n<meta name=\"twitter:card\" content=\"summary_large_image\" \/>\n<meta name=\"twitter:label1\" content=\"Escrito por\" \/>\n\t<meta name=\"twitter:data1\" content=\"Douglas Myth\" \/>\n\t<meta name=\"twitter:label2\" content=\"Est. tempo de leitura\" \/>\n\t<meta name=\"twitter:data2\" content=\"5 minutos\" \/>\n<!-- \/ Yoast SEO plugin. -->","yoast_head_json":{"title":"O segredo para flores sempre bonitas e duradouras das floriculturas - Estado de Minas - Em foco","description":"Esse m\u00e9todo prolonga a vida e a beleza das flores, mantendo-as floridas e vibrantes por dias a mais sem muito esfor\u00e7o.","robots":{"index":"index","follow":"follow","max-snippet":"max-snippet:-1","max-image-preview":"max-image-preview:large","max-video-preview":"max-video-preview:-1"},"canonical":"https:\/\/www.em.com.br\/emfoco\/2025\/08\/15\/o-segredo-para-flores-sempre-bonitas-e-duradouras-das-floriculturas\/","og_locale":"pt_BR","og_type":"article","og_title":"O segredo para flores sempre bonitas e duradouras das floriculturas - Estado de Minas - Em foco","og_description":"Esse m\u00e9todo prolonga a vida e a beleza das flores, mantendo-as floridas e vibrantes por dias a mais sem muito esfor\u00e7o.","og_url":"https:\/\/www.em.com.br\/emfoco\/2025\/08\/15\/o-segredo-para-flores-sempre-bonitas-e-duradouras-das-floriculturas\/","og_site_name":"Estado de Minas - Em foco","article_published_time":"2025-08-15T22:18:12+00:00","article_modified_time":"2025-08-14T22:30:13+00:00","og_image":[{"width":1280,"height":720,"url":"https:\/\/www.em.com.br\/emfoco\/wp-content\/uploads\/2025\/08\/flores-em-vaso_1755101757936.jpg","type":"image\/jpeg"}],"author":"Douglas Myth","twitter_card":"summary_large_image","twitter_misc":{"Escrito por":"Douglas Myth","Est. tempo de leitura":"5 minutos"},"schema":{"@context":"https:\/\/schema.org","@graph":[{"@type":"WebPage","@id":"https:\/\/www.em.com.br\/emfoco\/2025\/08\/15\/o-segredo-para-flores-sempre-bonitas-e-duradouras-das-floriculturas\/","url":"https:\/\/www.em.com.br\/emfoco\/2025\/08\/15\/o-segredo-para-flores-sempre-bonitas-e-duradouras-das-floriculturas\/","name":"O segredo para flores sempre bonitas e duradouras das floriculturas - Estado de Minas - Em foco","isPartOf":{"@id":"https:\/\/www.em.com.br\/emfoco\/#website"},"primaryImageOfPage":{"@id":"https:\/\/www.em.com.br\/emfoco\/2025\/08\/15\/o-segredo-para-flores-sempre-bonitas-e-duradouras-das-floriculturas\/#primaryimage"},"image":{"@id":"https:\/\/www.em.com.br\/emfoco\/2025\/08\/15\/o-segredo-para-flores-sempre-bonitas-e-duradouras-das-floriculturas\/#primaryimage"},"thumbnailUrl":"https:\/\/www.em.com.br\/emfoco\/wp-content\/uploads\/2025\/08\/flores-em-vaso_1755101757936.jpg","datePublished":"2025-08-15T22:18:12+00:00","dateModified":"2025-08-14T22:30:13+00:00","author":{"@id":"https:\/\/www.em.com.br\/emfoco\/#\/schema\/person\/bba594b7eebe9b9885fec3a5c7837089"},"description":"Esse m\u00e9todo prolonga a vida e a beleza das flores, mantendo-as floridas e vibrantes por dias a mais sem muito esfor\u00e7o.","breadcrumb":{"@id":"https:\/\/www.em.com.br\/emfoco\/2025\/08\/15\/o-segredo-para-flores-sempre-bonitas-e-duradouras-das-floriculturas\/#breadcrumb"},"inLanguage":"pt-BR","potentialAction":[{"@type":"ReadAction","target":["https:\/\/www.em.com.br\/emfoco\/2025\/08\/15\/o-segredo-para-flores-sempre-bonitas-e-duradouras-das-floriculturas\/"]}]},{"@type":"ImageObject","inLanguage":"pt-BR","@id":"https:\/\/www.em.com.br\/emfoco\/2025\/08\/15\/o-segredo-para-flores-sempre-bonitas-e-duradouras-das-floriculturas\/#primaryimage","url":"https:\/\/www.em.com.br\/emfoco\/wp-content\/uploads\/2025\/08\/flores-em-vaso_1755101757936.jpg","contentUrl":"https:\/\/www.em.com.br\/emfoco\/wp-content\/uploads\/2025\/08\/flores-em-vaso_1755101757936.jpg","width":1280,"height":720,"caption":"Flores duradouras - Cr\u00e9ditos: depositphotos.com \/ HayDmitriy"},{"@type":"BreadcrumbList","@id":"https:\/\/www.em.com.br\/emfoco\/2025\/08\/15\/o-segredo-para-flores-sempre-bonitas-e-duradouras-das-floriculturas\/#breadcrumb","itemListElement":[{"@type":"ListItem","position":1,"name":"In\u00edcio","item":"https:\/\/www.em.com.br\/emfoco\/"},{"@type":"ListItem","position":2,"name":"O segredo para flores sempre bonitas e duradouras das floriculturas"}]},{"@type":"WebSite","@id":"https:\/\/www.em.com.br\/emfoco\/#website","url":"https:\/\/www.em.com.br\/emfoco\/","name":"Estado de Minas - Em foco","description":"Acompanhe as \u00faltimas not\u00edcias e fique bem informado sobre tudo o que acontece em Minas Gerais, Brasil e no mundo.","potentialAction":[{"@type":"SearchAction","target":{"@type":"EntryPoint","urlTemplate":"https:\/\/www.em.com.br\/emfoco\/?s={search_term_string}"},"query-input":{"@type":"PropertyValueSpecification","valueRequired":true,"valueName":"search_term_string"}}],"inLanguage":"pt-BR"},{"@type":"Person","@id":"https:\/\/www.em.com.br\/emfoco\/#\/schema\/person\/bba594b7eebe9b9885fec3a5c7837089","name":"Douglas Myth","image":{"@type":"ImageObject","inLanguage":"pt-BR","@id":"https:\/\/www.em.com.br\/emfoco\/#\/schema\/person\/image\/","url":"https:\/\/secure.gravatar.com\/avatar\/1ac3cf50d0e68642c697dc0c960c802f?s=96&d=mm&r=g","contentUrl":"https:\/\/secure.gravatar.com\/avatar\/1ac3cf50d0e68642c697dc0c960c802f?s=96&d=mm&r=g","caption":"Douglas Myth"},"url":"https:\/\/www.em.com.br\/emfoco\/author\/douglasmyth\/"}]}},"_links":{"self":[{"href":"https:\/\/www.em.com.br\/emfoco\/wp-json\/wp\/v2\/posts\/90966","targetHints":{"allow":["GET"]}}],"collection":[{"href":"https:\/\/www.em.com.br\/emfoco\/wp-json\/wp\/v2\/posts"}],"about":[{"href":"https:\/\/www.em.com.br\/emfoco\/wp-json\/wp\/v2\/types\/post"}],"author":[{"embeddable":true,"href":"https:\/\/www.em.com.br\/emfoco\/wp-json\/wp\/v2\/users\/15"}],"replies":[{"embeddable":true,"href":"https:\/\/www.em.com.br\/emfoco\/wp-json\/wp\/v2\/comments?post=90966"}],"version-history":[{"count":2,"href":"https:\/\/www.em.com.br\/emfoco\/wp-json\/wp\/v2\/posts\/90966\/revisions"}],"predecessor-version":[{"id":90970,"href":"https:\/\/www.em.com.br\/emfoco\/wp-json\/wp\/v2\/posts\/90966\/revisions\/90970"}],"wp:featuredmedia":[{"embeddable":true,"href":"https:\/\/www.em.com.br\/emfoco\/wp-json\/wp\/v2\/media\/90968"}],"wp:attachment":[{"href":"https:\/\/www.em.com.br\/emfoco\/wp-json\/wp\/v2\/media?parent=90966"}],"wp:term":[{"taxonomy":"category","embeddable":true,"href":"https:\/\/www.em.com.br\/emfoco\/wp-json\/wp\/v2\/categories?post=90966"},{"taxonomy":"post_tag","embeddable":true,"href":"https:\/\/www.em.com.br\/emfoco\/wp-json\/wp\/v2\/tags?post=90966"}],"curies":[{"name":"wp","href":"https:\/\/api.w.org\/{rel}","templated":true}]}}