{"id":9095,"date":"2025-01-14T07:40:00","date_gmt":"2025-01-14T10:40:00","guid":{"rendered":"https:\/\/www.em.com.br\/emfoco\/?p=9095"},"modified":"2025-01-14T05:15:08","modified_gmt":"2025-01-14T08:15:08","slug":"um-destino-de-charme-e-desenvolvimento-no-sul-de-minas","status":"publish","type":"post","link":"https:\/\/www.em.com.br\/emfoco\/2025\/01\/14\/um-destino-de-charme-e-desenvolvimento-no-sul-de-minas\/","title":{"rendered":"Um Destino de Charme e Desenvolvimento no Sul de Minas"},"content":{"rendered":"\n<p>Localizada no sul de Minas Gerais, <strong><a href=\"https:\/\/www.em.com.br\/emfoco\/2024\/12\/29\/uma-cidade-mineira-que-combina-tranquilidade-com-crescimento\/\" target=\"_blank\" rel=\"noreferrer noopener\">Lavras<\/a><\/strong> \u00e9 uma cidade que combina a tranquilidade do interior com oportunidades crescentes de desenvolvimento econ\u00f4mico. Suas belezas naturais e comunidade hospitaleira fazem dela um local atrativo tanto para aqueles que valorizam a qualidade de vida quanto para novos empreendedores.<\/p>\n\n\n\n<p>O munic\u00edpio se destaca ao unir aspectos tradicionais a um cen\u00e1rio prop\u00edcio para a inova\u00e7\u00e3o, atraindo tanto quem busca uma vida sossegada quanto quem deseja investir em novos neg\u00f3cios.<\/p>\n\n\n\n<h2 class=\"wp-block-heading\">Como Lavras Garante a Seguran\u00e7a de Seus Moradores?<\/h2>\n\n\n\n<p>Mantendo a seguran\u00e7a como uma prioridade, Lavras conta com a colabora\u00e7\u00e3o entre os moradores e as for\u00e7as policiais para criar um ambiente seguro. A implanta\u00e7\u00e3o de programas comunit\u00e1rios e estrat\u00e9gias de policiamento foram fundamentais para essa conquista.<\/p>\n\n\n\n<p>Essas iniciativas t\u00eam ampliado a sensa\u00e7\u00e3o de seguran\u00e7a dos moradores, fazendo de Lavras um local percebido como seguro e acolhedor para se viver e trabalhar.<\/p>\n\n\n\n<figure class=\"wp-block-image size-full\"><img loading=\"lazy\" decoding=\"async\" width=\"1024\" height=\"577\" src=\"https:\/\/www.em.com.br\/emfoco\/wp-content\/uploads\/2024\/11\/image-65-e1732821715318.png\" alt=\"Lavras Conquista Destaque Nacional Como Exemplo de Cidade Segura!\" class=\"wp-image-1994\" srcset=\"https:\/\/www.em.com.br\/emfoco\/wp-content\/uploads\/2024\/11\/image-65-e1732821715318.png 1024w, https:\/\/www.em.com.br\/emfoco\/wp-content\/uploads\/2024\/11\/image-65-e1732821715318-300x169.png 300w, https:\/\/www.em.com.br\/emfoco\/wp-content\/uploads\/2024\/11\/image-65-e1732821715318-768x433.png 768w, https:\/\/www.em.com.br\/emfoco\/wp-content\/uploads\/2024\/11\/image-65-e1732821715318-750x423.png 750w\" sizes=\"auto, (max-width: 1024px) 100vw, 1024px\" \/><figcaption class=\"wp-element-caption\">Lavras &#8211; Cr\u00e9ditos: Wikimedia Commons<\/figcaption><\/figure>\n\n\n\n<h2 class=\"wp-block-heading\">Atendimento \u00e0s Demandas Comunit\u00e1rias: A Infraestrutura de Lavras<\/h2>\n\n\n\n<p>Com uma infraestrutura completa, Lavras atende eficientemente \u00e0s necessidades de seus residentes. A educa\u00e7\u00e3o na cidade \u00e9 conhecida por sua qualidade, fornecendo uma base s\u00f3lida desde o ensino fundamental at\u00e9 o superior.<\/p>\n\n\n\n<p>Na sa\u00fade, Lavras oferece servi\u00e7os acess\u00edveis e de qualidade por meio de unidades bem equipadas. Para o lazer, parques e instala\u00e7\u00f5es esportivas propiciam ambientes para a intera\u00e7\u00e3o social e atividades recreativas, elevando a qualidade de vida.<\/p>\n\n\n\n<h2 class=\"wp-block-heading\">Qual \u00e9 a Contribui\u00e7\u00e3o da UFLA para o Crescimento Regional?<\/h2>\n\n\n\n<p>A <strong><a href=\"https:\/\/ufla.br\/\" target=\"_blank\" rel=\"noreferrer noopener\">Universidade Federal de Lavras<\/a><\/strong> (UFLA) atua intensamente no desenvolvimento social e econ\u00f4mico local. Com foco em pesquisa e inova\u00e7\u00e3o, a universidade constr\u00f3i parcerias estrat\u00e9gicas com o setor privado para fomentar avan\u00e7os tecnol\u00f3gicos e forma\u00e7\u00e3o profissional.<\/p>\n\n\n\n<p>O impacto positivo da UFLA \u00e9 vis\u00edvel no dinamismo do mercado local, que se beneficia tanto de neg\u00f3cios estabelecidos quanto de startups emergentes, fortalecendo a economia local.<\/p>\n\n\n\n<h2 class=\"wp-block-heading\">Explorando Lavras: Natureza e Cultura<\/h2>\n\n\n\n<p>Lavras \u00e9 um convite para os entusiastas da natureza, oferecendo trilhas panor\u00e2micas e cachoeiras exuberantes que constituem atividades ideais para aqueles que desejam relaxar e apreciar o ambiente natural.<\/p>\n\n\n\n<ul class=\"wp-block-list\">\n<li>Trilhas que proporcionam vistas deslumbrantes<\/li>\n\n\n\n<li>\u00c1reas de cachoeiras para descanso<\/li>\n\n\n\n<li>Eventos culturais celebrando tradi\u00e7\u00f5es locais<\/li>\n<\/ul>\n\n\n\n<p>Rica em cultura, Lavras promove eventos e celebra\u00e7\u00f5es que refletem a heran\u00e7a mineira, oferecendo uma experi\u00eancia cultural rica tanto para visitantes quanto para a popula\u00e7\u00e3o local.<\/p>\n\n\n\n<p>Como um exemplo de cidade que equilibra tradi\u00e7\u00e3o e inova\u00e7\u00e3o, Lavras se posiciona como um destino ideal para quem busca tranquilidade enquanto explora novas oportunidades econ\u00f4micas e culturais.<\/p>\n","protected":false},"excerpt":{"rendered":"<p>Localizada no sul de Minas Gerais, Lavras \u00e9 uma cidade que combina a tranquilidade do interior com oportunidades crescentes de desenvolvimento econ\u00f4mico. Suas belezas naturais e comunidade hospitaleira fazem dela um local atrativo tanto para aqueles que valorizam a qualidade de vida quanto para novos empreendedores. O munic\u00edpio se destaca ao unir aspectos tradicionais a [&hellip;]<\/p>\n","protected":false},"author":5,"featured_media":1436,"comment_status":"open","ping_status":"open","sticky":false,"template":"","format":"standard","meta":{"jnews-multi-image_gallery":[],"jnews_single_post":{"format":"standard"},"jnews_primary_category":[],"jnews_social_meta":[],"jnews_override_counter":[],"footnotes":""},"categories":[26,1],"tags":[158,960,207,1192,157],"class_list":["post-9095","post","type-post","status-publish","format-standard","has-post-thumbnail","hentry","category-cidades","category-noticias","tag-brasil","tag-lavras","tag-minas-gerais","tag-sudeste","tag-turismo"],"yoast_head":"<!-- This site is optimized with the Yoast SEO plugin v23.8 - https:\/\/yoast.com\/wordpress\/plugins\/seo\/ -->\n<title>Um Destino de Charme e Desenvolvimento no Sul de Minas - Estado de Minas - Em foco<\/title>\n<meta name=\"description\" content=\"Qualidade de vida, seguran\u00e7a e oportunidades de neg\u00f3cios: tudo isso voc\u00ea encontra em Lavras. Venha conhecer essa cidade incr\u00edvel!\" \/>\n<meta name=\"robots\" content=\"index, follow, max-snippet:-1, max-image-preview:large, max-video-preview:-1\" \/>\n<link rel=\"canonical\" href=\"https:\/\/www.em.com.br\/emfoco\/2025\/01\/14\/um-destino-de-charme-e-desenvolvimento-no-sul-de-minas\/\" \/>\n<meta property=\"og:locale\" content=\"pt_BR\" \/>\n<meta property=\"og:type\" content=\"article\" \/>\n<meta property=\"og:title\" content=\"Um Destino de Charme e Desenvolvimento no Sul de Minas - Estado de Minas - Em foco\" \/>\n<meta property=\"og:description\" content=\"Qualidade de vida, seguran\u00e7a e oportunidades de neg\u00f3cios: tudo isso voc\u00ea encontra em Lavras. Venha conhecer essa cidade incr\u00edvel!\" \/>\n<meta property=\"og:url\" content=\"https:\/\/www.em.com.br\/emfoco\/2025\/01\/14\/um-destino-de-charme-e-desenvolvimento-no-sul-de-minas\/\" \/>\n<meta property=\"og:site_name\" content=\"Estado de Minas - Em foco\" \/>\n<meta property=\"article:published_time\" content=\"2025-01-14T10:40:00+00:00\" \/>\n<meta property=\"article:modified_time\" content=\"2025-01-14T08:15:08+00:00\" \/>\n<meta property=\"og:image\" content=\"https:\/\/www.em.com.br\/emfoco\/wp-content\/uploads\/2024\/11\/image-e1732569085271.png\" \/>\n\t<meta property=\"og:image:width\" content=\"1024\" \/>\n\t<meta property=\"og:image:height\" content=\"577\" \/>\n\t<meta property=\"og:image:type\" content=\"image\/png\" \/>\n<meta name=\"author\" content=\"N\u00fabia Rangel\" \/>\n<meta name=\"twitter:card\" content=\"summary_large_image\" \/>\n<meta name=\"twitter:label1\" content=\"Escrito por\" \/>\n\t<meta name=\"twitter:data1\" content=\"N\u00fabia Rangel\" \/>\n\t<meta name=\"twitter:label2\" content=\"Est. tempo de leitura\" \/>\n\t<meta name=\"twitter:data2\" content=\"3 minutos\" \/>\n<!-- \/ Yoast SEO plugin. -->","yoast_head_json":{"title":"Um Destino de Charme e Desenvolvimento no Sul de Minas - Estado de Minas - Em foco","description":"Qualidade de vida, seguran\u00e7a e oportunidades de neg\u00f3cios: tudo isso voc\u00ea encontra em Lavras. Venha conhecer essa cidade incr\u00edvel!","robots":{"index":"index","follow":"follow","max-snippet":"max-snippet:-1","max-image-preview":"max-image-preview:large","max-video-preview":"max-video-preview:-1"},"canonical":"https:\/\/www.em.com.br\/emfoco\/2025\/01\/14\/um-destino-de-charme-e-desenvolvimento-no-sul-de-minas\/","og_locale":"pt_BR","og_type":"article","og_title":"Um Destino de Charme e Desenvolvimento no Sul de Minas - Estado de Minas - Em foco","og_description":"Qualidade de vida, seguran\u00e7a e oportunidades de neg\u00f3cios: tudo isso voc\u00ea encontra em Lavras. Venha conhecer essa cidade incr\u00edvel!","og_url":"https:\/\/www.em.com.br\/emfoco\/2025\/01\/14\/um-destino-de-charme-e-desenvolvimento-no-sul-de-minas\/","og_site_name":"Estado de Minas - Em foco","article_published_time":"2025-01-14T10:40:00+00:00","article_modified_time":"2025-01-14T08:15:08+00:00","og_image":[{"width":1024,"height":577,"url":"https:\/\/www.em.com.br\/emfoco\/wp-content\/uploads\/2024\/11\/image-e1732569085271.png","type":"image\/png"}],"author":"N\u00fabia Rangel","twitter_card":"summary_large_image","twitter_misc":{"Escrito por":"N\u00fabia Rangel","Est. tempo de leitura":"3 minutos"},"schema":{"@context":"https:\/\/schema.org","@graph":[{"@type":"WebPage","@id":"https:\/\/www.em.com.br\/emfoco\/2025\/01\/14\/um-destino-de-charme-e-desenvolvimento-no-sul-de-minas\/","url":"https:\/\/www.em.com.br\/emfoco\/2025\/01\/14\/um-destino-de-charme-e-desenvolvimento-no-sul-de-minas\/","name":"Um Destino de Charme e Desenvolvimento no Sul de Minas - Estado de Minas - Em foco","isPartOf":{"@id":"https:\/\/www.em.com.br\/emfoco\/#website"},"primaryImageOfPage":{"@id":"https:\/\/www.em.com.br\/emfoco\/2025\/01\/14\/um-destino-de-charme-e-desenvolvimento-no-sul-de-minas\/#primaryimage"},"image":{"@id":"https:\/\/www.em.com.br\/emfoco\/2025\/01\/14\/um-destino-de-charme-e-desenvolvimento-no-sul-de-minas\/#primaryimage"},"thumbnailUrl":"https:\/\/www.em.com.br\/emfoco\/wp-content\/uploads\/2024\/11\/image-e1732569085271.png","datePublished":"2025-01-14T10:40:00+00:00","dateModified":"2025-01-14T08:15:08+00:00","author":{"@id":"https:\/\/www.em.com.br\/emfoco\/#\/schema\/person\/524437ef54f8a5d32591b143307f2e20"},"description":"Qualidade de vida, seguran\u00e7a e oportunidades de neg\u00f3cios: tudo isso voc\u00ea encontra em Lavras. Venha conhecer essa cidade incr\u00edvel!","breadcrumb":{"@id":"https:\/\/www.em.com.br\/emfoco\/2025\/01\/14\/um-destino-de-charme-e-desenvolvimento-no-sul-de-minas\/#breadcrumb"},"inLanguage":"pt-BR","potentialAction":[{"@type":"ReadAction","target":["https:\/\/www.em.com.br\/emfoco\/2025\/01\/14\/um-destino-de-charme-e-desenvolvimento-no-sul-de-minas\/"]}]},{"@type":"ImageObject","inLanguage":"pt-BR","@id":"https:\/\/www.em.com.br\/emfoco\/2025\/01\/14\/um-destino-de-charme-e-desenvolvimento-no-sul-de-minas\/#primaryimage","url":"https:\/\/www.em.com.br\/emfoco\/wp-content\/uploads\/2024\/11\/image-e1732569085271.png","contentUrl":"https:\/\/www.em.com.br\/emfoco\/wp-content\/uploads\/2024\/11\/image-e1732569085271.png","width":1024,"height":577,"caption":"Lavras - Cr\u00e9ditos: Flickr"},{"@type":"BreadcrumbList","@id":"https:\/\/www.em.com.br\/emfoco\/2025\/01\/14\/um-destino-de-charme-e-desenvolvimento-no-sul-de-minas\/#breadcrumb","itemListElement":[{"@type":"ListItem","position":1,"name":"In\u00edcio","item":"https:\/\/www.em.com.br\/emfoco\/"},{"@type":"ListItem","position":2,"name":"Um Destino de Charme e Desenvolvimento no Sul de Minas"}]},{"@type":"WebSite","@id":"https:\/\/www.em.com.br\/emfoco\/#website","url":"https:\/\/www.em.com.br\/emfoco\/","name":"Estado de Minas - Em foco","description":"Acompanhe as \u00faltimas not\u00edcias e fique bem informado sobre tudo o que acontece em Minas Gerais, Brasil e no mundo.","potentialAction":[{"@type":"SearchAction","target":{"@type":"EntryPoint","urlTemplate":"https:\/\/www.em.com.br\/emfoco\/?s={search_term_string}"},"query-input":{"@type":"PropertyValueSpecification","valueRequired":true,"valueName":"search_term_string"}}],"inLanguage":"pt-BR"},{"@type":"Person","@id":"https:\/\/www.em.com.br\/emfoco\/#\/schema\/person\/524437ef54f8a5d32591b143307f2e20","name":"N\u00fabia Rangel","image":{"@type":"ImageObject","inLanguage":"pt-BR","@id":"https:\/\/www.em.com.br\/emfoco\/#\/schema\/person\/image\/","url":"https:\/\/secure.gravatar.com\/avatar\/47cff2827a5ba23c37e8068c86817ea4?s=96&d=mm&r=g","contentUrl":"https:\/\/secure.gravatar.com\/avatar\/47cff2827a5ba23c37e8068c86817ea4?s=96&d=mm&r=g","caption":"N\u00fabia Rangel"},"sameAs":["https:\/\/www.em.com.br\/emfoco\/"],"url":"https:\/\/www.em.com.br\/emfoco\/author\/nubiamyth\/"}]}},"_links":{"self":[{"href":"https:\/\/www.em.com.br\/emfoco\/wp-json\/wp\/v2\/posts\/9095","targetHints":{"allow":["GET"]}}],"collection":[{"href":"https:\/\/www.em.com.br\/emfoco\/wp-json\/wp\/v2\/posts"}],"about":[{"href":"https:\/\/www.em.com.br\/emfoco\/wp-json\/wp\/v2\/types\/post"}],"author":[{"embeddable":true,"href":"https:\/\/www.em.com.br\/emfoco\/wp-json\/wp\/v2\/users\/5"}],"replies":[{"embeddable":true,"href":"https:\/\/www.em.com.br\/emfoco\/wp-json\/wp\/v2\/comments?post=9095"}],"version-history":[{"count":2,"href":"https:\/\/www.em.com.br\/emfoco\/wp-json\/wp\/v2\/posts\/9095\/revisions"}],"predecessor-version":[{"id":9097,"href":"https:\/\/www.em.com.br\/emfoco\/wp-json\/wp\/v2\/posts\/9095\/revisions\/9097"}],"wp:featuredmedia":[{"embeddable":true,"href":"https:\/\/www.em.com.br\/emfoco\/wp-json\/wp\/v2\/media\/1436"}],"wp:attachment":[{"href":"https:\/\/www.em.com.br\/emfoco\/wp-json\/wp\/v2\/media?parent=9095"}],"wp:term":[{"taxonomy":"category","embeddable":true,"href":"https:\/\/www.em.com.br\/emfoco\/wp-json\/wp\/v2\/categories?post=9095"},{"taxonomy":"post_tag","embeddable":true,"href":"https:\/\/www.em.com.br\/emfoco\/wp-json\/wp\/v2\/tags?post=9095"}],"curies":[{"name":"wp","href":"https:\/\/api.w.org\/{rel}","templated":true}]}}