{"id":9082,"date":"2025-01-15T22:20:00","date_gmt":"2025-01-16T01:20:00","guid":{"rendered":"https:\/\/www.em.com.br\/emfoco\/?p=9082"},"modified":"2025-01-15T05:53:27","modified_gmt":"2025-01-15T08:53:27","slug":"adeus-operadoras-tesla-model-pi-com-internet-de-satelite","status":"publish","type":"post","link":"https:\/\/www.em.com.br\/emfoco\/2025\/01\/15\/adeus-operadoras-tesla-model-pi-com-internet-de-satelite\/","title":{"rendered":"Adeus, operadoras! Tesla Model PI com internet de sat\u00e9lite!"},"content":{"rendered":"\n<p>A Tesla, empresa conhecida mundialmente por seus carros el\u00e9tricos e inova\u00e7\u00f5es tecnol\u00f3gicas sob a lideran\u00e7a de <strong><a href=\"https:\/\/www.em.com.br\/emfoco\/2025\/01\/01\/mega-da-virada-o-que-falta-para-ser-um-elon-musk\/\" target=\"_blank\" rel=\"noreferrer noopener\">Elon Musk<\/a><\/strong>, est\u00e1 expandindo sua influ\u00eancia no mercado de dispositivos m\u00f3veis com o lan\u00e7amento do Tesla Model PI. Este novo celular promete revolucionar o mundo da tecnologia com suas fun\u00e7\u00f5es avan\u00e7adas e in\u00e9ditas, criando grandes expectativas no p\u00fablico.<\/p>\n\n\n\n<p>O Tesla Model PI \u00e9 projetado para oferecer funcionalidades inovadoras que podem transformar a maneira como os dispositivos m\u00f3veis s\u00e3o utilizados. Um dos seus principais atrativos \u00e9 a integra\u00e7\u00e3o com a internet da Starlink, a rede de sat\u00e9lites desenvolvida pela Tesla. Isso significa conex\u00e3o de internet praticamente em qualquer lugar do mundo, de forma est\u00e1vel e r\u00e1pida, superando os desafios atuais de cobertura e qualidade do sinal.<\/p>\n\n\n\n<h2 class=\"wp-block-heading\">O que torna o Tesla Model PI especial?<\/h2>\n\n\n\n<p>Al\u00e9m de sua capacidade de conex\u00e3o global via <strong><a href=\"https:\/\/www.starlink.com\/\" target=\"_blank\" rel=\"noreferrer noopener\">Starlink<\/a><\/strong>, o Tesla Model PI oferece um sistema de carregamento que utiliza a energia solar. Essa fun\u00e7\u00e3o elimina a necessidade constante de recarregar o dispositivo pela tomada, conferindo maior praticidade e sustentabilidade aos usu\u00e1rios. Essa inova\u00e7\u00e3o \u00e9 particularmente \u00fatil para aqueles que se encontram frequentemente em movimento ou que esquecem o carregador convencional.<\/p>\n\n\n\n<figure class=\"wp-block-image size-large\"><img loading=\"lazy\" decoding=\"async\" width=\"1024\" height=\"576\" src=\"https:\/\/www.em.com.br\/emfoco\/wp-content\/uploads\/2024\/12\/tesla_1735649596990-1024x576.jpg\" alt=\"A Tesla Vai Lan\u00e7ar um Celular? Entenda os Motivos e as Implica\u00e7\u00f5es\" class=\"wp-image-7778\" srcset=\"https:\/\/www.em.com.br\/emfoco\/wp-content\/uploads\/2024\/12\/tesla_1735649596990-1024x576.jpg 1024w, https:\/\/www.em.com.br\/emfoco\/wp-content\/uploads\/2024\/12\/tesla_1735649596990-300x169.jpg 300w, https:\/\/www.em.com.br\/emfoco\/wp-content\/uploads\/2024\/12\/tesla_1735649596990-768x432.jpg 768w, https:\/\/www.em.com.br\/emfoco\/wp-content\/uploads\/2024\/12\/tesla_1735649596990-750x422.jpg 750w, https:\/\/www.em.com.br\/emfoco\/wp-content\/uploads\/2024\/12\/tesla_1735649596990-1140x641.jpg 1140w, https:\/\/www.em.com.br\/emfoco\/wp-content\/uploads\/2024\/12\/tesla_1735649596990.jpg 1280w\" sizes=\"auto, (max-width: 1024px) 100vw, 1024px\" \/><figcaption class=\"wp-element-caption\">Tesla &#8211; Cr\u00e9ditos: depositphotos.com \/ kle1njke@gmail.com<\/figcaption><\/figure>\n\n\n\n<h2 class=\"wp-block-heading\">Neuralink: Um passo al\u00e9m na tecnologia<\/h2>\n\n\n\n<p>Os rumores tamb\u00e9m indicam uma poss\u00edvel integra\u00e7\u00e3o do Tesla Model PI com as tecnologias de interface c\u00e9rebro-m\u00e1quina da Neuralink, outra empresa de Musk. Essa intera\u00e7\u00e3o poderia permitir que o celular adaptasse suas fun\u00e7\u00f5es de acordo com os padr\u00f5es de uso do usu\u00e1rio, tornando as tarefas di\u00e1rias mais intuitivas. Embora ainda seja um projeto em fase inicial, a possibilidade de integra\u00e7\u00e3o entre nossos dispositivos m\u00f3veis e a neurotecnologia abre novas perspectivas para o futuro.<\/p>\n\n\n\n<h2 class=\"wp-block-heading\">O mercado est\u00e1 pronto para o Tesla Model PI?<\/h2>\n\n\n\n<p>Enquanto o Tesla Model PI oferece fun\u00e7\u00f5es \u00fanicas que ainda n\u00e3o foram exploradas por outras marcas l\u00edderes no mercado, como Apple e Samsung, surgem quest\u00f5es importantes sobre sua aceita\u00e7\u00e3o pelo p\u00fablico e a rea\u00e7\u00e3o da concorr\u00eancia. O pre\u00e7o dessa tecnologia e a disposi\u00e7\u00e3o dos consumidores para adotar inova\u00e7\u00f5es t\u00e3o radicais s\u00e3o fatores que podem influenciar bastante o sucesso do lan\u00e7amento.<\/p>\n\n\n\n<p>O mercado de dispositivos m\u00f3veis \u00e9 altamente competitivo e din\u00e2mico. A introdu\u00e7\u00e3o do Tesla Model PI pode impactar significativamente as estrat\u00e9gias de outras empresas, levando a uma nova era de inova\u00e7\u00f5es. O aparelho da Tesla pode pressionar gigantes do setor a buscar alternativas ainda mais criativas para n\u00e3o perderem suas posi\u00e7\u00f5es de destaque.<\/p>\n\n\n\n<h2 class=\"wp-block-heading\">Conclus\u00e3o: O que esperar do futuro da tecnologia m\u00f3vel?<\/h2>\n\n\n\n<p>O lan\u00e7amento do Tesla Model PI marca um momento significativo na evolu\u00e7\u00e3o dos dispositivos m\u00f3veis. Suas caracter\u00edsticas inovadoras n\u00e3o apenas captam a imagina\u00e7\u00e3o de entusiastas de tecnologia em todo o mundo, mas tamb\u00e9m estabelecem novos padr\u00f5es para a ind\u00fastria. Resta aguardar como essa tecnologia ser\u00e1 recebida pelos consumidores e quais ser\u00e3o as pr\u00f3ximas inova\u00e7\u00f5es que surgir\u00e3o em resposta ao novo concorrente no mercado.<\/p>\n","protected":false},"excerpt":{"rendered":"<p>A Tesla, empresa conhecida mundialmente por seus carros el\u00e9tricos e inova\u00e7\u00f5es tecnol\u00f3gicas sob a lideran\u00e7a de Elon Musk, est\u00e1 expandindo sua influ\u00eancia no mercado de dispositivos m\u00f3veis com o lan\u00e7amento do Tesla Model PI. Este novo celular promete revolucionar o mundo da tecnologia com suas fun\u00e7\u00f5es avan\u00e7adas e in\u00e9ditas, criando grandes expectativas no p\u00fablico. O [&hellip;]<\/p>\n","protected":false},"author":5,"featured_media":9084,"comment_status":"open","ping_status":"open","sticky":false,"template":"","format":"standard","meta":{"jnews-multi-image_gallery":[],"jnews_single_post":{"format":"standard"},"jnews_primary_category":[],"jnews_social_meta":[],"jnews_override_counter":[],"footnotes":""},"categories":[29,138,1],"tags":[2580,3115,437,439],"class_list":["post-9082","post","type-post","status-publish","format-standard","has-post-thumbnail","hentry","category-entretenimento","category-mundo","category-noticias","tag-celular","tag-celular-da-tesla","tag-elon-musk","tag-tesla"],"yoast_head":"<!-- This site is optimized with the Yoast SEO plugin v23.8 - https:\/\/yoast.com\/wordpress\/plugins\/seo\/ -->\n<title>Adeus, operadoras! Tesla Model PI com internet de sat\u00e9lite! - Estado de Minas - Em foco<\/title>\n<meta name=\"description\" content=\"Com internet Starlink, bateria solar e integra\u00e7\u00e3o com a Neuralink, prepare-se para uma nova era da tecnologia m\u00f3vel.\" \/>\n<meta name=\"robots\" content=\"index, follow, max-snippet:-1, max-image-preview:large, max-video-preview:-1\" \/>\n<link rel=\"canonical\" href=\"https:\/\/www.em.com.br\/emfoco\/2025\/01\/15\/adeus-operadoras-tesla-model-pi-com-internet-de-satelite\/\" \/>\n<meta property=\"og:locale\" content=\"pt_BR\" \/>\n<meta property=\"og:type\" content=\"article\" \/>\n<meta property=\"og:title\" content=\"Adeus, operadoras! Tesla Model PI com internet de sat\u00e9lite! - Estado de Minas - Em foco\" \/>\n<meta property=\"og:description\" content=\"Com internet Starlink, bateria solar e integra\u00e7\u00e3o com a Neuralink, prepare-se para uma nova era da tecnologia m\u00f3vel.\" \/>\n<meta property=\"og:url\" content=\"https:\/\/www.em.com.br\/emfoco\/2025\/01\/15\/adeus-operadoras-tesla-model-pi-com-internet-de-satelite\/\" \/>\n<meta property=\"og:site_name\" content=\"Estado de Minas - Em foco\" \/>\n<meta property=\"article:published_time\" content=\"2025-01-16T01:20:00+00:00\" \/>\n<meta property=\"article:modified_time\" content=\"2025-01-15T08:53:27+00:00\" \/>\n<meta property=\"og:image\" content=\"https:\/\/www.em.com.br\/emfoco\/wp-content\/uploads\/2025\/01\/image-22.png\" \/>\n\t<meta property=\"og:image:width\" content=\"1536\" \/>\n\t<meta property=\"og:image:height\" content=\"878\" \/>\n\t<meta property=\"og:image:type\" content=\"image\/png\" \/>\n<meta name=\"author\" content=\"N\u00fabia Rangel\" \/>\n<meta name=\"twitter:card\" content=\"summary_large_image\" \/>\n<meta name=\"twitter:label1\" content=\"Escrito por\" \/>\n\t<meta name=\"twitter:data1\" content=\"N\u00fabia Rangel\" \/>\n\t<meta name=\"twitter:label2\" content=\"Est. tempo de leitura\" \/>\n\t<meta name=\"twitter:data2\" content=\"3 minutos\" \/>\n<!-- \/ Yoast SEO plugin. -->","yoast_head_json":{"title":"Adeus, operadoras! Tesla Model PI com internet de sat\u00e9lite! - Estado de Minas - Em foco","description":"Com internet Starlink, bateria solar e integra\u00e7\u00e3o com a Neuralink, prepare-se para uma nova era da tecnologia m\u00f3vel.","robots":{"index":"index","follow":"follow","max-snippet":"max-snippet:-1","max-image-preview":"max-image-preview:large","max-video-preview":"max-video-preview:-1"},"canonical":"https:\/\/www.em.com.br\/emfoco\/2025\/01\/15\/adeus-operadoras-tesla-model-pi-com-internet-de-satelite\/","og_locale":"pt_BR","og_type":"article","og_title":"Adeus, operadoras! Tesla Model PI com internet de sat\u00e9lite! - Estado de Minas - Em foco","og_description":"Com internet Starlink, bateria solar e integra\u00e7\u00e3o com a Neuralink, prepare-se para uma nova era da tecnologia m\u00f3vel.","og_url":"https:\/\/www.em.com.br\/emfoco\/2025\/01\/15\/adeus-operadoras-tesla-model-pi-com-internet-de-satelite\/","og_site_name":"Estado de Minas - Em foco","article_published_time":"2025-01-16T01:20:00+00:00","article_modified_time":"2025-01-15T08:53:27+00:00","og_image":[{"width":1536,"height":878,"url":"https:\/\/www.em.com.br\/emfoco\/wp-content\/uploads\/2025\/01\/image-22.png","type":"image\/png"}],"author":"N\u00fabia Rangel","twitter_card":"summary_large_image","twitter_misc":{"Escrito por":"N\u00fabia Rangel","Est. tempo de leitura":"3 minutos"},"schema":{"@context":"https:\/\/schema.org","@graph":[{"@type":"WebPage","@id":"https:\/\/www.em.com.br\/emfoco\/2025\/01\/15\/adeus-operadoras-tesla-model-pi-com-internet-de-satelite\/","url":"https:\/\/www.em.com.br\/emfoco\/2025\/01\/15\/adeus-operadoras-tesla-model-pi-com-internet-de-satelite\/","name":"Adeus, operadoras! Tesla Model PI com internet de sat\u00e9lite! - Estado de Minas - Em foco","isPartOf":{"@id":"https:\/\/www.em.com.br\/emfoco\/#website"},"primaryImageOfPage":{"@id":"https:\/\/www.em.com.br\/emfoco\/2025\/01\/15\/adeus-operadoras-tesla-model-pi-com-internet-de-satelite\/#primaryimage"},"image":{"@id":"https:\/\/www.em.com.br\/emfoco\/2025\/01\/15\/adeus-operadoras-tesla-model-pi-com-internet-de-satelite\/#primaryimage"},"thumbnailUrl":"https:\/\/www.em.com.br\/emfoco\/wp-content\/uploads\/2025\/01\/image-22.png","datePublished":"2025-01-16T01:20:00+00:00","dateModified":"2025-01-15T08:53:27+00:00","author":{"@id":"https:\/\/www.em.com.br\/emfoco\/#\/schema\/person\/524437ef54f8a5d32591b143307f2e20"},"description":"Com internet Starlink, bateria solar e integra\u00e7\u00e3o com a Neuralink, prepare-se para uma nova era da tecnologia m\u00f3vel.","breadcrumb":{"@id":"https:\/\/www.em.com.br\/emfoco\/2025\/01\/15\/adeus-operadoras-tesla-model-pi-com-internet-de-satelite\/#breadcrumb"},"inLanguage":"pt-BR","potentialAction":[{"@type":"ReadAction","target":["https:\/\/www.em.com.br\/emfoco\/2025\/01\/15\/adeus-operadoras-tesla-model-pi-com-internet-de-satelite\/"]}]},{"@type":"ImageObject","inLanguage":"pt-BR","@id":"https:\/\/www.em.com.br\/emfoco\/2025\/01\/15\/adeus-operadoras-tesla-model-pi-com-internet-de-satelite\/#primaryimage","url":"https:\/\/www.em.com.br\/emfoco\/wp-content\/uploads\/2025\/01\/image-22.png","contentUrl":"https:\/\/www.em.com.br\/emfoco\/wp-content\/uploads\/2025\/01\/image-22.png","width":1536,"height":878,"caption":"Imagem Divulga\u00e7\u00e3o Tesla Model PI - Foto: Instagram\/ teslamodelpi"},{"@type":"BreadcrumbList","@id":"https:\/\/www.em.com.br\/emfoco\/2025\/01\/15\/adeus-operadoras-tesla-model-pi-com-internet-de-satelite\/#breadcrumb","itemListElement":[{"@type":"ListItem","position":1,"name":"In\u00edcio","item":"https:\/\/www.em.com.br\/emfoco\/"},{"@type":"ListItem","position":2,"name":"Adeus, operadoras! Tesla Model PI com internet de sat\u00e9lite!"}]},{"@type":"WebSite","@id":"https:\/\/www.em.com.br\/emfoco\/#website","url":"https:\/\/www.em.com.br\/emfoco\/","name":"Estado de Minas - Em foco","description":"Acompanhe as \u00faltimas not\u00edcias e fique bem informado sobre tudo o que acontece em Minas Gerais, Brasil e no mundo.","potentialAction":[{"@type":"SearchAction","target":{"@type":"EntryPoint","urlTemplate":"https:\/\/www.em.com.br\/emfoco\/?s={search_term_string}"},"query-input":{"@type":"PropertyValueSpecification","valueRequired":true,"valueName":"search_term_string"}}],"inLanguage":"pt-BR"},{"@type":"Person","@id":"https:\/\/www.em.com.br\/emfoco\/#\/schema\/person\/524437ef54f8a5d32591b143307f2e20","name":"N\u00fabia Rangel","image":{"@type":"ImageObject","inLanguage":"pt-BR","@id":"https:\/\/www.em.com.br\/emfoco\/#\/schema\/person\/image\/","url":"https:\/\/secure.gravatar.com\/avatar\/47cff2827a5ba23c37e8068c86817ea4?s=96&d=mm&r=g","contentUrl":"https:\/\/secure.gravatar.com\/avatar\/47cff2827a5ba23c37e8068c86817ea4?s=96&d=mm&r=g","caption":"N\u00fabia Rangel"},"sameAs":["https:\/\/www.em.com.br\/emfoco\/"],"url":"https:\/\/www.em.com.br\/emfoco\/author\/nubiamyth\/"}]}},"_links":{"self":[{"href":"https:\/\/www.em.com.br\/emfoco\/wp-json\/wp\/v2\/posts\/9082","targetHints":{"allow":["GET"]}}],"collection":[{"href":"https:\/\/www.em.com.br\/emfoco\/wp-json\/wp\/v2\/posts"}],"about":[{"href":"https:\/\/www.em.com.br\/emfoco\/wp-json\/wp\/v2\/types\/post"}],"author":[{"embeddable":true,"href":"https:\/\/www.em.com.br\/emfoco\/wp-json\/wp\/v2\/users\/5"}],"replies":[{"embeddable":true,"href":"https:\/\/www.em.com.br\/emfoco\/wp-json\/wp\/v2\/comments?post=9082"}],"version-history":[{"count":2,"href":"https:\/\/www.em.com.br\/emfoco\/wp-json\/wp\/v2\/posts\/9082\/revisions"}],"predecessor-version":[{"id":9085,"href":"https:\/\/www.em.com.br\/emfoco\/wp-json\/wp\/v2\/posts\/9082\/revisions\/9085"}],"wp:featuredmedia":[{"embeddable":true,"href":"https:\/\/www.em.com.br\/emfoco\/wp-json\/wp\/v2\/media\/9084"}],"wp:attachment":[{"href":"https:\/\/www.em.com.br\/emfoco\/wp-json\/wp\/v2\/media?parent=9082"}],"wp:term":[{"taxonomy":"category","embeddable":true,"href":"https:\/\/www.em.com.br\/emfoco\/wp-json\/wp\/v2\/categories?post=9082"},{"taxonomy":"post_tag","embeddable":true,"href":"https:\/\/www.em.com.br\/emfoco\/wp-json\/wp\/v2\/tags?post=9082"}],"curies":[{"name":"wp","href":"https:\/\/api.w.org\/{rel}","templated":true}]}}