{"id":90799,"date":"2025-08-14T09:38:27","date_gmt":"2025-08-14T12:38:27","guid":{"rendered":"https:\/\/www.em.com.br\/emfoco\/?p=90799"},"modified":"2025-08-13T10:12:00","modified_gmt":"2025-08-13T13:12:00","slug":"traumas-de-infancia-que-afetam-suas-escolhas-hoje","status":"publish","type":"post","link":"https:\/\/www.em.com.br\/emfoco\/2025\/08\/14\/traumas-de-infancia-que-afetam-suas-escolhas-hoje\/","title":{"rendered":"Traumas de inf\u00e2ncia que afetam suas escolhas hoje"},"content":{"rendered":"\n<p><strong>Como traumas de inf\u00e2ncia influenciam suas escolhas na vida adulta<\/strong>&nbsp;\u00e9 uma quest\u00e3o relevante para quem busca compreender padr\u00f5es de comportamento, desenvolvimento emocional e as decis\u00f5es tomadas durante a vida. Experi\u00eancias vividas na inf\u00e2ncia podem deixar marcas profundas, refletindo de forma sutil ou evidente em v\u00e1rias \u00e1reas do cotidiano adulto.<\/p>\n\n\n\n<ul class=\"wp-block-list\">\n<li><strong>Traumas infantis<\/strong>&nbsp;podem afetar rela\u00e7\u00f5es interpessoais e decis\u00f5es profissionais.<\/li>\n\n\n\n<li>Padr\u00f5es de inseguran\u00e7a, ansiedade ou autossabotagem frequentemente t\u00eam origem em viv\u00eancias do passado.<\/li>\n\n\n\n<li>O reconhecimento desses impactos \u00e9 o primeiro passo para escolhas mais conscientes.<\/li>\n<\/ul>\n\n\n\n<h2 class=\"wp-block-heading\">O que s\u00e3o traumas de inf\u00e2ncia e como eles se formam?<\/h2>\n\n\n\n<p>De modo geral,\u00a0<strong>traumas de inf\u00e2ncia<\/strong>\u00a0representam situa\u00e7\u00f5es <a href=\"https:\/\/www.em.com.br\/emfoco\/2025\/08\/13\/dormir-apos-as-22h-pode-afetar-sua-saude-mental-e-cerebral\/\" target=\"_blank\" rel=\"noreferrer noopener\">marcantes<\/a>, frequentemente negativas, vividas durante o desenvolvimento inicial de uma pessoa. Essas experi\u00eancias podem envolver perdas, viol\u00eancia, neglig\u00eancia emocional ou outras situa\u00e7\u00f5es que fogem \u00e0 compreens\u00e3o e capacidade de enfrentamento da crian\u00e7a.<\/p>\n\n\n\n<p>As marcas deixadas por esses eventos n\u00e3o se limitam ao momento em que ocorrem. Muitas vezes, s\u00e3o incorporadas de forma subconsciente e moldam a maneira como o indiv\u00edduo reage a situa\u00e7\u00f5es semelhantes no futuro. Ao crescer, a crian\u00e7a pode transformar essas estrat\u00e9gias em comportamentos repetitivos, muitas vezes sem perceber sua origem.<\/p>\n\n\n<div class=\"wp-block-image\">\n<figure class=\"aligncenter size-large\"><img loading=\"lazy\" decoding=\"async\" width=\"1024\" height=\"576\" src=\"https:\/\/www.em.com.br\/emfoco\/wp-content\/uploads\/2025\/08\/trauma-de-infancia_1755090483249-1024x576.jpg\" alt=\"Traumas de inf\u00e2ncia\" class=\"wp-image-90805\" srcset=\"https:\/\/www.em.com.br\/emfoco\/wp-content\/uploads\/2025\/08\/trauma-de-infancia_1755090483249-1024x576.jpg 1024w, https:\/\/www.em.com.br\/emfoco\/wp-content\/uploads\/2025\/08\/trauma-de-infancia_1755090483249-300x169.jpg 300w, https:\/\/www.em.com.br\/emfoco\/wp-content\/uploads\/2025\/08\/trauma-de-infancia_1755090483249-768x432.jpg 768w, https:\/\/www.em.com.br\/emfoco\/wp-content\/uploads\/2025\/08\/trauma-de-infancia_1755090483249-750x422.jpg 750w, https:\/\/www.em.com.br\/emfoco\/wp-content\/uploads\/2025\/08\/trauma-de-infancia_1755090483249-1140x641.jpg 1140w, https:\/\/www.em.com.br\/emfoco\/wp-content\/uploads\/2025\/08\/trauma-de-infancia_1755090483249.jpg 1280w\" sizes=\"auto, (max-width: 1024px) 100vw, 1024px\" \/><figcaption class=\"wp-element-caption\">Traumas de inf\u00e2ncia &#8211; Cr\u00e9ditos: depositphotos.com \/ jhandersen<\/figcaption><\/figure><\/div>\n\n\n<h2 class=\"wp-block-heading\">Como traumas de inf\u00e2ncia influenciam as escolhas na vida adulta?<\/h2>\n\n\n\n<p>A influ\u00eancia dos&nbsp;<strong>traumas de inf\u00e2ncia nas escolhas adultas<\/strong>&nbsp;\u00e9 percebida em diversas esferas. Profissionais expostos \u00e0 inseguran\u00e7a no ambiente familiar tendem a buscar trabalhos mais est\u00e1veis, evitando riscos. J\u00e1 adultos que sofreram abandono podem apresentar dificuldade em confiar e estabelecer v\u00ednculos afetivos seguros.<\/p>\n\n\n\n<p>Muitos desses padr\u00f5es se manifestam em pequenos detalhes do cotidiano. Rela\u00e7\u00f5es amorosas marcadas por medo de rejei\u00e7\u00e3o, dificuldade em lidar com cr\u00edticas ou necessidade constante de aprova\u00e7\u00e3o s\u00e3o respostas a viv\u00eancias pret\u00e9ritas. Esses reflexos mostram por que compreender&nbsp;<strong>experi\u00eancias traum\u00e1ticas do passado<\/strong>&nbsp;\u00e9 essencial para atuar sobre elas no presente.<\/p>\n\n\n\n<p>Leia tamb\u00e9m: <a href=\"https:\/\/www.em.com.br\/emfoco\/2025\/08\/13\/como-acabar-com-o-odor-de-peixe-usando-apenas-um-produto-da-sua-despensa\/\" target=\"_blank\" rel=\"noreferrer noopener\">Como acabar com o odor de peixe usando apenas um produto da sua despensa<\/a><\/p>\n\n\n\n<h2 class=\"wp-block-heading\">Quais sinais indicam a presen\u00e7a de traumas n\u00e3o superados?<\/h2>\n\n\n\n<p>Alguns ind\u00edcios de que&nbsp;<strong>traumas infantis<\/strong>&nbsp;influenciam a vida adulta incluem:<\/p>\n\n\n\n<ul class=\"wp-block-list\">\n<li>Padr\u00f5es recorrentes de autossabotagem ou desist\u00eancia diante de desafios.<\/li>\n\n\n\n<li>Medo intenso de rejei\u00e7\u00e3o ou abandono em rela\u00e7\u00f5es pessoais e profissionais.<\/li>\n\n\n\n<li>Dificuldade em confiar, delegar ou compartilhar responsabilidades.<\/li>\n<\/ul>\n\n\n\n<p>Um exemplo pr\u00e1tico \u00e9 o adulto que evita novas oportunidades por receio de fracassar, comportamento normalmente associado \u00e0 falta de incentivo ou cr\u00edticas constantes na inf\u00e2ncia. Dica r\u00e1pida: Ao notar repeti\u00e7\u00f5es comportamentais negativas, \u00e9 importante buscar autoconhecimento e apoio especializado para compreender a origem desses padr\u00f5es.<\/p>\n\n\n\n<h2 class=\"wp-block-heading\">Entendendo a import\u00e2ncia do autoconhecimento e do suporte adequado<\/h2>\n\n\n\n<p>O\u00a0<strong>autoconhecimento<\/strong>\u00a0desempenha papel fundamental no reconhecimento e supera\u00e7\u00e3o dos impactos deixados pelos traumas. Identificar gatilhos emocionais e buscar compreender suas rea\u00e7\u00f5es s\u00e3o estrat\u00e9gias eficazes para quebrar ciclos prejudiciais. Psicoterapia, grupos de apoio e pr\u00e1ticas de autocuidado s\u00e3o alternativas <a href=\"https:\/\/www.uol.com.br\/vivabem\/noticias\/redacao\/2020\/10\/26\/sofrimento-na-infancia-pode-impactar-vida-adulta-veja-7-dicas-para-superar.htm\" target=\"_blank\" rel=\"noreferrer noopener\">acess\u00edveis<\/a> e cada vez mais valorizadas na atualidade.<\/p>\n\n\n\n<p>Pessoas que investem nesse processo relatam mais clareza em suas decis\u00f5es e evolu\u00e7\u00e3o nas rela\u00e7\u00f5es interpessoais. Novos caminhos se tornam poss\u00edveis quando antigas cren\u00e7as e bloqueios d\u00e3o lugar ao entendimento e \u00e0 aceita\u00e7\u00e3o do passado.<\/p>\n\n\n\n<h2 class=\"wp-block-heading\">Superando limites e construindo novas possibilidades<\/h2>\n\n\n\n<ul class=\"wp-block-list\">\n<li>Traumas de inf\u00e2ncia podem influenciar escolhas, mas n\u00e3o definem o destino de uma pessoa.<\/li>\n\n\n\n<li>O reconhecimento dos padr\u00f5es e o autoconhecimento s\u00e3o aliados no processo de mudan\u00e7a.<\/li>\n\n\n\n<li>A busca por tratamento e apoio qualificado contribui para uma vida mais equilibrada e consciente.<\/li>\n<\/ul>\n","protected":false},"excerpt":{"rendered":"<p>Como traumas de inf\u00e2ncia influenciam suas escolhas na vida adulta&nbsp;\u00e9 uma quest\u00e3o relevante para quem busca compreender padr\u00f5es de comportamento, desenvolvimento emocional e as decis\u00f5es tomadas durante a vida. Experi\u00eancias vividas na inf\u00e2ncia podem deixar marcas profundas, refletindo de forma sutil ou evidente em v\u00e1rias \u00e1reas do cotidiano adulto. O que s\u00e3o traumas de inf\u00e2ncia [&hellip;]<\/p>\n","protected":false},"author":18,"featured_media":90804,"comment_status":"open","ping_status":"open","sticky":false,"template":"","format":"standard","meta":{"jnews-multi-image_gallery":[],"jnews_single_post":{"format":"standard"},"jnews_primary_category":[],"jnews_social_meta":[],"jnews_override_counter":[],"footnotes":""},"categories":[9053],"tags":[665,9244,13901,13902],"class_list":["post-90799","post","type-post","status-publish","format-standard","has-post-thumbnail","hentry","category-saude","tag-autoconhecimento","tag-desenvolvimento-emocional","tag-trauma-infantil","tag-vida-adulta"],"yoast_head":"<!-- This site is optimized with the Yoast SEO plugin v23.8 - https:\/\/yoast.com\/wordpress\/plugins\/seo\/ -->\n<title>Traumas de inf\u00e2ncia que afetam suas escolhas hoje - Estado de Minas - Em foco<\/title>\n<meta name=\"description\" content=\"Traumas de inf\u00e2ncia podem moldar decis\u00f5es e comportamentos na vida adulta entenda como esse impacto acontece.\" \/>\n<meta name=\"robots\" content=\"index, follow, max-snippet:-1, max-image-preview:large, max-video-preview:-1\" \/>\n<link rel=\"canonical\" href=\"https:\/\/www.em.com.br\/emfoco\/2025\/08\/14\/traumas-de-infancia-que-afetam-suas-escolhas-hoje\/\" \/>\n<meta property=\"og:locale\" content=\"pt_BR\" \/>\n<meta property=\"og:type\" content=\"article\" \/>\n<meta property=\"og:title\" content=\"Traumas de inf\u00e2ncia que afetam suas escolhas hoje - Estado de Minas - Em foco\" \/>\n<meta property=\"og:description\" content=\"Traumas de inf\u00e2ncia podem moldar decis\u00f5es e comportamentos na vida adulta entenda como esse impacto acontece.\" \/>\n<meta property=\"og:url\" content=\"https:\/\/www.em.com.br\/emfoco\/2025\/08\/14\/traumas-de-infancia-que-afetam-suas-escolhas-hoje\/\" \/>\n<meta property=\"og:site_name\" content=\"Estado de Minas - Em foco\" \/>\n<meta property=\"article:published_time\" content=\"2025-08-14T12:38:27+00:00\" \/>\n<meta property=\"article:modified_time\" content=\"2025-08-13T13:12:00+00:00\" \/>\n<meta property=\"og:image\" content=\"https:\/\/www.em.com.br\/emfoco\/wp-content\/uploads\/2025\/08\/trauma-de-infancia_1755090459432.jpg\" \/>\n\t<meta property=\"og:image:width\" content=\"1280\" \/>\n\t<meta property=\"og:image:height\" content=\"720\" \/>\n\t<meta property=\"og:image:type\" content=\"image\/jpeg\" \/>\n<meta name=\"author\" content=\"Julio Cesar\" \/>\n<meta name=\"twitter:card\" content=\"summary_large_image\" \/>\n<meta name=\"twitter:label1\" content=\"Escrito por\" \/>\n\t<meta name=\"twitter:data1\" content=\"Julio Cesar\" \/>\n\t<meta name=\"twitter:label2\" content=\"Est. tempo de leitura\" \/>\n\t<meta name=\"twitter:data2\" content=\"4 minutos\" \/>\n<!-- \/ Yoast SEO plugin. -->","yoast_head_json":{"title":"Traumas de inf\u00e2ncia que afetam suas escolhas hoje - Estado de Minas - Em foco","description":"Traumas de inf\u00e2ncia podem moldar decis\u00f5es e comportamentos na vida adulta entenda como esse impacto acontece.","robots":{"index":"index","follow":"follow","max-snippet":"max-snippet:-1","max-image-preview":"max-image-preview:large","max-video-preview":"max-video-preview:-1"},"canonical":"https:\/\/www.em.com.br\/emfoco\/2025\/08\/14\/traumas-de-infancia-que-afetam-suas-escolhas-hoje\/","og_locale":"pt_BR","og_type":"article","og_title":"Traumas de inf\u00e2ncia que afetam suas escolhas hoje - Estado de Minas - Em foco","og_description":"Traumas de inf\u00e2ncia podem moldar decis\u00f5es e comportamentos na vida adulta entenda como esse impacto acontece.","og_url":"https:\/\/www.em.com.br\/emfoco\/2025\/08\/14\/traumas-de-infancia-que-afetam-suas-escolhas-hoje\/","og_site_name":"Estado de Minas - Em foco","article_published_time":"2025-08-14T12:38:27+00:00","article_modified_time":"2025-08-13T13:12:00+00:00","og_image":[{"width":1280,"height":720,"url":"https:\/\/www.em.com.br\/emfoco\/wp-content\/uploads\/2025\/08\/trauma-de-infancia_1755090459432.jpg","type":"image\/jpeg"}],"author":"Julio Cesar","twitter_card":"summary_large_image","twitter_misc":{"Escrito por":"Julio Cesar","Est. tempo de leitura":"4 minutos"},"schema":{"@context":"https:\/\/schema.org","@graph":[{"@type":"WebPage","@id":"https:\/\/www.em.com.br\/emfoco\/2025\/08\/14\/traumas-de-infancia-que-afetam-suas-escolhas-hoje\/","url":"https:\/\/www.em.com.br\/emfoco\/2025\/08\/14\/traumas-de-infancia-que-afetam-suas-escolhas-hoje\/","name":"Traumas de inf\u00e2ncia que afetam suas escolhas hoje - Estado de Minas - Em foco","isPartOf":{"@id":"https:\/\/www.em.com.br\/emfoco\/#website"},"primaryImageOfPage":{"@id":"https:\/\/www.em.com.br\/emfoco\/2025\/08\/14\/traumas-de-infancia-que-afetam-suas-escolhas-hoje\/#primaryimage"},"image":{"@id":"https:\/\/www.em.com.br\/emfoco\/2025\/08\/14\/traumas-de-infancia-que-afetam-suas-escolhas-hoje\/#primaryimage"},"thumbnailUrl":"https:\/\/www.em.com.br\/emfoco\/wp-content\/uploads\/2025\/08\/trauma-de-infancia_1755090459432.jpg","datePublished":"2025-08-14T12:38:27+00:00","dateModified":"2025-08-13T13:12:00+00:00","author":{"@id":"https:\/\/www.em.com.br\/emfoco\/#\/schema\/person\/08c4a03e38018bbab9038d5f788321fc"},"description":"Traumas de inf\u00e2ncia podem moldar decis\u00f5es e comportamentos na vida adulta entenda como esse impacto acontece.","breadcrumb":{"@id":"https:\/\/www.em.com.br\/emfoco\/2025\/08\/14\/traumas-de-infancia-que-afetam-suas-escolhas-hoje\/#breadcrumb"},"inLanguage":"pt-BR","potentialAction":[{"@type":"ReadAction","target":["https:\/\/www.em.com.br\/emfoco\/2025\/08\/14\/traumas-de-infancia-que-afetam-suas-escolhas-hoje\/"]}]},{"@type":"ImageObject","inLanguage":"pt-BR","@id":"https:\/\/www.em.com.br\/emfoco\/2025\/08\/14\/traumas-de-infancia-que-afetam-suas-escolhas-hoje\/#primaryimage","url":"https:\/\/www.em.com.br\/emfoco\/wp-content\/uploads\/2025\/08\/trauma-de-infancia_1755090459432.jpg","contentUrl":"https:\/\/www.em.com.br\/emfoco\/wp-content\/uploads\/2025\/08\/trauma-de-infancia_1755090459432.jpg","width":1280,"height":720,"caption":"Traumas de inf\u00e2ncia - Cr\u00e9ditos: depositphotos.com \/ lucidwaters"},{"@type":"BreadcrumbList","@id":"https:\/\/www.em.com.br\/emfoco\/2025\/08\/14\/traumas-de-infancia-que-afetam-suas-escolhas-hoje\/#breadcrumb","itemListElement":[{"@type":"ListItem","position":1,"name":"In\u00edcio","item":"https:\/\/www.em.com.br\/emfoco\/"},{"@type":"ListItem","position":2,"name":"Traumas de inf\u00e2ncia que afetam suas escolhas hoje"}]},{"@type":"WebSite","@id":"https:\/\/www.em.com.br\/emfoco\/#website","url":"https:\/\/www.em.com.br\/emfoco\/","name":"Estado de Minas - Em foco","description":"Acompanhe as \u00faltimas not\u00edcias e fique bem informado sobre tudo o que acontece em Minas Gerais, Brasil e no mundo.","potentialAction":[{"@type":"SearchAction","target":{"@type":"EntryPoint","urlTemplate":"https:\/\/www.em.com.br\/emfoco\/?s={search_term_string}"},"query-input":{"@type":"PropertyValueSpecification","valueRequired":true,"valueName":"search_term_string"}}],"inLanguage":"pt-BR"},{"@type":"Person","@id":"https:\/\/www.em.com.br\/emfoco\/#\/schema\/person\/08c4a03e38018bbab9038d5f788321fc","name":"Julio Cesar","image":{"@type":"ImageObject","inLanguage":"pt-BR","@id":"https:\/\/www.em.com.br\/emfoco\/#\/schema\/person\/image\/","url":"https:\/\/secure.gravatar.com\/avatar\/ab1ea64f0d4f4c1385f8ef10d5a6e758?s=96&d=mm&r=g","contentUrl":"https:\/\/secure.gravatar.com\/avatar\/ab1ea64f0d4f4c1385f8ef10d5a6e758?s=96&d=mm&r=g","caption":"Julio Cesar"},"url":"https:\/\/www.em.com.br\/emfoco\/author\/juliomyth\/"}]}},"_links":{"self":[{"href":"https:\/\/www.em.com.br\/emfoco\/wp-json\/wp\/v2\/posts\/90799","targetHints":{"allow":["GET"]}}],"collection":[{"href":"https:\/\/www.em.com.br\/emfoco\/wp-json\/wp\/v2\/posts"}],"about":[{"href":"https:\/\/www.em.com.br\/emfoco\/wp-json\/wp\/v2\/types\/post"}],"author":[{"embeddable":true,"href":"https:\/\/www.em.com.br\/emfoco\/wp-json\/wp\/v2\/users\/18"}],"replies":[{"embeddable":true,"href":"https:\/\/www.em.com.br\/emfoco\/wp-json\/wp\/v2\/comments?post=90799"}],"version-history":[{"count":3,"href":"https:\/\/www.em.com.br\/emfoco\/wp-json\/wp\/v2\/posts\/90799\/revisions"}],"predecessor-version":[{"id":90807,"href":"https:\/\/www.em.com.br\/emfoco\/wp-json\/wp\/v2\/posts\/90799\/revisions\/90807"}],"wp:featuredmedia":[{"embeddable":true,"href":"https:\/\/www.em.com.br\/emfoco\/wp-json\/wp\/v2\/media\/90804"}],"wp:attachment":[{"href":"https:\/\/www.em.com.br\/emfoco\/wp-json\/wp\/v2\/media?parent=90799"}],"wp:term":[{"taxonomy":"category","embeddable":true,"href":"https:\/\/www.em.com.br\/emfoco\/wp-json\/wp\/v2\/categories?post=90799"},{"taxonomy":"post_tag","embeddable":true,"href":"https:\/\/www.em.com.br\/emfoco\/wp-json\/wp\/v2\/tags?post=90799"}],"curies":[{"name":"wp","href":"https:\/\/api.w.org\/{rel}","templated":true}]}}