{"id":90714,"date":"2025-08-14T08:38:45","date_gmt":"2025-08-14T11:38:45","guid":{"rendered":"https:\/\/www.em.com.br\/emfoco\/?p=90714"},"modified":"2025-08-13T09:27:38","modified_gmt":"2025-08-13T12:27:38","slug":"deja-reve-a-estranha-sensacao-de-sonho-repetido","status":"publish","type":"post","link":"https:\/\/www.em.com.br\/emfoco\/2025\/08\/14\/deja-reve-a-estranha-sensacao-de-sonho-repetido\/","title":{"rendered":"D\u00e9j\u00e0 r\u00eav\u00e9 a estranha sensa\u00e7\u00e3o de sonho repetido"},"content":{"rendered":"\n<p>O&nbsp;<strong>d\u00e9j\u00e0 r\u00eav\u00e9<\/strong>&nbsp;\u00e9 um fen\u00f4meno pouco discutido, mas bastante curioso, que ocorre quando uma pessoa sente que j\u00e1 sonhou determinada situa\u00e7\u00e3o em um sonho anterior. Diferente do d\u00e9j\u00e0 vu, essa experi\u00eancia conecta diretamente mem\u00f3rias de sonhos, trazendo questionamentos sobre mem\u00f3ria, subconsciente e as fun\u00e7\u00f5es do sono.<\/p>\n\n\n\n<ul class=\"wp-block-list\">\n<li><strong>D\u00e9j\u00e0 r\u00eav\u00e9<\/strong>&nbsp;envolve a sensa\u00e7\u00e3o de lembrar de um sonho ao viver uma situa\u00e7\u00e3o real.<\/li>\n\n\n\n<li>H\u00e1 diferentes tipos deste fen\u00f4meno, cada um afetando o indiv\u00edduo de maneira distinta.<\/li>\n\n\n\n<li>Pesquisas buscam esclarecer as causas e os mecanismos relacionados ao d\u00e9j\u00e0 r\u00eav\u00e9.<\/li>\n<\/ul>\n\n\n\n<h2 class=\"wp-block-heading\">O que \u00e9 d\u00e9j\u00e0 r\u00eav\u00e9 e como se diferencia do d\u00e9j\u00e0 vu?<\/h2>\n\n\n\n<p>Muitos associam o\u00a0<strong>d\u00e9j\u00e0 r\u00eav\u00e9<\/strong>\u00a0ao d\u00e9j\u00e0 vu, mas s\u00e3o <a href=\"https:\/\/www.em.com.br\/emfoco\/2025\/08\/13\/15-de-agosto-sera-o-dia-de-um-novo-recomeco-para-esses-3-signos\/\" target=\"_blank\" rel=\"noreferrer noopener\">experi\u00eancias <\/a>distintas. Enquanto o d\u00e9j\u00e0 vu ocorre quando algo na vida real parece j\u00e1 ter acontecido, no d\u00e9j\u00e0 r\u00eav\u00e9 a mem\u00f3ria est\u00e1 claramente vinculada a conte\u00fados on\u00edricos.<\/p>\n\n\n\n<p>A pessoa que passa por um epis\u00f3dio de&nbsp;<strong>d\u00e9j\u00e0 r\u00eav\u00e9<\/strong>&nbsp;tem convic\u00e7\u00e3o de que determinada situa\u00e7\u00e3o j\u00e1 apareceu em um sonho anterior. N\u00e3o se trata apenas de uma sensa\u00e7\u00e3o de repeti\u00e7\u00e3o, mas de uma lembran\u00e7a real de ter sonhado aquilo.<\/p>\n\n\n<div class=\"wp-block-image\">\n<figure class=\"aligncenter size-large\"><img loading=\"lazy\" decoding=\"async\" width=\"1024\" height=\"576\" src=\"https:\/\/www.em.com.br\/emfoco\/wp-content\/uploads\/2025\/08\/aconteceu_1755087813510-1024x576.jpg\" alt=\"D\u00e9j\u00e0 r\u00eav\u00e9\" class=\"wp-image-90718\" srcset=\"https:\/\/www.em.com.br\/emfoco\/wp-content\/uploads\/2025\/08\/aconteceu_1755087813510-1024x576.jpg 1024w, https:\/\/www.em.com.br\/emfoco\/wp-content\/uploads\/2025\/08\/aconteceu_1755087813510-300x169.jpg 300w, https:\/\/www.em.com.br\/emfoco\/wp-content\/uploads\/2025\/08\/aconteceu_1755087813510-768x432.jpg 768w, https:\/\/www.em.com.br\/emfoco\/wp-content\/uploads\/2025\/08\/aconteceu_1755087813510-750x422.jpg 750w, https:\/\/www.em.com.br\/emfoco\/wp-content\/uploads\/2025\/08\/aconteceu_1755087813510-1140x641.jpg 1140w, https:\/\/www.em.com.br\/emfoco\/wp-content\/uploads\/2025\/08\/aconteceu_1755087813510.jpg 1280w\" sizes=\"auto, (max-width: 1024px) 100vw, 1024px\" \/><figcaption class=\"wp-element-caption\">D\u00e9j\u00e0 r\u00eav\u00e9 &#8211; Cr\u00e9ditos: depositphotos.com \/ pressmaster<\/figcaption><\/figure><\/div>\n\n\n<h2 class=\"wp-block-heading\">Principais varia\u00e7\u00f5es do d\u00e9j\u00e0 r\u00eav\u00e9 e exemplos pr\u00e1ticos<\/h2>\n\n\n\n<p>Pesquisadores categorizam os tipos de&nbsp;<strong>d\u00e9j\u00e0 r\u00eav\u00e9<\/strong>&nbsp;conforme a intensidade e clareza da lembran\u00e7a.<\/p>\n\n\n\n<ul class=\"wp-block-list\">\n<li>No tipo&nbsp;<strong>associativo<\/strong>, o indiv\u00edduo lembra vagamente de ter sonhado sobre determinado momento, sem detalhes espec\u00edficos.<\/li>\n\n\n\n<li>O tipo&nbsp;<strong>preciso<\/strong>&nbsp;ocorre quando a pessoa recorda claramente do sonho e reconhece elementos id\u00eanticos \u00e0 experi\u00eancia real.<\/li>\n\n\n\n<li>J\u00e1 o&nbsp;<strong>n\u00e3o associado<\/strong>&nbsp;acontece quando surge a certeza de j\u00e1 ter sonhado aquilo, mas sem conseguir resgatar o contexto do sonho.<\/li>\n<\/ul>\n\n\n\n<p>Exemplos desses quadros s\u00e3o comuns em espa\u00e7os cotidianos, como ao passar por um lugar familiar ou ter uma conversa corriqueira. Nestes momentos, o&nbsp;<strong>d\u00e9j\u00e0 r\u00eav\u00e9<\/strong>&nbsp;aparece como uma lembran\u00e7a s\u00fabita de um sonho esquecido.<\/p>\n\n\n\n<p>Leia tamb\u00e9m: <a href=\"https:\/\/www.em.com.br\/emfoco\/2025\/08\/13\/pequenos-tesouros-moedas-antigas-que-valem-muito\/\" target=\"_blank\" rel=\"noreferrer noopener\">Pequenos tesouros, saiba identificar moedas antigas valiosas<\/a><\/p>\n\n\n\n<h2 class=\"wp-block-heading\">Por que o d\u00e9j\u00e0 r\u00eav\u00e9 acontece? Entenda as poss\u00edveis explica\u00e7\u00f5es<\/h2>\n\n\n\n<p>Estudos sobre o&nbsp;<strong>d\u00e9j\u00e0 r\u00eav\u00e9<\/strong>&nbsp;procuram associar o fen\u00f4meno \u00e0 forma como o c\u00e9rebro armazena mem\u00f3rias de sonhos e experi\u00eancias reais. Um dos fatores sugeridos \u00e9 o processamento de informa\u00e7\u00f5es durante o sono REM, fase do descanso marcada por maior atividade cerebral e maior vivacidade dos sonhos.<\/p>\n\n\n\n<p>Entre as hip\u00f3teses analisadas est\u00e3o falhas moment\u00e2neas de recupera\u00e7\u00e3o de informa\u00e7\u00f5es na mem\u00f3ria e \u201ccurto-circuitos\u201d entre \u00e1reas respons\u00e1veis por sonhar e recordar eventos.<\/p>\n\n\n\n<p>Tamb\u00e9m se discute a influ\u00eancia de fatores emocionais: situa\u00e7\u00f5es de forte impacto tendem a ficar mais marcadas no subconsciente, facilitando manifesta\u00e7\u00f5es do&nbsp;<strong>d\u00e9j\u00e0 r\u00eav\u00e9<\/strong>.<\/p>\n\n\n\n<h2 class=\"wp-block-heading\">D\u00e9j\u00e0 r\u00eav\u00e9 \u00e9 comum? Quais sinais podem indicar sua ocorr\u00eancia?<\/h2>\n\n\n\n<p>Apesar de menos relatado que outros fen\u00f4menos ligados a sonhos, o&nbsp;<strong>d\u00e9j\u00e0 r\u00eav\u00e9<\/strong>&nbsp;n\u00e3o \u00e9 considerado raro. Segundo relatos dispon\u00edveis em literatura neurol\u00f3gica e psicol\u00f3gica, adultos e adolescentes podem vivenciar esse fen\u00f4meno em qualquer fase da vida.<\/p>\n\n\n\n<p>Pessoas que prestam aten\u00e7\u00e3o aos pr\u00f3prios sonhos, ou mant\u00eam um di\u00e1rio on\u00edrico, tendem a identificar mais epis\u00f3dios de\u00a0<strong>d\u00e9j\u00e0 r\u00eav\u00e9<\/strong>. Nesses casos, h\u00e1 maior facilidade para ligar lembran\u00e7as e <a href=\"https:\/\/www.terra.com.br\/vida-e-estilo\/horoscopo\/voce-ja-teve-deja-vu-saiba-mais-sobre-o-fenomeno-com-ajuda-dessas-4-teorias,51c33180a38b22090fefcbc82e382f43dpjsy30g.html\" target=\"_blank\" rel=\"noreferrer noopener\">experi\u00eancias <\/a>cotidianas ao conte\u00fado dos sonhos.<\/p>\n\n\n\n<p>Em geral, n\u00e3o h\u00e1 motivo de preocupa\u00e7\u00e3o, pois trata-se de um fen\u00f4meno natural. Mas, se os epis\u00f3dios forem muito frequentes ou vierem acompanhados de outras altera\u00e7\u00f5es da mem\u00f3ria, recomenda-se uma avalia\u00e7\u00e3o m\u00e9dica.<\/p>\n\n\n\n<h2 class=\"wp-block-heading\">Principais aprendizados sobre o d\u00e9j\u00e0 r\u00eav\u00e9<\/h2>\n\n\n\n<ul class=\"wp-block-list\">\n<li><strong>D\u00e9j\u00e0 r\u00eav\u00e9<\/strong>&nbsp;\u00e9 a lembran\u00e7a consciente de ter sonhado alguma situa\u00e7\u00e3o que ocorre na vida real.<\/li>\n\n\n\n<li>O fen\u00f4meno apresenta diferentes tipos, dependendo da clareza e associa\u00e7\u00e3o com a mem\u00f3ria do sonho.<\/li>\n\n\n\n<li>Estudos indicam que fatores como o sono, emo\u00e7\u00f5es e funcionamento da mem\u00f3ria est\u00e3o ligados ao d\u00e9j\u00e0 r\u00eav\u00e9, sem indica\u00e7\u00e3o de perigos associados \u00e0 sua ocorr\u00eancia.<\/li>\n<\/ul>\n","protected":false},"excerpt":{"rendered":"<p>O&nbsp;d\u00e9j\u00e0 r\u00eav\u00e9&nbsp;\u00e9 um fen\u00f4meno pouco discutido, mas bastante curioso, que ocorre quando uma pessoa sente que j\u00e1 sonhou determinada situa\u00e7\u00e3o em um sonho anterior. Diferente do d\u00e9j\u00e0 vu, essa experi\u00eancia conecta diretamente mem\u00f3rias de sonhos, trazendo questionamentos sobre mem\u00f3ria, subconsciente e as fun\u00e7\u00f5es do sono. O que \u00e9 d\u00e9j\u00e0 r\u00eav\u00e9 e como se diferencia do [&hellip;]<\/p>\n","protected":false},"author":18,"featured_media":90717,"comment_status":"open","ping_status":"open","sticky":false,"template":"","format":"standard","meta":{"jnews-multi-image_gallery":[],"jnews_single_post":{"format":"standard"},"jnews_primary_category":[],"jnews_social_meta":[],"jnews_override_counter":[],"footnotes":""},"categories":[8819],"tags":[5381,5155,2185,1925,8857],"class_list":["post-90714","post","type-post","status-publish","format-standard","has-post-thumbnail","hentry","category-curiosidades","tag-memoria","tag-psicologia","tag-sonhos","tag-sono","tag-subconsciente"],"yoast_head":"<!-- This site is optimized with the Yoast SEO plugin v23.8 - https:\/\/yoast.com\/wordpress\/plugins\/seo\/ -->\n<title>D\u00e9j\u00e0 r\u00eav\u00e9 a estranha sensa\u00e7\u00e3o de sonho repetido - Estado de Minas - Em foco<\/title>\n<meta name=\"description\" content=\"D\u00e9j\u00e0 r\u00eav\u00e9 \u00e9 a sensa\u00e7\u00e3o de j\u00e1 ter sonhado algo antes entenda como a ci\u00eancia explica esse fen\u00f4meno curioso da mente.\" \/>\n<meta name=\"robots\" content=\"index, follow, max-snippet:-1, max-image-preview:large, max-video-preview:-1\" \/>\n<link rel=\"canonical\" href=\"https:\/\/www.em.com.br\/emfoco\/2025\/08\/14\/deja-reve-a-estranha-sensacao-de-sonho-repetido\/\" \/>\n<meta property=\"og:locale\" content=\"pt_BR\" \/>\n<meta property=\"og:type\" content=\"article\" \/>\n<meta property=\"og:title\" content=\"D\u00e9j\u00e0 r\u00eav\u00e9 a estranha sensa\u00e7\u00e3o de sonho repetido - Estado de Minas - Em foco\" \/>\n<meta property=\"og:description\" content=\"D\u00e9j\u00e0 r\u00eav\u00e9 \u00e9 a sensa\u00e7\u00e3o de j\u00e1 ter sonhado algo antes entenda como a ci\u00eancia explica esse fen\u00f4meno curioso da mente.\" \/>\n<meta property=\"og:url\" content=\"https:\/\/www.em.com.br\/emfoco\/2025\/08\/14\/deja-reve-a-estranha-sensacao-de-sonho-repetido\/\" \/>\n<meta property=\"og:site_name\" content=\"Estado de Minas - Em foco\" \/>\n<meta property=\"article:published_time\" content=\"2025-08-14T11:38:45+00:00\" \/>\n<meta property=\"article:modified_time\" content=\"2025-08-13T12:27:38+00:00\" \/>\n<meta property=\"og:image\" content=\"https:\/\/www.em.com.br\/emfoco\/wp-content\/uploads\/2025\/08\/algo-que-aconteceu_1755087745525.jpg\" \/>\n\t<meta property=\"og:image:width\" content=\"1280\" \/>\n\t<meta property=\"og:image:height\" content=\"720\" \/>\n\t<meta property=\"og:image:type\" content=\"image\/jpeg\" \/>\n<meta name=\"author\" content=\"Julio Cesar\" \/>\n<meta name=\"twitter:card\" content=\"summary_large_image\" \/>\n<meta name=\"twitter:label1\" content=\"Escrito por\" \/>\n\t<meta name=\"twitter:data1\" content=\"Julio Cesar\" \/>\n\t<meta name=\"twitter:label2\" content=\"Est. tempo de leitura\" \/>\n\t<meta name=\"twitter:data2\" content=\"4 minutos\" \/>\n<!-- \/ Yoast SEO plugin. -->","yoast_head_json":{"title":"D\u00e9j\u00e0 r\u00eav\u00e9 a estranha sensa\u00e7\u00e3o de sonho repetido - Estado de Minas - Em foco","description":"D\u00e9j\u00e0 r\u00eav\u00e9 \u00e9 a sensa\u00e7\u00e3o de j\u00e1 ter sonhado algo antes entenda como a ci\u00eancia explica esse fen\u00f4meno curioso da mente.","robots":{"index":"index","follow":"follow","max-snippet":"max-snippet:-1","max-image-preview":"max-image-preview:large","max-video-preview":"max-video-preview:-1"},"canonical":"https:\/\/www.em.com.br\/emfoco\/2025\/08\/14\/deja-reve-a-estranha-sensacao-de-sonho-repetido\/","og_locale":"pt_BR","og_type":"article","og_title":"D\u00e9j\u00e0 r\u00eav\u00e9 a estranha sensa\u00e7\u00e3o de sonho repetido - Estado de Minas - Em foco","og_description":"D\u00e9j\u00e0 r\u00eav\u00e9 \u00e9 a sensa\u00e7\u00e3o de j\u00e1 ter sonhado algo antes entenda como a ci\u00eancia explica esse fen\u00f4meno curioso da mente.","og_url":"https:\/\/www.em.com.br\/emfoco\/2025\/08\/14\/deja-reve-a-estranha-sensacao-de-sonho-repetido\/","og_site_name":"Estado de Minas - Em foco","article_published_time":"2025-08-14T11:38:45+00:00","article_modified_time":"2025-08-13T12:27:38+00:00","og_image":[{"width":1280,"height":720,"url":"https:\/\/www.em.com.br\/emfoco\/wp-content\/uploads\/2025\/08\/algo-que-aconteceu_1755087745525.jpg","type":"image\/jpeg"}],"author":"Julio Cesar","twitter_card":"summary_large_image","twitter_misc":{"Escrito por":"Julio Cesar","Est. tempo de leitura":"4 minutos"},"schema":{"@context":"https:\/\/schema.org","@graph":[{"@type":"WebPage","@id":"https:\/\/www.em.com.br\/emfoco\/2025\/08\/14\/deja-reve-a-estranha-sensacao-de-sonho-repetido\/","url":"https:\/\/www.em.com.br\/emfoco\/2025\/08\/14\/deja-reve-a-estranha-sensacao-de-sonho-repetido\/","name":"D\u00e9j\u00e0 r\u00eav\u00e9 a estranha sensa\u00e7\u00e3o de sonho repetido - Estado de Minas - Em foco","isPartOf":{"@id":"https:\/\/www.em.com.br\/emfoco\/#website"},"primaryImageOfPage":{"@id":"https:\/\/www.em.com.br\/emfoco\/2025\/08\/14\/deja-reve-a-estranha-sensacao-de-sonho-repetido\/#primaryimage"},"image":{"@id":"https:\/\/www.em.com.br\/emfoco\/2025\/08\/14\/deja-reve-a-estranha-sensacao-de-sonho-repetido\/#primaryimage"},"thumbnailUrl":"https:\/\/www.em.com.br\/emfoco\/wp-content\/uploads\/2025\/08\/algo-que-aconteceu_1755087745525.jpg","datePublished":"2025-08-14T11:38:45+00:00","dateModified":"2025-08-13T12:27:38+00:00","author":{"@id":"https:\/\/www.em.com.br\/emfoco\/#\/schema\/person\/08c4a03e38018bbab9038d5f788321fc"},"description":"D\u00e9j\u00e0 r\u00eav\u00e9 \u00e9 a sensa\u00e7\u00e3o de j\u00e1 ter sonhado algo antes entenda como a ci\u00eancia explica esse fen\u00f4meno curioso da mente.","breadcrumb":{"@id":"https:\/\/www.em.com.br\/emfoco\/2025\/08\/14\/deja-reve-a-estranha-sensacao-de-sonho-repetido\/#breadcrumb"},"inLanguage":"pt-BR","potentialAction":[{"@type":"ReadAction","target":["https:\/\/www.em.com.br\/emfoco\/2025\/08\/14\/deja-reve-a-estranha-sensacao-de-sonho-repetido\/"]}]},{"@type":"ImageObject","inLanguage":"pt-BR","@id":"https:\/\/www.em.com.br\/emfoco\/2025\/08\/14\/deja-reve-a-estranha-sensacao-de-sonho-repetido\/#primaryimage","url":"https:\/\/www.em.com.br\/emfoco\/wp-content\/uploads\/2025\/08\/algo-que-aconteceu_1755087745525.jpg","contentUrl":"https:\/\/www.em.com.br\/emfoco\/wp-content\/uploads\/2025\/08\/algo-que-aconteceu_1755087745525.jpg","width":1280,"height":720,"caption":"D\u00e9j\u00e0 r\u00eav\u00e9 - Cr\u00e9ditos: depositphotos.com \/ timtimphoto"},{"@type":"BreadcrumbList","@id":"https:\/\/www.em.com.br\/emfoco\/2025\/08\/14\/deja-reve-a-estranha-sensacao-de-sonho-repetido\/#breadcrumb","itemListElement":[{"@type":"ListItem","position":1,"name":"In\u00edcio","item":"https:\/\/www.em.com.br\/emfoco\/"},{"@type":"ListItem","position":2,"name":"D\u00e9j\u00e0 r\u00eav\u00e9 a estranha sensa\u00e7\u00e3o de sonho repetido"}]},{"@type":"WebSite","@id":"https:\/\/www.em.com.br\/emfoco\/#website","url":"https:\/\/www.em.com.br\/emfoco\/","name":"Estado de Minas - Em foco","description":"Acompanhe as \u00faltimas not\u00edcias e fique bem informado sobre tudo o que acontece em Minas Gerais, Brasil e no mundo.","potentialAction":[{"@type":"SearchAction","target":{"@type":"EntryPoint","urlTemplate":"https:\/\/www.em.com.br\/emfoco\/?s={search_term_string}"},"query-input":{"@type":"PropertyValueSpecification","valueRequired":true,"valueName":"search_term_string"}}],"inLanguage":"pt-BR"},{"@type":"Person","@id":"https:\/\/www.em.com.br\/emfoco\/#\/schema\/person\/08c4a03e38018bbab9038d5f788321fc","name":"Julio Cesar","image":{"@type":"ImageObject","inLanguage":"pt-BR","@id":"https:\/\/www.em.com.br\/emfoco\/#\/schema\/person\/image\/","url":"https:\/\/secure.gravatar.com\/avatar\/ab1ea64f0d4f4c1385f8ef10d5a6e758?s=96&d=mm&r=g","contentUrl":"https:\/\/secure.gravatar.com\/avatar\/ab1ea64f0d4f4c1385f8ef10d5a6e758?s=96&d=mm&r=g","caption":"Julio Cesar"},"url":"https:\/\/www.em.com.br\/emfoco\/author\/juliomyth\/"}]}},"_links":{"self":[{"href":"https:\/\/www.em.com.br\/emfoco\/wp-json\/wp\/v2\/posts\/90714","targetHints":{"allow":["GET"]}}],"collection":[{"href":"https:\/\/www.em.com.br\/emfoco\/wp-json\/wp\/v2\/posts"}],"about":[{"href":"https:\/\/www.em.com.br\/emfoco\/wp-json\/wp\/v2\/types\/post"}],"author":[{"embeddable":true,"href":"https:\/\/www.em.com.br\/emfoco\/wp-json\/wp\/v2\/users\/18"}],"replies":[{"embeddable":true,"href":"https:\/\/www.em.com.br\/emfoco\/wp-json\/wp\/v2\/comments?post=90714"}],"version-history":[{"count":3,"href":"https:\/\/www.em.com.br\/emfoco\/wp-json\/wp\/v2\/posts\/90714\/revisions"}],"predecessor-version":[{"id":90721,"href":"https:\/\/www.em.com.br\/emfoco\/wp-json\/wp\/v2\/posts\/90714\/revisions\/90721"}],"wp:featuredmedia":[{"embeddable":true,"href":"https:\/\/www.em.com.br\/emfoco\/wp-json\/wp\/v2\/media\/90717"}],"wp:attachment":[{"href":"https:\/\/www.em.com.br\/emfoco\/wp-json\/wp\/v2\/media?parent=90714"}],"wp:term":[{"taxonomy":"category","embeddable":true,"href":"https:\/\/www.em.com.br\/emfoco\/wp-json\/wp\/v2\/categories?post=90714"},{"taxonomy":"post_tag","embeddable":true,"href":"https:\/\/www.em.com.br\/emfoco\/wp-json\/wp\/v2\/tags?post=90714"}],"curies":[{"name":"wp","href":"https:\/\/api.w.org\/{rel}","templated":true}]}}