{"id":907,"date":"2024-11-19T09:20:00","date_gmt":"2024-11-19T12:20:00","guid":{"rendered":"https:\/\/www.em.com.br\/emfoco\/?p=907"},"modified":"2024-11-18T20:09:47","modified_gmt":"2024-11-18T23:09:47","slug":"inss-faz-comunicado-sobre-valores-esquecidos-na-conta-veja-se-tem-direito-e-como-sacar-seu-dinheiro","status":"publish","type":"post","link":"https:\/\/www.em.com.br\/emfoco\/2024\/11\/19\/inss-faz-comunicado-sobre-valores-esquecidos-na-conta-veja-se-tem-direito-e-como-sacar-seu-dinheiro\/","title":{"rendered":"INSS faz comunicado sobre valores esquecidos na conta! Veja se tem direito e como sacar seu dinheiro"},"content":{"rendered":"\n<p>O Instituto Nacional do Seguro Social (<strong><a href=\"https:\/\/www.gov.br\/inss\/pt-br\" target=\"_blank\" rel=\"noreferrer noopener\">INSS<\/a><\/strong>) comunicou que cerca de <strong>R$ 8 bilh\u00f5es em benef\u00edcios previdenci\u00e1rios<\/strong> n\u00e3o foram sacados pelos benefici\u00e1rios dentro do prazo estipulado. Esses valores, que deveriam ser retirados em at\u00e9 60 dias ap\u00f3s o dep\u00f3sito, retornaram aos cofres da previd\u00eancia. Isso ocorreu entre janeiro de 2023 e setembro de 2024, refletindo um problema de conscientiza\u00e7\u00e3o sobre prazos e regras do sistema previdenci\u00e1rio.<\/p>\n\n\n\n<h2 class=\"wp-block-heading\">Regras para o saque dos benef\u00edcios do INSS<\/h2>\n\n\n\n<p>O prazo m\u00e1ximo para o saque dos <a href=\"https:\/\/www.em.com.br\/emfoco\/categoria\/economia\/\" target=\"_blank\" rel=\"noreferrer noopener\"><strong>benef\u00edcios <\/strong><\/a>\u00e9 de 60 dias ap\u00f3s o dep\u00f3sito na conta. Ap\u00f3s esse per\u00edodo, o banco que administra a conta do benefici\u00e1rio deve devolver o valor ao INSS, uma medida que visa garantir a seguran\u00e7a dos recursos e evitar fraudes. Essa regra aplica-se principalmente aos usu\u00e1rios que utilizam cart\u00f5es magn\u00e9ticos para retirar o dinheiro.<\/p>\n\n\n\n<p>O superintendente da previd\u00eancia refor\u00e7a a import\u00e2ncia de os <a href=\"https:\/\/www.em.com.br\/emfoco\/2024\/11\/18\/guia-passo-a-passo-para-solicitar-o-auxilio-emergencial-de-r-2-600\/\" target=\"_blank\" rel=\"noreferrer noopener\"><strong>benefici\u00e1rios <\/strong><\/a>estarem atentos \u00e0s datas e acessarem regularmente suas contas para evitar o retorno dos valores ao sistema previdenci\u00e1rio.<\/p>\n\n\n\n<h2 class=\"wp-block-heading\">Como verificar se voc\u00ea tem valores n\u00e3o sacados?<\/h2>\n\n\n\n<figure class=\"wp-block-image size-large\"><img loading=\"lazy\" decoding=\"async\" width=\"1024\" height=\"576\" src=\"https:\/\/www.em.com.br\/emfoco\/wp-content\/uploads\/2024\/11\/inss-Creditos-depositphotos.com-rafapress-1024x576.jpg\" alt=\"inss - Cr\u00e9ditos depositphotos.com  rafapress\" class=\"wp-image-965\" srcset=\"https:\/\/www.em.com.br\/emfoco\/wp-content\/uploads\/2024\/11\/inss-Creditos-depositphotos.com-rafapress-1024x576.jpg 1024w, https:\/\/www.em.com.br\/emfoco\/wp-content\/uploads\/2024\/11\/inss-Creditos-depositphotos.com-rafapress-300x169.jpg 300w, https:\/\/www.em.com.br\/emfoco\/wp-content\/uploads\/2024\/11\/inss-Creditos-depositphotos.com-rafapress-768x432.jpg 768w, https:\/\/www.em.com.br\/emfoco\/wp-content\/uploads\/2024\/11\/inss-Creditos-depositphotos.com-rafapress-750x422.jpg 750w, https:\/\/www.em.com.br\/emfoco\/wp-content\/uploads\/2024\/11\/inss-Creditos-depositphotos.com-rafapress-1140x641.jpg 1140w, https:\/\/www.em.com.br\/emfoco\/wp-content\/uploads\/2024\/11\/inss-Creditos-depositphotos.com-rafapress.jpg 1280w\" sizes=\"auto, (max-width: 1024px) 100vw, 1024px\" \/><figcaption class=\"wp-element-caption\">inss &#8211; Cr\u00e9ditos depositphotos.com  rafapress<\/figcaption><\/figure>\n\n\n\n<p>Os benefici\u00e1rios que suspeitam possuir valores esquecidos podem verificar e solicitar o resgate diretamente pelo portal <strong>Meu INSS<\/strong> ou pelo telefone 135. O procedimento \u00e9 simples:<\/p>\n\n\n\n<ol class=\"wp-block-list\">\n<li><strong>Acesse o portal Meu INSS<\/strong> (ou aplicativo);<\/li>\n\n\n\n<li>Consulte seu extrato previdenci\u00e1rio para verificar se h\u00e1 valores pendentes;<\/li>\n\n\n\n<li>Solicite o reprocessamento do pagamento caso identifique valores devolvidos.<\/li>\n<\/ol>\n\n\n\n<p>Ap\u00f3s a solicita\u00e7\u00e3o, a previd\u00eancia reprogramar\u00e1 o pagamento para que os valores sejam depositados novamente na conta ou cart\u00e3o do benefici\u00e1rio.<\/p>\n\n\n\n<h2 class=\"wp-block-heading\">Qual a import\u00e2ncia desse comunicado?<\/h2>\n\n\n\n<p>A conscientiza\u00e7\u00e3o sobre os prazos e procedimentos do INSS \u00e9 essencial para evitar que os benefici\u00e1rios percam acesso aos seus direitos. A devolu\u00e7\u00e3o de valores ao sistema ocorre automaticamente quando n\u00e3o h\u00e1 saque, e, embora isso reforce o fundo previdenci\u00e1rio, \u00e9 crucial que os segurados saibam como agir para recuperar o que lhes pertence.<\/p>\n\n\n\n<p>Al\u00e9m disso, o comunicado refor\u00e7a a necessidade de acessar regularmente informa\u00e7\u00f5es oficiais pelo site <strong>Meu INSS<\/strong> e manter os dados atualizados para evitar transtornos futuros.<\/p>\n\n\n\n<h2 class=\"wp-block-heading\">O que a previd\u00eancia recomenda?<\/h2>\n\n\n\n<p>A previd\u00eancia orienta todos os segurados a:<\/p>\n\n\n\n<ul class=\"wp-block-list\">\n<li>Estarem atentos \u00e0s datas de pagamento, sempre verificando o calend\u00e1rio oficial do \u00f3rg\u00e3o;<\/li>\n\n\n\n<li>Utilizarem o <strong>Meu INSS<\/strong> para consultar informa\u00e7\u00f5es sobre benef\u00edcios;<\/li>\n\n\n\n<li>N\u00e3o deixarem de sacar valores dentro do prazo estipulado;<\/li>\n\n\n\n<li>Procurarem orienta\u00e7\u00e3o imediata caso identifiquem valores devolvidos.<\/li>\n<\/ul>\n\n\n\n<p>Para mais informa\u00e7\u00f5es, acesse o site oficial do INSS ou ligue para o telefone 135\u200b<\/p>\n","protected":false},"excerpt":{"rendered":"<p>O INSS comunicou sobre R$ 8 bilh\u00f5es esquecidos, devolvidos ao sistema ap\u00f3s 60 dias sem saque. Benefici\u00e1rios podem recuperar valores via Meu INSS ou pelo telefone 135. Fique atento aos prazos!<\/p>\n","protected":false},"author":3,"featured_media":964,"comment_status":"open","ping_status":"open","sticky":false,"template":"","format":"standard","meta":{"jnews-multi-image_gallery":[],"jnews_single_post":{"format":"standard"},"jnews_primary_category":[],"jnews_social_meta":[],"jnews_override_counter":[],"footnotes":""},"categories":[28],"tags":[256,650,649,174,647,646,648],"class_list":["post-907","post","type-post","status-publish","format-standard","has-post-thumbnail","hentry","category-economia","tag-beneficios","tag-consulta","tag-devolucao","tag-inss","tag-prazos","tag-saque","tag-valores"],"yoast_head":"<!-- This site is optimized with the Yoast SEO plugin v23.8 - https:\/\/yoast.com\/wordpress\/plugins\/seo\/ -->\n<title>INSS faz comunicado sobre valores esquecidos na conta! Veja se tem direito e como sacar seu dinheiro - Estado de Minas - Em foco<\/title>\n<meta name=\"description\" content=\"O INSS comunicou sobre R$ 8 bilh\u00f5es esquecidos, devolvidos ao sistema ap\u00f3s 60 dias sem saque. Benefici\u00e1rios podem recuperar valores, entenda\" \/>\n<meta name=\"robots\" content=\"index, follow, max-snippet:-1, max-image-preview:large, max-video-preview:-1\" \/>\n<link rel=\"canonical\" href=\"https:\/\/www.em.com.br\/emfoco\/2024\/11\/19\/inss-faz-comunicado-sobre-valores-esquecidos-na-conta-veja-se-tem-direito-e-como-sacar-seu-dinheiro\/\" \/>\n<meta property=\"og:locale\" content=\"pt_BR\" \/>\n<meta property=\"og:type\" content=\"article\" \/>\n<meta property=\"og:title\" content=\"INSS faz comunicado sobre valores esquecidos na conta! Veja se tem direito e como sacar seu dinheiro - Estado de Minas - Em foco\" \/>\n<meta property=\"og:description\" content=\"O INSS comunicou sobre R$ 8 bilh\u00f5es esquecidos, devolvidos ao sistema ap\u00f3s 60 dias sem saque. Benefici\u00e1rios podem recuperar valores, entenda\" \/>\n<meta property=\"og:url\" content=\"https:\/\/www.em.com.br\/emfoco\/2024\/11\/19\/inss-faz-comunicado-sobre-valores-esquecidos-na-conta-veja-se-tem-direito-e-como-sacar-seu-dinheiro\/\" \/>\n<meta property=\"og:site_name\" content=\"Estado de Minas - Em foco\" \/>\n<meta property=\"article:published_time\" content=\"2024-11-19T12:20:00+00:00\" \/>\n<meta property=\"article:modified_time\" content=\"2024-11-18T23:09:47+00:00\" \/>\n<meta property=\"og:image\" content=\"https:\/\/www.em.com.br\/emfoco\/wp-content\/uploads\/2024\/11\/inss-Creditos-depositphotos.com-AngelaMacario.jpg\" \/>\n\t<meta property=\"og:image:width\" content=\"1280\" \/>\n\t<meta property=\"og:image:height\" content=\"720\" \/>\n\t<meta property=\"og:image:type\" content=\"image\/jpeg\" \/>\n<meta name=\"author\" content=\"Helen Palma\" \/>\n<meta name=\"twitter:card\" content=\"summary_large_image\" \/>\n<meta name=\"twitter:label1\" content=\"Escrito por\" \/>\n\t<meta name=\"twitter:data1\" content=\"Helen Palma\" \/>\n\t<meta name=\"twitter:label2\" content=\"Est. tempo de leitura\" \/>\n\t<meta name=\"twitter:data2\" content=\"3 minutos\" \/>\n<!-- \/ Yoast SEO plugin. -->","yoast_head_json":{"title":"INSS faz comunicado sobre valores esquecidos na conta! Veja se tem direito e como sacar seu dinheiro - Estado de Minas - Em foco","description":"O INSS comunicou sobre R$ 8 bilh\u00f5es esquecidos, devolvidos ao sistema ap\u00f3s 60 dias sem saque. Benefici\u00e1rios podem recuperar valores, entenda","robots":{"index":"index","follow":"follow","max-snippet":"max-snippet:-1","max-image-preview":"max-image-preview:large","max-video-preview":"max-video-preview:-1"},"canonical":"https:\/\/www.em.com.br\/emfoco\/2024\/11\/19\/inss-faz-comunicado-sobre-valores-esquecidos-na-conta-veja-se-tem-direito-e-como-sacar-seu-dinheiro\/","og_locale":"pt_BR","og_type":"article","og_title":"INSS faz comunicado sobre valores esquecidos na conta! Veja se tem direito e como sacar seu dinheiro - Estado de Minas - Em foco","og_description":"O INSS comunicou sobre R$ 8 bilh\u00f5es esquecidos, devolvidos ao sistema ap\u00f3s 60 dias sem saque. Benefici\u00e1rios podem recuperar valores, entenda","og_url":"https:\/\/www.em.com.br\/emfoco\/2024\/11\/19\/inss-faz-comunicado-sobre-valores-esquecidos-na-conta-veja-se-tem-direito-e-como-sacar-seu-dinheiro\/","og_site_name":"Estado de Minas - Em foco","article_published_time":"2024-11-19T12:20:00+00:00","article_modified_time":"2024-11-18T23:09:47+00:00","og_image":[{"width":1280,"height":720,"url":"https:\/\/www.em.com.br\/emfoco\/wp-content\/uploads\/2024\/11\/inss-Creditos-depositphotos.com-AngelaMacario.jpg","type":"image\/jpeg"}],"author":"Helen Palma","twitter_card":"summary_large_image","twitter_misc":{"Escrito por":"Helen Palma","Est. tempo de leitura":"3 minutos"},"schema":{"@context":"https:\/\/schema.org","@graph":[{"@type":"WebPage","@id":"https:\/\/www.em.com.br\/emfoco\/2024\/11\/19\/inss-faz-comunicado-sobre-valores-esquecidos-na-conta-veja-se-tem-direito-e-como-sacar-seu-dinheiro\/","url":"https:\/\/www.em.com.br\/emfoco\/2024\/11\/19\/inss-faz-comunicado-sobre-valores-esquecidos-na-conta-veja-se-tem-direito-e-como-sacar-seu-dinheiro\/","name":"INSS faz comunicado sobre valores esquecidos na conta! Veja se tem direito e como sacar seu dinheiro - Estado de Minas - Em foco","isPartOf":{"@id":"https:\/\/www.em.com.br\/emfoco\/#website"},"primaryImageOfPage":{"@id":"https:\/\/www.em.com.br\/emfoco\/2024\/11\/19\/inss-faz-comunicado-sobre-valores-esquecidos-na-conta-veja-se-tem-direito-e-como-sacar-seu-dinheiro\/#primaryimage"},"image":{"@id":"https:\/\/www.em.com.br\/emfoco\/2024\/11\/19\/inss-faz-comunicado-sobre-valores-esquecidos-na-conta-veja-se-tem-direito-e-como-sacar-seu-dinheiro\/#primaryimage"},"thumbnailUrl":"https:\/\/www.em.com.br\/emfoco\/wp-content\/uploads\/2024\/11\/inss-Creditos-depositphotos.com-AngelaMacario.jpg","datePublished":"2024-11-19T12:20:00+00:00","dateModified":"2024-11-18T23:09:47+00:00","author":{"@id":"https:\/\/www.em.com.br\/emfoco\/#\/schema\/person\/d79d5c83ee37ab7ca6781d92bd406eac"},"description":"O INSS comunicou sobre R$ 8 bilh\u00f5es esquecidos, devolvidos ao sistema ap\u00f3s 60 dias sem saque. Benefici\u00e1rios podem recuperar valores, entenda","breadcrumb":{"@id":"https:\/\/www.em.com.br\/emfoco\/2024\/11\/19\/inss-faz-comunicado-sobre-valores-esquecidos-na-conta-veja-se-tem-direito-e-como-sacar-seu-dinheiro\/#breadcrumb"},"inLanguage":"pt-BR","potentialAction":[{"@type":"ReadAction","target":["https:\/\/www.em.com.br\/emfoco\/2024\/11\/19\/inss-faz-comunicado-sobre-valores-esquecidos-na-conta-veja-se-tem-direito-e-como-sacar-seu-dinheiro\/"]}]},{"@type":"ImageObject","inLanguage":"pt-BR","@id":"https:\/\/www.em.com.br\/emfoco\/2024\/11\/19\/inss-faz-comunicado-sobre-valores-esquecidos-na-conta-veja-se-tem-direito-e-como-sacar-seu-dinheiro\/#primaryimage","url":"https:\/\/www.em.com.br\/emfoco\/wp-content\/uploads\/2024\/11\/inss-Creditos-depositphotos.com-AngelaMacario.jpg","contentUrl":"https:\/\/www.em.com.br\/emfoco\/wp-content\/uploads\/2024\/11\/inss-Creditos-depositphotos.com-AngelaMacario.jpg","width":1280,"height":720,"caption":"inss - Cr\u00e9ditos depositphotos.com AngelaMacario"},{"@type":"BreadcrumbList","@id":"https:\/\/www.em.com.br\/emfoco\/2024\/11\/19\/inss-faz-comunicado-sobre-valores-esquecidos-na-conta-veja-se-tem-direito-e-como-sacar-seu-dinheiro\/#breadcrumb","itemListElement":[{"@type":"ListItem","position":1,"name":"In\u00edcio","item":"https:\/\/www.em.com.br\/emfoco\/"},{"@type":"ListItem","position":2,"name":"INSS faz comunicado sobre valores esquecidos na conta! Veja se tem direito e como sacar seu dinheiro"}]},{"@type":"WebSite","@id":"https:\/\/www.em.com.br\/emfoco\/#website","url":"https:\/\/www.em.com.br\/emfoco\/","name":"Estado de Minas - Em foco","description":"Acompanhe as \u00faltimas not\u00edcias e fique bem informado sobre tudo o que acontece em Minas Gerais, Brasil e no mundo.","potentialAction":[{"@type":"SearchAction","target":{"@type":"EntryPoint","urlTemplate":"https:\/\/www.em.com.br\/emfoco\/?s={search_term_string}"},"query-input":{"@type":"PropertyValueSpecification","valueRequired":true,"valueName":"search_term_string"}}],"inLanguage":"pt-BR"},{"@type":"Person","@id":"https:\/\/www.em.com.br\/emfoco\/#\/schema\/person\/d79d5c83ee37ab7ca6781d92bd406eac","name":"Helen Palma","image":{"@type":"ImageObject","inLanguage":"pt-BR","@id":"https:\/\/www.em.com.br\/emfoco\/#\/schema\/person\/image\/","url":"https:\/\/secure.gravatar.com\/avatar\/c657d9266c25fd5b35a8a6274fb730cd?s=96&d=mm&r=g","contentUrl":"https:\/\/secure.gravatar.com\/avatar\/c657d9266c25fd5b35a8a6274fb730cd?s=96&d=mm&r=g","caption":"Helen Palma"},"url":"https:\/\/www.em.com.br\/emfoco\/author\/helenmyth\/"}]}},"_links":{"self":[{"href":"https:\/\/www.em.com.br\/emfoco\/wp-json\/wp\/v2\/posts\/907","targetHints":{"allow":["GET"]}}],"collection":[{"href":"https:\/\/www.em.com.br\/emfoco\/wp-json\/wp\/v2\/posts"}],"about":[{"href":"https:\/\/www.em.com.br\/emfoco\/wp-json\/wp\/v2\/types\/post"}],"author":[{"embeddable":true,"href":"https:\/\/www.em.com.br\/emfoco\/wp-json\/wp\/v2\/users\/3"}],"replies":[{"embeddable":true,"href":"https:\/\/www.em.com.br\/emfoco\/wp-json\/wp\/v2\/comments?post=907"}],"version-history":[{"count":2,"href":"https:\/\/www.em.com.br\/emfoco\/wp-json\/wp\/v2\/posts\/907\/revisions"}],"predecessor-version":[{"id":966,"href":"https:\/\/www.em.com.br\/emfoco\/wp-json\/wp\/v2\/posts\/907\/revisions\/966"}],"wp:featuredmedia":[{"embeddable":true,"href":"https:\/\/www.em.com.br\/emfoco\/wp-json\/wp\/v2\/media\/964"}],"wp:attachment":[{"href":"https:\/\/www.em.com.br\/emfoco\/wp-json\/wp\/v2\/media?parent=907"}],"wp:term":[{"taxonomy":"category","embeddable":true,"href":"https:\/\/www.em.com.br\/emfoco\/wp-json\/wp\/v2\/categories?post=907"},{"taxonomy":"post_tag","embeddable":true,"href":"https:\/\/www.em.com.br\/emfoco\/wp-json\/wp\/v2\/tags?post=907"}],"curies":[{"name":"wp","href":"https:\/\/api.w.org\/{rel}","templated":true}]}}