{"id":90681,"date":"2025-08-14T20:38:00","date_gmt":"2025-08-14T23:38:00","guid":{"rendered":"https:\/\/www.em.com.br\/emfoco\/?p=90681"},"modified":"2025-08-13T02:16:49","modified_gmt":"2025-08-13T05:16:49","slug":"novas-regras-para-reavaliacao-do-bpc-garantem-mais-justica-e-transparencia","status":"publish","type":"post","link":"https:\/\/www.em.com.br\/emfoco\/2025\/08\/14\/novas-regras-para-reavaliacao-do-bpc-garantem-mais-justica-e-transparencia\/","title":{"rendered":"Novas regras para reavalia\u00e7\u00e3o do BPC garantem mais justi\u00e7a e transpar\u00eancia"},"content":{"rendered":"\n<p>O <strong>Benef\u00edcio de Presta\u00e7\u00e3o Continuada<\/strong> (<a href=\"https:\/\/www.em.com.br\/emfoco\/2025\/08\/12\/nova-regra-do-inss-facilita-a-vida-de-idosos-beneficiarios-do-bpc\/\" target=\"_blank\" rel=\"noreferrer noopener\">BPC<\/a>) \u00e9 um importante aux\u00edlio garantido pelo governo para pessoas com defici\u00eancia e idosos de baixa renda, proporcionando uma ajuda financeira essencial para suas necessidades b\u00e1sicas. Recentemente, foram implementadas novas regras para a reavalia\u00e7\u00e3o dos benefici\u00e1rios que visam assegurar que este suporte continue favorecendo aqueles que realmente necessitam. Essas mudan\u00e7as buscam n\u00e3o apenas garantir a continuidade justa dos pagamentos, mas tamb\u00e9m evitar equ\u00edvocos e transtornos desnecess\u00e1rios aos benefici\u00e1rios.<\/p>\n\n\n\n<p>Tradicionalmente, estava prevista na <strong>Lei Org\u00e2nica da Assist\u00eancia Social<\/strong> (<a href=\"https:\/\/www.planalto.gov.br\/ccivil_03\/leis\/l8742.htm\" target=\"_blank\" rel=\"noreferrer noopener\">LOAS<\/a>) a revis\u00e3o peri\u00f3dica do <strong>BPC<\/strong>, com intervalos de dois anos. No entanto, o que muda agora \u00e9 a implementa\u00e7\u00e3o de um procedimento operacional claro e detalhado, padronizando o processo. As novas diretrizes foram publicadas em portaria conjunta pelos <strong>Minist\u00e9rios do Desenvolvimento e Assist\u00eancia Social, da Previd\u00eancia Social<\/strong> (<a href=\"https:\/\/www.gov.br\/mds\/pt-br\" target=\"_blank\" rel=\"noreferrer noopener\">MDS<\/a>) e pelo <strong>INSS<\/strong>, no dia 7 de agosto de 2025. Essa padroniza\u00e7\u00e3o tem como objetivo principal proteger os interessados e impedir cortes sem fundamentos.<\/p>\n\n\n\n<h2 class=\"wp-block-heading\">O que \u00e9 a reavalia\u00e7\u00e3o biopsicossocial?<\/h2>\n\n\n<div class=\"wp-block-image\">\n<figure class=\"aligncenter size-large\"><img loading=\"lazy\" decoding=\"async\" width=\"1024\" height=\"576\" src=\"https:\/\/www.em.com.br\/emfoco\/wp-content\/uploads\/2025\/08\/medico-no-telefone_1754973861710-1024x576.jpg\" alt=\"\" class=\"wp-image-90632\" srcset=\"https:\/\/www.em.com.br\/emfoco\/wp-content\/uploads\/2025\/08\/medico-no-telefone_1754973861710-1024x576.jpg 1024w, https:\/\/www.em.com.br\/emfoco\/wp-content\/uploads\/2025\/08\/medico-no-telefone_1754973861710-300x169.jpg 300w, https:\/\/www.em.com.br\/emfoco\/wp-content\/uploads\/2025\/08\/medico-no-telefone_1754973861710-768x432.jpg 768w, https:\/\/www.em.com.br\/emfoco\/wp-content\/uploads\/2025\/08\/medico-no-telefone_1754973861710-750x422.jpg 750w, https:\/\/www.em.com.br\/emfoco\/wp-content\/uploads\/2025\/08\/medico-no-telefone_1754973861710-1140x641.jpg 1140w, https:\/\/www.em.com.br\/emfoco\/wp-content\/uploads\/2025\/08\/medico-no-telefone_1754973861710.jpg 1280w\" sizes=\"auto, (max-width: 1024px) 100vw, 1024px\" \/><figcaption class=\"wp-element-caption\">M\u00e9dico no telefone &#8211; Cr\u00e9ditos: depositphotos.com \/ AntonLozovoy<\/figcaption><\/figure><\/div>\n\n\n<p>A reavalia\u00e7\u00e3o biopsicossocial \u00e9 uma pr\u00e1tica mandat\u00f3ria que ocorre a cada dois anos. A finalidade \u00e9 verificar a continuidade do direito ao <strong>BPC <\/strong>pelos benefici\u00e1rios. Composta de duas fases principais \u2013 a per\u00edcia m\u00e9dica e a avalia\u00e7\u00e3o social \u2013 esta revis\u00e3o \u00e9 crucial para assegurar que os benefici\u00e1rios continuem a atender aos crit\u00e9rios estabelecidos por lei. \u00c9 uma etapa vital para garantir a justi\u00e7a na distribui\u00e7\u00e3o deste benef\u00edcio.<\/p>\n\n\n\n<p>Al\u00e9m disso, durante a reavalia\u00e7\u00e3o biopsicossocial, profissionais capacitados avaliam minuciosamente tanto as condi\u00e7\u00f5es de sa\u00fade quanto os aspectos sociais do indiv\u00edduo. A an\u00e1lise detalhada visa n\u00e3o apenas confirmar a situa\u00e7\u00e3o do benefici\u00e1rio, mas tamb\u00e9m atualizar as informa\u00e7\u00f5es no sistema do <strong>INSS<\/strong>, prevenindo fraudes ou pagamentos indevidos.<\/p>\n\n\n\n<h2 class=\"wp-block-heading\">Quem est\u00e1 dispensado da reavalia\u00e7\u00e3o?<\/h2>\n\n\n\n<p>Determinados benefici\u00e1rios est\u00e3o isentos da reavalia\u00e7\u00e3o. Aqueles que j\u00e1 alcan\u00e7aram a idade de 65 anos e receberam o <strong>BPC <\/strong>na condi\u00e7\u00e3o de pessoa idosa n\u00e3o precisam passar novamente pelo processo. Al\u00e9m disso, indiv\u00edduos que retomaram o recebimento do <strong>BPC <\/strong>ap\u00f3s per\u00edodos de atividade remunerada ou recebimento do aux\u00edlio-inclus\u00e3o tamb\u00e9m s\u00e3o dispensados por um per\u00edodo de dois anos. Benefici\u00e1rios com defici\u00eancia que j\u00e1 sofreram uma avalia\u00e7\u00e3o e foram diagnosticados com condi\u00e7\u00f5es irrevers\u00edveis est\u00e3o igualmente isentos.<\/p>\n\n\n\n<p>Vale ressaltar que essas dispensas foram implementadas para evitar sobrecarga no sistema e proteger pessoas que possuem limita\u00e7\u00f5es definitivas. A inten\u00e7\u00e3o \u00e9 priorizar a an\u00e1lise de casos onde, de fato, pode haver mudan\u00e7as de condi\u00e7\u00e3o, tornando o processo mais eficiente e menos burocr\u00e1tico para quem realmente precisa.<\/p>\n\n\n\n<h2 class=\"wp-block-heading\">Como o benefici\u00e1rio \u00e9 notificado para reavalia\u00e7\u00e3o?<\/h2>\n\n\n\n<p>Os benefici\u00e1rios t\u00eam o direito de saber quando devem realizar a reavalia\u00e7\u00e3o. A notifica\u00e7\u00e3o ocorre por meio de aplicativos como o <strong>Meu INSS<\/strong> ou diretamente pelo banco onde o benef\u00edcio \u00e9 retirado. Ap\u00f3s o recebimento do aviso, \u00e9 crucial que os benefici\u00e1rios ou seus representantes legais realizem o agendamento do exame solicitado dentro do prazo de 30 dias.<\/p>\n\n\n\n<p>Al\u00e9m dessas notifica\u00e7\u00f5es digitais e banc\u00e1rias, o <strong>INSS <\/strong>tamb\u00e9m pode realizar contato telef\u00f4nico ou enviar cartas em casos especiais, garantindo ampla comunica\u00e7\u00e3o para n\u00e3o deixar o benefici\u00e1rio desinformado. O objetivo \u00e9 ampliar os canais de aviso para minimizar riscos de suspens\u00e3o por falta de conhecimento do processo.<\/p>\n\n\n\n<h2 class=\"wp-block-heading\">O que acontece se o benefici\u00e1rio n\u00e3o agir ap\u00f3s a notifica\u00e7\u00e3o?<\/h2>\n\n\n\n<p>Se o benefici\u00e1rio n\u00e3o responder \u00e0 notifica\u00e7\u00e3o e n\u00e3o proceder com o agendamento necess\u00e1rio, corre o risco de ter o benef\u00edcio suspenso ou at\u00e9 cancelado. Portanto, \u00e9 vital que as notifica\u00e7\u00f5es sejam levadas a s\u00e9rio e que a\u00e7\u00f5es sejam tomadas prontamente para evitar a interrup\u00e7\u00e3o do suporte financeiro. O acompanhamento do status dessa reavalia\u00e7\u00e3o pode ser feito no aplicativo<strong> Meu INSS<\/strong> ou pela <strong>Central 135<\/strong>.<\/p>\n\n\n\n<p>Caso haja dificuldades de locomo\u00e7\u00e3o ou quest\u00f5es de sa\u00fade que impe\u00e7am o comparecimento, \u00e9 poss\u00edvel informar ao <strong>INSS <\/strong>para viabilizar alternativas, como a per\u00edcia domiciliar. Isso garante que fatores imprevistos n\u00e3o prejudiquem benefici\u00e1rios que realmente dependem do BPC.<\/p>\n\n\n\n<h2 class=\"wp-block-heading\">Quais cuidados tomar antes da reavalia\u00e7\u00e3o?<\/h2>\n\n\n\n<p>\u00c9 importante reunir todos os documentos m\u00e9dicos atualizados, laudos periciais e comprovantes de renda familiar antes da data agendada. A documenta\u00e7\u00e3o correta assegura rapidez no atendimento e reduz riscos de atrasos ou negativas indevidas.<\/p>\n\n\n\n<p>Al\u00e9m desses documentos, recomenda-se verificar regularmente as informa\u00e7\u00f5es cadastrais no <strong>Cad\u00danico <\/strong>e mant\u00ea-las sempre atualizadas. Qualquer diverg\u00eancia pode impactar na an\u00e1lise e at\u00e9 comprometer o processo de manuten\u00e7\u00e3o do benef\u00edcio.<\/p>\n\n\n\n<h2 class=\"wp-block-heading\">Por que as novas regras s\u00e3o importantes?<\/h2>\n\n\n\n<p>As mudan\u00e7as nas regras para reavalia\u00e7\u00e3o do <strong>BPC<\/strong> visam fortalecer a justi\u00e7a e a efici\u00eancia do sistema, assegurando que apenas aqueles que verdadeiramente precisam continuem a receber o benef\u00edcio de maneira digna. Manter-se informado e proativo \u00e9 essencial para garantir que direitos n\u00e3o sejam perdidos inadvertidamente.<\/p>\n\n\n\n<p>Al\u00e9m disso, a padroniza\u00e7\u00e3o dos processos reduz desigualdades regionais e torna o sistema mais transparente, protegendo tanto o benefici\u00e1rio quanto os recursos p\u00fablicos. O acompanhamento regular dessas altera\u00e7\u00f5es \u00e9 fundamental para garantir a seguran\u00e7a financeira dos idosos e pessoas com defici\u00eancia em situa\u00e7\u00e3o de vulnerabilidade.<\/p>\n","protected":false},"excerpt":{"rendered":"<p>O Benef\u00edcio de Presta\u00e7\u00e3o Continuada (BPC) \u00e9 um importante aux\u00edlio garantido pelo governo para pessoas com defici\u00eancia e idosos de baixa renda, proporcionando uma ajuda financeira essencial para suas necessidades b\u00e1sicas. Recentemente, foram implementadas novas regras para a reavalia\u00e7\u00e3o dos benefici\u00e1rios que visam assegurar que este suporte continue favorecendo aqueles que realmente necessitam. Essas mudan\u00e7as [&hellip;]<\/p>\n","protected":false},"author":20,"featured_media":80575,"comment_status":"open","ping_status":"open","sticky":false,"template":"","format":"standard","meta":{"jnews-multi-image_gallery":[],"jnews_single_post":{"format":"standard"},"jnews_primary_category":[],"jnews_social_meta":[],"jnews_override_counter":[],"footnotes":""},"categories":[28,1],"tags":[256,257,258],"class_list":["post-90681","post","type-post","status-publish","format-standard","has-post-thumbnail","hentry","category-economia","category-noticias","tag-beneficios","tag-bpc","tag-loas"],"yoast_head":"<!-- This site is optimized with the Yoast SEO plugin v23.8 - https:\/\/yoast.com\/wordpress\/plugins\/seo\/ -->\n<title>Novas regras para reavalia\u00e7\u00e3o do BPC garantem mais justi\u00e7a e transpar\u00eancia - Estado de Minas - Em foco<\/title>\n<meta name=\"description\" content=\"Novas medidas padronizam a reavalia\u00e7\u00e3o do BPC para garantir direitos a idosos e pessoas com defici\u00eancia.\" \/>\n<meta name=\"robots\" content=\"index, follow, max-snippet:-1, max-image-preview:large, max-video-preview:-1\" \/>\n<link rel=\"canonical\" href=\"https:\/\/www.em.com.br\/emfoco\/2025\/08\/14\/novas-regras-para-reavaliacao-do-bpc-garantem-mais-justica-e-transparencia\/\" \/>\n<meta property=\"og:locale\" content=\"pt_BR\" \/>\n<meta property=\"og:type\" content=\"article\" \/>\n<meta property=\"og:title\" content=\"Novas regras para reavalia\u00e7\u00e3o do BPC garantem mais justi\u00e7a e transpar\u00eancia - Estado de Minas - Em foco\" \/>\n<meta property=\"og:description\" content=\"Novas medidas padronizam a reavalia\u00e7\u00e3o do BPC para garantir direitos a idosos e pessoas com defici\u00eancia.\" \/>\n<meta property=\"og:url\" content=\"https:\/\/www.em.com.br\/emfoco\/2025\/08\/14\/novas-regras-para-reavaliacao-do-bpc-garantem-mais-justica-e-transparencia\/\" \/>\n<meta property=\"og:site_name\" content=\"Estado de Minas - Em foco\" \/>\n<meta property=\"article:published_time\" content=\"2025-08-14T23:38:00+00:00\" \/>\n<meta property=\"article:modified_time\" content=\"2025-08-13T05:16:49+00:00\" \/>\n<meta property=\"og:image\" content=\"https:\/\/www.em.com.br\/emfoco\/wp-content\/uploads\/2025\/07\/documentos_1753313354407.jpg\" \/>\n\t<meta property=\"og:image:width\" content=\"1280\" \/>\n\t<meta property=\"og:image:height\" content=\"720\" \/>\n\t<meta property=\"og:image:type\" content=\"image\/jpeg\" \/>\n<meta name=\"author\" content=\"Ingrid Diniz\" \/>\n<meta name=\"twitter:card\" content=\"summary_large_image\" \/>\n<meta name=\"twitter:label1\" content=\"Escrito por\" \/>\n\t<meta name=\"twitter:data1\" content=\"Ingrid Diniz\" \/>\n\t<meta name=\"twitter:label2\" content=\"Est. tempo de leitura\" \/>\n\t<meta name=\"twitter:data2\" content=\"5 minutos\" \/>\n<!-- \/ Yoast SEO plugin. -->","yoast_head_json":{"title":"Novas regras para reavalia\u00e7\u00e3o do BPC garantem mais justi\u00e7a e transpar\u00eancia - Estado de Minas - Em foco","description":"Novas medidas padronizam a reavalia\u00e7\u00e3o do BPC para garantir direitos a idosos e pessoas com defici\u00eancia.","robots":{"index":"index","follow":"follow","max-snippet":"max-snippet:-1","max-image-preview":"max-image-preview:large","max-video-preview":"max-video-preview:-1"},"canonical":"https:\/\/www.em.com.br\/emfoco\/2025\/08\/14\/novas-regras-para-reavaliacao-do-bpc-garantem-mais-justica-e-transparencia\/","og_locale":"pt_BR","og_type":"article","og_title":"Novas regras para reavalia\u00e7\u00e3o do BPC garantem mais justi\u00e7a e transpar\u00eancia - Estado de Minas - Em foco","og_description":"Novas medidas padronizam a reavalia\u00e7\u00e3o do BPC para garantir direitos a idosos e pessoas com defici\u00eancia.","og_url":"https:\/\/www.em.com.br\/emfoco\/2025\/08\/14\/novas-regras-para-reavaliacao-do-bpc-garantem-mais-justica-e-transparencia\/","og_site_name":"Estado de Minas - Em foco","article_published_time":"2025-08-14T23:38:00+00:00","article_modified_time":"2025-08-13T05:16:49+00:00","og_image":[{"width":1280,"height":720,"url":"https:\/\/www.em.com.br\/emfoco\/wp-content\/uploads\/2025\/07\/documentos_1753313354407.jpg","type":"image\/jpeg"}],"author":"Ingrid Diniz","twitter_card":"summary_large_image","twitter_misc":{"Escrito por":"Ingrid Diniz","Est. tempo de leitura":"5 minutos"},"schema":{"@context":"https:\/\/schema.org","@graph":[{"@type":"WebPage","@id":"https:\/\/www.em.com.br\/emfoco\/2025\/08\/14\/novas-regras-para-reavaliacao-do-bpc-garantem-mais-justica-e-transparencia\/","url":"https:\/\/www.em.com.br\/emfoco\/2025\/08\/14\/novas-regras-para-reavaliacao-do-bpc-garantem-mais-justica-e-transparencia\/","name":"Novas regras para reavalia\u00e7\u00e3o do BPC garantem mais justi\u00e7a e transpar\u00eancia - Estado de Minas - Em foco","isPartOf":{"@id":"https:\/\/www.em.com.br\/emfoco\/#website"},"primaryImageOfPage":{"@id":"https:\/\/www.em.com.br\/emfoco\/2025\/08\/14\/novas-regras-para-reavaliacao-do-bpc-garantem-mais-justica-e-transparencia\/#primaryimage"},"image":{"@id":"https:\/\/www.em.com.br\/emfoco\/2025\/08\/14\/novas-regras-para-reavaliacao-do-bpc-garantem-mais-justica-e-transparencia\/#primaryimage"},"thumbnailUrl":"https:\/\/www.em.com.br\/emfoco\/wp-content\/uploads\/2025\/07\/documentos_1753313354407.jpg","datePublished":"2025-08-14T23:38:00+00:00","dateModified":"2025-08-13T05:16:49+00:00","author":{"@id":"https:\/\/www.em.com.br\/emfoco\/#\/schema\/person\/649e610b4eb8fff87ff394e54fe17b2b"},"description":"Novas medidas padronizam a reavalia\u00e7\u00e3o do BPC para garantir direitos a idosos e pessoas com defici\u00eancia.","breadcrumb":{"@id":"https:\/\/www.em.com.br\/emfoco\/2025\/08\/14\/novas-regras-para-reavaliacao-do-bpc-garantem-mais-justica-e-transparencia\/#breadcrumb"},"inLanguage":"pt-BR","potentialAction":[{"@type":"ReadAction","target":["https:\/\/www.em.com.br\/emfoco\/2025\/08\/14\/novas-regras-para-reavaliacao-do-bpc-garantem-mais-justica-e-transparencia\/"]}]},{"@type":"ImageObject","inLanguage":"pt-BR","@id":"https:\/\/www.em.com.br\/emfoco\/2025\/08\/14\/novas-regras-para-reavaliacao-do-bpc-garantem-mais-justica-e-transparencia\/#primaryimage","url":"https:\/\/www.em.com.br\/emfoco\/wp-content\/uploads\/2025\/07\/documentos_1753313354407.jpg","contentUrl":"https:\/\/www.em.com.br\/emfoco\/wp-content\/uploads\/2025\/07\/documentos_1753313354407.jpg","width":1280,"height":720,"caption":"Nova regra do Atestmed permite afastamento sem per\u00edcia - Cr\u00e9ditos: depositphotos.com \/ HayDmitriy"},{"@type":"BreadcrumbList","@id":"https:\/\/www.em.com.br\/emfoco\/2025\/08\/14\/novas-regras-para-reavaliacao-do-bpc-garantem-mais-justica-e-transparencia\/#breadcrumb","itemListElement":[{"@type":"ListItem","position":1,"name":"In\u00edcio","item":"https:\/\/www.em.com.br\/emfoco\/"},{"@type":"ListItem","position":2,"name":"Novas regras para reavalia\u00e7\u00e3o do BPC garantem mais justi\u00e7a e transpar\u00eancia"}]},{"@type":"WebSite","@id":"https:\/\/www.em.com.br\/emfoco\/#website","url":"https:\/\/www.em.com.br\/emfoco\/","name":"Estado de Minas - Em foco","description":"Acompanhe as \u00faltimas not\u00edcias e fique bem informado sobre tudo o que acontece em Minas Gerais, Brasil e no mundo.","potentialAction":[{"@type":"SearchAction","target":{"@type":"EntryPoint","urlTemplate":"https:\/\/www.em.com.br\/emfoco\/?s={search_term_string}"},"query-input":{"@type":"PropertyValueSpecification","valueRequired":true,"valueName":"search_term_string"}}],"inLanguage":"pt-BR"},{"@type":"Person","@id":"https:\/\/www.em.com.br\/emfoco\/#\/schema\/person\/649e610b4eb8fff87ff394e54fe17b2b","name":"Ingrid Diniz","image":{"@type":"ImageObject","inLanguage":"pt-BR","@id":"https:\/\/www.em.com.br\/emfoco\/#\/schema\/person\/image\/","url":"https:\/\/secure.gravatar.com\/avatar\/a3baa1449ec5c39b4c42babc9d4f3951?s=96&d=mm&r=g","contentUrl":"https:\/\/secure.gravatar.com\/avatar\/a3baa1449ec5c39b4c42babc9d4f3951?s=96&d=mm&r=g","caption":"Ingrid Diniz"},"sameAs":["https:\/\/www.em.com.br\/"],"url":"https:\/\/www.em.com.br\/emfoco\/author\/ingridmyth\/"}]}},"_links":{"self":[{"href":"https:\/\/www.em.com.br\/emfoco\/wp-json\/wp\/v2\/posts\/90681","targetHints":{"allow":["GET"]}}],"collection":[{"href":"https:\/\/www.em.com.br\/emfoco\/wp-json\/wp\/v2\/posts"}],"about":[{"href":"https:\/\/www.em.com.br\/emfoco\/wp-json\/wp\/v2\/types\/post"}],"author":[{"embeddable":true,"href":"https:\/\/www.em.com.br\/emfoco\/wp-json\/wp\/v2\/users\/20"}],"replies":[{"embeddable":true,"href":"https:\/\/www.em.com.br\/emfoco\/wp-json\/wp\/v2\/comments?post=90681"}],"version-history":[{"count":1,"href":"https:\/\/www.em.com.br\/emfoco\/wp-json\/wp\/v2\/posts\/90681\/revisions"}],"predecessor-version":[{"id":90687,"href":"https:\/\/www.em.com.br\/emfoco\/wp-json\/wp\/v2\/posts\/90681\/revisions\/90687"}],"wp:featuredmedia":[{"embeddable":true,"href":"https:\/\/www.em.com.br\/emfoco\/wp-json\/wp\/v2\/media\/80575"}],"wp:attachment":[{"href":"https:\/\/www.em.com.br\/emfoco\/wp-json\/wp\/v2\/media?parent=90681"}],"wp:term":[{"taxonomy":"category","embeddable":true,"href":"https:\/\/www.em.com.br\/emfoco\/wp-json\/wp\/v2\/categories?post=90681"},{"taxonomy":"post_tag","embeddable":true,"href":"https:\/\/www.em.com.br\/emfoco\/wp-json\/wp\/v2\/tags?post=90681"}],"curies":[{"name":"wp","href":"https:\/\/api.w.org\/{rel}","templated":true}]}}