{"id":90641,"date":"2025-08-13T21:58:00","date_gmt":"2025-08-14T00:58:00","guid":{"rendered":"https:\/\/www.em.com.br\/emfoco\/?p=90641"},"modified":"2025-08-13T07:07:56","modified_gmt":"2025-08-13T10:07:56","slug":"novas-regras-do-inss-facilitam-aposentadoria-e-reconhece-o-trabalho-infantil","status":"publish","type":"post","link":"https:\/\/www.em.com.br\/emfoco\/2025\/08\/13\/novas-regras-do-inss-facilitam-aposentadoria-e-reconhece-o-trabalho-infantil\/","title":{"rendered":"Novas regras do INSS facilitam aposentadoria e reconhece o trabalho infantil"},"content":{"rendered":"\n<p>A recente publica\u00e7\u00e3o da <strong>Instru\u00e7\u00e3o Normativa 188 pelo Instituto Nacional do Seguro Social<\/strong> (<a href=\"https:\/\/www.ieprev.com.br\/noticias\/portaria-no-1882025-inss-regulamenta-isencao-de-carencia-no-salario-maternidade-apos-decisao-do-stf\" target=\"_blank\" rel=\"noreferrer noopener\">INSS<\/a>) traz importantes mudan\u00e7as no acesso a aposentadorias e outros benef\u00edcios sociais no <strong>Brasil<\/strong>. Esta atualiza\u00e7\u00e3o regulamentar visa modernizar o sistema, aumentar a inclus\u00e3o dos segurados e corrigir discrep\u00e2ncias hist\u00f3ricas. Tais mudan\u00e7as t\u00eam efeitos diretos sobre diversos grupos de trabalhadores, abrangendo desde aut\u00f4nomos at\u00e9 aqueles em \u00e1reas rurais e urbanas.<\/p>\n\n\n\n<p>Um aspecto significativo desta instru\u00e7\u00e3o \u00e9 o reconhecimento do trabalho infantil como parte do tempo de contribui\u00e7\u00e3o. Essa medida, que vigora desde outubro de 2018, resulta de uma decis\u00e3o judicial e permite que indiv\u00edduos incluam atividades profissionais realizadas na inf\u00e2ncia em seus registros de tempo de servi\u00e7o. Esta inclus\u00e3o exige documenta\u00e7\u00e3o que comprove a atividade, como recibos ou fotografias, ampliando assim os direitos previdenci\u00e1rios daqueles que trabalharam desde tenra idade.<\/p>\n\n\n\n<h2 class=\"wp-block-heading\">Quem pode se beneficiar das novas regras para trabalhadores rurais?<\/h2>\n\n\n<div class=\"wp-block-image\">\n<figure class=\"aligncenter size-large\"><img loading=\"lazy\" decoding=\"async\" width=\"1024\" height=\"576\" src=\"https:\/\/www.em.com.br\/emfoco\/wp-content\/uploads\/2025\/07\/agricultura_1753157238260-1024x576.jpg\" alt=\"\" class=\"wp-image-80007\" srcset=\"https:\/\/www.em.com.br\/emfoco\/wp-content\/uploads\/2025\/07\/agricultura_1753157238260-1024x576.jpg 1024w, https:\/\/www.em.com.br\/emfoco\/wp-content\/uploads\/2025\/07\/agricultura_1753157238260-300x169.jpg 300w, https:\/\/www.em.com.br\/emfoco\/wp-content\/uploads\/2025\/07\/agricultura_1753157238260-768x432.jpg 768w, https:\/\/www.em.com.br\/emfoco\/wp-content\/uploads\/2025\/07\/agricultura_1753157238260-750x422.jpg 750w, https:\/\/www.em.com.br\/emfoco\/wp-content\/uploads\/2025\/07\/agricultura_1753157238260-1140x641.jpg 1140w, https:\/\/www.em.com.br\/emfoco\/wp-content\/uploads\/2025\/07\/agricultura_1753157238260.jpg 1280w\" sizes=\"auto, (max-width: 1024px) 100vw, 1024px\" \/><figcaption class=\"wp-element-caption\">Agricultor &#8211; Cr\u00e9ditos: depositphotos.com \/ AndrewLozovyi<\/figcaption><\/figure><\/div>\n\n\n<p>A normativa amplia o escopo de quem tem direito \u00e0 aposentadoria rural. Grupos como produtores rurais, quilombolas e seringueiros, entre outros, passam a ser eleg\u00edveis como segurados especiais. Para se aposentarem, os homens devem ter 60 anos e as mulheres, 55, precisando ainda comprovar 15 anos de atividade no meio rural. Notavelmente, essas categorias est\u00e3o isentas de contribui\u00e7\u00f5es mensais, contanto que demonstrem envolvimento em atividades agr\u00edcolas ou de extra\u00e7\u00e3o de forma individual ou em economia familiar.<\/p>\n\n\n\n<p>Al\u00e9m disso, a <strong>IN 188<\/strong> passa a reconhecer como tempo de atividade rural per\u00edodos trabalhados de maneira descont\u00ednua, favorecendo milhares de brasileiros que alteraram sua forma de trabalho ao longo da vida. O acesso facilitado aos benef\u00edcios fortalece a inclus\u00e3o social e contribui para a prote\u00e7\u00e3o financeira desses trabalhadores, especialmente em regi\u00f5es remotas do pa\u00eds.<\/p>\n\n\n\n<h2 class=\"wp-block-heading\">Como funcionar\u00e1 a aposentadoria h\u00edbrida com tempo urbano e rural?<\/h2>\n\n\n\n<p>Outra adapta\u00e7\u00e3o significativa s\u00e3o as regras flexibilizadas para a aposentadoria h\u00edbrida. Este modelo permite combinar per\u00edodos de trabalho rural com urbano, atendendo especialmente aqueles que passaram suas carreiras alternando entre o campo e a cidade. Para tal, os segurados devem ter um m\u00ednimo de 65 anos, no caso dos homens, ou 62, para as mulheres, al\u00e9m de 180 contribui\u00e7\u00f5es ao <strong><a href=\"https:\/\/www.em.com.br\/emfoco\/2025\/08\/12\/nova-regra-do-inss-facilita-a-vida-de-idosos-beneficiarios-do-bpc\/\" target=\"_blank\" rel=\"noreferrer noopener\">INSS<\/a><\/strong>. O novo regimento aceita o tempo rural mesmo sem contribui\u00e7\u00f5es diretas, desde que existam provas documentais desse servi\u00e7o.<\/p>\n\n\n\n<p>Essa possibilidade de soma amplia as chances de acesso ao benef\u00edcio por quem teve trajet\u00f3rias profissionais variadas. O reconhecimento do per\u00edodo rural sem a necessidade de contribui\u00e7\u00e3o direta oferece um al\u00edvio importante para trabalhadores que dependiam da informalidade, refor\u00e7ando a justi\u00e7a social no sistema previdenci\u00e1rio brasileiro.<\/p>\n\n\n\n<h2 class=\"wp-block-heading\">Novidades no sal\u00e1rio-maternidade para trabalhadoras aut\u00f4nomas<\/h2>\n\n\n\n<p>A concess\u00e3o do sal\u00e1rio-maternidade para aut\u00f4nomas tamb\u00e9m passa por mudan\u00e7as relevantes. A partir de abril de 2024, mulheres neste regime que realizarem ao menos uma contribui\u00e7\u00e3o estar\u00e3o aptas a solicitar o benef\u00edcio. Esta atualiza\u00e7\u00e3o segue uma decis\u00e3o do <strong><a href=\"https:\/\/portal.stf.jus.br\/\" target=\"_blank\" rel=\"noreferrer noopener\">Supremo Tribunal Federal<\/a><\/strong>, que visa corrigir o tratamento desigual de trabalhadoras aut\u00f4nomas frente \u00e0s integrantes do regime <strong>CLT<\/strong>. O impacto financeiro estimado destas altera\u00e7\u00f5es varia de R$ 2,3 a R$ 2,7 bilh\u00f5es por ano.<\/p>\n\n\n\n<p>Com essa altera\u00e7\u00e3o, as aut\u00f4nomas ganham maior seguran\u00e7a e dignidade durante a maternidade, permitindo o afastamento do trabalho para cuidados com o rec\u00e9m-nascido e recupera\u00e7\u00e3o p\u00f3s-parto. O procedimento para solicita\u00e7\u00e3o do benef\u00edcio tamb\u00e9m foi simplificado, bastando comprova\u00e7\u00e3o da contribui\u00e7\u00e3o e da condi\u00e7\u00e3o de segurada para obten\u00e7\u00e3o do sal\u00e1rio-maternidade.<\/p>\n\n\n\n<h2 class=\"wp-block-heading\">Impacto do reconhecimento do trabalho infantil no INSS<\/h2>\n\n\n\n<p>O reconhecimento do trabalho infantil como tempo de contribui\u00e7\u00e3o representa um avan\u00e7o significativo para muitos brasileiros. Diversos trabalhadores que iniciaram suas atividades laborais ainda muito jovens poder\u00e3o somar esses per\u00edodos para fins de aposentadoria e outros benef\u00edcios, desde que comprovem a atua\u00e7\u00e3o mediante documenta\u00e7\u00e3o id\u00f4nea.<\/p>\n\n\n\n<p>Esta pol\u00edtica contribui para reparar injusti\u00e7as hist\u00f3ricas e amplia a inclus\u00e3o de cidad\u00e3os que, por d\u00e9cadas, estiveram \u00e0 margem do sistema oficial de prote\u00e7\u00e3o. Entretanto, a exig\u00eancia de documentos aut\u00eanticos e robustos permanece imprescind\u00edvel para evitar fraudes, o que demanda orienta\u00e7\u00e3o especializada na hora de reunir provas e peticionar ao <strong>INSS<\/strong>.<\/p>\n\n\n\n<h2 class=\"wp-block-heading\">Planejamento previdenci\u00e1rio diante das novas regras<\/h2>\n\n\n\n<p>Essas mudan\u00e7as na legisla\u00e7\u00e3o previdenci\u00e1ria requerem uma reavalia\u00e7\u00e3o detalhada do planejamento de aposentadoria, tanto por parte dos trabalhadores quanto de contadores. Especialistas recomendam a revis\u00e3o de documentos antigos e v\u00ednculos empregat\u00edcios passados, propondo a possibilidade de incluir per\u00edodos que antes seriam desconsiderados. Al\u00e9m disso, a legisla\u00e7\u00e3o adaptada sublinha a import\u00e2ncia de um acompanhamento cont\u00ednuo das mudan\u00e7as normativas para garantir que as novas possibilidades e exig\u00eancias sejam adequadamente implementadas.<\/p>\n\n\n\n<p>Com a <strong>IN 188<\/strong>, cresce a import\u00e2ncia do planejamento previdenci\u00e1rio personalizado. A orienta\u00e7\u00e3o de profissionais atualizados tende a prevenir preju\u00edzos e acelerar concess\u00f5es, seja para trabalhadores aut\u00f4nomos, rurais ou urbanos. Nesse contexto, a digitaliza\u00e7\u00e3o e a organiza\u00e7\u00e3o cuidadosa de documentos antigos e atuais tornam-se essenciais para garantir o acesso mais eficiente aos benef\u00edcios do <strong>INSS<\/strong>.<\/p>\n\n\n\n<h2 class=\"wp-block-heading\">Como acompanhar e interpretar as mudan\u00e7as nas regras do INSS?<\/h2>\n\n\n\n<p>Com as atuais instru\u00e7\u00f5es em vigor, torna-se crucial para contadores e outros profissionais da \u00e1rea seguirem as atualiza\u00e7\u00f5es e an\u00e1lises oficiais dispon\u00edveis no <strong>Di\u00e1rio Oficial da Uni\u00e3o<\/strong> e no site do <strong>INSS<\/strong>. Dessa forma, \u00e9 poss\u00edvel interpretar com precis\u00e3o as altera\u00e7\u00f5es, bem como adequar as pr\u00e1ticas previdenci\u00e1rias aos novos padr\u00f5es.<\/p>\n\n\n\n<p>Al\u00e9m disso, plataformas digitais e consultorias previdenci\u00e1rias est\u00e3o cada vez mais acess\u00edveis, auxiliando trabalhadores e empregadores na compreens\u00e3o e aplica\u00e7\u00e3o correta de cada regra. O acompanhamento constante \u00e9 a chave para garantir direitos e manter a seguran\u00e7a jur\u00eddica diante de um cen\u00e1rio normativo din\u00e2mico e em cont\u00ednua evolu\u00e7\u00e3o.<\/p>\n","protected":false},"excerpt":{"rendered":"<p>A recente publica\u00e7\u00e3o da Instru\u00e7\u00e3o Normativa 188 pelo Instituto Nacional do Seguro Social (INSS) traz importantes mudan\u00e7as no acesso a aposentadorias e outros benef\u00edcios sociais no Brasil. Esta atualiza\u00e7\u00e3o regulamentar visa modernizar o sistema, aumentar a inclus\u00e3o dos segurados e corrigir discrep\u00e2ncias hist\u00f3ricas. Tais mudan\u00e7as t\u00eam efeitos diretos sobre diversos grupos de trabalhadores, abrangendo desde [&hellip;]<\/p>\n","protected":false},"author":20,"featured_media":90631,"comment_status":"open","ping_status":"open","sticky":false,"template":"","format":"standard","meta":{"jnews-multi-image_gallery":[],"jnews_single_post":{"format":"standard"},"jnews_primary_category":[],"jnews_social_meta":[],"jnews_override_counter":[],"footnotes":""},"categories":[28,1],"tags":[10285,174,13882],"class_list":["post-90641","post","type-post","status-publish","format-standard","has-post-thumbnail","hentry","category-economia","category-noticias","tag-aposentadoria-rural","tag-inss","tag-trabalho-infantil"],"yoast_head":"<!-- This site is optimized with the Yoast SEO plugin v23.8 - https:\/\/yoast.com\/wordpress\/plugins\/seo\/ -->\n<title>Novas regras do INSS facilitam aposentadoria e reconhece o trabalho infantil - Estado de Minas - Em foco<\/title>\n<meta name=\"description\" content=\"INSS reconhece trabalho infantil e amplia direitos rurais com a IN 188, garantindo mais prote\u00e7\u00e3o social a milhares de brasileiros.\" \/>\n<meta name=\"robots\" content=\"index, follow, max-snippet:-1, max-image-preview:large, max-video-preview:-1\" \/>\n<link rel=\"canonical\" href=\"https:\/\/www.em.com.br\/emfoco\/2025\/08\/13\/novas-regras-do-inss-facilitam-aposentadoria-e-reconhece-o-trabalho-infantil\/\" \/>\n<meta property=\"og:locale\" content=\"pt_BR\" \/>\n<meta property=\"og:type\" content=\"article\" \/>\n<meta property=\"og:title\" content=\"Novas regras do INSS facilitam aposentadoria e reconhece o trabalho infantil - Estado de Minas - Em foco\" \/>\n<meta property=\"og:description\" content=\"INSS reconhece trabalho infantil e amplia direitos rurais com a IN 188, garantindo mais prote\u00e7\u00e3o social a milhares de brasileiros.\" \/>\n<meta property=\"og:url\" content=\"https:\/\/www.em.com.br\/emfoco\/2025\/08\/13\/novas-regras-do-inss-facilitam-aposentadoria-e-reconhece-o-trabalho-infantil\/\" \/>\n<meta property=\"og:site_name\" content=\"Estado de Minas - Em foco\" \/>\n<meta property=\"article:published_time\" content=\"2025-08-14T00:58:00+00:00\" \/>\n<meta property=\"article:modified_time\" content=\"2025-08-13T10:07:56+00:00\" \/>\n<meta property=\"og:image\" content=\"https:\/\/www.em.com.br\/emfoco\/wp-content\/uploads\/2025\/08\/agronegocio_1754978496757.jpg\" \/>\n\t<meta property=\"og:image:width\" content=\"1280\" \/>\n\t<meta property=\"og:image:height\" content=\"720\" \/>\n\t<meta property=\"og:image:type\" content=\"image\/jpeg\" \/>\n<meta name=\"author\" content=\"Ingrid Diniz\" \/>\n<meta name=\"twitter:card\" content=\"summary_large_image\" \/>\n<meta name=\"twitter:label1\" content=\"Escrito por\" \/>\n\t<meta name=\"twitter:data1\" content=\"Ingrid Diniz\" \/>\n\t<meta name=\"twitter:label2\" content=\"Est. tempo de leitura\" \/>\n\t<meta name=\"twitter:data2\" content=\"6 minutos\" \/>\n<!-- \/ Yoast SEO plugin. -->","yoast_head_json":{"title":"Novas regras do INSS facilitam aposentadoria e reconhece o trabalho infantil - Estado de Minas - Em foco","description":"INSS reconhece trabalho infantil e amplia direitos rurais com a IN 188, garantindo mais prote\u00e7\u00e3o social a milhares de brasileiros.","robots":{"index":"index","follow":"follow","max-snippet":"max-snippet:-1","max-image-preview":"max-image-preview:large","max-video-preview":"max-video-preview:-1"},"canonical":"https:\/\/www.em.com.br\/emfoco\/2025\/08\/13\/novas-regras-do-inss-facilitam-aposentadoria-e-reconhece-o-trabalho-infantil\/","og_locale":"pt_BR","og_type":"article","og_title":"Novas regras do INSS facilitam aposentadoria e reconhece o trabalho infantil - Estado de Minas - Em foco","og_description":"INSS reconhece trabalho infantil e amplia direitos rurais com a IN 188, garantindo mais prote\u00e7\u00e3o social a milhares de brasileiros.","og_url":"https:\/\/www.em.com.br\/emfoco\/2025\/08\/13\/novas-regras-do-inss-facilitam-aposentadoria-e-reconhece-o-trabalho-infantil\/","og_site_name":"Estado de Minas - Em foco","article_published_time":"2025-08-14T00:58:00+00:00","article_modified_time":"2025-08-13T10:07:56+00:00","og_image":[{"width":1280,"height":720,"url":"https:\/\/www.em.com.br\/emfoco\/wp-content\/uploads\/2025\/08\/agronegocio_1754978496757.jpg","type":"image\/jpeg"}],"author":"Ingrid Diniz","twitter_card":"summary_large_image","twitter_misc":{"Escrito por":"Ingrid Diniz","Est. tempo de leitura":"6 minutos"},"schema":{"@context":"https:\/\/schema.org","@graph":[{"@type":"WebPage","@id":"https:\/\/www.em.com.br\/emfoco\/2025\/08\/13\/novas-regras-do-inss-facilitam-aposentadoria-e-reconhece-o-trabalho-infantil\/","url":"https:\/\/www.em.com.br\/emfoco\/2025\/08\/13\/novas-regras-do-inss-facilitam-aposentadoria-e-reconhece-o-trabalho-infantil\/","name":"Novas regras do INSS facilitam aposentadoria e reconhece o trabalho infantil - Estado de Minas - Em foco","isPartOf":{"@id":"https:\/\/www.em.com.br\/emfoco\/#website"},"primaryImageOfPage":{"@id":"https:\/\/www.em.com.br\/emfoco\/2025\/08\/13\/novas-regras-do-inss-facilitam-aposentadoria-e-reconhece-o-trabalho-infantil\/#primaryimage"},"image":{"@id":"https:\/\/www.em.com.br\/emfoco\/2025\/08\/13\/novas-regras-do-inss-facilitam-aposentadoria-e-reconhece-o-trabalho-infantil\/#primaryimage"},"thumbnailUrl":"https:\/\/www.em.com.br\/emfoco\/wp-content\/uploads\/2025\/08\/agronegocio_1754978496757.jpg","datePublished":"2025-08-14T00:58:00+00:00","dateModified":"2025-08-13T10:07:56+00:00","author":{"@id":"https:\/\/www.em.com.br\/emfoco\/#\/schema\/person\/649e610b4eb8fff87ff394e54fe17b2b"},"description":"INSS reconhece trabalho infantil e amplia direitos rurais com a IN 188, garantindo mais prote\u00e7\u00e3o social a milhares de brasileiros.","breadcrumb":{"@id":"https:\/\/www.em.com.br\/emfoco\/2025\/08\/13\/novas-regras-do-inss-facilitam-aposentadoria-e-reconhece-o-trabalho-infantil\/#breadcrumb"},"inLanguage":"pt-BR","potentialAction":[{"@type":"ReadAction","target":["https:\/\/www.em.com.br\/emfoco\/2025\/08\/13\/novas-regras-do-inss-facilitam-aposentadoria-e-reconhece-o-trabalho-infantil\/"]}]},{"@type":"ImageObject","inLanguage":"pt-BR","@id":"https:\/\/www.em.com.br\/emfoco\/2025\/08\/13\/novas-regras-do-inss-facilitam-aposentadoria-e-reconhece-o-trabalho-infantil\/#primaryimage","url":"https:\/\/www.em.com.br\/emfoco\/wp-content\/uploads\/2025\/08\/agronegocio_1754978496757.jpg","contentUrl":"https:\/\/www.em.com.br\/emfoco\/wp-content\/uploads\/2025\/08\/agronegocio_1754978496757.jpg","width":1280,"height":720,"caption":"Impactos do clima inst\u00e1vel em servi\u00e7os essenciais - Cr\u00e9ditos: depositphotos.com \/ budabar"},{"@type":"BreadcrumbList","@id":"https:\/\/www.em.com.br\/emfoco\/2025\/08\/13\/novas-regras-do-inss-facilitam-aposentadoria-e-reconhece-o-trabalho-infantil\/#breadcrumb","itemListElement":[{"@type":"ListItem","position":1,"name":"In\u00edcio","item":"https:\/\/www.em.com.br\/emfoco\/"},{"@type":"ListItem","position":2,"name":"Novas regras do INSS facilitam aposentadoria e reconhece o trabalho infantil"}]},{"@type":"WebSite","@id":"https:\/\/www.em.com.br\/emfoco\/#website","url":"https:\/\/www.em.com.br\/emfoco\/","name":"Estado de Minas - Em foco","description":"Acompanhe as \u00faltimas not\u00edcias e fique bem informado sobre tudo o que acontece em Minas Gerais, Brasil e no mundo.","potentialAction":[{"@type":"SearchAction","target":{"@type":"EntryPoint","urlTemplate":"https:\/\/www.em.com.br\/emfoco\/?s={search_term_string}"},"query-input":{"@type":"PropertyValueSpecification","valueRequired":true,"valueName":"search_term_string"}}],"inLanguage":"pt-BR"},{"@type":"Person","@id":"https:\/\/www.em.com.br\/emfoco\/#\/schema\/person\/649e610b4eb8fff87ff394e54fe17b2b","name":"Ingrid Diniz","image":{"@type":"ImageObject","inLanguage":"pt-BR","@id":"https:\/\/www.em.com.br\/emfoco\/#\/schema\/person\/image\/","url":"https:\/\/secure.gravatar.com\/avatar\/a3baa1449ec5c39b4c42babc9d4f3951?s=96&d=mm&r=g","contentUrl":"https:\/\/secure.gravatar.com\/avatar\/a3baa1449ec5c39b4c42babc9d4f3951?s=96&d=mm&r=g","caption":"Ingrid Diniz"},"sameAs":["https:\/\/www.em.com.br\/"],"url":"https:\/\/www.em.com.br\/emfoco\/author\/ingridmyth\/"}]}},"_links":{"self":[{"href":"https:\/\/www.em.com.br\/emfoco\/wp-json\/wp\/v2\/posts\/90641","targetHints":{"allow":["GET"]}}],"collection":[{"href":"https:\/\/www.em.com.br\/emfoco\/wp-json\/wp\/v2\/posts"}],"about":[{"href":"https:\/\/www.em.com.br\/emfoco\/wp-json\/wp\/v2\/types\/post"}],"author":[{"embeddable":true,"href":"https:\/\/www.em.com.br\/emfoco\/wp-json\/wp\/v2\/users\/20"}],"replies":[{"embeddable":true,"href":"https:\/\/www.em.com.br\/emfoco\/wp-json\/wp\/v2\/comments?post=90641"}],"version-history":[{"count":1,"href":"https:\/\/www.em.com.br\/emfoco\/wp-json\/wp\/v2\/posts\/90641\/revisions"}],"predecessor-version":[{"id":90651,"href":"https:\/\/www.em.com.br\/emfoco\/wp-json\/wp\/v2\/posts\/90641\/revisions\/90651"}],"wp:featuredmedia":[{"embeddable":true,"href":"https:\/\/www.em.com.br\/emfoco\/wp-json\/wp\/v2\/media\/90631"}],"wp:attachment":[{"href":"https:\/\/www.em.com.br\/emfoco\/wp-json\/wp\/v2\/media?parent=90641"}],"wp:term":[{"taxonomy":"category","embeddable":true,"href":"https:\/\/www.em.com.br\/emfoco\/wp-json\/wp\/v2\/categories?post=90641"},{"taxonomy":"post_tag","embeddable":true,"href":"https:\/\/www.em.com.br\/emfoco\/wp-json\/wp\/v2\/tags?post=90641"}],"curies":[{"name":"wp","href":"https:\/\/api.w.org\/{rel}","templated":true}]}}