{"id":90618,"date":"2025-08-13T10:00:00","date_gmt":"2025-08-13T13:00:00","guid":{"rendered":"https:\/\/www.em.com.br\/emfoco\/?p=90618"},"modified":"2025-08-12T22:57:42","modified_gmt":"2025-08-13T01:57:42","slug":"regra-do-aviso-previo-garante-mais-dinheiro-ao-trabalhador-na-hora-da-rescisao","status":"publish","type":"post","link":"https:\/\/www.em.com.br\/emfoco\/2025\/08\/13\/regra-do-aviso-previo-garante-mais-dinheiro-ao-trabalhador-na-hora-da-rescisao\/","title":{"rendered":"Regra do aviso pr\u00e9vio garante mais dinheiro ao trabalhador na hora da rescis\u00e3o"},"content":{"rendered":"\n<p>O&nbsp;<strong>aviso pr\u00e9vio<\/strong>&nbsp;\u00e9 um componente crucial no encerramento de v\u00ednculos trabalhistas no Brasil. Estabelece condi\u00e7\u00f5es que asseguram direitos a ambos os lados: empregadores e empregados. Compreender suas modalidades e regras \u00e9 vital para evitar conflitos legais.<\/p>\n\n\n\n<ul class=\"wp-block-list\">\n<li>Diferen\u00e7as entre aviso pr\u00e9vio trabalhado e indenizado<\/li>\n\n\n\n<li>Regras adicionais de acordo com o tempo de servi\u00e7o<\/li>\n\n\n\n<li>Obriga\u00e7\u00f5es legais dos empregadores<\/li>\n<\/ul>\n\n\n\n<h2 class=\"wp-block-heading\">Como funciona o aviso pr\u00e9vio trabalhado?<\/h2>\n\n\n\n<p>O&nbsp;<strong>aviso pr\u00e9vio trabalhado<\/strong>&nbsp;exige que o empregado continue suas atividades por at\u00e9 30 dias ap\u00f3s a notifica\u00e7\u00e3o de t\u00e9rmino do contrato. Nesse per\u00edodo, o trabalhador pode reduzir sua carga di\u00e1ria em duas horas ou faltar nos \u00faltimos sete dias consecutivos para procurar uma nova coloca\u00e7\u00e3o. Essa escolha \u00e9 feita pelo empregado, conforme prev\u00ea a legisla\u00e7\u00e3o.<\/p>\n\n\n\n<h2 class=\"wp-block-heading\">Aviso pr\u00e9vio indenizado: O que significa?<\/h2>\n\n\n\n<p>Em casos de&nbsp;<strong>aviso pr\u00e9vio indenizado<\/strong>, o empregador dispensa o colaborador imediatamente, pagando o sal\u00e1rio referente ao per\u00edodo de aviso. Esta pr\u00e1tica ocorre geralmente quando o empregador prefere encerrar o contrato sem o cumprimento do per\u00edodo de trabalho adicional. Importante mencionar que, mesmo no aviso pr\u00e9vio indenizado, o per\u00edodo correspondente \u00e9 considerado para fins de c\u00e1lculo de verbas rescis\u00f3rias e tempo de servi\u00e7o.<\/p>\n\n\n\n<figure class=\"wp-block-image\"><img decoding=\"async\" src=\"https:\/\/www.em.com.br\/emfoco\/wp-content\/uploads\/2025\/05\/CLT_1747247840129-1024x576.jpg\" alt=\"\"\/><figcaption class=\"wp-element-caption\">Carteira de trabalho &#8211; Cr\u00e9ditos: depositphotos.com \/ rafapress<\/figcaption><\/figure>\n\n\n\n<h2 class=\"wp-block-heading\">Quais s\u00e3o as regras adicionais do aviso pr\u00e9vio?<\/h2>\n\n\n\n<p>A legisla\u00e7\u00e3o adiciona um dia de&nbsp;<strong>aviso pr\u00e9vio<\/strong>&nbsp;para cada ano de trabalho completo, al\u00e9m dos 30 dias padr\u00e3o, totalizando at\u00e9 90 dias. Essa regra \u00e9 v\u00e1lida quando o empregador decide pela rescis\u00e3o.<\/p>\n\n\n\n<ul class=\"wp-block-list\">\n<li><strong>Rescis\u00e3o por parte do empregador:<\/strong> O funcion\u00e1rio tem direito a 30 dias de aviso pr\u00e9vio, mais um dia adicional por ano trabalhado na empresa, at\u00e9 um limite de 90 dias.<\/li>\n\n\n\n<li><strong>Rescis\u00e3o por parte do empregado:<\/strong> Nesse caso, a dura\u00e7\u00e3o do aviso pr\u00e9vio \u00e9, geralmente, de apenas 30 dias, sem o acr\u00e9scimo de dias por tempo de servi\u00e7o.<\/li>\n\n\n\n<li><strong>Convoca\u00e7\u00e3o do aviso:<\/strong> A comunica\u00e7\u00e3o deve ser feita por escrito e registrada, a partir do momento em que uma das partes decide pela rescis\u00e3o do contrato de trabalho.<\/li>\n<\/ul>\n\n\n\n<h2 class=\"wp-block-heading\">O que as empresas precisam fazer durante o aviso pr\u00e9vio?<\/h2>\n\n\n\n<p>Empresas devem seguir rigorosamente os procedimentos legais de&nbsp;<strong>aviso pr\u00e9vio<\/strong>&nbsp;para evitar san\u00e7\u00f5es. Isso implica em documentar todo o processo, garantindo clareza e conformidade com as normas trabalhistas. Al\u00e9m disso, proporcionar suporte ao funcion\u00e1rio durante esse per\u00edodo \u00e9 importante para manter boas rela\u00e7\u00f5es.<\/p>\n\n\n\n<h2 class=\"wp-block-heading\">Aspectos fundamentais para um desligamento adequado<\/h2>\n\n\n\n<ul class=\"wp-block-list\">\n<li>Ader\u00eancia \u00e0s regras do aviso pr\u00e9vio protege contra lit\u00edgios.<\/li>\n\n\n\n<li>Rela\u00e7\u00f5es transparentes promovem confian\u00e7a m\u00fatua no ambiente de trabalho.<\/li>\n\n\n\n<li>Desligamentos justos s\u00e3o fundamentais para um ambiente corporativo saud\u00e1vel.<\/li>\n<\/ul>\n","protected":false},"excerpt":{"rendered":"<p>O&nbsp;aviso pr\u00e9vio&nbsp;\u00e9 um componente crucial no encerramento de v\u00ednculos trabalhistas no Brasil. Estabelece condi\u00e7\u00f5es que asseguram direitos a ambos os lados: empregadores e empregados. Compreender suas modalidades e regras \u00e9 vital para evitar conflitos legais. Como funciona o aviso pr\u00e9vio trabalhado? O&nbsp;aviso pr\u00e9vio trabalhado&nbsp;exige que o empregado continue suas atividades por at\u00e9 30 dias ap\u00f3s [&hellip;]<\/p>\n","protected":false},"author":11,"featured_media":46006,"comment_status":"open","ping_status":"open","sticky":false,"template":"","format":"standard","meta":{"jnews-multi-image_gallery":[],"jnews_single_post":{"format":"standard"},"jnews_primary_category":[],"jnews_social_meta":[],"jnews_override_counter":[],"footnotes":""},"categories":[28,1],"tags":[9987,1052,12041,641],"class_list":["post-90618","post","type-post","status-publish","format-standard","has-post-thumbnail","hentry","category-economia","category-noticias","tag-aviso-previo","tag-clt","tag-regras-e-direitos-trabalhistas","tag-trabalhador"],"yoast_head":"<!-- This site is optimized with the Yoast SEO plugin v23.8 - https:\/\/yoast.com\/wordpress\/plugins\/seo\/ -->\n<title>Regra do aviso pr\u00e9vio garante mais dinheiro ao trabalhador na hora da rescis\u00e3o - Estado de Minas - Em foco<\/title>\n<meta name=\"description\" content=\"Entenda como o aviso pr\u00e9vio trabalhado ou indenizado pode influenciar no valor final que voc\u00ea vai receber ap\u00f3s a demiss\u00e3o.\" \/>\n<meta name=\"robots\" content=\"index, follow, max-snippet:-1, max-image-preview:large, max-video-preview:-1\" \/>\n<link rel=\"canonical\" href=\"https:\/\/www.em.com.br\/emfoco\/2025\/08\/13\/regra-do-aviso-previo-garante-mais-dinheiro-ao-trabalhador-na-hora-da-rescisao\/\" \/>\n<meta property=\"og:locale\" content=\"pt_BR\" \/>\n<meta property=\"og:type\" content=\"article\" \/>\n<meta property=\"og:title\" content=\"Regra do aviso pr\u00e9vio garante mais dinheiro ao trabalhador na hora da rescis\u00e3o - Estado de Minas - Em foco\" \/>\n<meta property=\"og:description\" content=\"Entenda como o aviso pr\u00e9vio trabalhado ou indenizado pode influenciar no valor final que voc\u00ea vai receber ap\u00f3s a demiss\u00e3o.\" \/>\n<meta property=\"og:url\" content=\"https:\/\/www.em.com.br\/emfoco\/2025\/08\/13\/regra-do-aviso-previo-garante-mais-dinheiro-ao-trabalhador-na-hora-da-rescisao\/\" \/>\n<meta property=\"og:site_name\" content=\"Estado de Minas - Em foco\" \/>\n<meta property=\"article:published_time\" content=\"2025-08-13T13:00:00+00:00\" \/>\n<meta property=\"article:modified_time\" content=\"2025-08-13T01:57:42+00:00\" \/>\n<meta property=\"og:image\" content=\"https:\/\/www.em.com.br\/emfoco\/wp-content\/uploads\/2025\/05\/carteira-de-trabalho-brasil_1746805070425.jpg\" \/>\n\t<meta property=\"og:image:width\" content=\"1280\" \/>\n\t<meta property=\"og:image:height\" content=\"720\" \/>\n\t<meta property=\"og:image:type\" content=\"image\/jpeg\" \/>\n<meta name=\"author\" content=\"Andre\u0301 Rangel\u00a0\" \/>\n<meta name=\"twitter:card\" content=\"summary_large_image\" \/>\n<meta name=\"twitter:label1\" content=\"Escrito por\" \/>\n\t<meta name=\"twitter:data1\" content=\"Andre\u0301 Rangel\u00a0\" \/>\n\t<meta name=\"twitter:label2\" content=\"Est. tempo de leitura\" \/>\n\t<meta name=\"twitter:data2\" content=\"3 minutos\" \/>\n<!-- \/ Yoast SEO plugin. -->","yoast_head_json":{"title":"Regra do aviso pr\u00e9vio garante mais dinheiro ao trabalhador na hora da rescis\u00e3o - Estado de Minas - Em foco","description":"Entenda como o aviso pr\u00e9vio trabalhado ou indenizado pode influenciar no valor final que voc\u00ea vai receber ap\u00f3s a demiss\u00e3o.","robots":{"index":"index","follow":"follow","max-snippet":"max-snippet:-1","max-image-preview":"max-image-preview:large","max-video-preview":"max-video-preview:-1"},"canonical":"https:\/\/www.em.com.br\/emfoco\/2025\/08\/13\/regra-do-aviso-previo-garante-mais-dinheiro-ao-trabalhador-na-hora-da-rescisao\/","og_locale":"pt_BR","og_type":"article","og_title":"Regra do aviso pr\u00e9vio garante mais dinheiro ao trabalhador na hora da rescis\u00e3o - Estado de Minas - Em foco","og_description":"Entenda como o aviso pr\u00e9vio trabalhado ou indenizado pode influenciar no valor final que voc\u00ea vai receber ap\u00f3s a demiss\u00e3o.","og_url":"https:\/\/www.em.com.br\/emfoco\/2025\/08\/13\/regra-do-aviso-previo-garante-mais-dinheiro-ao-trabalhador-na-hora-da-rescisao\/","og_site_name":"Estado de Minas - Em foco","article_published_time":"2025-08-13T13:00:00+00:00","article_modified_time":"2025-08-13T01:57:42+00:00","og_image":[{"width":1280,"height":720,"url":"https:\/\/www.em.com.br\/emfoco\/wp-content\/uploads\/2025\/05\/carteira-de-trabalho-brasil_1746805070425.jpg","type":"image\/jpeg"}],"author":"Andre\u0301 Rangel\u00a0","twitter_card":"summary_large_image","twitter_misc":{"Escrito por":"Andre\u0301 Rangel\u00a0","Est. tempo de leitura":"3 minutos"},"schema":{"@context":"https:\/\/schema.org","@graph":[{"@type":"WebPage","@id":"https:\/\/www.em.com.br\/emfoco\/2025\/08\/13\/regra-do-aviso-previo-garante-mais-dinheiro-ao-trabalhador-na-hora-da-rescisao\/","url":"https:\/\/www.em.com.br\/emfoco\/2025\/08\/13\/regra-do-aviso-previo-garante-mais-dinheiro-ao-trabalhador-na-hora-da-rescisao\/","name":"Regra do aviso pr\u00e9vio garante mais dinheiro ao trabalhador na hora da rescis\u00e3o - Estado de Minas - Em foco","isPartOf":{"@id":"https:\/\/www.em.com.br\/emfoco\/#website"},"primaryImageOfPage":{"@id":"https:\/\/www.em.com.br\/emfoco\/2025\/08\/13\/regra-do-aviso-previo-garante-mais-dinheiro-ao-trabalhador-na-hora-da-rescisao\/#primaryimage"},"image":{"@id":"https:\/\/www.em.com.br\/emfoco\/2025\/08\/13\/regra-do-aviso-previo-garante-mais-dinheiro-ao-trabalhador-na-hora-da-rescisao\/#primaryimage"},"thumbnailUrl":"https:\/\/www.em.com.br\/emfoco\/wp-content\/uploads\/2025\/05\/carteira-de-trabalho-brasil_1746805070425.jpg","datePublished":"2025-08-13T13:00:00+00:00","dateModified":"2025-08-13T01:57:42+00:00","author":{"@id":"https:\/\/www.em.com.br\/emfoco\/#\/schema\/person\/60eda09c1fedf0d6891f4cef4b60b8b8"},"description":"Entenda como o aviso pr\u00e9vio trabalhado ou indenizado pode influenciar no valor final que voc\u00ea vai receber ap\u00f3s a demiss\u00e3o.","breadcrumb":{"@id":"https:\/\/www.em.com.br\/emfoco\/2025\/08\/13\/regra-do-aviso-previo-garante-mais-dinheiro-ao-trabalhador-na-hora-da-rescisao\/#breadcrumb"},"inLanguage":"pt-BR","potentialAction":[{"@type":"ReadAction","target":["https:\/\/www.em.com.br\/emfoco\/2025\/08\/13\/regra-do-aviso-previo-garante-mais-dinheiro-ao-trabalhador-na-hora-da-rescisao\/"]}]},{"@type":"ImageObject","inLanguage":"pt-BR","@id":"https:\/\/www.em.com.br\/emfoco\/2025\/08\/13\/regra-do-aviso-previo-garante-mais-dinheiro-ao-trabalhador-na-hora-da-rescisao\/#primaryimage","url":"https:\/\/www.em.com.br\/emfoco\/wp-content\/uploads\/2025\/05\/carteira-de-trabalho-brasil_1746805070425.jpg","contentUrl":"https:\/\/www.em.com.br\/emfoco\/wp-content\/uploads\/2025\/05\/carteira-de-trabalho-brasil_1746805070425.jpg","width":1280,"height":720,"caption":"Trabalhou 10 anos sem registro e conquistou na Justi\u00e7a o que era seu por direito - Cr\u00e9ditos: depositphotos.com \/ gustavomello162.hotmail.com"},{"@type":"BreadcrumbList","@id":"https:\/\/www.em.com.br\/emfoco\/2025\/08\/13\/regra-do-aviso-previo-garante-mais-dinheiro-ao-trabalhador-na-hora-da-rescisao\/#breadcrumb","itemListElement":[{"@type":"ListItem","position":1,"name":"In\u00edcio","item":"https:\/\/www.em.com.br\/emfoco\/"},{"@type":"ListItem","position":2,"name":"Regra do aviso pr\u00e9vio garante mais dinheiro ao trabalhador na hora da rescis\u00e3o"}]},{"@type":"WebSite","@id":"https:\/\/www.em.com.br\/emfoco\/#website","url":"https:\/\/www.em.com.br\/emfoco\/","name":"Estado de Minas - Em foco","description":"Acompanhe as \u00faltimas not\u00edcias e fique bem informado sobre tudo o que acontece em Minas Gerais, Brasil e no mundo.","potentialAction":[{"@type":"SearchAction","target":{"@type":"EntryPoint","urlTemplate":"https:\/\/www.em.com.br\/emfoco\/?s={search_term_string}"},"query-input":{"@type":"PropertyValueSpecification","valueRequired":true,"valueName":"search_term_string"}}],"inLanguage":"pt-BR"},{"@type":"Person","@id":"https:\/\/www.em.com.br\/emfoco\/#\/schema\/person\/60eda09c1fedf0d6891f4cef4b60b8b8","name":"Andre\u0301 Rangel\u00a0","image":{"@type":"ImageObject","inLanguage":"pt-BR","@id":"https:\/\/www.em.com.br\/emfoco\/#\/schema\/person\/image\/","url":"https:\/\/secure.gravatar.com\/avatar\/6234dc814c77c8ef6d8bba622c787efc?s=96&d=mm&r=g","contentUrl":"https:\/\/secure.gravatar.com\/avatar\/6234dc814c77c8ef6d8bba622c787efc?s=96&d=mm&r=g","caption":"Andre\u0301 Rangel\u00a0"},"url":"https:\/\/www.em.com.br\/emfoco\/author\/luizmyth\/"}]}},"_links":{"self":[{"href":"https:\/\/www.em.com.br\/emfoco\/wp-json\/wp\/v2\/posts\/90618","targetHints":{"allow":["GET"]}}],"collection":[{"href":"https:\/\/www.em.com.br\/emfoco\/wp-json\/wp\/v2\/posts"}],"about":[{"href":"https:\/\/www.em.com.br\/emfoco\/wp-json\/wp\/v2\/types\/post"}],"author":[{"embeddable":true,"href":"https:\/\/www.em.com.br\/emfoco\/wp-json\/wp\/v2\/users\/11"}],"replies":[{"embeddable":true,"href":"https:\/\/www.em.com.br\/emfoco\/wp-json\/wp\/v2\/comments?post=90618"}],"version-history":[{"count":1,"href":"https:\/\/www.em.com.br\/emfoco\/wp-json\/wp\/v2\/posts\/90618\/revisions"}],"predecessor-version":[{"id":90621,"href":"https:\/\/www.em.com.br\/emfoco\/wp-json\/wp\/v2\/posts\/90618\/revisions\/90621"}],"wp:featuredmedia":[{"embeddable":true,"href":"https:\/\/www.em.com.br\/emfoco\/wp-json\/wp\/v2\/media\/46006"}],"wp:attachment":[{"href":"https:\/\/www.em.com.br\/emfoco\/wp-json\/wp\/v2\/media?parent=90618"}],"wp:term":[{"taxonomy":"category","embeddable":true,"href":"https:\/\/www.em.com.br\/emfoco\/wp-json\/wp\/v2\/categories?post=90618"},{"taxonomy":"post_tag","embeddable":true,"href":"https:\/\/www.em.com.br\/emfoco\/wp-json\/wp\/v2\/tags?post=90618"}],"curies":[{"name":"wp","href":"https:\/\/api.w.org\/{rel}","templated":true}]}}