{"id":9057,"date":"2025-01-14T16:20:00","date_gmt":"2025-01-14T19:20:00","guid":{"rendered":"https:\/\/www.em.com.br\/emfoco\/?p=9057"},"modified":"2025-01-07T13:40:48","modified_gmt":"2025-01-07T16:40:48","slug":"saiba-como-transformar-suas-compras-em-dinheiro","status":"publish","type":"post","link":"https:\/\/www.em.com.br\/emfoco\/2025\/01\/14\/saiba-como-transformar-suas-compras-em-dinheiro\/","title":{"rendered":"Saiba como transformar suas compras em dinheiro!"},"content":{"rendered":"\n<p>A pr\u00e1tica de incluir o <strong><a href=\"https:\/\/www.em.com.br\/emfoco\/2025\/01\/02\/por-que-colocar-o-cpf-na-nota-saiba-como-isso-te-beneficia\/\" target=\"_blank\" rel=\"noreferrer noopener\">CPF na nota fiscal<\/a><\/strong> est\u00e1 se difundindo amplamente no Brasil, estimulada por programas estaduais que buscam promover conscientiza\u00e7\u00e3o fiscal e recompensar consumidores. Al\u00e9m de ajudar na fiscaliza\u00e7\u00e3o tribut\u00e1ria, a inclus\u00e3o do CPF proporciona bons retornos, tanto para os consumidores quanto para o governo.<\/p>\n\n\n\n<p>Ao incluir o CPF nas compras, os consumidores podem acumular cr\u00e9ditos que podem ser revertidos em dinheiro ou usados para abater valores em tributos como o IPVA. Essa pr\u00e1tica tamb\u00e9m ajuda a trazer mais transpar\u00eancia na emiss\u00e3o de notas fiscais, coibindo a sonega\u00e7\u00e3o de impostos.<\/p>\n\n\n\n<h2 class=\"wp-block-heading\">Como Funciona a Acumula\u00e7\u00e3o de Cr\u00e9ditos e o Sistema de Sorteios?<\/h2>\n\n\n\n<p>Os participantes do programa acumulam cr\u00e9ditos ao registrar o CPF nas compras, tendo a oportunidade de obter parte do valor do <a href=\"https:\/\/portal.fazenda.sp.gov.br\/acessoinformacao\/paginas\/icms.aspx\" target=\"_blank\" rel=\"noreferrer noopener\"><strong>ICMS<\/strong><\/a> recolhido de volta. Esses cr\u00e9ditos podem, ent\u00e3o, ser resgatados de v\u00e1rias formas, dependendo das regras de cada estado.<\/p>\n\n\n\n<p>Al\u00e9m disso, os consumidores tamb\u00e9m participam de sorteios peri\u00f3dicos que oferecem pr\u00eamios pecuni\u00e1rios, tornando o programa ainda mais atrativo. Os sorteios s\u00e3o autom\u00e1ticos e n\u00e3o exigem a\u00e7\u00f5es adicionais dos participantes, apenas o cadastro e o uso regular do CPF nas compras.<\/p>\n\n\n\n<figure class=\"wp-block-image size-large\"><img loading=\"lazy\" decoding=\"async\" width=\"1024\" height=\"576\" src=\"https:\/\/www.em.com.br\/emfoco\/wp-content\/uploads\/2024\/12\/cpf_1735336911493-1024x576.jpg\" alt=\"Por que colocar o CPF na nota? Saiba como isso te beneficia!\" class=\"wp-image-7165\" srcset=\"https:\/\/www.em.com.br\/emfoco\/wp-content\/uploads\/2024\/12\/cpf_1735336911493-1024x576.jpg 1024w, https:\/\/www.em.com.br\/emfoco\/wp-content\/uploads\/2024\/12\/cpf_1735336911493-300x169.jpg 300w, https:\/\/www.em.com.br\/emfoco\/wp-content\/uploads\/2024\/12\/cpf_1735336911493-768x432.jpg 768w, https:\/\/www.em.com.br\/emfoco\/wp-content\/uploads\/2024\/12\/cpf_1735336911493-750x422.jpg 750w, https:\/\/www.em.com.br\/emfoco\/wp-content\/uploads\/2024\/12\/cpf_1735336911493-1140x641.jpg 1140w, https:\/\/www.em.com.br\/emfoco\/wp-content\/uploads\/2024\/12\/cpf_1735336911493.jpg 1280w\" sizes=\"auto, (max-width: 1024px) 100vw, 1024px\" \/><figcaption class=\"wp-element-caption\">Imagem Ilustrativa de CPF &#8211; Cr\u00e9ditos: depositphotos.com \/ Mehaniq<\/figcaption><\/figure>\n\n\n\n<h2 class=\"wp-block-heading\">Passo a Passo para Participar do Programa<\/h2>\n\n\n\n<p>A participa\u00e7\u00e3o no programa de CPF na nota requer uma inscri\u00e7\u00e3o r\u00e1pida e simples no portal da Secretaria da Fazenda do estado. Os passos b\u00e1sicos incluem acessos ao site oficial, preenchimento de dados e confirma\u00e7\u00e3o de inscri\u00e7\u00e3o:<\/p>\n\n\n\n<ol class=\"wp-block-list\">\n<li>Acesse o site da Secretaria da Fazenda do seu estado.<\/li>\n\n\n\n<li>Navegue at\u00e9 a se\u00e7\u00e3o destinada ao programa.<\/li>\n\n\n\n<li>Complete o cadastro com suas informa\u00e7\u00f5es pessoais e, se necess\u00e1rio, dados banc\u00e1rios.<\/li>\n\n\n\n<li>Finalize a inscri\u00e7\u00e3o e comece a acumular seus cr\u00e9ditos fiscais.<\/li>\n<\/ol>\n\n\n\n<h2 class=\"wp-block-heading\">Consultando Cr\u00e9ditos Acumulados<\/h2>\n\n\n\n<p>Os cr\u00e9ditos acumulados e os bilhetes de sorteio podem ser verificados facilmente atrav\u00e9s de plataformas online. Ap\u00f3s se inscrever no programa, siga estas etapas para consultar seus benef\u00edcios:<\/p>\n\n\n\n<ul class=\"wp-block-list\">\n<li>Fa\u00e7a login no site ou aplicativo correspondente ao programa em sua regi\u00e3o.<\/li>\n\n\n\n<li>Acesse a se\u00e7\u00e3o de saldo para visualizar seus cr\u00e9ditos dispon\u00edveis.<\/li>\n\n\n\n<li>Verifique a \u00e1rea de sorteios para acompanhar os bilhetes e resultados dos concursos.<\/li>\n<\/ul>\n\n\n\n<h2 class=\"wp-block-heading\">Validade e Benef\u00edcios do CPF na Nota Fiscal<\/h2>\n\n\n\n<p>Para os consumidores residentes em estados que adotaram o programa, a inclus\u00e3o do CPF na nota fiscal oferece significativos benef\u00edcios. A pr\u00e1tica n\u00e3o s\u00f3 possibilita um retorno financeiro direto ao consumidor, mas tamb\u00e9m contribui para um aumento na efici\u00eancia da arrecada\u00e7\u00e3o fiscal, promovendo uma cultura de responsabilidade tribut\u00e1ria. O importante \u00e9 que os consumidores conhe\u00e7am as regras de seus estados para aproveitarem ao m\u00e1ximo os benef\u00edcios dispon\u00edveis.<\/p>\n","protected":false},"excerpt":{"rendered":"<p>A pr\u00e1tica de incluir o CPF na nota fiscal est\u00e1 se difundindo amplamente no Brasil, estimulada por programas estaduais que buscam promover conscientiza\u00e7\u00e3o fiscal e recompensar consumidores. Al\u00e9m de ajudar na fiscaliza\u00e7\u00e3o tribut\u00e1ria, a inclus\u00e3o do CPF proporciona bons retornos, tanto para os consumidores quanto para o governo. Ao incluir o CPF nas compras, os [&hellip;]<\/p>\n","protected":false},"author":5,"featured_media":7330,"comment_status":"open","ping_status":"open","sticky":false,"template":"","format":"standard","meta":{"jnews-multi-image_gallery":[],"jnews_single_post":{"format":"standard"},"jnews_primary_category":[],"jnews_social_meta":[],"jnews_override_counter":[],"footnotes":""},"categories":[28,1],"tags":[848,398,2677,402,2588],"class_list":["post-9057","post","type-post","status-publish","format-standard","has-post-thumbnail","hentry","category-economia","category-noticias","tag-cpf","tag-cpf-na-nota","tag-nota-fiscal-paulista","tag-premios","tag-programa-cpf-na-nota"],"yoast_head":"<!-- This site is optimized with the Yoast SEO plugin v23.8 - https:\/\/yoast.com\/wordpress\/plugins\/seo\/ -->\n<title>Saiba como transformar suas compras em dinheiro! - Estado de Minas - Em foco<\/title>\n<meta name=\"description\" content=\"Transforme suas notas fiscais em pr\u00eamios incr\u00edveis! Cadastre seu CPF na nota e comece a economizar. N\u00e3o perca tempo!\" \/>\n<meta name=\"robots\" content=\"index, follow, max-snippet:-1, max-image-preview:large, max-video-preview:-1\" \/>\n<link rel=\"canonical\" href=\"https:\/\/www.em.com.br\/emfoco\/2025\/01\/14\/saiba-como-transformar-suas-compras-em-dinheiro\/\" \/>\n<meta property=\"og:locale\" content=\"pt_BR\" \/>\n<meta property=\"og:type\" content=\"article\" \/>\n<meta property=\"og:title\" content=\"Saiba como transformar suas compras em dinheiro! - Estado de Minas - Em foco\" \/>\n<meta property=\"og:description\" content=\"Transforme suas notas fiscais em pr\u00eamios incr\u00edveis! Cadastre seu CPF na nota e comece a economizar. N\u00e3o perca tempo!\" \/>\n<meta property=\"og:url\" content=\"https:\/\/www.em.com.br\/emfoco\/2025\/01\/14\/saiba-como-transformar-suas-compras-em-dinheiro\/\" \/>\n<meta property=\"og:site_name\" content=\"Estado de Minas - Em foco\" \/>\n<meta property=\"article:published_time\" content=\"2025-01-14T19:20:00+00:00\" \/>\n<meta property=\"article:modified_time\" content=\"2025-01-07T16:40:48+00:00\" \/>\n<meta property=\"og:image\" content=\"https:\/\/www.em.com.br\/emfoco\/wp-content\/uploads\/2024\/12\/mercado_1735411644997.jpg\" \/>\n\t<meta property=\"og:image:width\" content=\"1280\" \/>\n\t<meta property=\"og:image:height\" content=\"720\" \/>\n\t<meta property=\"og:image:type\" content=\"image\/jpeg\" \/>\n<meta name=\"author\" content=\"N\u00fabia Rangel\" \/>\n<meta name=\"twitter:card\" content=\"summary_large_image\" \/>\n<meta name=\"twitter:label1\" content=\"Escrito por\" \/>\n\t<meta name=\"twitter:data1\" content=\"N\u00fabia Rangel\" \/>\n\t<meta name=\"twitter:label2\" content=\"Est. tempo de leitura\" \/>\n\t<meta name=\"twitter:data2\" content=\"3 minutos\" \/>\n<!-- \/ Yoast SEO plugin. -->","yoast_head_json":{"title":"Saiba como transformar suas compras em dinheiro! - Estado de Minas - Em foco","description":"Transforme suas notas fiscais em pr\u00eamios incr\u00edveis! Cadastre seu CPF na nota e comece a economizar. N\u00e3o perca tempo!","robots":{"index":"index","follow":"follow","max-snippet":"max-snippet:-1","max-image-preview":"max-image-preview:large","max-video-preview":"max-video-preview:-1"},"canonical":"https:\/\/www.em.com.br\/emfoco\/2025\/01\/14\/saiba-como-transformar-suas-compras-em-dinheiro\/","og_locale":"pt_BR","og_type":"article","og_title":"Saiba como transformar suas compras em dinheiro! - Estado de Minas - Em foco","og_description":"Transforme suas notas fiscais em pr\u00eamios incr\u00edveis! Cadastre seu CPF na nota e comece a economizar. N\u00e3o perca tempo!","og_url":"https:\/\/www.em.com.br\/emfoco\/2025\/01\/14\/saiba-como-transformar-suas-compras-em-dinheiro\/","og_site_name":"Estado de Minas - Em foco","article_published_time":"2025-01-14T19:20:00+00:00","article_modified_time":"2025-01-07T16:40:48+00:00","og_image":[{"width":1280,"height":720,"url":"https:\/\/www.em.com.br\/emfoco\/wp-content\/uploads\/2024\/12\/mercado_1735411644997.jpg","type":"image\/jpeg"}],"author":"N\u00fabia Rangel","twitter_card":"summary_large_image","twitter_misc":{"Escrito por":"N\u00fabia Rangel","Est. tempo de leitura":"3 minutos"},"schema":{"@context":"https:\/\/schema.org","@graph":[{"@type":"WebPage","@id":"https:\/\/www.em.com.br\/emfoco\/2025\/01\/14\/saiba-como-transformar-suas-compras-em-dinheiro\/","url":"https:\/\/www.em.com.br\/emfoco\/2025\/01\/14\/saiba-como-transformar-suas-compras-em-dinheiro\/","name":"Saiba como transformar suas compras em dinheiro! - Estado de Minas - Em foco","isPartOf":{"@id":"https:\/\/www.em.com.br\/emfoco\/#website"},"primaryImageOfPage":{"@id":"https:\/\/www.em.com.br\/emfoco\/2025\/01\/14\/saiba-como-transformar-suas-compras-em-dinheiro\/#primaryimage"},"image":{"@id":"https:\/\/www.em.com.br\/emfoco\/2025\/01\/14\/saiba-como-transformar-suas-compras-em-dinheiro\/#primaryimage"},"thumbnailUrl":"https:\/\/www.em.com.br\/emfoco\/wp-content\/uploads\/2024\/12\/mercado_1735411644997.jpg","datePublished":"2025-01-14T19:20:00+00:00","dateModified":"2025-01-07T16:40:48+00:00","author":{"@id":"https:\/\/www.em.com.br\/emfoco\/#\/schema\/person\/524437ef54f8a5d32591b143307f2e20"},"description":"Transforme suas notas fiscais em pr\u00eamios incr\u00edveis! Cadastre seu CPF na nota e comece a economizar. N\u00e3o perca tempo!","breadcrumb":{"@id":"https:\/\/www.em.com.br\/emfoco\/2025\/01\/14\/saiba-como-transformar-suas-compras-em-dinheiro\/#breadcrumb"},"inLanguage":"pt-BR","potentialAction":[{"@type":"ReadAction","target":["https:\/\/www.em.com.br\/emfoco\/2025\/01\/14\/saiba-como-transformar-suas-compras-em-dinheiro\/"]}]},{"@type":"ImageObject","inLanguage":"pt-BR","@id":"https:\/\/www.em.com.br\/emfoco\/2025\/01\/14\/saiba-como-transformar-suas-compras-em-dinheiro\/#primaryimage","url":"https:\/\/www.em.com.br\/emfoco\/wp-content\/uploads\/2024\/12\/mercado_1735411644997.jpg","contentUrl":"https:\/\/www.em.com.br\/emfoco\/wp-content\/uploads\/2024\/12\/mercado_1735411644997.jpg","width":1280,"height":720,"caption":"Foto Ilustrativa de mercado - Cr\u00e9ditos: depositphotos.com \/ AndrewLozovyi"},{"@type":"BreadcrumbList","@id":"https:\/\/www.em.com.br\/emfoco\/2025\/01\/14\/saiba-como-transformar-suas-compras-em-dinheiro\/#breadcrumb","itemListElement":[{"@type":"ListItem","position":1,"name":"In\u00edcio","item":"https:\/\/www.em.com.br\/emfoco\/"},{"@type":"ListItem","position":2,"name":"Saiba como transformar suas compras em dinheiro!"}]},{"@type":"WebSite","@id":"https:\/\/www.em.com.br\/emfoco\/#website","url":"https:\/\/www.em.com.br\/emfoco\/","name":"Estado de Minas - Em foco","description":"Acompanhe as \u00faltimas not\u00edcias e fique bem informado sobre tudo o que acontece em Minas Gerais, Brasil e no mundo.","potentialAction":[{"@type":"SearchAction","target":{"@type":"EntryPoint","urlTemplate":"https:\/\/www.em.com.br\/emfoco\/?s={search_term_string}"},"query-input":{"@type":"PropertyValueSpecification","valueRequired":true,"valueName":"search_term_string"}}],"inLanguage":"pt-BR"},{"@type":"Person","@id":"https:\/\/www.em.com.br\/emfoco\/#\/schema\/person\/524437ef54f8a5d32591b143307f2e20","name":"N\u00fabia Rangel","image":{"@type":"ImageObject","inLanguage":"pt-BR","@id":"https:\/\/www.em.com.br\/emfoco\/#\/schema\/person\/image\/","url":"https:\/\/secure.gravatar.com\/avatar\/47cff2827a5ba23c37e8068c86817ea4?s=96&d=mm&r=g","contentUrl":"https:\/\/secure.gravatar.com\/avatar\/47cff2827a5ba23c37e8068c86817ea4?s=96&d=mm&r=g","caption":"N\u00fabia Rangel"},"sameAs":["https:\/\/www.em.com.br\/emfoco\/"],"url":"https:\/\/www.em.com.br\/emfoco\/author\/nubiamyth\/"}]}},"_links":{"self":[{"href":"https:\/\/www.em.com.br\/emfoco\/wp-json\/wp\/v2\/posts\/9057","targetHints":{"allow":["GET"]}}],"collection":[{"href":"https:\/\/www.em.com.br\/emfoco\/wp-json\/wp\/v2\/posts"}],"about":[{"href":"https:\/\/www.em.com.br\/emfoco\/wp-json\/wp\/v2\/types\/post"}],"author":[{"embeddable":true,"href":"https:\/\/www.em.com.br\/emfoco\/wp-json\/wp\/v2\/users\/5"}],"replies":[{"embeddable":true,"href":"https:\/\/www.em.com.br\/emfoco\/wp-json\/wp\/v2\/comments?post=9057"}],"version-history":[{"count":2,"href":"https:\/\/www.em.com.br\/emfoco\/wp-json\/wp\/v2\/posts\/9057\/revisions"}],"predecessor-version":[{"id":9059,"href":"https:\/\/www.em.com.br\/emfoco\/wp-json\/wp\/v2\/posts\/9057\/revisions\/9059"}],"wp:featuredmedia":[{"embeddable":true,"href":"https:\/\/www.em.com.br\/emfoco\/wp-json\/wp\/v2\/media\/7330"}],"wp:attachment":[{"href":"https:\/\/www.em.com.br\/emfoco\/wp-json\/wp\/v2\/media?parent=9057"}],"wp:term":[{"taxonomy":"category","embeddable":true,"href":"https:\/\/www.em.com.br\/emfoco\/wp-json\/wp\/v2\/categories?post=9057"},{"taxonomy":"post_tag","embeddable":true,"href":"https:\/\/www.em.com.br\/emfoco\/wp-json\/wp\/v2\/tags?post=9057"}],"curies":[{"name":"wp","href":"https:\/\/api.w.org\/{rel}","templated":true}]}}