{"id":903,"date":"2024-11-19T18:20:00","date_gmt":"2024-11-19T21:20:00","guid":{"rendered":"https:\/\/www.em.com.br\/emfoco\/?p=903"},"modified":"2024-11-18T19:59:21","modified_gmt":"2024-11-18T22:59:21","slug":"sucesso-na-netflix-saiba-mais-sobre-a-vida-e-fortuna-estimada-de-milena-smit-de-o-poco-2","status":"publish","type":"post","link":"https:\/\/www.em.com.br\/emfoco\/2024\/11\/19\/sucesso-na-netflix-saiba-mais-sobre-a-vida-e-fortuna-estimada-de-milena-smit-de-o-poco-2\/","title":{"rendered":"Sucesso na Netflix! Saiba mais sobre a vida e fortuna estimada de Milena Smit, de O Po\u00e7o 2"},"content":{"rendered":"\n<p>Milena Smit, uma das mais promissoras atrizes espanholas da atualidade, voltou aos holofotes com sua atua\u00e7\u00e3o em <em>O Po\u00e7o 2<\/em>, sequ\u00eancia do sucesso da Netflix que aborda temas como desigualdade e sobreviv\u00eancia em uma pris\u00e3o vertical. A performance da atriz tem sido amplamente elogiada, consolidando seu nome no cen\u00e1rio <a href=\"https:\/\/www.em.com.br\/emfoco\/categoria\/entretenimento\/\" target=\"_blank\" rel=\"noreferrer noopener\"><strong>internacional<\/strong><\/a>.<\/p>\n\n\n\n<h2 class=\"wp-block-heading\">A Carreira de Milena Smit<\/h2>\n\n\n\n<p>Nascida em Elche, na Espanha, Milena come\u00e7ou sua carreira como modelo antes de mergulhar no mundo da atua\u00e7\u00e3o. Sua estreia no cinema aconteceu em <em>No Matar\u00e1s<\/em> (2020), um thriller psicol\u00f3gico que lhe rendeu indica\u00e7\u00f5es ao Pr\u00eamio Goya como Atriz Revela\u00e7\u00e3o. No entanto, foi em <em>M\u00e3es Paralelas<\/em> (2021), dirigido por Pedro Almod\u00f3var, que ela realmente chamou a aten\u00e7\u00e3o da cr\u00edtica e do p\u00fablico, dividindo a tela com Pen\u00e9lope Cruz. Esse papel lhe trouxe indica\u00e7\u00f5es a pr\u00eamios de prest\u00edgio e pavimentou seu caminho para projetos ainda mais ambiciosos.<\/p>\n\n\n\n<p>Al\u00e9m do cinema, Milena tamb\u00e9m estrelou a s\u00e9rie da <a href=\"https:\/\/www.netflix.com\/br\/\" target=\"_blank\" rel=\"noreferrer noopener\"><strong>Netflix <\/strong><\/a><em>A Garota na Fita<\/em>, baseada em um best-seller espanhol. No papel de Miren, uma jornalista investigativa, ela mostrou sua versatilidade como atriz, cativando os espectadores com uma atua\u00e7\u00e3o marcante.<\/p>\n\n\n\n<h2 class=\"wp-block-heading\"><em>O Po\u00e7o 2<\/em>: Desafios e Reconhecimento<\/h2>\n\n\n\n<figure class=\"wp-block-gallery has-nested-images columns-default is-cropped wp-block-gallery-1 is-layout-flex wp-block-gallery-is-layout-flex\">\n<figure class=\"wp-block-image size-large\"><img loading=\"lazy\" decoding=\"async\" width=\"1024\" height=\"597\" data-id=\"953\" src=\"https:\/\/www.em.com.br\/emfoco\/wp-content\/uploads\/2024\/11\/Milena-Smit-O-poco-2-Imagem-Reproducao-Instagram-1-1024x597.jpg\" alt=\"Milena Smit - O po\u00e7o 2 - Imagem Reprodu\u00e7\u00e3o Instagram\" class=\"wp-image-953\" srcset=\"https:\/\/www.em.com.br\/emfoco\/wp-content\/uploads\/2024\/11\/Milena-Smit-O-poco-2-Imagem-Reproducao-Instagram-1-1024x597.jpg 1024w, https:\/\/www.em.com.br\/emfoco\/wp-content\/uploads\/2024\/11\/Milena-Smit-O-poco-2-Imagem-Reproducao-Instagram-1-300x175.jpg 300w, https:\/\/www.em.com.br\/emfoco\/wp-content\/uploads\/2024\/11\/Milena-Smit-O-poco-2-Imagem-Reproducao-Instagram-1-768x448.jpg 768w, https:\/\/www.em.com.br\/emfoco\/wp-content\/uploads\/2024\/11\/Milena-Smit-O-poco-2-Imagem-Reproducao-Instagram-1-750x438.jpg 750w, https:\/\/www.em.com.br\/emfoco\/wp-content\/uploads\/2024\/11\/Milena-Smit-O-poco-2-Imagem-Reproducao-Instagram-1-1140x665.jpg 1140w, https:\/\/www.em.com.br\/emfoco\/wp-content\/uploads\/2024\/11\/Milena-Smit-O-poco-2-Imagem-Reproducao-Instagram-1.jpg 1200w\" sizes=\"auto, (max-width: 1024px) 100vw, 1024px\" \/><figcaption class=\"wp-element-caption\">Milena Smit &#8211; O po\u00e7o 2 &#8211; Imagem Reprodu\u00e7\u00e3o Instagram<\/figcaption><\/figure>\n<\/figure>\n\n\n\n<p>Na sequ\u00eancia de <em>O Po\u00e7o<\/em>, Milena interpreta Perempu\u00e1n, uma personagem que traz novas camadas de complexidade \u00e0 trama dist\u00f3pica. Durante as filmagens, a atriz enfrentou desafios f\u00edsicos e emocionais, incluindo cenas gravadas em espa\u00e7os extremamente pequenos, com cerca de 60 pessoas no set, como ela revelou em uma entrevista.<\/p>\n\n\n\n<p>O filme, dirigido novamente por Galder Gaztelu-Urrutia, mant\u00e9m o clima claustrof\u00f3bico e as reflex\u00f5es sociais do original, explorando o impacto da sobreviv\u00eancia em um ambiente hostil. Apesar de cr\u00edticas mistas, <em>O Po\u00e7o 2<\/em> reafirmou o talento de Milena, colocando-a entre as estrelas em ascens\u00e3o da Netflix.<\/p>\n\n\n\n<h2 class=\"wp-block-heading\">Fortuna Estimada<\/h2>\n\n\n\n<p>Embora informa\u00e7\u00f5es exatas sobre a <a href=\"https:\/\/www.em.com.br\/emfoco\/2024\/11\/18\/sung-kang-conheca-a-fortuna-do-astro-de-velozes-e-furiosos\/\" target=\"_blank\" rel=\"noreferrer noopener\"><strong>fortuna <\/strong><\/a>de Milena Smit n\u00e3o sejam divulgadas, seu crescente reconhecimento na ind\u00fastria do entretenimento sugere que ela esteja acumulando um patrim\u00f4nio significativo. Com contratos em produ\u00e7\u00f5es de destaque, parcerias comerciais e uma carreira em ascens\u00e3o, especialistas estimam que seu patrim\u00f4nio possa girar em torno de 1 a 2 milh\u00f5es de euros. Esse valor deve aumentar \u00e0 medida que ela consolida sua carreira em produ\u00e7\u00f5es internacionais.<\/p>\n\n\n\n<h2 class=\"wp-block-heading\">Outros Projetos e Impacto Cultural<\/h2>\n\n\n\n<p>Al\u00e9m de seus pap\u00e9is de destaque, Milena Smit tem sido uma voz ativa na promo\u00e7\u00e3o da diversidade e da arte contempor\u00e2nea no cinema espanhol. Sua colabora\u00e7\u00e3o com diretores renomados como Almod\u00f3var demonstra n\u00e3o apenas sua habilidade como atriz, mas tamb\u00e9m seu compromisso com hist\u00f3rias complexas e impactantes.<\/p>\n\n\n\n<p>O sucesso de <em>O Po\u00e7o 2<\/em> e seu trabalho anterior refletem um futuro promissor. Com seu talento ineg\u00e1vel e dedica\u00e7\u00e3o, Milena Smit parece estar apenas come\u00e7ando sua jornada no cinema global.<\/p>\n","protected":false},"excerpt":{"rendered":"<p>Milena Smit brilha em O Po\u00e7o 2, sequ\u00eancia do sucesso da Netflix, destacando-se internacionalmente. Sua atua\u00e7\u00e3o aborda desigualdade e sobreviv\u00eancia em uma pris\u00e3o vertical, recebendo elogios globais. Saiba mais!<\/p>\n","protected":false},"author":3,"featured_media":952,"comment_status":"open","ping_status":"open","sticky":false,"template":"","format":"standard","meta":{"jnews-multi-image_gallery":[],"jnews_single_post":{"format":"standard"},"jnews_primary_category":[],"jnews_social_meta":[],"jnews_override_counter":[],"footnotes":""},"categories":[29],"tags":[696,692,695,231,694,693,691],"class_list":["post-903","post","type-post","status-publish","format-standard","has-post-thumbnail","hentry","category-entretenimento","tag-atuacao","tag-desigualdade","tag-milena-smit","tag-netflix","tag-o-poco-2","tag-prisao-vertical","tag-sobrevivencia"],"yoast_head":"<!-- This site is optimized with the Yoast SEO plugin v23.8 - https:\/\/yoast.com\/wordpress\/plugins\/seo\/ -->\n<title>Sucesso na Netflix! Saiba mais sobre a vida e fortuna estimada de Milena Smit, de O Po\u00e7o 2 - Estado de Minas - Em foco<\/title>\n<meta name=\"description\" content=\"Milena Smit brilha em O Po\u00e7o 2, sequ\u00eancia do sucesso da Netflix, destacando-se internacionalmente. Sua atua\u00e7\u00e3o aborda desigualdade\" \/>\n<meta name=\"robots\" content=\"index, follow, max-snippet:-1, max-image-preview:large, max-video-preview:-1\" \/>\n<link rel=\"canonical\" href=\"https:\/\/www.em.com.br\/emfoco\/2024\/11\/19\/sucesso-na-netflix-saiba-mais-sobre-a-vida-e-fortuna-estimada-de-milena-smit-de-o-poco-2\/\" \/>\n<meta property=\"og:locale\" content=\"pt_BR\" \/>\n<meta property=\"og:type\" content=\"article\" \/>\n<meta property=\"og:title\" content=\"Sucesso na Netflix! Saiba mais sobre a vida e fortuna estimada de Milena Smit, de O Po\u00e7o 2 - Estado de Minas - Em foco\" \/>\n<meta property=\"og:description\" content=\"Milena Smit brilha em O Po\u00e7o 2, sequ\u00eancia do sucesso da Netflix, destacando-se internacionalmente. Sua atua\u00e7\u00e3o aborda desigualdade\" \/>\n<meta property=\"og:url\" content=\"https:\/\/www.em.com.br\/emfoco\/2024\/11\/19\/sucesso-na-netflix-saiba-mais-sobre-a-vida-e-fortuna-estimada-de-milena-smit-de-o-poco-2\/\" \/>\n<meta property=\"og:site_name\" content=\"Estado de Minas - Em foco\" \/>\n<meta property=\"article:published_time\" content=\"2024-11-19T21:20:00+00:00\" \/>\n<meta property=\"article:modified_time\" content=\"2024-11-18T22:59:21+00:00\" \/>\n<meta property=\"og:image\" content=\"https:\/\/www.em.com.br\/emfoco\/wp-content\/uploads\/2024\/11\/Milena-Smit-O-poco-2-Imagem-Reproducao-Instagram.jpg\" \/>\n\t<meta property=\"og:image:width\" content=\"1200\" \/>\n\t<meta property=\"og:image:height\" content=\"700\" \/>\n\t<meta property=\"og:image:type\" content=\"image\/jpeg\" \/>\n<meta name=\"author\" content=\"Helen Palma\" \/>\n<meta name=\"twitter:card\" content=\"summary_large_image\" \/>\n<meta name=\"twitter:label1\" content=\"Escrito por\" \/>\n\t<meta name=\"twitter:data1\" content=\"Helen Palma\" \/>\n\t<meta name=\"twitter:label2\" content=\"Est. tempo de leitura\" \/>\n\t<meta name=\"twitter:data2\" content=\"3 minutos\" \/>\n<!-- \/ Yoast SEO plugin. -->","yoast_head_json":{"title":"Sucesso na Netflix! Saiba mais sobre a vida e fortuna estimada de Milena Smit, de O Po\u00e7o 2 - Estado de Minas - Em foco","description":"Milena Smit brilha em O Po\u00e7o 2, sequ\u00eancia do sucesso da Netflix, destacando-se internacionalmente. Sua atua\u00e7\u00e3o aborda desigualdade","robots":{"index":"index","follow":"follow","max-snippet":"max-snippet:-1","max-image-preview":"max-image-preview:large","max-video-preview":"max-video-preview:-1"},"canonical":"https:\/\/www.em.com.br\/emfoco\/2024\/11\/19\/sucesso-na-netflix-saiba-mais-sobre-a-vida-e-fortuna-estimada-de-milena-smit-de-o-poco-2\/","og_locale":"pt_BR","og_type":"article","og_title":"Sucesso na Netflix! Saiba mais sobre a vida e fortuna estimada de Milena Smit, de O Po\u00e7o 2 - Estado de Minas - Em foco","og_description":"Milena Smit brilha em O Po\u00e7o 2, sequ\u00eancia do sucesso da Netflix, destacando-se internacionalmente. Sua atua\u00e7\u00e3o aborda desigualdade","og_url":"https:\/\/www.em.com.br\/emfoco\/2024\/11\/19\/sucesso-na-netflix-saiba-mais-sobre-a-vida-e-fortuna-estimada-de-milena-smit-de-o-poco-2\/","og_site_name":"Estado de Minas - Em foco","article_published_time":"2024-11-19T21:20:00+00:00","article_modified_time":"2024-11-18T22:59:21+00:00","og_image":[{"width":1200,"height":700,"url":"https:\/\/www.em.com.br\/emfoco\/wp-content\/uploads\/2024\/11\/Milena-Smit-O-poco-2-Imagem-Reproducao-Instagram.jpg","type":"image\/jpeg"}],"author":"Helen Palma","twitter_card":"summary_large_image","twitter_misc":{"Escrito por":"Helen Palma","Est. tempo de leitura":"3 minutos"},"schema":{"@context":"https:\/\/schema.org","@graph":[{"@type":"WebPage","@id":"https:\/\/www.em.com.br\/emfoco\/2024\/11\/19\/sucesso-na-netflix-saiba-mais-sobre-a-vida-e-fortuna-estimada-de-milena-smit-de-o-poco-2\/","url":"https:\/\/www.em.com.br\/emfoco\/2024\/11\/19\/sucesso-na-netflix-saiba-mais-sobre-a-vida-e-fortuna-estimada-de-milena-smit-de-o-poco-2\/","name":"Sucesso na Netflix! Saiba mais sobre a vida e fortuna estimada de Milena Smit, de O Po\u00e7o 2 - Estado de Minas - Em foco","isPartOf":{"@id":"https:\/\/www.em.com.br\/emfoco\/#website"},"primaryImageOfPage":{"@id":"https:\/\/www.em.com.br\/emfoco\/2024\/11\/19\/sucesso-na-netflix-saiba-mais-sobre-a-vida-e-fortuna-estimada-de-milena-smit-de-o-poco-2\/#primaryimage"},"image":{"@id":"https:\/\/www.em.com.br\/emfoco\/2024\/11\/19\/sucesso-na-netflix-saiba-mais-sobre-a-vida-e-fortuna-estimada-de-milena-smit-de-o-poco-2\/#primaryimage"},"thumbnailUrl":"https:\/\/www.em.com.br\/emfoco\/wp-content\/uploads\/2024\/11\/Milena-Smit-O-poco-2-Imagem-Reproducao-Instagram.jpg","datePublished":"2024-11-19T21:20:00+00:00","dateModified":"2024-11-18T22:59:21+00:00","author":{"@id":"https:\/\/www.em.com.br\/emfoco\/#\/schema\/person\/d79d5c83ee37ab7ca6781d92bd406eac"},"description":"Milena Smit brilha em O Po\u00e7o 2, sequ\u00eancia do sucesso da Netflix, destacando-se internacionalmente. Sua atua\u00e7\u00e3o aborda desigualdade","breadcrumb":{"@id":"https:\/\/www.em.com.br\/emfoco\/2024\/11\/19\/sucesso-na-netflix-saiba-mais-sobre-a-vida-e-fortuna-estimada-de-milena-smit-de-o-poco-2\/#breadcrumb"},"inLanguage":"pt-BR","potentialAction":[{"@type":"ReadAction","target":["https:\/\/www.em.com.br\/emfoco\/2024\/11\/19\/sucesso-na-netflix-saiba-mais-sobre-a-vida-e-fortuna-estimada-de-milena-smit-de-o-poco-2\/"]}]},{"@type":"ImageObject","inLanguage":"pt-BR","@id":"https:\/\/www.em.com.br\/emfoco\/2024\/11\/19\/sucesso-na-netflix-saiba-mais-sobre-a-vida-e-fortuna-estimada-de-milena-smit-de-o-poco-2\/#primaryimage","url":"https:\/\/www.em.com.br\/emfoco\/wp-content\/uploads\/2024\/11\/Milena-Smit-O-poco-2-Imagem-Reproducao-Instagram.jpg","contentUrl":"https:\/\/www.em.com.br\/emfoco\/wp-content\/uploads\/2024\/11\/Milena-Smit-O-poco-2-Imagem-Reproducao-Instagram.jpg","width":1200,"height":700,"caption":"Milena Smit - O po\u00e7o 2 - Imagem Reprodu\u00e7\u00e3o Instagram"},{"@type":"BreadcrumbList","@id":"https:\/\/www.em.com.br\/emfoco\/2024\/11\/19\/sucesso-na-netflix-saiba-mais-sobre-a-vida-e-fortuna-estimada-de-milena-smit-de-o-poco-2\/#breadcrumb","itemListElement":[{"@type":"ListItem","position":1,"name":"In\u00edcio","item":"https:\/\/www.em.com.br\/emfoco\/"},{"@type":"ListItem","position":2,"name":"Sucesso na Netflix! Saiba mais sobre a vida e fortuna estimada de Milena Smit, de O Po\u00e7o 2"}]},{"@type":"WebSite","@id":"https:\/\/www.em.com.br\/emfoco\/#website","url":"https:\/\/www.em.com.br\/emfoco\/","name":"Estado de Minas - Em foco","description":"Acompanhe as \u00faltimas not\u00edcias e fique bem informado sobre tudo o que acontece em Minas Gerais, Brasil e no mundo.","potentialAction":[{"@type":"SearchAction","target":{"@type":"EntryPoint","urlTemplate":"https:\/\/www.em.com.br\/emfoco\/?s={search_term_string}"},"query-input":{"@type":"PropertyValueSpecification","valueRequired":true,"valueName":"search_term_string"}}],"inLanguage":"pt-BR"},{"@type":"Person","@id":"https:\/\/www.em.com.br\/emfoco\/#\/schema\/person\/d79d5c83ee37ab7ca6781d92bd406eac","name":"Helen Palma","image":{"@type":"ImageObject","inLanguage":"pt-BR","@id":"https:\/\/www.em.com.br\/emfoco\/#\/schema\/person\/image\/","url":"https:\/\/secure.gravatar.com\/avatar\/c657d9266c25fd5b35a8a6274fb730cd?s=96&d=mm&r=g","contentUrl":"https:\/\/secure.gravatar.com\/avatar\/c657d9266c25fd5b35a8a6274fb730cd?s=96&d=mm&r=g","caption":"Helen Palma"},"url":"https:\/\/www.em.com.br\/emfoco\/author\/helenmyth\/"}]}},"_links":{"self":[{"href":"https:\/\/www.em.com.br\/emfoco\/wp-json\/wp\/v2\/posts\/903","targetHints":{"allow":["GET"]}}],"collection":[{"href":"https:\/\/www.em.com.br\/emfoco\/wp-json\/wp\/v2\/posts"}],"about":[{"href":"https:\/\/www.em.com.br\/emfoco\/wp-json\/wp\/v2\/types\/post"}],"author":[{"embeddable":true,"href":"https:\/\/www.em.com.br\/emfoco\/wp-json\/wp\/v2\/users\/3"}],"replies":[{"embeddable":true,"href":"https:\/\/www.em.com.br\/emfoco\/wp-json\/wp\/v2\/comments?post=903"}],"version-history":[{"count":2,"href":"https:\/\/www.em.com.br\/emfoco\/wp-json\/wp\/v2\/posts\/903\/revisions"}],"predecessor-version":[{"id":954,"href":"https:\/\/www.em.com.br\/emfoco\/wp-json\/wp\/v2\/posts\/903\/revisions\/954"}],"wp:featuredmedia":[{"embeddable":true,"href":"https:\/\/www.em.com.br\/emfoco\/wp-json\/wp\/v2\/media\/952"}],"wp:attachment":[{"href":"https:\/\/www.em.com.br\/emfoco\/wp-json\/wp\/v2\/media?parent=903"}],"wp:term":[{"taxonomy":"category","embeddable":true,"href":"https:\/\/www.em.com.br\/emfoco\/wp-json\/wp\/v2\/categories?post=903"},{"taxonomy":"post_tag","embeddable":true,"href":"https:\/\/www.em.com.br\/emfoco\/wp-json\/wp\/v2\/tags?post=903"}],"curies":[{"name":"wp","href":"https:\/\/api.w.org\/{rel}","templated":true}]}}