{"id":90296,"date":"2025-08-12T13:50:00","date_gmt":"2025-08-12T16:50:00","guid":{"rendered":"https:\/\/www.em.com.br\/emfoco\/?p=90296"},"modified":"2025-08-12T14:00:07","modified_gmt":"2025-08-12T17:00:07","slug":"ana-paula-figueiredo-advogada-a-partir-de-2026-receita-federal-vai-rastrear-alugueis","status":"publish","type":"post","link":"https:\/\/www.em.com.br\/emfoco\/2025\/08\/12\/ana-paula-figueiredo-advogada-a-partir-de-2026-receita-federal-vai-rastrear-alugueis\/","title":{"rendered":"Ana Paula Figueiredo, advogada: \u201cA partir de 2026, Receita Federal vai rastrear alugu\u00e9is\u201d"},"content":{"rendered":"\n<p>A advogada Ana Paula Figueiredo, especialista em planejamento sucess\u00f3rio e holdings, explica que, a partir de 2026, entrar\u00e1 em funcionamento o Cadastro Imobili\u00e1rio Brasileiro, um sistema nacional administrado pela Receita Federal que vai cruzar dados para identificar e tributar a renda proveniente de alugu\u00e9is n\u00e3o declarados.<\/p>\n\n\n\n<p>Segundo a especialista, o mecanismo representar\u00e1 uma mudan\u00e7a significativa na forma como locadores e inquilinos devem lidar com o imposto de renda sobre loca\u00e7\u00f5es. A estrat\u00e9gia de n\u00e3o declarar aluguel, comum para tentar reduzir tributos, deixar\u00e1 de ser vi\u00e1vel, j\u00e1 que a Receita Federal ter\u00e1 acesso a informa\u00e7\u00f5es detalhadas sobre propriedade e ocupa\u00e7\u00e3o de im\u00f3veis em todo o pa\u00eds.<\/p>\n\n\n\n<h2 class=\"wp-block-heading\">O que \u00e9 o Cadastro Imobili\u00e1rio Brasileiro e como ele vai funcionar?<\/h2>\n\n\n\n<p>O novo cadastro ser\u00e1 alimentado por dois principais \u00f3rg\u00e3os: os cart\u00f3rios de registro de im\u00f3veis, que ter\u00e3o at\u00e9 12 meses para registrar os dados de propriedade, e as prefeituras, respons\u00e1veis por informar quem \u00e9 o contribuinte de cada im\u00f3vel. Com essas informa\u00e7\u00f5es, a Receita Federal ter\u00e1 condi\u00e7\u00f5es de cruzar registros e identificar quando um inquilino reside em um im\u00f3vel de outra pessoa.<\/p>\n\n\n\n<p>Essa integra\u00e7\u00e3o de dados permitir\u00e1 que o \u00f3rg\u00e3o fiscal detecte rapidamente loca\u00e7\u00f5es n\u00e3o declaradas, enviando intima\u00e7\u00f5es tanto para o propriet\u00e1rio quanto para o inquilino para que expliquem a rela\u00e7\u00e3o jur\u00eddica que permite a ocupa\u00e7\u00e3o do im\u00f3vel.<\/p>\n\n\n\n<h2 class=\"wp-block-heading\">Por que o cruzamento de dados vai acabar com alugu\u00e9is n\u00e3o declarados?<\/h2>\n\n\n\n<p>O inquilino precisa informar no imposto de renda a resid\u00eancia que ocupa, seja para fins de dedu\u00e7\u00e3o ou simples identifica\u00e7\u00e3o. Ao fazer isso, a Receita poder\u00e1 verificar que o im\u00f3vel pertence a outra pessoa e conferir se h\u00e1 declara\u00e7\u00e3o de aluguel por parte do propriet\u00e1rio.<\/p>\n\n\n\n<p>Se n\u00e3o houver, a irregularidade ser\u00e1 detectada automaticamente. Isso elimina brechas usadas para omitir rendimentos e reduz a possibilidade de acordos informais entre locador e locat\u00e1rio para evitar tributos.<\/p>\n\n\n\n<h2 class=\"wp-block-heading\">Qual o impacto tribut\u00e1rio para o propriet\u00e1rio de im\u00f3veis?<\/h2>\n\n\n\n<p>Quem recebe aluguel como pessoa f\u00edsica est\u00e1 sujeito \u00e0 al\u00edquota de at\u00e9 27,5% de imposto de renda, conforme a tabela progressiva. Esse percentual elevado pode representar um custo significativo ao longo do ano.<\/p>\n\n\n<div class=\"wp-block-image\">\n<figure class=\"aligncenter size-large\"><img loading=\"lazy\" decoding=\"async\" width=\"1024\" height=\"576\" src=\"https:\/\/www.em.com.br\/emfoco\/wp-content\/uploads\/2025\/08\/Imoveis_1755017882355-1024x576.jpg\" alt=\"\" class=\"wp-image-90342\" srcset=\"https:\/\/www.em.com.br\/emfoco\/wp-content\/uploads\/2025\/08\/Imoveis_1755017882355-1024x576.jpg 1024w, https:\/\/www.em.com.br\/emfoco\/wp-content\/uploads\/2025\/08\/Imoveis_1755017882355-300x169.jpg 300w, https:\/\/www.em.com.br\/emfoco\/wp-content\/uploads\/2025\/08\/Imoveis_1755017882355-768x432.jpg 768w, https:\/\/www.em.com.br\/emfoco\/wp-content\/uploads\/2025\/08\/Imoveis_1755017882355-750x422.jpg 750w, https:\/\/www.em.com.br\/emfoco\/wp-content\/uploads\/2025\/08\/Imoveis_1755017882355-1140x641.jpg 1140w, https:\/\/www.em.com.br\/emfoco\/wp-content\/uploads\/2025\/08\/Imoveis_1755017882355.jpg 1280w\" sizes=\"auto, (max-width: 1024px) 100vw, 1024px\" \/><figcaption class=\"wp-element-caption\">Projeto de arquitetura  e chaves de casa &#8211; Cr\u00e9ditos: depositphotos.com \/ tannjuska<\/figcaption><\/figure><\/div>\n\n\n<p>Ana Paula Figueiredo ressalta que, com a nova fiscaliza\u00e7\u00e3o, ser\u00e1 inevit\u00e1vel pagar imposto sobre alugu\u00e9is. Por isso, \u00e9 importante avaliar estrat\u00e9gias legais que permitam reduzir essa carga tribut\u00e1ria e manter o controle sobre o patrim\u00f4nio.<\/p>\n\n\n\n<h2 class=\"wp-block-heading\">Como uma holding familiar pode reduzir a carga tribut\u00e1ria?<\/h2>\n\n\n\n<p>Uma alternativa \u00e9 migrar a propriedade dos im\u00f3veis para uma pessoa jur\u00eddica, como uma holding familiar. Nesse modelo, a tributa\u00e7\u00e3o sobre o aluguel cai para cerca de 11,33%, valor consideravelmente menor que o m\u00e1ximo cobrado de pessoas f\u00edsicas.<\/p>\n\n\n\n<p>Al\u00e9m de diminuir o imposto, a holding facilita o planejamento sucess\u00f3rio, permitindo a transfer\u00eancia de cotas aos herdeiros ainda em vida, o que pode reduzir conflitos e custos no invent\u00e1rio.<\/p>\n\n\n\n<h2 class=\"wp-block-heading\">Al\u00e9m da economia de impostos, quais s\u00e3o os benef\u00edcios da holding?<\/h2>\n\n\n\n<p>A constitui\u00e7\u00e3o de uma holding familiar mant\u00e9m o propriet\u00e1rio no controle das decis\u00f5es e administra\u00e7\u00e3o dos bens. Tamb\u00e9m contribui para a prote\u00e7\u00e3o patrimonial, dificultando que terceiros tenham acesso aos im\u00f3veis em casos de disputas judiciais ou d\u00edvidas pessoais.<\/p>\n\n\n\n<p>Outro ponto positivo \u00e9 a possibilidade de organizar a sucess\u00e3o de forma antecipada, evitando que a transfer\u00eancia de bens aos herdeiros dependa de um processo judicial longo e custoso.<\/p>\n\n\n\n<h2 class=\"wp-block-heading\">Fontes oficiais<\/h2>\n\n\n\n<ul class=\"wp-block-list\">\n<li>Receita Federal do Brasil \u2013 <a>www.gov.br\/receitafederal<\/a><\/li>\n\n\n\n<li>Conselho Nacional de Justi\u00e7a (CNJ) \u2013 <a>www.cnj.jus.br<\/a><\/li>\n\n\n\n<li>Minist\u00e9rio da Economia \u2013 <a>www.gov.br\/economia<\/a><\/li>\n<\/ul>\n","protected":false},"excerpt":{"rendered":"<p>A advogada Ana Paula Figueiredo, especialista em planejamento sucess\u00f3rio e holdings, explica que, a partir de 2026, entrar\u00e1 em funcionamento o Cadastro Imobili\u00e1rio Brasileiro, um sistema nacional administrado pela Receita Federal que vai cruzar dados para identificar e tributar a renda proveniente de alugu\u00e9is n\u00e3o declarados. Segundo a especialista, o mecanismo representar\u00e1 uma mudan\u00e7a significativa [&hellip;]<\/p>\n","protected":false},"author":17,"featured_media":90340,"comment_status":"open","ping_status":"open","sticky":false,"template":"","format":"standard","meta":{"jnews-multi-image_gallery":[],"jnews_single_post":{"format":"standard"},"jnews_primary_category":[],"jnews_social_meta":[],"jnews_override_counter":[],"footnotes":""},"categories":[28],"tags":[160,2876,1105],"class_list":["post-90296","post","type-post","status-publish","format-standard","has-post-thumbnail","hentry","category-economia","tag-economia","tag-impostos","tag-tributacao"],"yoast_head":"<!-- This site is optimized with the Yoast SEO plugin v23.8 - https:\/\/yoast.com\/wordpress\/plugins\/seo\/ -->\n<title>Ana Paula Figueiredo, advogada: \u201cA partir de 2026, Receita Federal vai rastrear alugu\u00e9is\u201d - Estado de Minas - Em foco<\/title>\n<meta name=\"description\" content=\"A advogada Ana Paula Figueiredo explica como o Cadastro Imobili\u00e1rio Brasileiro vai acabar com alugu\u00e9is n\u00e3o declarados e como reduzir impostos.\" \/>\n<meta name=\"robots\" content=\"index, follow, max-snippet:-1, max-image-preview:large, max-video-preview:-1\" \/>\n<link rel=\"canonical\" href=\"https:\/\/www.em.com.br\/emfoco\/2025\/08\/12\/ana-paula-figueiredo-advogada-a-partir-de-2026-receita-federal-vai-rastrear-alugueis\/\" \/>\n<meta property=\"og:locale\" content=\"pt_BR\" \/>\n<meta property=\"og:type\" content=\"article\" \/>\n<meta property=\"og:title\" content=\"Ana Paula Figueiredo, advogada: \u201cA partir de 2026, Receita Federal vai rastrear alugu\u00e9is\u201d - Estado de Minas - Em foco\" \/>\n<meta property=\"og:description\" content=\"A advogada Ana Paula Figueiredo explica como o Cadastro Imobili\u00e1rio Brasileiro vai acabar com alugu\u00e9is n\u00e3o declarados e como reduzir impostos.\" \/>\n<meta property=\"og:url\" content=\"https:\/\/www.em.com.br\/emfoco\/2025\/08\/12\/ana-paula-figueiredo-advogada-a-partir-de-2026-receita-federal-vai-rastrear-alugueis\/\" \/>\n<meta property=\"og:site_name\" content=\"Estado de Minas - Em foco\" \/>\n<meta property=\"article:published_time\" content=\"2025-08-12T16:50:00+00:00\" \/>\n<meta property=\"article:modified_time\" content=\"2025-08-12T17:00:07+00:00\" \/>\n<meta property=\"og:image\" content=\"https:\/\/www.em.com.br\/emfoco\/wp-content\/uploads\/2025\/08\/mosaico_1755017820378.jpg\" \/>\n\t<meta property=\"og:image:width\" content=\"1280\" \/>\n\t<meta property=\"og:image:height\" content=\"720\" \/>\n\t<meta property=\"og:image:type\" content=\"image\/jpeg\" \/>\n<meta name=\"author\" content=\"Lucas Sampaio\" \/>\n<meta name=\"twitter:card\" content=\"summary_large_image\" \/>\n<meta name=\"twitter:label1\" content=\"Escrito por\" \/>\n\t<meta name=\"twitter:data1\" content=\"Lucas Sampaio\" \/>\n\t<meta name=\"twitter:label2\" content=\"Est. tempo de leitura\" \/>\n\t<meta name=\"twitter:data2\" content=\"4 minutos\" \/>\n<!-- \/ Yoast SEO plugin. -->","yoast_head_json":{"title":"Ana Paula Figueiredo, advogada: \u201cA partir de 2026, Receita Federal vai rastrear alugu\u00e9is\u201d - Estado de Minas - Em foco","description":"A advogada Ana Paula Figueiredo explica como o Cadastro Imobili\u00e1rio Brasileiro vai acabar com alugu\u00e9is n\u00e3o declarados e como reduzir impostos.","robots":{"index":"index","follow":"follow","max-snippet":"max-snippet:-1","max-image-preview":"max-image-preview:large","max-video-preview":"max-video-preview:-1"},"canonical":"https:\/\/www.em.com.br\/emfoco\/2025\/08\/12\/ana-paula-figueiredo-advogada-a-partir-de-2026-receita-federal-vai-rastrear-alugueis\/","og_locale":"pt_BR","og_type":"article","og_title":"Ana Paula Figueiredo, advogada: \u201cA partir de 2026, Receita Federal vai rastrear alugu\u00e9is\u201d - Estado de Minas - Em foco","og_description":"A advogada Ana Paula Figueiredo explica como o Cadastro Imobili\u00e1rio Brasileiro vai acabar com alugu\u00e9is n\u00e3o declarados e como reduzir impostos.","og_url":"https:\/\/www.em.com.br\/emfoco\/2025\/08\/12\/ana-paula-figueiredo-advogada-a-partir-de-2026-receita-federal-vai-rastrear-alugueis\/","og_site_name":"Estado de Minas - Em foco","article_published_time":"2025-08-12T16:50:00+00:00","article_modified_time":"2025-08-12T17:00:07+00:00","og_image":[{"width":1280,"height":720,"url":"https:\/\/www.em.com.br\/emfoco\/wp-content\/uploads\/2025\/08\/mosaico_1755017820378.jpg","type":"image\/jpeg"}],"author":"Lucas Sampaio","twitter_card":"summary_large_image","twitter_misc":{"Escrito por":"Lucas Sampaio","Est. tempo de leitura":"4 minutos"},"schema":{"@context":"https:\/\/schema.org","@graph":[{"@type":"WebPage","@id":"https:\/\/www.em.com.br\/emfoco\/2025\/08\/12\/ana-paula-figueiredo-advogada-a-partir-de-2026-receita-federal-vai-rastrear-alugueis\/","url":"https:\/\/www.em.com.br\/emfoco\/2025\/08\/12\/ana-paula-figueiredo-advogada-a-partir-de-2026-receita-federal-vai-rastrear-alugueis\/","name":"Ana Paula Figueiredo, advogada: \u201cA partir de 2026, Receita Federal vai rastrear alugu\u00e9is\u201d - Estado de Minas - Em foco","isPartOf":{"@id":"https:\/\/www.em.com.br\/emfoco\/#website"},"primaryImageOfPage":{"@id":"https:\/\/www.em.com.br\/emfoco\/2025\/08\/12\/ana-paula-figueiredo-advogada-a-partir-de-2026-receita-federal-vai-rastrear-alugueis\/#primaryimage"},"image":{"@id":"https:\/\/www.em.com.br\/emfoco\/2025\/08\/12\/ana-paula-figueiredo-advogada-a-partir-de-2026-receita-federal-vai-rastrear-alugueis\/#primaryimage"},"thumbnailUrl":"https:\/\/www.em.com.br\/emfoco\/wp-content\/uploads\/2025\/08\/mosaico_1755017820378.jpg","datePublished":"2025-08-12T16:50:00+00:00","dateModified":"2025-08-12T17:00:07+00:00","author":{"@id":"https:\/\/www.em.com.br\/emfoco\/#\/schema\/person\/9ad4c536bd87f5bb8006420332b99aef"},"description":"A advogada Ana Paula Figueiredo explica como o Cadastro Imobili\u00e1rio Brasileiro vai acabar com alugu\u00e9is n\u00e3o declarados e como reduzir impostos.","breadcrumb":{"@id":"https:\/\/www.em.com.br\/emfoco\/2025\/08\/12\/ana-paula-figueiredo-advogada-a-partir-de-2026-receita-federal-vai-rastrear-alugueis\/#breadcrumb"},"inLanguage":"pt-BR","potentialAction":[{"@type":"ReadAction","target":["https:\/\/www.em.com.br\/emfoco\/2025\/08\/12\/ana-paula-figueiredo-advogada-a-partir-de-2026-receita-federal-vai-rastrear-alugueis\/"]}]},{"@type":"ImageObject","inLanguage":"pt-BR","@id":"https:\/\/www.em.com.br\/emfoco\/2025\/08\/12\/ana-paula-figueiredo-advogada-a-partir-de-2026-receita-federal-vai-rastrear-alugueis\/#primaryimage","url":"https:\/\/www.em.com.br\/emfoco\/wp-content\/uploads\/2025\/08\/mosaico_1755017820378.jpg","contentUrl":"https:\/\/www.em.com.br\/emfoco\/wp-content\/uploads\/2025\/08\/mosaico_1755017820378.jpg","width":1280,"height":720,"caption":"Reprodu\u00e7\u00e3o (Instagram: @anapaulafigueiredoadv)"},{"@type":"BreadcrumbList","@id":"https:\/\/www.em.com.br\/emfoco\/2025\/08\/12\/ana-paula-figueiredo-advogada-a-partir-de-2026-receita-federal-vai-rastrear-alugueis\/#breadcrumb","itemListElement":[{"@type":"ListItem","position":1,"name":"In\u00edcio","item":"https:\/\/www.em.com.br\/emfoco\/"},{"@type":"ListItem","position":2,"name":"Ana Paula Figueiredo, advogada: \u201cA partir de 2026, Receita Federal vai rastrear alugu\u00e9is\u201d"}]},{"@type":"WebSite","@id":"https:\/\/www.em.com.br\/emfoco\/#website","url":"https:\/\/www.em.com.br\/emfoco\/","name":"Estado de Minas - Em foco","description":"Acompanhe as \u00faltimas not\u00edcias e fique bem informado sobre tudo o que acontece em Minas Gerais, Brasil e no mundo.","potentialAction":[{"@type":"SearchAction","target":{"@type":"EntryPoint","urlTemplate":"https:\/\/www.em.com.br\/emfoco\/?s={search_term_string}"},"query-input":{"@type":"PropertyValueSpecification","valueRequired":true,"valueName":"search_term_string"}}],"inLanguage":"pt-BR"},{"@type":"Person","@id":"https:\/\/www.em.com.br\/emfoco\/#\/schema\/person\/9ad4c536bd87f5bb8006420332b99aef","name":"Lucas Sampaio","image":{"@type":"ImageObject","inLanguage":"pt-BR","@id":"https:\/\/www.em.com.br\/emfoco\/#\/schema\/person\/image\/","url":"https:\/\/secure.gravatar.com\/avatar\/2696b9676ad143cd7135b717faf6f79f?s=96&d=mm&r=g","contentUrl":"https:\/\/secure.gravatar.com\/avatar\/2696b9676ad143cd7135b717faf6f79f?s=96&d=mm&r=g","caption":"Lucas Sampaio"},"sameAs":["https:\/\/www.em.com.br\/emfoco\/"],"url":"https:\/\/www.em.com.br\/emfoco\/author\/lucasmyth\/"}]}},"_links":{"self":[{"href":"https:\/\/www.em.com.br\/emfoco\/wp-json\/wp\/v2\/posts\/90296","targetHints":{"allow":["GET"]}}],"collection":[{"href":"https:\/\/www.em.com.br\/emfoco\/wp-json\/wp\/v2\/posts"}],"about":[{"href":"https:\/\/www.em.com.br\/emfoco\/wp-json\/wp\/v2\/types\/post"}],"author":[{"embeddable":true,"href":"https:\/\/www.em.com.br\/emfoco\/wp-json\/wp\/v2\/users\/17"}],"replies":[{"embeddable":true,"href":"https:\/\/www.em.com.br\/emfoco\/wp-json\/wp\/v2\/comments?post=90296"}],"version-history":[{"count":1,"href":"https:\/\/www.em.com.br\/emfoco\/wp-json\/wp\/v2\/posts\/90296\/revisions"}],"predecessor-version":[{"id":90345,"href":"https:\/\/www.em.com.br\/emfoco\/wp-json\/wp\/v2\/posts\/90296\/revisions\/90345"}],"wp:featuredmedia":[{"embeddable":true,"href":"https:\/\/www.em.com.br\/emfoco\/wp-json\/wp\/v2\/media\/90340"}],"wp:attachment":[{"href":"https:\/\/www.em.com.br\/emfoco\/wp-json\/wp\/v2\/media?parent=90296"}],"wp:term":[{"taxonomy":"category","embeddable":true,"href":"https:\/\/www.em.com.br\/emfoco\/wp-json\/wp\/v2\/categories?post=90296"},{"taxonomy":"post_tag","embeddable":true,"href":"https:\/\/www.em.com.br\/emfoco\/wp-json\/wp\/v2\/tags?post=90296"}],"curies":[{"name":"wp","href":"https:\/\/api.w.org\/{rel}","templated":true}]}}