{"id":90223,"date":"2025-08-13T21:08:44","date_gmt":"2025-08-14T00:08:44","guid":{"rendered":"https:\/\/www.em.com.br\/emfoco\/?p=90223"},"modified":"2025-08-12T12:16:05","modified_gmt":"2025-08-12T15:16:05","slug":"os-cortes-de-cabelo-femininos-mais-desejados-do-outono-2025","status":"publish","type":"post","link":"https:\/\/www.em.com.br\/emfoco\/2025\/08\/13\/os-cortes-de-cabelo-femininos-mais-desejados-do-outono-2025\/","title":{"rendered":"Os cortes de cabelo femininos mais desejados do outono 2025"},"content":{"rendered":"\n<p>O outono de <strong>2025<\/strong> se apresenta com uma vibrante energia de renova\u00e7\u00e3o em termos de cortes de <a href=\"https:\/\/www.em.com.br\/emfoco\/2025\/08\/11\/cabelos-fracos-e-queda-constante-pode-ser-culpa-da-sua-dieta\/\" target=\"_blank\" rel=\"noopener\">cabelo<\/a> para mulheres, afastando-se do passado e adotando estilos mais frescos e sofisticados. Nesta temporada, as tend\u00eancias capilares se concentram em cortes polidos e com personalidade. Destacam-se looks que oferecem liberdade, mas tamb\u00e9m estrutura, mostrando uma combina\u00e7\u00e3o perfeita de eleg\u00e2ncia e modernidade.<\/p>\n\n\n\n<p>Entre os estilos mais destacados est\u00e1 o cl\u00e1ssico <a href=\"https:\/\/br.pinterest.com\/search\/pins\/?q=bob%20franc%C3%AAs&amp;rs=typed\" target=\"_blank\" rel=\"noopener\">bob franc\u00eas<\/a>. Com foco em leveza e conforto, este corte parisiense por excel\u00eancia \u00e9 usado na altura do maxilar e geralmente \u00e9 acompanhado de uma franja elegante. Este estilo \u00e9 perfeito para quem busca uma apar\u00eancia chique sem complica\u00e7\u00e3o. Ao longo dos anos, o bob demonstrou ser um corte vers\u00e1til e adapt\u00e1vel, permitindo varia\u00e7\u00f5es que incluem textura e movimento.<\/p>\n\n\n\n<h2 class=\"wp-block-heading\">Como escolher o corte de cabelo perfeito para voc\u00ea?<\/h2>\n\n\n\n<p>A escolha do corte de cabelo ideal n\u00e3o depende apenas das tend\u00eancias, mas tamb\u00e9m das caracter\u00edsticas faciais e do estilo de vida de cada pessoa. Para quem deseja fios cheios de volume e dinamismo, as <strong>camadas longas<\/strong> s\u00e3o uma excelente op\u00e7\u00e3o. Este estilo valoriza o rosto e traz uma sensualidade natural, rejuvenescendo a apar\u00eancia geral. Recomenda-se trabalhar as camadas a partir da regi\u00e3o m\u00e9dia para baixo, promovendo fluidez e naturalidade aos fios.<\/p>\n\n\n\n<p>Por outro lado, para aquelas que preferem um toque mais ousado, os cortes curtos continuam em alta. O <strong>pixie mixie<\/strong>, uma combina\u00e7\u00e3o interessante entre o pixie e o mullet, oferece um visual expressivo e f\u00e1cil de manter. \u00c9 uma op\u00e7\u00e3o perfeita para quem deseja se destacar e mostrar um lado mais revolucion\u00e1rio da personalidade.<\/p>\n\n\n\n<h2 class=\"wp-block-heading\">Quais s\u00e3o as tend\u00eancias de cortes de cabelo curtos?<\/h2>\n\n\n\n<p>Os cortes curtos, como o <strong>soft blunt cut<\/strong> ou minibob, est\u00e3o em evid\u00eancia devido ao seu visual estilizado e moderno. Este corte reto, mas com bordas suavizadas, costuma ser combinado com uma risca central, proporcionando um look minimalista. \u00c9 ideal para valorizar o rosto e trazer uma sensa\u00e7\u00e3o de autoconfian\u00e7a e sofistica\u00e7\u00e3o.<\/p>\n\n\n<div class=\"wp-block-image\">\n<figure class=\"aligncenter size-large\"><img loading=\"lazy\" decoding=\"async\" width=\"1024\" height=\"576\" src=\"https:\/\/www.em.com.br\/emfoco\/wp-content\/uploads\/2025\/04\/corte-de-cabelo_1743438577845-1024x576.jpg\" alt=\"O corte em camadas que faz o maior sucesso entre cacheadas e onduladas\" class=\"wp-image-33837\" srcset=\"https:\/\/www.em.com.br\/emfoco\/wp-content\/uploads\/2025\/04\/corte-de-cabelo_1743438577845-1024x576.jpg 1024w, https:\/\/www.em.com.br\/emfoco\/wp-content\/uploads\/2025\/04\/corte-de-cabelo_1743438577845-300x169.jpg 300w, https:\/\/www.em.com.br\/emfoco\/wp-content\/uploads\/2025\/04\/corte-de-cabelo_1743438577845-768x432.jpg 768w, https:\/\/www.em.com.br\/emfoco\/wp-content\/uploads\/2025\/04\/corte-de-cabelo_1743438577845-750x422.jpg 750w, https:\/\/www.em.com.br\/emfoco\/wp-content\/uploads\/2025\/04\/corte-de-cabelo_1743438577845-1140x641.jpg 1140w, https:\/\/www.em.com.br\/emfoco\/wp-content\/uploads\/2025\/04\/corte-de-cabelo_1743438577845.jpg 1280w\" sizes=\"auto, (max-width: 1024px) 100vw, 1024px\" \/><figcaption class=\"wp-element-caption\">Corte de cabelo &#8211; Cr\u00e9ditos: depositphotos.com \/ IgorVetushko<\/figcaption><\/figure><\/div>\n\n\n<p>O <strong>power pixie<\/strong> surge como uma evolu\u00e7\u00e3o do pixie cl\u00e1ssico, trazendo mais volume e glamour. Este estilo permite varia\u00e7\u00f5es para se adequar a diferentes texturas de cabelo e formatos de rosto, oferecendo um acabamento mais marcante e audacioso. Para quem busca um visual mais delicado, o <strong>whisper pixie<\/strong> destaca-se por suas camadas suaves, criando um efeito leve e rom\u00e2ntico.<\/p>\n\n\n\n<h2 class=\"wp-block-heading\">Quais cl\u00e1ssicos est\u00e3o sendo reinventados neste outono?<\/h2>\n\n\n\n<p>Os cl\u00e1ssicos tamb\u00e9m t\u00eam destaque neste outono, com o retorno do ic\u00f4nico <strong>curve cut<\/strong>, popularizado por <strong>Jennifer Aniston<\/strong> na s\u00e9rie <strong>Friends<\/strong>. Este estilo \u00e9 caracterizado por camadas em formato de C que emolduram o rosto, oferecendo volume suave e movimento. \u00c9 adequado para quase todos os tipos de cabelo e \u00e9 simples de manter, real\u00e7ando ma\u00e7\u00e3s do rosto e contornos faciais.<\/p>\n\n\n\n<p>O corte <strong>hime<\/strong>, inspirado na nobreza japonesa do Per\u00edodo <strong>Heian<\/strong>, ressurge com for\u00e7a, principalmente visto em celebridades como <strong>Miley Cyrus<\/strong> e <strong>Lady Gaga<\/strong>. Este estilo pode ser facilmente replicado com extens\u00f5es e se caracteriza por mechas frontais cortadas na altura do maxilar, proporcionando um visual \u00fanico e distinto.<\/p>\n\n\n\n<p>Por fim, a <strong>franja reta<\/strong>, que ganhou popularidade com figuras conhecidas como <strong>Taylor Swift<\/strong>, traz juventude e valoriza o rosto de maneira elegante. Ideal para quem deseja uma mudan\u00e7a sutil, mas marcante, esta franja se adapta bem a texturas de cabelo que favorecem sua queda natural.<\/p>\n\n\n\n<p>Em resumo, o outono de 2025 promete uma variedade de estilos para todos os gostos e prefer\u00eancias, permitindo que as pessoas experimentem diferentes visuais enquanto mant\u00eam uma ess\u00eancia de eleg\u00e2ncia e modernidade. O segredo est\u00e1 em escolher o corte que melhor se adapta ao estilo pessoal de cada um, permitindo a express\u00e3o aut\u00eantica da pr\u00f3pria identidade atrav\u00e9s do penteado.<\/p>\n","protected":false},"excerpt":{"rendered":"<p>O outono de 2025 se apresenta com uma vibrante energia de renova\u00e7\u00e3o em termos de cortes de cabelo para mulheres, afastando-se do passado e adotando estilos mais frescos e sofisticados. Nesta temporada, as tend\u00eancias capilares se concentram em cortes polidos e com personalidade. Destacam-se looks que oferecem liberdade, mas tamb\u00e9m estrutura, mostrando uma combina\u00e7\u00e3o perfeita [&hellip;]<\/p>\n","protected":false},"author":9,"featured_media":19084,"comment_status":"open","ping_status":"open","sticky":false,"template":"","format":"standard","meta":{"jnews-multi-image_gallery":[],"jnews_single_post":{"format":"standard"},"jnews_primary_category":[],"jnews_social_meta":[],"jnews_override_counter":[],"footnotes":""},"categories":[8819,1],"tags":[13831,5143,13830],"class_list":["post-90223","post","type-post","status-publish","format-standard","has-post-thumbnail","hentry","category-curiosidades","category-noticias","tag-cabelo-feminino","tag-cabelos","tag-tendencia-cabelos"],"yoast_head":"<!-- This site is optimized with the Yoast SEO plugin v23.8 - https:\/\/yoast.com\/wordpress\/plugins\/seo\/ -->\n<title>Os cortes de cabelo femininos mais desejados do outono 2025<\/title>\n<meta name=\"description\" content=\"Tend\u00eancias de cortes femininos que unem estilo e praticidade do power pixie ao minibob conhe\u00e7a os queridinhos da esta\u00e7\u00e3o\" \/>\n<meta name=\"robots\" content=\"index, follow, max-snippet:-1, max-image-preview:large, max-video-preview:-1\" \/>\n<link rel=\"canonical\" href=\"https:\/\/www.em.com.br\/emfoco\/2025\/08\/13\/os-cortes-de-cabelo-femininos-mais-desejados-do-outono-2025\/\" \/>\n<meta property=\"og:locale\" content=\"pt_BR\" \/>\n<meta property=\"og:type\" content=\"article\" \/>\n<meta property=\"og:title\" content=\"Os cortes de cabelo femininos mais desejados do outono 2025\" \/>\n<meta property=\"og:description\" content=\"Tend\u00eancias de cortes femininos que unem estilo e praticidade do power pixie ao minibob conhe\u00e7a os queridinhos da esta\u00e7\u00e3o\" \/>\n<meta property=\"og:url\" content=\"https:\/\/www.em.com.br\/emfoco\/2025\/08\/13\/os-cortes-de-cabelo-femininos-mais-desejados-do-outono-2025\/\" \/>\n<meta property=\"og:site_name\" content=\"Estado de Minas - Em foco\" \/>\n<meta property=\"article:published_time\" content=\"2025-08-14T00:08:44+00:00\" \/>\n<meta property=\"article:modified_time\" content=\"2025-08-12T15:16:05+00:00\" \/>\n<meta property=\"og:image\" content=\"https:\/\/www.em.com.br\/emfoco\/wp-content\/uploads\/2025\/02\/Corte-Bob-cabelo_1739375102299.jpg\" \/>\n\t<meta property=\"og:image:width\" content=\"1280\" \/>\n\t<meta property=\"og:image:height\" content=\"720\" \/>\n\t<meta property=\"og:image:type\" content=\"image\/jpeg\" \/>\n<meta name=\"author\" content=\"Daniely Cardoso\" \/>\n<meta name=\"twitter:card\" content=\"summary_large_image\" \/>\n<meta name=\"twitter:label1\" content=\"Escrito por\" \/>\n\t<meta name=\"twitter:data1\" content=\"Daniely Cardoso\" \/>\n\t<meta name=\"twitter:label2\" content=\"Est. tempo de leitura\" \/>\n\t<meta name=\"twitter:data2\" content=\"4 minutos\" \/>\n<!-- \/ Yoast SEO plugin. -->","yoast_head_json":{"title":"Os cortes de cabelo femininos mais desejados do outono 2025","description":"Tend\u00eancias de cortes femininos que unem estilo e praticidade do power pixie ao minibob conhe\u00e7a os queridinhos da esta\u00e7\u00e3o","robots":{"index":"index","follow":"follow","max-snippet":"max-snippet:-1","max-image-preview":"max-image-preview:large","max-video-preview":"max-video-preview:-1"},"canonical":"https:\/\/www.em.com.br\/emfoco\/2025\/08\/13\/os-cortes-de-cabelo-femininos-mais-desejados-do-outono-2025\/","og_locale":"pt_BR","og_type":"article","og_title":"Os cortes de cabelo femininos mais desejados do outono 2025","og_description":"Tend\u00eancias de cortes femininos que unem estilo e praticidade do power pixie ao minibob conhe\u00e7a os queridinhos da esta\u00e7\u00e3o","og_url":"https:\/\/www.em.com.br\/emfoco\/2025\/08\/13\/os-cortes-de-cabelo-femininos-mais-desejados-do-outono-2025\/","og_site_name":"Estado de Minas - Em foco","article_published_time":"2025-08-14T00:08:44+00:00","article_modified_time":"2025-08-12T15:16:05+00:00","og_image":[{"width":1280,"height":720,"url":"https:\/\/www.em.com.br\/emfoco\/wp-content\/uploads\/2025\/02\/Corte-Bob-cabelo_1739375102299.jpg","type":"image\/jpeg"}],"author":"Daniely Cardoso","twitter_card":"summary_large_image","twitter_misc":{"Escrito por":"Daniely Cardoso","Est. tempo de leitura":"4 minutos"},"schema":{"@context":"https:\/\/schema.org","@graph":[{"@type":"WebPage","@id":"https:\/\/www.em.com.br\/emfoco\/2025\/08\/13\/os-cortes-de-cabelo-femininos-mais-desejados-do-outono-2025\/","url":"https:\/\/www.em.com.br\/emfoco\/2025\/08\/13\/os-cortes-de-cabelo-femininos-mais-desejados-do-outono-2025\/","name":"Os cortes de cabelo femininos mais desejados do outono 2025","isPartOf":{"@id":"https:\/\/www.em.com.br\/emfoco\/#website"},"primaryImageOfPage":{"@id":"https:\/\/www.em.com.br\/emfoco\/2025\/08\/13\/os-cortes-de-cabelo-femininos-mais-desejados-do-outono-2025\/#primaryimage"},"image":{"@id":"https:\/\/www.em.com.br\/emfoco\/2025\/08\/13\/os-cortes-de-cabelo-femininos-mais-desejados-do-outono-2025\/#primaryimage"},"thumbnailUrl":"https:\/\/www.em.com.br\/emfoco\/wp-content\/uploads\/2025\/02\/Corte-Bob-cabelo_1739375102299.jpg","datePublished":"2025-08-14T00:08:44+00:00","dateModified":"2025-08-12T15:16:05+00:00","author":{"@id":"https:\/\/www.em.com.br\/emfoco\/#\/schema\/person\/0a8186d72f2c3a5c6276d90b41f271a0"},"description":"Tend\u00eancias de cortes femininos que unem estilo e praticidade do power pixie ao minibob conhe\u00e7a os queridinhos da esta\u00e7\u00e3o","breadcrumb":{"@id":"https:\/\/www.em.com.br\/emfoco\/2025\/08\/13\/os-cortes-de-cabelo-femininos-mais-desejados-do-outono-2025\/#breadcrumb"},"inLanguage":"pt-BR","potentialAction":[{"@type":"ReadAction","target":["https:\/\/www.em.com.br\/emfoco\/2025\/08\/13\/os-cortes-de-cabelo-femininos-mais-desejados-do-outono-2025\/"]}]},{"@type":"ImageObject","inLanguage":"pt-BR","@id":"https:\/\/www.em.com.br\/emfoco\/2025\/08\/13\/os-cortes-de-cabelo-femininos-mais-desejados-do-outono-2025\/#primaryimage","url":"https:\/\/www.em.com.br\/emfoco\/wp-content\/uploads\/2025\/02\/Corte-Bob-cabelo_1739375102299.jpg","contentUrl":"https:\/\/www.em.com.br\/emfoco\/wp-content\/uploads\/2025\/02\/Corte-Bob-cabelo_1739375102299.jpg","width":1280,"height":720,"caption":"Corte bob - Cr\u00e9ditos: depositphotos.com \/ AntonMukhinBO"},{"@type":"BreadcrumbList","@id":"https:\/\/www.em.com.br\/emfoco\/2025\/08\/13\/os-cortes-de-cabelo-femininos-mais-desejados-do-outono-2025\/#breadcrumb","itemListElement":[{"@type":"ListItem","position":1,"name":"In\u00edcio","item":"https:\/\/www.em.com.br\/emfoco\/"},{"@type":"ListItem","position":2,"name":"Os cortes de cabelo femininos mais desejados do outono 2025"}]},{"@type":"WebSite","@id":"https:\/\/www.em.com.br\/emfoco\/#website","url":"https:\/\/www.em.com.br\/emfoco\/","name":"Estado de Minas - Em foco","description":"Acompanhe as \u00faltimas not\u00edcias e fique bem informado sobre tudo o que acontece em Minas Gerais, Brasil e no mundo.","potentialAction":[{"@type":"SearchAction","target":{"@type":"EntryPoint","urlTemplate":"https:\/\/www.em.com.br\/emfoco\/?s={search_term_string}"},"query-input":{"@type":"PropertyValueSpecification","valueRequired":true,"valueName":"search_term_string"}}],"inLanguage":"pt-BR"},{"@type":"Person","@id":"https:\/\/www.em.com.br\/emfoco\/#\/schema\/person\/0a8186d72f2c3a5c6276d90b41f271a0","name":"Daniely Cardoso","image":{"@type":"ImageObject","inLanguage":"pt-BR","@id":"https:\/\/www.em.com.br\/emfoco\/#\/schema\/person\/image\/","url":"https:\/\/secure.gravatar.com\/avatar\/4b80ddbd124d1f071b626d52d62e5dff?s=96&d=mm&r=g","contentUrl":"https:\/\/secure.gravatar.com\/avatar\/4b80ddbd124d1f071b626d52d62e5dff?s=96&d=mm&r=g","caption":"Daniely Cardoso"},"url":"https:\/\/www.em.com.br\/emfoco\/author\/danielymyth\/"}]}},"_links":{"self":[{"href":"https:\/\/www.em.com.br\/emfoco\/wp-json\/wp\/v2\/posts\/90223","targetHints":{"allow":["GET"]}}],"collection":[{"href":"https:\/\/www.em.com.br\/emfoco\/wp-json\/wp\/v2\/posts"}],"about":[{"href":"https:\/\/www.em.com.br\/emfoco\/wp-json\/wp\/v2\/types\/post"}],"author":[{"embeddable":true,"href":"https:\/\/www.em.com.br\/emfoco\/wp-json\/wp\/v2\/users\/9"}],"replies":[{"embeddable":true,"href":"https:\/\/www.em.com.br\/emfoco\/wp-json\/wp\/v2\/comments?post=90223"}],"version-history":[{"count":2,"href":"https:\/\/www.em.com.br\/emfoco\/wp-json\/wp\/v2\/posts\/90223\/revisions"}],"predecessor-version":[{"id":90251,"href":"https:\/\/www.em.com.br\/emfoco\/wp-json\/wp\/v2\/posts\/90223\/revisions\/90251"}],"wp:featuredmedia":[{"embeddable":true,"href":"https:\/\/www.em.com.br\/emfoco\/wp-json\/wp\/v2\/media\/19084"}],"wp:attachment":[{"href":"https:\/\/www.em.com.br\/emfoco\/wp-json\/wp\/v2\/media?parent=90223"}],"wp:term":[{"taxonomy":"category","embeddable":true,"href":"https:\/\/www.em.com.br\/emfoco\/wp-json\/wp\/v2\/categories?post=90223"},{"taxonomy":"post_tag","embeddable":true,"href":"https:\/\/www.em.com.br\/emfoco\/wp-json\/wp\/v2\/tags?post=90223"}],"curies":[{"name":"wp","href":"https:\/\/api.w.org\/{rel}","templated":true}]}}