{"id":90145,"date":"2025-08-14T12:28:00","date_gmt":"2025-08-14T15:28:00","guid":{"rendered":"https:\/\/www.em.com.br\/emfoco\/?p=90145"},"modified":"2025-08-12T11:59:32","modified_gmt":"2025-08-12T14:59:32","slug":"segundo-um-especialista-quanto-tempo-apos-comer-podemos-entrar-na-agua-sem-riscos","status":"publish","type":"post","link":"https:\/\/www.em.com.br\/emfoco\/2025\/08\/14\/segundo-um-especialista-quanto-tempo-apos-comer-podemos-entrar-na-agua-sem-riscos\/","title":{"rendered":"Segundo um especialista, quanto tempo ap\u00f3s comer podemos entrar na \u00e1gua sem riscos?"},"content":{"rendered":"\n<p>Nadar ap\u00f3s comer \u00e9 perigoso? Especialistas desvendam mitos e trazem orienta\u00e7\u00f5es claras. Veja o que a ci\u00eancia diz sobre o tema.<\/p>\n\n\n\n<ul class=\"wp-block-list\">\n<li>Tempo ideal de espera ap\u00f3s refei\u00e7\u00f5es leves ou pesadas.<\/li>\n\n\n\n<li>Riscos reais e como evit\u00e1-los ao entrar na \u00e1gua.<\/li>\n\n\n\n<li>Dicas pr\u00e1ticas para planejar refei\u00e7\u00f5es e curtir com seguran\u00e7a.<\/li>\n<\/ul>\n\n\n\n<h2 class=\"wp-block-heading\">Nadar ap\u00f3s comer causa congest\u00e3o?<\/h2>\n\n\n\n<p>A cren\u00e7a de que comer antes de nadar provoca <strong>congest\u00e3o<\/strong> \u00e9 um mito. Segundo a<strong> Dra. Maria Augusta Karas Zella<\/strong>, pediatra do <strong>Hospital S\u00edrio-Liban\u00eas<\/strong>, n\u00e3o h\u00e1 evid\u00eancias de que alimentos no est\u00f4mago causem c\u00e3ibras graves ou afogamentos.<br>O corpo digere normalmente na \u00e1gua, mas refei\u00e7\u00f5es pesadas podem gerar desconforto, como azia, durante atividades intensas.<\/p>\n\n\n\n<h2 class=\"wp-block-heading\">Quanto tempo esperar ap\u00f3s um lanche leve?<\/h2>\n\n\n\n<p>Refei\u00e7\u00f5es leves, como frutas ou iogurte, exigem pouco tempo de espera. O<strong> Dr. Jos\u00e9 Ribamar Moreno<\/strong>, gastroenterologista da <strong><a href=\"https:\/\/www5.usp.br\/\" target=\"_blank\" rel=\"noreferrer noopener\">USP<\/a><\/strong>, sugere aguardar <strong>30 minutos<\/strong> para evitar qualquer inc\u00f4modo.<br>Alimentos leves s\u00e3o digeridos rapidamente, permitindo que voc\u00ea entre na \u00e1gua sem sentir peso ou desconforto g\u00e1strico.<\/p>\n\n\n\n<figure class=\"wp-block-image size-large\"><img loading=\"lazy\" decoding=\"async\" width=\"1024\" height=\"576\" src=\"https:\/\/www.em.com.br\/emfoco\/wp-content\/uploads\/2025\/08\/Refeicao-leve_1755010563911-1024x576.jpg\" alt=\"Segundo um especialista, quanto tempo ap\u00f3s comer podemos entrar na \u00e1gua sem riscos?\" class=\"wp-image-90222\" srcset=\"https:\/\/www.em.com.br\/emfoco\/wp-content\/uploads\/2025\/08\/Refeicao-leve_1755010563911-1024x576.jpg 1024w, https:\/\/www.em.com.br\/emfoco\/wp-content\/uploads\/2025\/08\/Refeicao-leve_1755010563911-300x169.jpg 300w, https:\/\/www.em.com.br\/emfoco\/wp-content\/uploads\/2025\/08\/Refeicao-leve_1755010563911-768x432.jpg 768w, https:\/\/www.em.com.br\/emfoco\/wp-content\/uploads\/2025\/08\/Refeicao-leve_1755010563911-750x422.jpg 750w, https:\/\/www.em.com.br\/emfoco\/wp-content\/uploads\/2025\/08\/Refeicao-leve_1755010563911-1140x641.jpg 1140w, https:\/\/www.em.com.br\/emfoco\/wp-content\/uploads\/2025\/08\/Refeicao-leve_1755010563911.jpg 1280w\" sizes=\"auto, (max-width: 1024px) 100vw, 1024px\" \/><figcaption class=\"wp-element-caption\">Homem fazendo refei\u00e7\u00e3o leve &#8211; Cr\u00e9ditos: depositphotos.com \/ HayDmitriy<\/figcaption><\/figure>\n\n\n\n<h2 class=\"wp-block-heading\">Refei\u00e7\u00f5es pesadas s\u00e3o arriscadas para nadar?<\/h2>\n\n\n\n<p>Alimentos gordurosos ou refei\u00e7\u00f5es volumosas demandam mais do sistema digestivo. A <strong>Dra. Ana Luiza Lima<\/strong>, cardiologista do <strong>Instituto Dante Pazzanese<\/strong>, explica que refei\u00e7\u00f5es pesadas desviam sangue para o est\u00f4mago, podendo causar <strong>fadiga<\/strong> no nado.<br>Espere de 1 a 2 horas ap\u00f3s pratos como feijoada ou massas para nadar com conforto e seguran\u00e7a.<\/p>\n\n\n\n<ul class=\"wp-block-list\">\n<li>Evite alimentos gordurosos, como frituras, antes de entrar na \u00e1gua.<\/li>\n\n\n\n<li>Prefira lanches leves, como uma ma\u00e7\u00e3 ou barrinha de cereais.<\/li>\n\n\n\n<li>Hidrate-se com \u00e1gua para ajudar na digest\u00e3o e manter a energia.<\/li>\n\n\n\n<li>Observe sinais de desconforto, como sensa\u00e7\u00e3o de est\u00f4mago cheio.<\/li>\n<\/ul>\n\n\n\n<figure class=\"wp-block-image size-large\"><img loading=\"lazy\" decoding=\"async\" width=\"1024\" height=\"576\" src=\"https:\/\/www.em.com.br\/emfoco\/wp-content\/uploads\/2025\/07\/agua-com-limao_1751555485942-1024x576.jpg\" alt=\"Voc\u00ea sabia que o h\u00e1bito de tomar \u00e1gua com lim\u00e3o no caf\u00e9 da manh\u00e3 \u00e9 saud\u00e1vel, mas n\u00e3o faz milagres?\" class=\"wp-image-70797\" srcset=\"https:\/\/www.em.com.br\/emfoco\/wp-content\/uploads\/2025\/07\/agua-com-limao_1751555485942-1024x576.jpg 1024w, https:\/\/www.em.com.br\/emfoco\/wp-content\/uploads\/2025\/07\/agua-com-limao_1751555485942-300x169.jpg 300w, https:\/\/www.em.com.br\/emfoco\/wp-content\/uploads\/2025\/07\/agua-com-limao_1751555485942-768x432.jpg 768w, https:\/\/www.em.com.br\/emfoco\/wp-content\/uploads\/2025\/07\/agua-com-limao_1751555485942-750x422.jpg 750w, https:\/\/www.em.com.br\/emfoco\/wp-content\/uploads\/2025\/07\/agua-com-limao_1751555485942-1140x641.jpg 1140w, https:\/\/www.em.com.br\/emfoco\/wp-content\/uploads\/2025\/07\/agua-com-limao_1751555485942.jpg 1280w\" sizes=\"auto, (max-width: 1024px) 100vw, 1024px\" \/><figcaption class=\"wp-element-caption\">\u00c1gua com lim\u00e3o &#8211; Cr\u00e9ditos: depositphotos.com \/ OstapMykytiv<\/figcaption><\/figure>\n\n\n\n<h2 class=\"wp-block-heading\">H\u00e1 riscos reais ao nadar ap\u00f3s comer?<\/h2>\n\n\n\n<p>Os riscos s\u00e3o m\u00ednimos, mas existem. O <strong>Dr. Ricardo Cohen<\/strong>, cirurgi\u00e3o bari\u00e1trico do <strong>Hospital Oswaldo Cruz<\/strong>, alerta que nadar ap\u00f3s comer pode causar <strong>refluxo<\/strong> ou n\u00e1usea em atividades intensas.<br>Pessoas com problemas g\u00e1stricos ou crian\u00e7as devem ter aten\u00e7\u00e3o redobrada, pois o movimento na \u00e1gua pode intensificar desconfortos.<\/p>\n\n\n\n<ul class=\"wp-block-list\">\n<li>Evite nados vigorosos logo ap\u00f3s qualquer refei\u00e7\u00e3o.<\/li>\n\n\n\n<li>N\u00e3o consuma \u00e1lcool, que afeta a coordena\u00e7\u00e3o e digest\u00e3o.<\/li>\n\n\n\n<li>Monitore crian\u00e7as para evitar engasgos ou desconforto.<\/li>\n\n\n\n<li>Consulte um m\u00e9dico se voc\u00ea tem refluxo ou azia frequente.<\/li>\n<\/ul>\n\n\n\n<h2 class=\"wp-block-heading\">Como planejar refei\u00e7\u00f5es para nadar com seguran\u00e7a?<\/h2>\n\n\n\n<p>Escolher alimentos leves \u00e9 o segredo para aproveitar a \u00e1gua. A nutricionista <strong>Fernanda Scheer<\/strong>, do <strong>Conselho Regional de Nutri\u00e7\u00e3o<\/strong>, recomenda lanches como frutas ou castanhas antes de nadar.<br>Aguarde 30 minutos ap\u00f3s lanches e at\u00e9 2 horas ap\u00f3s refei\u00e7\u00f5es pesadas para garantir uma experi\u00eancia segura e agrad\u00e1vel.<\/p>\n\n\n\n<ul class=\"wp-block-list\">\n<li>Fa\u00e7a refei\u00e7\u00f5es menores e mais frequentes em dias de piscina.<\/li>\n\n\n\n<li>Evite alimentos que causam gases, como refrigerantes ou feij\u00e3o.<\/li>\n\n\n\n<li>Priorize hidrata\u00e7\u00e3o com \u00e1gua ou sucos naturais sem a\u00e7\u00facar.<\/li>\n\n\n\n<li>Planeje hor\u00e1rios para evitar longas esperas antes de nadar.<\/li>\n<\/ul>\n\n\n\n<h2 class=\"wp-block-heading\">Curta a \u00e1gua com confian\u00e7a e seguran\u00e7a<\/h2>\n\n\n\n<p>Nadar ap\u00f3s comer \u00e9 seguro com as precau\u00e7\u00f5es certas. Planeje <strong><a href=\"https:\/\/www.em.com.br\/emfoco\/2025\/08\/11\/aprenda-a-organizar-suas-refeicoes-da-maneira-correta-para-ganhar-mais-energia-e-saude\/\" target=\"_blank\" rel=\"noreferrer noopener\">refei\u00e7\u00f5es <\/a><\/strong>leves, respeite os tempos de espera e ou\u00e7a seu corpo para aproveitar a \u00e1gua sem preocupa\u00e7\u00f5es.<\/p>\n\n\n\n<ul class=\"wp-block-list\">\n<li>Refei\u00e7\u00f5es leves pedem 30 minutos de espera, dizem especialistas.<\/li>\n\n\n\n<li>Refei\u00e7\u00f5es pesadas exigem at\u00e9 2 horas para evitar desconforto.<\/li>\n\n\n\n<li>Consulte um m\u00e9dico se tiver condi\u00e7\u00f5es g\u00e1stricas espec\u00edficas.<\/li>\n<\/ul>\n","protected":false},"excerpt":{"rendered":"<p>Nadar ap\u00f3s comer \u00e9 perigoso? Especialistas desvendam mitos e trazem orienta\u00e7\u00f5es claras. Veja o que a ci\u00eancia diz sobre o tema. Nadar ap\u00f3s comer causa congest\u00e3o? A cren\u00e7a de que comer antes de nadar provoca congest\u00e3o \u00e9 um mito. Segundo a Dra. Maria Augusta Karas Zella, pediatra do Hospital S\u00edrio-Liban\u00eas, n\u00e3o h\u00e1 evid\u00eancias de que [&hellip;]<\/p>\n","protected":false},"author":13,"featured_media":90219,"comment_status":"open","ping_status":"open","sticky":false,"template":"","format":"standard","meta":{"jnews-multi-image_gallery":[],"jnews_single_post":{"format":"standard"},"jnews_primary_category":[],"jnews_social_meta":[],"jnews_override_counter":[],"footnotes":""},"categories":[8819],"tags":[13813,4205,13812,5111],"class_list":["post-90145","post","type-post","status-publish","format-standard","has-post-thumbnail","hentry","category-curiosidades","tag-alimentos-gordurosos","tag-digestao","tag-entrar-na-agua","tag-piscina"],"yoast_head":"<!-- This site is optimized with the Yoast SEO plugin v23.8 - https:\/\/yoast.com\/wordpress\/plugins\/seo\/ -->\n<title>Segundo um especialista, quanto tempo ap\u00f3s comer podemos entrar na \u00e1gua sem riscos? - Estado de Minas - Em foco<\/title>\n<meta name=\"description\" content=\"Comer e nadar \u00e9 seguro com cuidados simples. Veja o que especialistas recomendam para evitar azia e desconfortos na \u00e1gua.\" \/>\n<meta name=\"robots\" content=\"index, follow, max-snippet:-1, max-image-preview:large, max-video-preview:-1\" \/>\n<link rel=\"canonical\" href=\"https:\/\/www.em.com.br\/emfoco\/2025\/08\/14\/segundo-um-especialista-quanto-tempo-apos-comer-podemos-entrar-na-agua-sem-riscos\/\" \/>\n<meta property=\"og:locale\" content=\"pt_BR\" \/>\n<meta property=\"og:type\" content=\"article\" \/>\n<meta property=\"og:title\" content=\"Segundo um especialista, quanto tempo ap\u00f3s comer podemos entrar na \u00e1gua sem riscos? - Estado de Minas - Em foco\" \/>\n<meta property=\"og:description\" content=\"Comer e nadar \u00e9 seguro com cuidados simples. Veja o que especialistas recomendam para evitar azia e desconfortos na \u00e1gua.\" \/>\n<meta property=\"og:url\" content=\"https:\/\/www.em.com.br\/emfoco\/2025\/08\/14\/segundo-um-especialista-quanto-tempo-apos-comer-podemos-entrar-na-agua-sem-riscos\/\" \/>\n<meta property=\"og:site_name\" content=\"Estado de Minas - Em foco\" \/>\n<meta property=\"article:published_time\" content=\"2025-08-14T15:28:00+00:00\" \/>\n<meta property=\"article:modified_time\" content=\"2025-08-12T14:59:32+00:00\" \/>\n<meta property=\"og:image\" content=\"https:\/\/www.em.com.br\/emfoco\/wp-content\/uploads\/2025\/08\/Entrando-na-piscina_1755010515989.jpg\" \/>\n\t<meta property=\"og:image:width\" content=\"1280\" \/>\n\t<meta property=\"og:image:height\" content=\"720\" \/>\n\t<meta property=\"og:image:type\" content=\"image\/jpeg\" \/>\n<meta name=\"author\" content=\"Gabriel Martins\" \/>\n<meta name=\"twitter:card\" content=\"summary_large_image\" \/>\n<meta name=\"twitter:label1\" content=\"Escrito por\" \/>\n\t<meta name=\"twitter:data1\" content=\"Gabriel Martins\" \/>\n\t<meta name=\"twitter:label2\" content=\"Est. tempo de leitura\" \/>\n\t<meta name=\"twitter:data2\" content=\"4 minutos\" \/>\n<!-- \/ Yoast SEO plugin. -->","yoast_head_json":{"title":"Segundo um especialista, quanto tempo ap\u00f3s comer podemos entrar na \u00e1gua sem riscos? - Estado de Minas - Em foco","description":"Comer e nadar \u00e9 seguro com cuidados simples. Veja o que especialistas recomendam para evitar azia e desconfortos na \u00e1gua.","robots":{"index":"index","follow":"follow","max-snippet":"max-snippet:-1","max-image-preview":"max-image-preview:large","max-video-preview":"max-video-preview:-1"},"canonical":"https:\/\/www.em.com.br\/emfoco\/2025\/08\/14\/segundo-um-especialista-quanto-tempo-apos-comer-podemos-entrar-na-agua-sem-riscos\/","og_locale":"pt_BR","og_type":"article","og_title":"Segundo um especialista, quanto tempo ap\u00f3s comer podemos entrar na \u00e1gua sem riscos? - Estado de Minas - Em foco","og_description":"Comer e nadar \u00e9 seguro com cuidados simples. Veja o que especialistas recomendam para evitar azia e desconfortos na \u00e1gua.","og_url":"https:\/\/www.em.com.br\/emfoco\/2025\/08\/14\/segundo-um-especialista-quanto-tempo-apos-comer-podemos-entrar-na-agua-sem-riscos\/","og_site_name":"Estado de Minas - Em foco","article_published_time":"2025-08-14T15:28:00+00:00","article_modified_time":"2025-08-12T14:59:32+00:00","og_image":[{"width":1280,"height":720,"url":"https:\/\/www.em.com.br\/emfoco\/wp-content\/uploads\/2025\/08\/Entrando-na-piscina_1755010515989.jpg","type":"image\/jpeg"}],"author":"Gabriel Martins","twitter_card":"summary_large_image","twitter_misc":{"Escrito por":"Gabriel Martins","Est. tempo de leitura":"4 minutos"},"schema":{"@context":"https:\/\/schema.org","@graph":[{"@type":"WebPage","@id":"https:\/\/www.em.com.br\/emfoco\/2025\/08\/14\/segundo-um-especialista-quanto-tempo-apos-comer-podemos-entrar-na-agua-sem-riscos\/","url":"https:\/\/www.em.com.br\/emfoco\/2025\/08\/14\/segundo-um-especialista-quanto-tempo-apos-comer-podemos-entrar-na-agua-sem-riscos\/","name":"Segundo um especialista, quanto tempo ap\u00f3s comer podemos entrar na \u00e1gua sem riscos? - Estado de Minas - Em foco","isPartOf":{"@id":"https:\/\/www.em.com.br\/emfoco\/#website"},"primaryImageOfPage":{"@id":"https:\/\/www.em.com.br\/emfoco\/2025\/08\/14\/segundo-um-especialista-quanto-tempo-apos-comer-podemos-entrar-na-agua-sem-riscos\/#primaryimage"},"image":{"@id":"https:\/\/www.em.com.br\/emfoco\/2025\/08\/14\/segundo-um-especialista-quanto-tempo-apos-comer-podemos-entrar-na-agua-sem-riscos\/#primaryimage"},"thumbnailUrl":"https:\/\/www.em.com.br\/emfoco\/wp-content\/uploads\/2025\/08\/Entrando-na-piscina_1755010515989.jpg","datePublished":"2025-08-14T15:28:00+00:00","dateModified":"2025-08-12T14:59:32+00:00","author":{"@id":"https:\/\/www.em.com.br\/emfoco\/#\/schema\/person\/1c9ddeab18b98abeffef834667bcf08a"},"description":"Comer e nadar \u00e9 seguro com cuidados simples. Veja o que especialistas recomendam para evitar azia e desconfortos na \u00e1gua.","breadcrumb":{"@id":"https:\/\/www.em.com.br\/emfoco\/2025\/08\/14\/segundo-um-especialista-quanto-tempo-apos-comer-podemos-entrar-na-agua-sem-riscos\/#breadcrumb"},"inLanguage":"pt-BR","potentialAction":[{"@type":"ReadAction","target":["https:\/\/www.em.com.br\/emfoco\/2025\/08\/14\/segundo-um-especialista-quanto-tempo-apos-comer-podemos-entrar-na-agua-sem-riscos\/"]}]},{"@type":"ImageObject","inLanguage":"pt-BR","@id":"https:\/\/www.em.com.br\/emfoco\/2025\/08\/14\/segundo-um-especialista-quanto-tempo-apos-comer-podemos-entrar-na-agua-sem-riscos\/#primaryimage","url":"https:\/\/www.em.com.br\/emfoco\/wp-content\/uploads\/2025\/08\/Entrando-na-piscina_1755010515989.jpg","contentUrl":"https:\/\/www.em.com.br\/emfoco\/wp-content\/uploads\/2025\/08\/Entrando-na-piscina_1755010515989.jpg","width":1280,"height":720,"caption":"Crian\u00e7a pulando na piscina - Cr\u00e9ditos: depositphotos.com \/ noonie"},{"@type":"BreadcrumbList","@id":"https:\/\/www.em.com.br\/emfoco\/2025\/08\/14\/segundo-um-especialista-quanto-tempo-apos-comer-podemos-entrar-na-agua-sem-riscos\/#breadcrumb","itemListElement":[{"@type":"ListItem","position":1,"name":"In\u00edcio","item":"https:\/\/www.em.com.br\/emfoco\/"},{"@type":"ListItem","position":2,"name":"Segundo um especialista, quanto tempo ap\u00f3s comer podemos entrar na \u00e1gua sem riscos?"}]},{"@type":"WebSite","@id":"https:\/\/www.em.com.br\/emfoco\/#website","url":"https:\/\/www.em.com.br\/emfoco\/","name":"Estado de Minas - Em foco","description":"Acompanhe as \u00faltimas not\u00edcias e fique bem informado sobre tudo o que acontece em Minas Gerais, Brasil e no mundo.","potentialAction":[{"@type":"SearchAction","target":{"@type":"EntryPoint","urlTemplate":"https:\/\/www.em.com.br\/emfoco\/?s={search_term_string}"},"query-input":{"@type":"PropertyValueSpecification","valueRequired":true,"valueName":"search_term_string"}}],"inLanguage":"pt-BR"},{"@type":"Person","@id":"https:\/\/www.em.com.br\/emfoco\/#\/schema\/person\/1c9ddeab18b98abeffef834667bcf08a","name":"Gabriel Martins","image":{"@type":"ImageObject","inLanguage":"pt-BR","@id":"https:\/\/www.em.com.br\/emfoco\/#\/schema\/person\/image\/","url":"https:\/\/secure.gravatar.com\/avatar\/f0f1e2efdfd88f1ad2cb08c5c2731e50?s=96&d=mm&r=g","contentUrl":"https:\/\/secure.gravatar.com\/avatar\/f0f1e2efdfd88f1ad2cb08c5c2731e50?s=96&d=mm&r=g","caption":"Gabriel Martins"},"sameAs":["https:\/\/www.em.com.br\/emfoco\/"],"url":"https:\/\/www.em.com.br\/emfoco\/author\/gabrielmartinsmyth\/"}]}},"_links":{"self":[{"href":"https:\/\/www.em.com.br\/emfoco\/wp-json\/wp\/v2\/posts\/90145","targetHints":{"allow":["GET"]}}],"collection":[{"href":"https:\/\/www.em.com.br\/emfoco\/wp-json\/wp\/v2\/posts"}],"about":[{"href":"https:\/\/www.em.com.br\/emfoco\/wp-json\/wp\/v2\/types\/post"}],"author":[{"embeddable":true,"href":"https:\/\/www.em.com.br\/emfoco\/wp-json\/wp\/v2\/users\/13"}],"replies":[{"embeddable":true,"href":"https:\/\/www.em.com.br\/emfoco\/wp-json\/wp\/v2\/comments?post=90145"}],"version-history":[{"count":1,"href":"https:\/\/www.em.com.br\/emfoco\/wp-json\/wp\/v2\/posts\/90145\/revisions"}],"predecessor-version":[{"id":90226,"href":"https:\/\/www.em.com.br\/emfoco\/wp-json\/wp\/v2\/posts\/90145\/revisions\/90226"}],"wp:featuredmedia":[{"embeddable":true,"href":"https:\/\/www.em.com.br\/emfoco\/wp-json\/wp\/v2\/media\/90219"}],"wp:attachment":[{"href":"https:\/\/www.em.com.br\/emfoco\/wp-json\/wp\/v2\/media?parent=90145"}],"wp:term":[{"taxonomy":"category","embeddable":true,"href":"https:\/\/www.em.com.br\/emfoco\/wp-json\/wp\/v2\/categories?post=90145"},{"taxonomy":"post_tag","embeddable":true,"href":"https:\/\/www.em.com.br\/emfoco\/wp-json\/wp\/v2\/tags?post=90145"}],"curies":[{"name":"wp","href":"https:\/\/api.w.org\/{rel}","templated":true}]}}