{"id":90084,"date":"2025-08-13T12:08:44","date_gmt":"2025-08-13T15:08:44","guid":{"rendered":"https:\/\/www.em.com.br\/emfoco\/?p=90084"},"modified":"2025-08-12T11:15:13","modified_gmt":"2025-08-12T14:15:13","slug":"as-ervas-mais-eficazes-para-purificar-e-harmonizar-sua-casa","status":"publish","type":"post","link":"https:\/\/www.em.com.br\/emfoco\/2025\/08\/13\/as-ervas-mais-eficazes-para-purificar-e-harmonizar-sua-casa\/","title":{"rendered":"As ervas mais eficazes para purificar e harmonizar sua casa"},"content":{"rendered":"\n<p>No mundo moderno, a busca por ambientes mais saud\u00e1veis e equilibrados tem ampliado o interesse por abordagens naturais, como o uso de ervas para purifica\u00e7\u00e3o de espa\u00e7os. Muitos acreditam no poder das ervas n\u00e3o apenas para temperar alimentos, mas tamb\u00e9m como agentes que colaboram para manter a harmonia nos lares. O uso dessas plantas pode ser uma pr\u00e1tica <a href=\"https:\/\/www.em.com.br\/emfoco\/2025\/08\/11\/o-que-significa-curtir-fotos-antigas-de-uma-pessoa-segundo-a-psicologia\/\" target=\"_blank\" rel=\"noopener\">antiga,<\/a> mas continua a ser relevante nos dias de hoje.<\/p>\n\n\n\n<p>Vale destacar que as ervas t\u00eam diferentes formas de emprego para alcan\u00e7ar um ambiente mais saud\u00e1vel. Seja atrav\u00e9s de sach\u00eas, ch\u00e1s ou at\u00e9 um simples vaso decorando o canto de uma sala. O conceito \u00e9 simples: integrar a <a href=\"https:\/\/rehagro.com.br\/blog\/materia-organica-no-solo\/\" target=\"_blank\" rel=\"noreferrer noopener\">natureza <\/a>ao cotidiano como um meio de promover bem-estar e tranquilidade.<\/p>\n\n\n\n<h2 class=\"wp-block-heading\">Quais s\u00e3o as ervas mais eficazes para purifica\u00e7\u00e3o de ambientes?<\/h2>\n\n\n\n<p>Dentre as ervas frequentemente destacadas para essa finalidade, a <strong>s\u00e1lvia<\/strong> \u00e9 uma das mais populares. Esta planta \u00e9 tradicionalmente utilizada em rituais de purifica\u00e7\u00e3o devido \u00e0 sua suposta capacidade de limpar energias negativas. Outra erva amplamente utilizada \u00e9 o <strong>alecrim<\/strong>, conhecido por suas propriedades revigorantes e pela capacidade de melhorar a atmosfera dos espa\u00e7os.<\/p>\n\n\n\n<p>O <strong>manjeric\u00e3o<\/strong>, al\u00e9m de ser um excelente tempero, \u00e9 associado \u00e0 prote\u00e7\u00e3o e ao fortalecimento das \u00e1reas familiares. A <strong>lavanda<\/strong> \u00e9 outro exemplo, famosa por seu aroma suave, que promove relaxamento e pode ajudar a aliviar o estresse acumulado ao longo do dia. Em diversas culturas, essas plantas s\u00e3o tamb\u00e9m associadas a tradi\u00e7\u00f5es ancestrais, como em rituais realizados em cidades como <strong>Salvador<\/strong> e <strong>Rio de Janeiro<\/strong>, conhecidas pelo sincretismo religioso e uso de elementos naturais nos lares.<\/p>\n\n\n<div class=\"wp-block-image\">\n<figure class=\"aligncenter size-large\"><img loading=\"lazy\" decoding=\"async\" width=\"1024\" height=\"576\" src=\"https:\/\/www.em.com.br\/emfoco\/wp-content\/uploads\/2025\/06\/salvia_1750045690256-1024x576.jpg\" alt=\"A planta poderosa que cabe em um vaso e cuida da sua sa\u00fade\" class=\"wp-image-61276\" srcset=\"https:\/\/www.em.com.br\/emfoco\/wp-content\/uploads\/2025\/06\/salvia_1750045690256-1024x576.jpg 1024w, https:\/\/www.em.com.br\/emfoco\/wp-content\/uploads\/2025\/06\/salvia_1750045690256-300x169.jpg 300w, https:\/\/www.em.com.br\/emfoco\/wp-content\/uploads\/2025\/06\/salvia_1750045690256-768x432.jpg 768w, https:\/\/www.em.com.br\/emfoco\/wp-content\/uploads\/2025\/06\/salvia_1750045690256-750x422.jpg 750w, https:\/\/www.em.com.br\/emfoco\/wp-content\/uploads\/2025\/06\/salvia_1750045690256-1140x641.jpg 1140w, https:\/\/www.em.com.br\/emfoco\/wp-content\/uploads\/2025\/06\/salvia_1750045690256.jpg 1280w\" sizes=\"auto, (max-width: 1024px) 100vw, 1024px\" \/><figcaption class=\"wp-element-caption\">S\u00e1lvia &#8211; Cr\u00e9ditos: depositphotos.com \/ robynmac<\/figcaption><\/figure><\/div>\n\n\n<h2 class=\"wp-block-heading\">Como usar ervas para purificar a casa?<\/h2>\n\n\n\n<p>Existem v\u00e1rias maneiras de incorporar ervas ao ambiente de uma casa para fins de purifica\u00e7\u00e3o. Uma op\u00e7\u00e3o pr\u00e1tica \u00e9 a prepara\u00e7\u00e3o de sach\u00eas de ervas, colocando pequenas quantidades em bolsos de tecido fino e distribuindo-os por diferentes c\u00f4modos. Alternativamente, pode-se fazer ch\u00e1s e vaporiz\u00e1-los no ambiente, permitindo que seu aroma se disperse pelo ar.<\/p>\n\n\n\n<ul class=\"wp-block-list\">\n<li><strong>Defuma\u00e7\u00e3o:<\/strong> Queimar pequenas por\u00e7\u00f5es de ervas secas produz uma fuma\u00e7a que \u00e9 tradicionalmente usada para limpar ambientes. Em locais como <strong>S\u00e3o Paulo<\/strong>, essa t\u00e9cnica tamb\u00e9m \u00e9 muito popular em centros terap\u00eauticos e espa\u00e7os hol\u00edsticos.<\/li>\n\n\n\n<li><strong>Infus\u00e3o:<\/strong> Preparar infus\u00f5es para borrifar pelos c\u00f4modos \u00e9 uma t\u00e9cnica simples e eficaz.<\/li>\n\n\n\n<li><strong>Vasos Decorativos:<\/strong> Manter vasos com ervas frescas em casa \u00e9 um modo cont\u00ednuo de promover a purifica\u00e7\u00e3o.<\/li>\n<\/ul>\n\n\n\n<h2 class=\"wp-block-heading\">Ervas ajudam na purifica\u00e7\u00e3o do ar?<\/h2>\n\n\n\n<p>Al\u00e9m de suas propriedades espirituais e psicol\u00f3gicas, algumas ervas possuem a capacidade de purificar o ar de maneira mais direta. Plantas como a <strong>hortel\u00e3<\/strong> e o alecrim podem ajudar a filtrar impurezas, promovendo um ar mais limpo. Elas transformam di\u00f3xido de carbono em oxig\u00eanio, um processo natural que beneficia a sa\u00fade do ambiente e de seus habitantes.<\/p>\n\n\n\n<p>Embora as ervas assistam na melhora do ambiente, \u00e9 importante lembrar que elas complementam outras pr\u00e1ticas de purifica\u00e7\u00e3o e cuidado da casa, como a limpeza regular e a ventila\u00e7\u00e3o adequada. Essa abordagem integrada promove melhor qualidade de vida e bem-estar. Inclusivamente, entidades como a <strong>Organiza\u00e7\u00e3o Mundial da Sa\u00fade<\/strong> recomendam que ambientes residenciais privilegiem a presen\u00e7a de plantas para auxiliar na renova\u00e7\u00e3o do ar.<\/p>\n\n\n\n<p>Portanto, ao integrar essas plantas ben\u00e9ficas \u00e0 rotina familiar, melhora-se n\u00e3o apenas a qualidade do ar, mas tamb\u00e9m o equil\u00edbrio emocional e espiritual dos moradores. Elas conectam o lar \u00e0 natureza, trazendo diversos benef\u00edcios para o ambiente e fortalecendo uma atmosfera de paz e sa\u00fade.<\/p>\n","protected":false},"excerpt":{"rendered":"<p>No mundo moderno, a busca por ambientes mais saud\u00e1veis e equilibrados tem ampliado o interesse por abordagens naturais, como o uso de ervas para purifica\u00e7\u00e3o de espa\u00e7os. Muitos acreditam no poder das ervas n\u00e3o apenas para temperar alimentos, mas tamb\u00e9m como agentes que colaboram para manter a harmonia nos lares. O uso dessas plantas pode [&hellip;]<\/p>\n","protected":false},"author":9,"featured_media":41877,"comment_status":"open","ping_status":"open","sticky":false,"template":"","format":"standard","meta":{"jnews-multi-image_gallery":[],"jnews_single_post":{"format":"standard"},"jnews_primary_category":[],"jnews_social_meta":[],"jnews_override_counter":[],"footnotes":""},"categories":[8819,1],"tags":[12863,2125,6785],"class_list":["post-90084","post","type-post","status-publish","format-standard","has-post-thumbnail","hentry","category-curiosidades","category-noticias","tag-ambiente","tag-ervas","tag-ervas-aromaticas"],"yoast_head":"<!-- This site is optimized with the Yoast SEO plugin v23.8 - https:\/\/yoast.com\/wordpress\/plugins\/seo\/ -->\n<title>As ervas mais eficazes para purificar e harmonizar sua casa<\/title>\n<meta name=\"description\" content=\"Aprenda a usar ervas na defuma\u00e7\u00e3o sach\u00eas e vasos para melhorar o ar afastar energias negativas e criar um lar mais equilibrado\" \/>\n<meta name=\"robots\" content=\"index, follow, max-snippet:-1, max-image-preview:large, max-video-preview:-1\" \/>\n<link rel=\"canonical\" href=\"https:\/\/www.em.com.br\/emfoco\/2025\/08\/13\/as-ervas-mais-eficazes-para-purificar-e-harmonizar-sua-casa\/\" \/>\n<meta property=\"og:locale\" content=\"pt_BR\" \/>\n<meta property=\"og:type\" content=\"article\" \/>\n<meta property=\"og:title\" content=\"As ervas mais eficazes para purificar e harmonizar sua casa\" \/>\n<meta property=\"og:description\" content=\"Aprenda a usar ervas na defuma\u00e7\u00e3o sach\u00eas e vasos para melhorar o ar afastar energias negativas e criar um lar mais equilibrado\" \/>\n<meta property=\"og:url\" content=\"https:\/\/www.em.com.br\/emfoco\/2025\/08\/13\/as-ervas-mais-eficazes-para-purificar-e-harmonizar-sua-casa\/\" \/>\n<meta property=\"og:site_name\" content=\"Estado de Minas - Em foco\" \/>\n<meta property=\"article:published_time\" content=\"2025-08-13T15:08:44+00:00\" \/>\n<meta property=\"article:modified_time\" content=\"2025-08-12T14:15:13+00:00\" \/>\n<meta property=\"og:image\" content=\"https:\/\/www.em.com.br\/emfoco\/wp-content\/uploads\/2025\/04\/ervas_1745641058740.jpg\" \/>\n\t<meta property=\"og:image:width\" content=\"1280\" \/>\n\t<meta property=\"og:image:height\" content=\"720\" \/>\n\t<meta property=\"og:image:type\" content=\"image\/jpeg\" \/>\n<meta name=\"author\" content=\"Daniely Cardoso\" \/>\n<meta name=\"twitter:card\" content=\"summary_large_image\" \/>\n<meta name=\"twitter:label1\" content=\"Escrito por\" \/>\n\t<meta name=\"twitter:data1\" content=\"Daniely Cardoso\" \/>\n\t<meta name=\"twitter:label2\" content=\"Est. tempo de leitura\" \/>\n\t<meta name=\"twitter:data2\" content=\"4 minutos\" \/>\n<!-- \/ Yoast SEO plugin. -->","yoast_head_json":{"title":"As ervas mais eficazes para purificar e harmonizar sua casa","description":"Aprenda a usar ervas na defuma\u00e7\u00e3o sach\u00eas e vasos para melhorar o ar afastar energias negativas e criar um lar mais equilibrado","robots":{"index":"index","follow":"follow","max-snippet":"max-snippet:-1","max-image-preview":"max-image-preview:large","max-video-preview":"max-video-preview:-1"},"canonical":"https:\/\/www.em.com.br\/emfoco\/2025\/08\/13\/as-ervas-mais-eficazes-para-purificar-e-harmonizar-sua-casa\/","og_locale":"pt_BR","og_type":"article","og_title":"As ervas mais eficazes para purificar e harmonizar sua casa","og_description":"Aprenda a usar ervas na defuma\u00e7\u00e3o sach\u00eas e vasos para melhorar o ar afastar energias negativas e criar um lar mais equilibrado","og_url":"https:\/\/www.em.com.br\/emfoco\/2025\/08\/13\/as-ervas-mais-eficazes-para-purificar-e-harmonizar-sua-casa\/","og_site_name":"Estado de Minas - Em foco","article_published_time":"2025-08-13T15:08:44+00:00","article_modified_time":"2025-08-12T14:15:13+00:00","og_image":[{"width":1280,"height":720,"url":"https:\/\/www.em.com.br\/emfoco\/wp-content\/uploads\/2025\/04\/ervas_1745641058740.jpg","type":"image\/jpeg"}],"author":"Daniely Cardoso","twitter_card":"summary_large_image","twitter_misc":{"Escrito por":"Daniely Cardoso","Est. tempo de leitura":"4 minutos"},"schema":{"@context":"https:\/\/schema.org","@graph":[{"@type":"WebPage","@id":"https:\/\/www.em.com.br\/emfoco\/2025\/08\/13\/as-ervas-mais-eficazes-para-purificar-e-harmonizar-sua-casa\/","url":"https:\/\/www.em.com.br\/emfoco\/2025\/08\/13\/as-ervas-mais-eficazes-para-purificar-e-harmonizar-sua-casa\/","name":"As ervas mais eficazes para purificar e harmonizar sua casa","isPartOf":{"@id":"https:\/\/www.em.com.br\/emfoco\/#website"},"primaryImageOfPage":{"@id":"https:\/\/www.em.com.br\/emfoco\/2025\/08\/13\/as-ervas-mais-eficazes-para-purificar-e-harmonizar-sua-casa\/#primaryimage"},"image":{"@id":"https:\/\/www.em.com.br\/emfoco\/2025\/08\/13\/as-ervas-mais-eficazes-para-purificar-e-harmonizar-sua-casa\/#primaryimage"},"thumbnailUrl":"https:\/\/www.em.com.br\/emfoco\/wp-content\/uploads\/2025\/04\/ervas_1745641058740.jpg","datePublished":"2025-08-13T15:08:44+00:00","dateModified":"2025-08-12T14:15:13+00:00","author":{"@id":"https:\/\/www.em.com.br\/emfoco\/#\/schema\/person\/0a8186d72f2c3a5c6276d90b41f271a0"},"description":"Aprenda a usar ervas na defuma\u00e7\u00e3o sach\u00eas e vasos para melhorar o ar afastar energias negativas e criar um lar mais equilibrado","breadcrumb":{"@id":"https:\/\/www.em.com.br\/emfoco\/2025\/08\/13\/as-ervas-mais-eficazes-para-purificar-e-harmonizar-sua-casa\/#breadcrumb"},"inLanguage":"pt-BR","potentialAction":[{"@type":"ReadAction","target":["https:\/\/www.em.com.br\/emfoco\/2025\/08\/13\/as-ervas-mais-eficazes-para-purificar-e-harmonizar-sua-casa\/"]}]},{"@type":"ImageObject","inLanguage":"pt-BR","@id":"https:\/\/www.em.com.br\/emfoco\/2025\/08\/13\/as-ervas-mais-eficazes-para-purificar-e-harmonizar-sua-casa\/#primaryimage","url":"https:\/\/www.em.com.br\/emfoco\/wp-content\/uploads\/2025\/04\/ervas_1745641058740.jpg","contentUrl":"https:\/\/www.em.com.br\/emfoco\/wp-content\/uploads\/2025\/04\/ervas_1745641058740.jpg","width":1280,"height":720,"caption":"As ervas medicinais emergem como uma solu\u00e7\u00e3o promissora para aquietar a mente - Cr\u00e9ditos: depositphotos.com \/ JanPietruszka"},{"@type":"BreadcrumbList","@id":"https:\/\/www.em.com.br\/emfoco\/2025\/08\/13\/as-ervas-mais-eficazes-para-purificar-e-harmonizar-sua-casa\/#breadcrumb","itemListElement":[{"@type":"ListItem","position":1,"name":"In\u00edcio","item":"https:\/\/www.em.com.br\/emfoco\/"},{"@type":"ListItem","position":2,"name":"As ervas mais eficazes para purificar e harmonizar sua casa"}]},{"@type":"WebSite","@id":"https:\/\/www.em.com.br\/emfoco\/#website","url":"https:\/\/www.em.com.br\/emfoco\/","name":"Estado de Minas - Em foco","description":"Acompanhe as \u00faltimas not\u00edcias e fique bem informado sobre tudo o que acontece em Minas Gerais, Brasil e no mundo.","potentialAction":[{"@type":"SearchAction","target":{"@type":"EntryPoint","urlTemplate":"https:\/\/www.em.com.br\/emfoco\/?s={search_term_string}"},"query-input":{"@type":"PropertyValueSpecification","valueRequired":true,"valueName":"search_term_string"}}],"inLanguage":"pt-BR"},{"@type":"Person","@id":"https:\/\/www.em.com.br\/emfoco\/#\/schema\/person\/0a8186d72f2c3a5c6276d90b41f271a0","name":"Daniely Cardoso","image":{"@type":"ImageObject","inLanguage":"pt-BR","@id":"https:\/\/www.em.com.br\/emfoco\/#\/schema\/person\/image\/","url":"https:\/\/secure.gravatar.com\/avatar\/4b80ddbd124d1f071b626d52d62e5dff?s=96&d=mm&r=g","contentUrl":"https:\/\/secure.gravatar.com\/avatar\/4b80ddbd124d1f071b626d52d62e5dff?s=96&d=mm&r=g","caption":"Daniely Cardoso"},"url":"https:\/\/www.em.com.br\/emfoco\/author\/danielymyth\/"}]}},"_links":{"self":[{"href":"https:\/\/www.em.com.br\/emfoco\/wp-json\/wp\/v2\/posts\/90084","targetHints":{"allow":["GET"]}}],"collection":[{"href":"https:\/\/www.em.com.br\/emfoco\/wp-json\/wp\/v2\/posts"}],"about":[{"href":"https:\/\/www.em.com.br\/emfoco\/wp-json\/wp\/v2\/types\/post"}],"author":[{"embeddable":true,"href":"https:\/\/www.em.com.br\/emfoco\/wp-json\/wp\/v2\/users\/9"}],"replies":[{"embeddable":true,"href":"https:\/\/www.em.com.br\/emfoco\/wp-json\/wp\/v2\/comments?post=90084"}],"version-history":[{"count":2,"href":"https:\/\/www.em.com.br\/emfoco\/wp-json\/wp\/v2\/posts\/90084\/revisions"}],"predecessor-version":[{"id":90132,"href":"https:\/\/www.em.com.br\/emfoco\/wp-json\/wp\/v2\/posts\/90084\/revisions\/90132"}],"wp:featuredmedia":[{"embeddable":true,"href":"https:\/\/www.em.com.br\/emfoco\/wp-json\/wp\/v2\/media\/41877"}],"wp:attachment":[{"href":"https:\/\/www.em.com.br\/emfoco\/wp-json\/wp\/v2\/media?parent=90084"}],"wp:term":[{"taxonomy":"category","embeddable":true,"href":"https:\/\/www.em.com.br\/emfoco\/wp-json\/wp\/v2\/categories?post=90084"},{"taxonomy":"post_tag","embeddable":true,"href":"https:\/\/www.em.com.br\/emfoco\/wp-json\/wp\/v2\/tags?post=90084"}],"curies":[{"name":"wp","href":"https:\/\/api.w.org\/{rel}","templated":true}]}}