{"id":90018,"date":"2025-08-14T07:08:00","date_gmt":"2025-08-14T10:08:00","guid":{"rendered":"https:\/\/www.em.com.br\/emfoco\/?p=90018"},"modified":"2025-08-13T09:43:07","modified_gmt":"2025-08-13T12:43:07","slug":"um-pequeno-detalhe-na-caneta-esferografica-volta-a-chamar-atencao","status":"publish","type":"post","link":"https:\/\/www.em.com.br\/emfoco\/2025\/08\/14\/um-pequeno-detalhe-na-caneta-esferografica-volta-a-chamar-atencao\/","title":{"rendered":"Um pequeno detalhe na caneta esferogr\u00e1fica volta a chamar aten\u00e7\u00e3o"},"content":{"rendered":"\n<p>Se voc\u00ea j\u00e1 usou uma caneta esferogr\u00e1fica, provavelmente percebeu um pequeno furinho no topo da tampa. Esse detalhe, que parece apenas parte do design, na verdade esconde uma fun\u00e7\u00e3o muito importante \u2014 e que pode at\u00e9 salvar vidas. Apesar de muitas pessoas acreditarem que serve apenas para \u201cevitar que a caneta estoure\u201d, a realidade \u00e9 bem diferente.<\/p>\n\n\n\n<h2 class=\"wp-block-heading\">Fun\u00e7\u00e3o principal: prevenir sufocamento<\/h2>\n\n\n\n<p>O furinho na tampa foi criado para reduzir o risco de sufocamento em casos de acidentes. Crian\u00e7as e at\u00e9 adultos, ao manusear uma caneta, podem colocar a tampa na boca e acabar engolindo por engano. Nesse cen\u00e1rio, o furinho permite a passagem m\u00ednima de ar pelas vias respirat\u00f3rias, aumentando o tempo dispon\u00edvel at\u00e9 que a pessoa receba atendimento m\u00e9dico.<\/p>\n\n\n\n<p>Segundo a <strong>Comiss\u00e3o Europeia de Seguran\u00e7a de Produtos<\/strong> e outras entidades reguladoras, essa pequena abertura j\u00e1 ajudou a evitar diversos acidentes fatais. A medida tornou-se t\u00e3o importante que, em muitos pa\u00edses, passou a ser uma exig\u00eancia para fabricantes de materiais escolares e de escrit\u00f3rio.<\/p>\n\n\n\n<h2 class=\"wp-block-heading\">Como surgiu essa ideia<\/h2>\n\n\n\n<p>O conceito ganhou for\u00e7a nos anos 1990, quando fabricantes come\u00e7aram a buscar solu\u00e7\u00f5es para aumentar a seguran\u00e7a de produtos usados por crian\u00e7as. A <strong>BIC<\/strong>, uma das maiores fabricantes de canetas do mundo, foi uma das pioneiras a adotar o furinho, tornando-o parte de seu padr\u00e3o de produ\u00e7\u00e3o. Desde ent\u00e3o, outras marcas seguiram o exemplo.<\/p>\n\n\n\n<p>O detalhe \u00e9 t\u00e3o marcante que hoje, para muitos consumidores, uma caneta \u201csem furinho\u201d chega a causar estranhamento, mesmo que nem todos conhe\u00e7am a verdadeira fun\u00e7\u00e3o por tr\u00e1s dele.<\/p>\n\n\n\n<figure class=\"wp-block-image size-large\"><img loading=\"lazy\" decoding=\"async\" width=\"1024\" height=\"576\" src=\"https:\/\/www.em.com.br\/emfoco\/wp-content\/uploads\/2025\/08\/caneta_1755092403474-1024x576.jpg\" alt=\"\" class=\"wp-image-90749\" srcset=\"https:\/\/www.em.com.br\/emfoco\/wp-content\/uploads\/2025\/08\/caneta_1755092403474-1024x576.jpg 1024w, https:\/\/www.em.com.br\/emfoco\/wp-content\/uploads\/2025\/08\/caneta_1755092403474-300x169.jpg 300w, https:\/\/www.em.com.br\/emfoco\/wp-content\/uploads\/2025\/08\/caneta_1755092403474-768x432.jpg 768w, https:\/\/www.em.com.br\/emfoco\/wp-content\/uploads\/2025\/08\/caneta_1755092403474-750x422.jpg 750w, https:\/\/www.em.com.br\/emfoco\/wp-content\/uploads\/2025\/08\/caneta_1755092403474-1140x641.jpg 1140w, https:\/\/www.em.com.br\/emfoco\/wp-content\/uploads\/2025\/08\/caneta_1755092403474.jpg 1280w\" sizes=\"auto, (max-width: 1024px) 100vw, 1024px\" \/><figcaption class=\"wp-element-caption\">Homem com caneta &#8211; Cr\u00e9ditos: depositphotos.com \/ EdZbarzhyvetsky<\/figcaption><\/figure>\n\n\n\n<h2 class=\"wp-block-heading\">Benef\u00edcios adicionais do furinho<\/h2>\n\n\n\n<p>Embora a fun\u00e7\u00e3o de seguran\u00e7a seja a principal, o furinho na tampa da caneta traz tamb\u00e9m alguns benef\u00edcios secund\u00e1rios:<\/p>\n\n\n\n<ul class=\"wp-block-list\">\n<li><strong>Evita press\u00e3o interna<\/strong>: ao colocar ou retirar a tampa, a presen\u00e7a do furo impede a forma\u00e7\u00e3o de press\u00e3o de ar que poderia dificultar o encaixe ou causar estalos fortes.<\/li>\n\n\n\n<li><strong>Preserva a tinta<\/strong>: ajuda a manter a press\u00e3o interna est\u00e1vel, o que reduz o risco de vazamentos ou ressecamento prematuro da tinta.<\/li>\n\n\n\n<li><strong>Economia m\u00ednima de pl\u00e1stico<\/strong>: embora seja um detalhe pequeno, o corte reduz levemente a quantidade de material utilizada na produ\u00e7\u00e3o em larga escala.<\/li>\n<\/ul>\n\n\n\n<h2 class=\"wp-block-heading\">O que diz a legisla\u00e7\u00e3o<\/h2>\n\n\n\n<p>Em alguns mercados, como o europeu, a presen\u00e7a do furinho segue normas espec\u00edficas de <a href=\"https:\/\/barrigaebebe.pt\/regras-basicas-de-seguranca-infantil\/\" target=\"_blank\" rel=\"noreferrer noopener\">seguran\u00e7a infantil<\/a>. No Brasil, embora n\u00e3o seja uma obrigatoriedade legal em todos os modelos, grandes fabricantes seguem o padr\u00e3o internacional para manter a competitividade e atender demandas de exporta\u00e7\u00e3o.<\/p>\n\n\n\n<h2 class=\"wp-block-heading\">Curiosidades sobre o furinho<\/h2>\n\n\n\n<ul class=\"wp-block-list\">\n<li>O di\u00e2metro do furo \u00e9 cuidadosamente calculado: grande o suficiente para permitir passagem de ar, mas pequeno para n\u00e3o comprometer a resist\u00eancia da tampa.<\/li>\n\n\n\n<li>O formato e a posi\u00e7\u00e3o variam de acordo com a marca, mas a fun\u00e7\u00e3o principal se mant\u00e9m.<\/li>\n\n\n\n<li>Algumas canetas retr\u00e1teis n\u00e3o t\u00eam tampas, mas possuem sistemas internos de seguran\u00e7a diferentes para evitar riscos semelhantes.<\/li>\n<\/ul>\n\n\n\n<h2 class=\"wp-block-heading\">Um detalhe que pode salvar vidas<\/h2>\n\n\n\n<p>Embora pare\u00e7a exagero, esse pequeno orif\u00edcio j\u00e1 foi respons\u00e1vel por salvar pessoas em situa\u00e7\u00f5es de emerg\u00eancia. Relatos m\u00e9dicos apontam que, em alguns casos, o furinho foi determinante para manter a oxigena\u00e7\u00e3o m\u00ednima at\u00e9 que o objeto fosse removido por profissionais de sa\u00fade.<\/p>\n\n\n\n<h2 class=\"wp-block-heading\">Conclus\u00e3o<\/h2>\n\n\n\n<p>O furinho na tampa da caneta \u00e9 um exemplo de como o design inteligente pode ir al\u00e9m da est\u00e9tica e trazer solu\u00e7\u00f5es que unem funcionalidade e seguran\u00e7a. Mais do que um detalhe curioso, ele representa uma medida preventiva que ajuda a proteger especialmente as crian\u00e7as, mas tamb\u00e9m qualquer pessoa que, por acidente, possa engolir uma tampa.<\/p>\n\n\n\n<p>Da pr\u00f3xima vez que pegar uma caneta, lembre-se: aquele pequeno detalhe de pl\u00e1stico no topo n\u00e3o est\u00e1 ali por acaso. Ele pode parecer insignificante, mas pode fazer toda a diferen\u00e7a em uma situa\u00e7\u00e3o de emerg\u00eancia.<\/p>\n\n\n\n<p><em>Leia tamb\u00e9m: <a href=\"https:\/\/www.em.com.br\/emfoco\/2025\/08\/13\/pequenos-tesouros-moedas-antigas-que-valem-muito\/\" target=\"_blank\" rel=\"noreferrer noopener\">Pequenos tesouros, saiba identificar moedas antigas valiosas<\/a><\/em><\/p>\n","protected":false},"excerpt":{"rendered":"<p>Se voc\u00ea j\u00e1 usou uma caneta esferogr\u00e1fica, provavelmente percebeu um pequeno furinho no topo da tampa. Esse detalhe, que parece apenas parte do design, na verdade esconde uma fun\u00e7\u00e3o muito importante \u2014 e que pode at\u00e9 salvar vidas. Apesar de muitas pessoas acreditarem que serve apenas para \u201cevitar que a caneta estoure\u201d, a realidade \u00e9 [&hellip;]<\/p>\n","protected":false},"author":11,"featured_media":90752,"comment_status":"open","ping_status":"open","sticky":false,"template":"","format":"standard","meta":{"jnews-multi-image_gallery":[],"jnews_single_post":{"format":"standard"},"jnews_primary_category":[],"jnews_social_meta":[],"jnews_override_counter":[],"footnotes":""},"categories":[29,1],"tags":[13872,13873,11912],"class_list":["post-90018","post","type-post","status-publish","format-standard","has-post-thumbnail","hentry","category-entretenimento","category-noticias","tag-caneta","tag-detalhe","tag-tampas"],"yoast_head":"<!-- This site is optimized with the Yoast SEO plugin v23.8 - https:\/\/yoast.com\/wordpress\/plugins\/seo\/ -->\n<title>Um pequeno detalhe na caneta esferogr\u00e1fica volta a chamar aten\u00e7\u00e3o - Estado de Minas - Em foco<\/title>\n<meta name=\"description\" content=\"Esse detalhe discreto da caneta pode ser a diferen\u00e7a entre vida e morte. Entenda a fun\u00e7\u00e3o do furinho.\" \/>\n<meta name=\"robots\" content=\"index, follow, max-snippet:-1, max-image-preview:large, max-video-preview:-1\" \/>\n<link rel=\"canonical\" href=\"https:\/\/www.em.com.br\/emfoco\/2025\/08\/14\/um-pequeno-detalhe-na-caneta-esferografica-volta-a-chamar-atencao\/\" \/>\n<meta property=\"og:locale\" content=\"pt_BR\" \/>\n<meta property=\"og:type\" content=\"article\" \/>\n<meta property=\"og:title\" content=\"Um pequeno detalhe na caneta esferogr\u00e1fica volta a chamar aten\u00e7\u00e3o - Estado de Minas - Em foco\" \/>\n<meta property=\"og:description\" content=\"Esse detalhe discreto da caneta pode ser a diferen\u00e7a entre vida e morte. Entenda a fun\u00e7\u00e3o do furinho.\" \/>\n<meta property=\"og:url\" content=\"https:\/\/www.em.com.br\/emfoco\/2025\/08\/14\/um-pequeno-detalhe-na-caneta-esferografica-volta-a-chamar-atencao\/\" \/>\n<meta property=\"og:site_name\" content=\"Estado de Minas - Em foco\" \/>\n<meta property=\"article:published_time\" content=\"2025-08-14T10:08:00+00:00\" \/>\n<meta property=\"article:modified_time\" content=\"2025-08-13T12:43:07+00:00\" \/>\n<meta property=\"og:image\" content=\"https:\/\/www.em.com.br\/emfoco\/wp-content\/uploads\/2025\/08\/pessoa-com-caneta_1755092530458.jpg\" \/>\n\t<meta property=\"og:image:width\" content=\"1280\" \/>\n\t<meta property=\"og:image:height\" content=\"720\" \/>\n\t<meta property=\"og:image:type\" content=\"image\/jpeg\" \/>\n<meta name=\"author\" content=\"Andre\u0301 Rangel\u00a0\" \/>\n<meta name=\"twitter:card\" content=\"summary_large_image\" \/>\n<meta name=\"twitter:label1\" content=\"Escrito por\" \/>\n\t<meta name=\"twitter:data1\" content=\"Andre\u0301 Rangel\u00a0\" \/>\n\t<meta name=\"twitter:label2\" content=\"Est. tempo de leitura\" \/>\n\t<meta name=\"twitter:data2\" content=\"4 minutos\" \/>\n<!-- \/ Yoast SEO plugin. -->","yoast_head_json":{"title":"Um pequeno detalhe na caneta esferogr\u00e1fica volta a chamar aten\u00e7\u00e3o - Estado de Minas - Em foco","description":"Esse detalhe discreto da caneta pode ser a diferen\u00e7a entre vida e morte. Entenda a fun\u00e7\u00e3o do furinho.","robots":{"index":"index","follow":"follow","max-snippet":"max-snippet:-1","max-image-preview":"max-image-preview:large","max-video-preview":"max-video-preview:-1"},"canonical":"https:\/\/www.em.com.br\/emfoco\/2025\/08\/14\/um-pequeno-detalhe-na-caneta-esferografica-volta-a-chamar-atencao\/","og_locale":"pt_BR","og_type":"article","og_title":"Um pequeno detalhe na caneta esferogr\u00e1fica volta a chamar aten\u00e7\u00e3o - Estado de Minas - Em foco","og_description":"Esse detalhe discreto da caneta pode ser a diferen\u00e7a entre vida e morte. Entenda a fun\u00e7\u00e3o do furinho.","og_url":"https:\/\/www.em.com.br\/emfoco\/2025\/08\/14\/um-pequeno-detalhe-na-caneta-esferografica-volta-a-chamar-atencao\/","og_site_name":"Estado de Minas - Em foco","article_published_time":"2025-08-14T10:08:00+00:00","article_modified_time":"2025-08-13T12:43:07+00:00","og_image":[{"width":1280,"height":720,"url":"https:\/\/www.em.com.br\/emfoco\/wp-content\/uploads\/2025\/08\/pessoa-com-caneta_1755092530458.jpg","type":"image\/jpeg"}],"author":"Andre\u0301 Rangel\u00a0","twitter_card":"summary_large_image","twitter_misc":{"Escrito por":"Andre\u0301 Rangel\u00a0","Est. tempo de leitura":"4 minutos"},"schema":{"@context":"https:\/\/schema.org","@graph":[{"@type":"WebPage","@id":"https:\/\/www.em.com.br\/emfoco\/2025\/08\/14\/um-pequeno-detalhe-na-caneta-esferografica-volta-a-chamar-atencao\/","url":"https:\/\/www.em.com.br\/emfoco\/2025\/08\/14\/um-pequeno-detalhe-na-caneta-esferografica-volta-a-chamar-atencao\/","name":"Um pequeno detalhe na caneta esferogr\u00e1fica volta a chamar aten\u00e7\u00e3o - Estado de Minas - Em foco","isPartOf":{"@id":"https:\/\/www.em.com.br\/emfoco\/#website"},"primaryImageOfPage":{"@id":"https:\/\/www.em.com.br\/emfoco\/2025\/08\/14\/um-pequeno-detalhe-na-caneta-esferografica-volta-a-chamar-atencao\/#primaryimage"},"image":{"@id":"https:\/\/www.em.com.br\/emfoco\/2025\/08\/14\/um-pequeno-detalhe-na-caneta-esferografica-volta-a-chamar-atencao\/#primaryimage"},"thumbnailUrl":"https:\/\/www.em.com.br\/emfoco\/wp-content\/uploads\/2025\/08\/pessoa-com-caneta_1755092530458.jpg","datePublished":"2025-08-14T10:08:00+00:00","dateModified":"2025-08-13T12:43:07+00:00","author":{"@id":"https:\/\/www.em.com.br\/emfoco\/#\/schema\/person\/60eda09c1fedf0d6891f4cef4b60b8b8"},"description":"Esse detalhe discreto da caneta pode ser a diferen\u00e7a entre vida e morte. Entenda a fun\u00e7\u00e3o do furinho.","breadcrumb":{"@id":"https:\/\/www.em.com.br\/emfoco\/2025\/08\/14\/um-pequeno-detalhe-na-caneta-esferografica-volta-a-chamar-atencao\/#breadcrumb"},"inLanguage":"pt-BR","potentialAction":[{"@type":"ReadAction","target":["https:\/\/www.em.com.br\/emfoco\/2025\/08\/14\/um-pequeno-detalhe-na-caneta-esferografica-volta-a-chamar-atencao\/"]}]},{"@type":"ImageObject","inLanguage":"pt-BR","@id":"https:\/\/www.em.com.br\/emfoco\/2025\/08\/14\/um-pequeno-detalhe-na-caneta-esferografica-volta-a-chamar-atencao\/#primaryimage","url":"https:\/\/www.em.com.br\/emfoco\/wp-content\/uploads\/2025\/08\/pessoa-com-caneta_1755092530458.jpg","contentUrl":"https:\/\/www.em.com.br\/emfoco\/wp-content\/uploads\/2025\/08\/pessoa-com-caneta_1755092530458.jpg","width":1280,"height":720,"caption":"Caneta - Cr\u00e9ditos: depositphotos.com \/ TarasMalyarevich"},{"@type":"BreadcrumbList","@id":"https:\/\/www.em.com.br\/emfoco\/2025\/08\/14\/um-pequeno-detalhe-na-caneta-esferografica-volta-a-chamar-atencao\/#breadcrumb","itemListElement":[{"@type":"ListItem","position":1,"name":"In\u00edcio","item":"https:\/\/www.em.com.br\/emfoco\/"},{"@type":"ListItem","position":2,"name":"Um pequeno detalhe na caneta esferogr\u00e1fica volta a chamar aten\u00e7\u00e3o"}]},{"@type":"WebSite","@id":"https:\/\/www.em.com.br\/emfoco\/#website","url":"https:\/\/www.em.com.br\/emfoco\/","name":"Estado de Minas - Em foco","description":"Acompanhe as \u00faltimas not\u00edcias e fique bem informado sobre tudo o que acontece em Minas Gerais, Brasil e no mundo.","potentialAction":[{"@type":"SearchAction","target":{"@type":"EntryPoint","urlTemplate":"https:\/\/www.em.com.br\/emfoco\/?s={search_term_string}"},"query-input":{"@type":"PropertyValueSpecification","valueRequired":true,"valueName":"search_term_string"}}],"inLanguage":"pt-BR"},{"@type":"Person","@id":"https:\/\/www.em.com.br\/emfoco\/#\/schema\/person\/60eda09c1fedf0d6891f4cef4b60b8b8","name":"Andre\u0301 Rangel\u00a0","image":{"@type":"ImageObject","inLanguage":"pt-BR","@id":"https:\/\/www.em.com.br\/emfoco\/#\/schema\/person\/image\/","url":"https:\/\/secure.gravatar.com\/avatar\/6234dc814c77c8ef6d8bba622c787efc?s=96&d=mm&r=g","contentUrl":"https:\/\/secure.gravatar.com\/avatar\/6234dc814c77c8ef6d8bba622c787efc?s=96&d=mm&r=g","caption":"Andre\u0301 Rangel\u00a0"},"url":"https:\/\/www.em.com.br\/emfoco\/author\/luizmyth\/"}]}},"_links":{"self":[{"href":"https:\/\/www.em.com.br\/emfoco\/wp-json\/wp\/v2\/posts\/90018","targetHints":{"allow":["GET"]}}],"collection":[{"href":"https:\/\/www.em.com.br\/emfoco\/wp-json\/wp\/v2\/posts"}],"about":[{"href":"https:\/\/www.em.com.br\/emfoco\/wp-json\/wp\/v2\/types\/post"}],"author":[{"embeddable":true,"href":"https:\/\/www.em.com.br\/emfoco\/wp-json\/wp\/v2\/users\/11"}],"replies":[{"embeddable":true,"href":"https:\/\/www.em.com.br\/emfoco\/wp-json\/wp\/v2\/comments?post=90018"}],"version-history":[{"count":3,"href":"https:\/\/www.em.com.br\/emfoco\/wp-json\/wp\/v2\/posts\/90018\/revisions"}],"predecessor-version":[{"id":90753,"href":"https:\/\/www.em.com.br\/emfoco\/wp-json\/wp\/v2\/posts\/90018\/revisions\/90753"}],"wp:featuredmedia":[{"embeddable":true,"href":"https:\/\/www.em.com.br\/emfoco\/wp-json\/wp\/v2\/media\/90752"}],"wp:attachment":[{"href":"https:\/\/www.em.com.br\/emfoco\/wp-json\/wp\/v2\/media?parent=90018"}],"wp:term":[{"taxonomy":"category","embeddable":true,"href":"https:\/\/www.em.com.br\/emfoco\/wp-json\/wp\/v2\/categories?post=90018"},{"taxonomy":"post_tag","embeddable":true,"href":"https:\/\/www.em.com.br\/emfoco\/wp-json\/wp\/v2\/tags?post=90018"}],"curies":[{"name":"wp","href":"https:\/\/api.w.org\/{rel}","templated":true}]}}