{"id":89985,"date":"2025-08-12T15:50:00","date_gmt":"2025-08-12T18:50:00","guid":{"rendered":"https:\/\/www.em.com.br\/emfoco\/?p=89985"},"modified":"2025-08-12T16:28:15","modified_gmt":"2025-08-12T19:28:15","slug":"matheus-davila-nutricionista-alerta-o-problema-nao-e-o-alimento-e-como-voce-prepara","status":"publish","type":"post","link":"https:\/\/www.em.com.br\/emfoco\/2025\/08\/12\/matheus-davila-nutricionista-alerta-o-problema-nao-e-o-alimento-e-como-voce-prepara\/","title":{"rendered":"Matheus D\u2019\u00c1vila, Nutricionista, alerta: \u201cO problema n\u00e3o \u00e9 o alimento, \u00e9 como voc\u00ea prepara\u201d"},"content":{"rendered":"\n<p>O nutricionista Matheus D\u2019\u00c1vila, reconhecido por sua abordagem pr\u00e1tica e direta sobre alimenta\u00e7\u00e3o, destaca que muitos h\u00e1bitos alimentares prejudiciais n\u00e3o est\u00e3o relacionados ao alimento em si, mas \u00e0 forma e \u00e0 frequ\u00eancia com que ele \u00e9 consumido. Segundo ele, entender essa diferen\u00e7a \u00e9 fundamental para quem busca emagrecer ou manter um estilo de vida saud\u00e1vel.<\/p>\n\n\n\n<p>A mensagem \u00e9 simples: n\u00e3o \u00e9 necess\u00e1rio cortar completamente alimentos comuns do dia a dia, mas sim ajustar a quantidade e evitar acompanhamentos que aumentam o valor cal\u00f3rico e reduzem a qualidade nutricional da refei\u00e7\u00e3o.<\/p>\n\n\n\n<h2 class=\"wp-block-heading\">O problema n\u00e3o est\u00e1 nos ovos, mas no preparo<\/h2>\n\n\n\n<p>O ovo \u00e9 um alimento nutritivo, rico em prote\u00ednas e vitaminas, mas perde parte de seus benef\u00edcios quando preparado com excesso de \u00f3leo ou manteiga. O ac\u00famulo de gordura saturada pode aumentar o consumo cal\u00f3rico e impactar negativamente a sa\u00fade cardiovascular. A recomenda\u00e7\u00e3o \u00e9 optar por m\u00e9todos de preparo mais leves, como ovos cozidos, poch\u00ea ou mexidos com pouca gordura.<\/p>\n\n\n\n<h2 class=\"wp-block-heading\">A\u00e7\u00facar no caf\u00e9: um vil\u00e3o disfar\u00e7ado<\/h2>\n\n\n\n<p>O caf\u00e9, quando consumido sem a\u00e7\u00facar, pode ser uma bebida ben\u00e9fica gra\u00e7as aos antioxidantes e ao efeito estimulante da cafe\u00edna. Por\u00e9m, adicionar grandes quantidades de a\u00e7\u00facar transforma essa bebida em uma fonte extra de calorias vazias, favorecendo o ganho de peso e aumentando o risco de doen\u00e7as metab\u00f3licas.<\/p>\n\n\n\n<h2 class=\"wp-block-heading\">Leite e achocolatado: combina\u00e7\u00e3o que exige modera\u00e7\u00e3o<\/h2>\n\n\n\n<p>O leite \u00e9 fonte importante de c\u00e1lcio e prote\u00ednas, mas, quando misturado a achocolatados ricos em a\u00e7\u00facar, perde parte de seu valor nutricional. Esse h\u00e1bito eleva rapidamente a ingest\u00e3o de a\u00e7\u00facares simples, que em excesso contribuem para o aumento de gordura corporal e desequil\u00edbrios na glicemia.<\/p>\n\n\n\n<h2 class=\"wp-block-heading\">P\u00e3o: a quantidade faz toda a diferen\u00e7a<\/h2>\n\n\n\n<p>O p\u00e3o, especialmente o integral, pode fazer parte de uma dieta equilibrada, fornecendo carboidratos e fibras. O problema surge quando o consumo \u00e9 exagerado, aumentando a ingest\u00e3o cal\u00f3rica e prejudicando o controle do peso. A modera\u00e7\u00e3o e a escolha de op\u00e7\u00f5es mais nutritivas s\u00e3o essenciais.<\/p>\n\n\n<div class=\"wp-block-image\">\n<figure class=\"aligncenter size-large\"><img loading=\"lazy\" decoding=\"async\" width=\"1024\" height=\"576\" src=\"https:\/\/www.em.com.br\/emfoco\/wp-content\/uploads\/2025\/07\/carboidrato-_1751424266936-1024x576.jpg\" alt=\"\" class=\"wp-image-69964\" srcset=\"https:\/\/www.em.com.br\/emfoco\/wp-content\/uploads\/2025\/07\/carboidrato-_1751424266936-1024x576.jpg 1024w, https:\/\/www.em.com.br\/emfoco\/wp-content\/uploads\/2025\/07\/carboidrato-_1751424266936-300x169.jpg 300w, https:\/\/www.em.com.br\/emfoco\/wp-content\/uploads\/2025\/07\/carboidrato-_1751424266936-768x432.jpg 768w, https:\/\/www.em.com.br\/emfoco\/wp-content\/uploads\/2025\/07\/carboidrato-_1751424266936-750x422.jpg 750w, https:\/\/www.em.com.br\/emfoco\/wp-content\/uploads\/2025\/07\/carboidrato-_1751424266936-1140x641.jpg 1140w, https:\/\/www.em.com.br\/emfoco\/wp-content\/uploads\/2025\/07\/carboidrato-_1751424266936.jpg 1280w\" sizes=\"auto, (max-width: 1024px) 100vw, 1024px\" \/><figcaption class=\"wp-element-caption\">Pessoa selecionando p\u00e3o &#8211; Cr\u00e9ditos: depositphotos.com \/ Seregashans<\/figcaption><\/figure><\/div>\n\n\n<h2 class=\"wp-block-heading\">Refrigerante di\u00e1rio: risco para a sa\u00fade<\/h2>\n\n\n\n<p>O consumo eventual de refrigerante n\u00e3o representa grande amea\u00e7a, mas o h\u00e1bito de ingerir a bebida diariamente aumenta o risco de obesidade, resist\u00eancia \u00e0 insulina e problemas dent\u00e1rios. O ideal \u00e9 reduzir ao m\u00e1ximo a frequ\u00eancia e, sempre que poss\u00edvel, substitu\u00ed-lo por \u00e1gua, sucos naturais ou ch\u00e1s sem a\u00e7\u00facar.<\/p>\n\n\n\n<h2 class=\"wp-block-heading\">Como melhorar a alimenta\u00e7\u00e3o sem cortar tudo?<\/h2>\n\n\n\n<p>Segundo Matheus D\u2019\u00c1vila, a chave est\u00e1 no equil\u00edbrio: reduzir quantidades, escolher preparos mais saud\u00e1veis e evitar excessos que, com o tempo, prejudicam a sa\u00fade. Pequenas mudan\u00e7as na rotina alimentar podem gerar grandes resultados sem a necessidade de dietas restritivas.<\/p>\n\n\n\n<h2 class=\"wp-block-heading\">Fontes oficiais<\/h2>\n\n\n\n<ul class=\"wp-block-list\">\n<li>Minist\u00e9rio da Sa\u00fade \u2013 <a href=\"http:\/\/www.gov.br\/saude\" target=\"_blank\" rel=\"noreferrer noopener\">www.gov.br\/saude<\/a><\/li>\n\n\n\n<li>Organiza\u00e7\u00e3o Mundial da Sa\u00fade (OMS) \u2013 <a href=\"http:\/\/www.who.int\" target=\"_blank\" rel=\"noreferrer noopener\">www.who.int<\/a><\/li>\n<\/ul>\n","protected":false},"excerpt":{"rendered":"<p>O nutricionista Matheus D\u2019\u00c1vila, reconhecido por sua abordagem pr\u00e1tica e direta sobre alimenta\u00e7\u00e3o, destaca que muitos h\u00e1bitos alimentares prejudiciais n\u00e3o est\u00e3o relacionados ao alimento em si, mas \u00e0 forma e \u00e0 frequ\u00eancia com que ele \u00e9 consumido. Segundo ele, entender essa diferen\u00e7a \u00e9 fundamental para quem busca emagrecer ou manter um estilo de vida saud\u00e1vel. [&hellip;]<\/p>\n","protected":false},"author":17,"featured_media":90485,"comment_status":"open","ping_status":"open","sticky":false,"template":"","format":"standard","meta":{"jnews-multi-image_gallery":[],"jnews_single_post":{"format":"standard"},"jnews_primary_category":[],"jnews_social_meta":[],"jnews_override_counter":[],"footnotes":""},"categories":[9053],"tags":[4701,3509,327,415],"class_list":["post-89985","post","type-post","status-publish","format-standard","has-post-thumbnail","hentry","category-saude","tag-alimento","tag-nutricao","tag-qualidade-de-vida","tag-saude"],"yoast_head":"<!-- This site is optimized with the Yoast SEO plugin v23.8 - https:\/\/yoast.com\/wordpress\/plugins\/seo\/ -->\n<title>Matheus D\u2019\u00c1vila, Nutricionista, alerta: \u201cO problema n\u00e3o \u00e9 o alimento, \u00e9 como voc\u00ea prepara\u201d - Estado de Minas - Em foco<\/title>\n<meta name=\"description\" content=\"O nutricionista Matheus D\u2019\u00c1vila explica que o problema n\u00e3o \u00e9 o alimento, mas o exagero e os acompanhamentos.\" \/>\n<meta name=\"robots\" content=\"index, follow, max-snippet:-1, max-image-preview:large, max-video-preview:-1\" \/>\n<link rel=\"canonical\" href=\"https:\/\/www.em.com.br\/emfoco\/2025\/08\/12\/matheus-davila-nutricionista-alerta-o-problema-nao-e-o-alimento-e-como-voce-prepara\/\" \/>\n<meta property=\"og:locale\" content=\"pt_BR\" \/>\n<meta property=\"og:type\" content=\"article\" \/>\n<meta property=\"og:title\" content=\"Matheus D\u2019\u00c1vila, Nutricionista, alerta: \u201cO problema n\u00e3o \u00e9 o alimento, \u00e9 como voc\u00ea prepara\u201d - Estado de Minas - Em foco\" \/>\n<meta property=\"og:description\" content=\"O nutricionista Matheus D\u2019\u00c1vila explica que o problema n\u00e3o \u00e9 o alimento, mas o exagero e os acompanhamentos.\" \/>\n<meta property=\"og:url\" content=\"https:\/\/www.em.com.br\/emfoco\/2025\/08\/12\/matheus-davila-nutricionista-alerta-o-problema-nao-e-o-alimento-e-como-voce-prepara\/\" \/>\n<meta property=\"og:site_name\" content=\"Estado de Minas - Em foco\" \/>\n<meta property=\"article:published_time\" content=\"2025-08-12T18:50:00+00:00\" \/>\n<meta property=\"article:modified_time\" content=\"2025-08-12T19:28:15+00:00\" \/>\n<meta property=\"og:image\" content=\"https:\/\/www.em.com.br\/emfoco\/wp-content\/uploads\/2025\/08\/mosaico_1755026866054.jpg\" \/>\n\t<meta property=\"og:image:width\" content=\"1280\" \/>\n\t<meta property=\"og:image:height\" content=\"720\" \/>\n\t<meta property=\"og:image:type\" content=\"image\/jpeg\" \/>\n<meta name=\"author\" content=\"Lucas Sampaio\" \/>\n<meta name=\"twitter:card\" content=\"summary_large_image\" \/>\n<meta name=\"twitter:label1\" content=\"Escrito por\" \/>\n\t<meta name=\"twitter:data1\" content=\"Lucas Sampaio\" \/>\n\t<meta name=\"twitter:label2\" content=\"Est. tempo de leitura\" \/>\n\t<meta name=\"twitter:data2\" content=\"3 minutos\" \/>\n<!-- \/ Yoast SEO plugin. -->","yoast_head_json":{"title":"Matheus D\u2019\u00c1vila, Nutricionista, alerta: \u201cO problema n\u00e3o \u00e9 o alimento, \u00e9 como voc\u00ea prepara\u201d - Estado de Minas - Em foco","description":"O nutricionista Matheus D\u2019\u00c1vila explica que o problema n\u00e3o \u00e9 o alimento, mas o exagero e os acompanhamentos.","robots":{"index":"index","follow":"follow","max-snippet":"max-snippet:-1","max-image-preview":"max-image-preview:large","max-video-preview":"max-video-preview:-1"},"canonical":"https:\/\/www.em.com.br\/emfoco\/2025\/08\/12\/matheus-davila-nutricionista-alerta-o-problema-nao-e-o-alimento-e-como-voce-prepara\/","og_locale":"pt_BR","og_type":"article","og_title":"Matheus D\u2019\u00c1vila, Nutricionista, alerta: \u201cO problema n\u00e3o \u00e9 o alimento, \u00e9 como voc\u00ea prepara\u201d - Estado de Minas - Em foco","og_description":"O nutricionista Matheus D\u2019\u00c1vila explica que o problema n\u00e3o \u00e9 o alimento, mas o exagero e os acompanhamentos.","og_url":"https:\/\/www.em.com.br\/emfoco\/2025\/08\/12\/matheus-davila-nutricionista-alerta-o-problema-nao-e-o-alimento-e-como-voce-prepara\/","og_site_name":"Estado de Minas - Em foco","article_published_time":"2025-08-12T18:50:00+00:00","article_modified_time":"2025-08-12T19:28:15+00:00","og_image":[{"width":1280,"height":720,"url":"https:\/\/www.em.com.br\/emfoco\/wp-content\/uploads\/2025\/08\/mosaico_1755026866054.jpg","type":"image\/jpeg"}],"author":"Lucas Sampaio","twitter_card":"summary_large_image","twitter_misc":{"Escrito por":"Lucas Sampaio","Est. tempo de leitura":"3 minutos"},"schema":{"@context":"https:\/\/schema.org","@graph":[{"@type":"WebPage","@id":"https:\/\/www.em.com.br\/emfoco\/2025\/08\/12\/matheus-davila-nutricionista-alerta-o-problema-nao-e-o-alimento-e-como-voce-prepara\/","url":"https:\/\/www.em.com.br\/emfoco\/2025\/08\/12\/matheus-davila-nutricionista-alerta-o-problema-nao-e-o-alimento-e-como-voce-prepara\/","name":"Matheus D\u2019\u00c1vila, Nutricionista, alerta: \u201cO problema n\u00e3o \u00e9 o alimento, \u00e9 como voc\u00ea prepara\u201d - Estado de Minas - Em foco","isPartOf":{"@id":"https:\/\/www.em.com.br\/emfoco\/#website"},"primaryImageOfPage":{"@id":"https:\/\/www.em.com.br\/emfoco\/2025\/08\/12\/matheus-davila-nutricionista-alerta-o-problema-nao-e-o-alimento-e-como-voce-prepara\/#primaryimage"},"image":{"@id":"https:\/\/www.em.com.br\/emfoco\/2025\/08\/12\/matheus-davila-nutricionista-alerta-o-problema-nao-e-o-alimento-e-como-voce-prepara\/#primaryimage"},"thumbnailUrl":"https:\/\/www.em.com.br\/emfoco\/wp-content\/uploads\/2025\/08\/mosaico_1755026866054.jpg","datePublished":"2025-08-12T18:50:00+00:00","dateModified":"2025-08-12T19:28:15+00:00","author":{"@id":"https:\/\/www.em.com.br\/emfoco\/#\/schema\/person\/9ad4c536bd87f5bb8006420332b99aef"},"description":"O nutricionista Matheus D\u2019\u00c1vila explica que o problema n\u00e3o \u00e9 o alimento, mas o exagero e os acompanhamentos.","breadcrumb":{"@id":"https:\/\/www.em.com.br\/emfoco\/2025\/08\/12\/matheus-davila-nutricionista-alerta-o-problema-nao-e-o-alimento-e-como-voce-prepara\/#breadcrumb"},"inLanguage":"pt-BR","potentialAction":[{"@type":"ReadAction","target":["https:\/\/www.em.com.br\/emfoco\/2025\/08\/12\/matheus-davila-nutricionista-alerta-o-problema-nao-e-o-alimento-e-como-voce-prepara\/"]}]},{"@type":"ImageObject","inLanguage":"pt-BR","@id":"https:\/\/www.em.com.br\/emfoco\/2025\/08\/12\/matheus-davila-nutricionista-alerta-o-problema-nao-e-o-alimento-e-como-voce-prepara\/#primaryimage","url":"https:\/\/www.em.com.br\/emfoco\/wp-content\/uploads\/2025\/08\/mosaico_1755026866054.jpg","contentUrl":"https:\/\/www.em.com.br\/emfoco\/wp-content\/uploads\/2025\/08\/mosaico_1755026866054.jpg","width":1280,"height":720,"caption":"Reprodu\u00e7\u00e3o (TikTok: @matheusdavilanutri)"},{"@type":"BreadcrumbList","@id":"https:\/\/www.em.com.br\/emfoco\/2025\/08\/12\/matheus-davila-nutricionista-alerta-o-problema-nao-e-o-alimento-e-como-voce-prepara\/#breadcrumb","itemListElement":[{"@type":"ListItem","position":1,"name":"In\u00edcio","item":"https:\/\/www.em.com.br\/emfoco\/"},{"@type":"ListItem","position":2,"name":"Matheus D\u2019\u00c1vila, Nutricionista, alerta: \u201cO problema n\u00e3o \u00e9 o alimento, \u00e9 como voc\u00ea prepara\u201d"}]},{"@type":"WebSite","@id":"https:\/\/www.em.com.br\/emfoco\/#website","url":"https:\/\/www.em.com.br\/emfoco\/","name":"Estado de Minas - Em foco","description":"Acompanhe as \u00faltimas not\u00edcias e fique bem informado sobre tudo o que acontece em Minas Gerais, Brasil e no mundo.","potentialAction":[{"@type":"SearchAction","target":{"@type":"EntryPoint","urlTemplate":"https:\/\/www.em.com.br\/emfoco\/?s={search_term_string}"},"query-input":{"@type":"PropertyValueSpecification","valueRequired":true,"valueName":"search_term_string"}}],"inLanguage":"pt-BR"},{"@type":"Person","@id":"https:\/\/www.em.com.br\/emfoco\/#\/schema\/person\/9ad4c536bd87f5bb8006420332b99aef","name":"Lucas Sampaio","image":{"@type":"ImageObject","inLanguage":"pt-BR","@id":"https:\/\/www.em.com.br\/emfoco\/#\/schema\/person\/image\/","url":"https:\/\/secure.gravatar.com\/avatar\/2696b9676ad143cd7135b717faf6f79f?s=96&d=mm&r=g","contentUrl":"https:\/\/secure.gravatar.com\/avatar\/2696b9676ad143cd7135b717faf6f79f?s=96&d=mm&r=g","caption":"Lucas Sampaio"},"sameAs":["https:\/\/www.em.com.br\/emfoco\/"],"url":"https:\/\/www.em.com.br\/emfoco\/author\/lucasmyth\/"}]}},"_links":{"self":[{"href":"https:\/\/www.em.com.br\/emfoco\/wp-json\/wp\/v2\/posts\/89985","targetHints":{"allow":["GET"]}}],"collection":[{"href":"https:\/\/www.em.com.br\/emfoco\/wp-json\/wp\/v2\/posts"}],"about":[{"href":"https:\/\/www.em.com.br\/emfoco\/wp-json\/wp\/v2\/types\/post"}],"author":[{"embeddable":true,"href":"https:\/\/www.em.com.br\/emfoco\/wp-json\/wp\/v2\/users\/17"}],"replies":[{"embeddable":true,"href":"https:\/\/www.em.com.br\/emfoco\/wp-json\/wp\/v2\/comments?post=89985"}],"version-history":[{"count":1,"href":"https:\/\/www.em.com.br\/emfoco\/wp-json\/wp\/v2\/posts\/89985\/revisions"}],"predecessor-version":[{"id":90484,"href":"https:\/\/www.em.com.br\/emfoco\/wp-json\/wp\/v2\/posts\/89985\/revisions\/90484"}],"wp:featuredmedia":[{"embeddable":true,"href":"https:\/\/www.em.com.br\/emfoco\/wp-json\/wp\/v2\/media\/90485"}],"wp:attachment":[{"href":"https:\/\/www.em.com.br\/emfoco\/wp-json\/wp\/v2\/media?parent=89985"}],"wp:term":[{"taxonomy":"category","embeddable":true,"href":"https:\/\/www.em.com.br\/emfoco\/wp-json\/wp\/v2\/categories?post=89985"},{"taxonomy":"post_tag","embeddable":true,"href":"https:\/\/www.em.com.br\/emfoco\/wp-json\/wp\/v2\/tags?post=89985"}],"curies":[{"name":"wp","href":"https:\/\/api.w.org\/{rel}","templated":true}]}}