{"id":89943,"date":"2025-08-11T21:50:00","date_gmt":"2025-08-12T00:50:00","guid":{"rendered":"https:\/\/www.em.com.br\/emfoco\/?p=89943"},"modified":"2025-08-11T21:51:43","modified_gmt":"2025-08-12T00:51:43","slug":"isabella-lacerda-nutricionista-se-voce-e-intolerante-a-lactose-e-continua-consumindo-uma-hora-vai-dar-ruim","status":"publish","type":"post","link":"https:\/\/www.em.com.br\/emfoco\/2025\/08\/11\/isabella-lacerda-nutricionista-se-voce-e-intolerante-a-lactose-e-continua-consumindo-uma-hora-vai-dar-ruim\/","title":{"rendered":"Isabella Lacerda, Nutricionista: \u201cSe voc\u00ea \u00e9 intolerante \u00e0 lactose e continua consumindo, uma hora vai dar ruim\u201d"},"content":{"rendered":"\n<p>A nutricionista Isabella Lacerda alerta que insistir no consumo de alimentos com lactose quando se \u00e9 intolerante pode trazer consequ\u00eancias s\u00e9rias ao longo do tempo. Segundo ela, essa condi\u00e7\u00e3o significa que o corpo n\u00e3o produz a quantidade necess\u00e1ria da enzima lactase, respons\u00e1vel por digerir a lactose presente em leite, queijos e derivados.<\/p>\n\n\n\n<p>De forma bem-humorada, Isabella compara o organismo intolerante a um liquidificador for\u00e7ado a triturar objetos que n\u00e3o deveria: ele at\u00e9 consegue no come\u00e7o, mas com o tempo perde totalmente a efici\u00eancia. O recado \u00e9 claro: ignorar os sinais do corpo \u00e9 abrir caminho para desconfortos e at\u00e9 problemas mais graves.<\/p>\n\n\n\n<h2 class=\"wp-block-heading\">O que acontece no corpo de quem \u00e9 intolerante \u00e0 lactose?<\/h2>\n\n\n\n<p>A intoler\u00e2ncia \u00e0 lactose ocorre quando o organismo n\u00e3o produz ou produz pouca lactase, a enzima que quebra o a\u00e7\u00facar natural do leite. Sem essa digest\u00e3o, o alimento chega ao intestino causando fermenta\u00e7\u00e3o e gerando sintomas como gases, diarreia, constipa\u00e7\u00e3o, c\u00f3licas, n\u00e1useas e incha\u00e7o abdominal.<\/p>\n\n\n\n<p>Isabella explica que cada exposi\u00e7\u00e3o repetida sobrecarrega o sistema digestivo. Com o tempo, os sintomas podem se intensificar, afetando o bem-estar e at\u00e9 outras fun\u00e7\u00f5es gastrointestinais.<\/p>\n\n\n\n<h2 class=\"wp-block-heading\">Consumir lactose todos os dias piora a intoler\u00e2ncia?<\/h2>\n\n\n\n<p>De acordo com a nutricionista, manter o consumo frequente de lactose mesmo com a intoler\u00e2ncia \u00e9 como insistir em usar uma m\u00e1quina quebrada. O corpo at\u00e9 pode contar com suplementos de lactase, mas n\u00e3o \u00e9 saud\u00e1vel depender deles diariamente, ainda mais quando h\u00e1 excesso de alimentos ricos nesse a\u00e7\u00facar.<\/p>\n\n\n<div class=\"wp-block-image\">\n<figure class=\"aligncenter size-large\"><img loading=\"lazy\" decoding=\"async\" width=\"1024\" height=\"576\" src=\"https:\/\/www.em.com.br\/emfoco\/wp-content\/uploads\/2025\/08\/lactose-_1754959736661-1024x576.jpg\" alt=\"\" class=\"wp-image-89944\" srcset=\"https:\/\/www.em.com.br\/emfoco\/wp-content\/uploads\/2025\/08\/lactose-_1754959736661-1024x576.jpg 1024w, https:\/\/www.em.com.br\/emfoco\/wp-content\/uploads\/2025\/08\/lactose-_1754959736661-300x169.jpg 300w, https:\/\/www.em.com.br\/emfoco\/wp-content\/uploads\/2025\/08\/lactose-_1754959736661-768x432.jpg 768w, https:\/\/www.em.com.br\/emfoco\/wp-content\/uploads\/2025\/08\/lactose-_1754959736661-750x422.jpg 750w, https:\/\/www.em.com.br\/emfoco\/wp-content\/uploads\/2025\/08\/lactose-_1754959736661-1140x641.jpg 1140w, https:\/\/www.em.com.br\/emfoco\/wp-content\/uploads\/2025\/08\/lactose-_1754959736661.jpg 1280w\" sizes=\"auto, (max-width: 1024px) 100vw, 1024px\" \/><figcaption class=\"wp-element-caption\">Mulher com sintomas de intoler\u00e2ncia \u00e0 lactose ap\u00f3s tomar leite &#8211; Cr\u00e9ditos: depositphotos.com \/ HayDmitriy<\/figcaption><\/figure><\/div>\n\n\n<p>Esse h\u00e1bito pode agravar os sintomas e gerar inflama\u00e7\u00f5es intestinais, al\u00e9m de comprometer a absor\u00e7\u00e3o de outros nutrientes. O ideal \u00e9 evitar o consumo excessivo e buscar alternativas.<\/p>\n\n\n\n<h2 class=\"wp-block-heading\">Quais s\u00e3o as op\u00e7\u00f5es para quem n\u00e3o quer abrir m\u00e3o do sabor?<\/h2>\n\n\n\n<p>Segundo Isabella, \u00e9 poss\u00edvel manter uma alimenta\u00e7\u00e3o saborosa sem sofrer com os sintomas. Entre as estrat\u00e9gias est\u00e3o substituir por produtos zero lactose e, em casos ocasionais, usar a enzima lactase antes do consumo. O segredo \u00e9 equil\u00edbrio e modera\u00e7\u00e3o.<\/p>\n\n\n\n<p>Ela lembra ainda que h\u00e1 pessoas com diferentes graus de sensibilidade: algumas reagem apenas a grandes quantidades, enquanto outras t\u00eam sintomas mesmo com pequenas doses. Por isso, \u00e9 essencial respeitar os limites individuais.<\/p>\n\n\n\n<h2 class=\"wp-block-heading\">E quando o problema n\u00e3o \u00e9 intoler\u00e2ncia, mas sensibilidade?<\/h2>\n\n\n\n<p>Al\u00e9m da intoler\u00e2ncia, existe a sensibilidade \u00e0 lactose, em que a rea\u00e7\u00e3o \u00e9 mais leve ou restrita a determinados produtos. Nesses casos, o cuidado continua sendo importante, j\u00e1 que a repeti\u00e7\u00e3o do consumo em excesso pode levar a desconfortos e inflama\u00e7\u00f5es.<\/p>\n\n\n\n<blockquote class=\"tiktok-embed\" cite=\"https:\/\/www.tiktok.com\/@isabellalacerda_nutri\/video\/7533602768938880312\" data-video-id=\"7533602768938880312\" style=\"max-width: 605px;min-width: 325px;\" > <section> <a target=\"_blank\" title=\"@isabellalacerda_nutri\" href=\"https:\/\/www.tiktok.com\/@isabellalacerda_nutri?refer=embed\">@isabellalacerda_nutri<\/a> <p>Intoler\u00e2ncia \u00e0 lactose n\u00e3o \u00e9 uma condi\u00e7\u00e3o s\u00e9ria nem consegue escalar outras comorbidades &#8211; mas isso apenas se voc\u00ea cuida da sua sa\u00fade como um todo. Tem uma aula completa sobre o assunto dentro da Comunidade Grande Gostosa. O link ta na bio \ud83c\udf51 \ud83d\uddde\ufe0f Update on lactose malabsorption and intolerance: pathogenesis, diagnosis and clinical management. Review. 2019. doi: 10.1136&#47;gutjnl-2019-318404.<\/p> <a target=\"_blank\" title=\"\u266c som original - Isabella Lacerda\" href=\"https:\/\/www.tiktok.com\/music\/som-original-7533602907581713158?refer=embed\">\u266c som original &#8211; Isabella Lacerda<\/a> <\/section> <\/blockquote> <script async src=\"https:\/\/www.tiktok.com\/embed.js\"><\/script>\n\n\n\n<p>Para a nutricionista, independentemente do diagn\u00f3stico, o ponto central \u00e9 n\u00e3o ignorar os sinais que o corpo envia. Monitorar, ajustar e buscar alternativas \u00e9 a melhor forma de manter sa\u00fade e prazer \u00e0 mesa.<\/p>\n\n\n\n<h2 class=\"wp-block-heading\">Fontes oficiais utilizadas<\/h2>\n\n\n\n<ul class=\"wp-block-list\">\n<li>Minist\u00e9rio da Sa\u00fade \u2013 Intoler\u00e2ncia \u00e0 lactose: causas e cuidados: <a href=\"https:\/\/www.gov.br\/saude\" target=\"_blank\" rel=\"noreferrer noopener\">https:\/\/www.gov.br\/saude<\/a><\/li>\n\n\n\n<li>Organiza\u00e7\u00e3o Mundial da Sa\u00fade \u2013 Sa\u00fade digestiva e alimenta\u00e7\u00e3o equilibrada: <a href=\"https:\/\/www.who.int\" target=\"_blank\" rel=\"noreferrer noopener\">https:\/\/www.who.int<\/a><\/li>\n<\/ul>\n","protected":false},"excerpt":{"rendered":"<p>A nutricionista Isabella Lacerda alerta que insistir no consumo de alimentos com lactose quando se \u00e9 intolerante pode trazer consequ\u00eancias s\u00e9rias ao longo do tempo. Segundo ela, essa condi\u00e7\u00e3o significa que o corpo n\u00e3o produz a quantidade necess\u00e1ria da enzima lactase, respons\u00e1vel por digerir a lactose presente em leite, queijos e derivados. De forma bem-humorada, [&hellip;]<\/p>\n","protected":false},"author":17,"featured_media":89946,"comment_status":"open","ping_status":"open","sticky":false,"template":"","format":"standard","meta":{"jnews-multi-image_gallery":[],"jnews_single_post":{"format":"standard"},"jnews_primary_category":[],"jnews_social_meta":[],"jnews_override_counter":[],"footnotes":""},"categories":[9053],"tags":[3509,327,415],"class_list":["post-89943","post","type-post","status-publish","format-standard","has-post-thumbnail","hentry","category-saude","tag-nutricao","tag-qualidade-de-vida","tag-saude"],"yoast_head":"<!-- This site is optimized with the Yoast SEO plugin v23.8 - https:\/\/yoast.com\/wordpress\/plugins\/seo\/ -->\n<title>Isabella Lacerda, Nutricionista: \u201cSe voc\u00ea \u00e9 intolerante \u00e0 lactose e continua consumindo, uma hora vai dar ruim\u201d - Estado de Minas - Em foco<\/title>\n<meta name=\"description\" content=\"A nutricionista Isabella Lacerda explica por que consumir lactose sendo intolerante pode piorar seus sintomas e como fazer escolhas mais equilibradas.\" \/>\n<meta name=\"robots\" content=\"index, follow, max-snippet:-1, max-image-preview:large, max-video-preview:-1\" \/>\n<link rel=\"canonical\" href=\"https:\/\/www.em.com.br\/emfoco\/2025\/08\/11\/isabella-lacerda-nutricionista-se-voce-e-intolerante-a-lactose-e-continua-consumindo-uma-hora-vai-dar-ruim\/\" \/>\n<meta property=\"og:locale\" content=\"pt_BR\" \/>\n<meta property=\"og:type\" content=\"article\" \/>\n<meta property=\"og:title\" content=\"Isabella Lacerda, Nutricionista: \u201cSe voc\u00ea \u00e9 intolerante \u00e0 lactose e continua consumindo, uma hora vai dar ruim\u201d - Estado de Minas - Em foco\" \/>\n<meta property=\"og:description\" content=\"A nutricionista Isabella Lacerda explica por que consumir lactose sendo intolerante pode piorar seus sintomas e como fazer escolhas mais equilibradas.\" \/>\n<meta property=\"og:url\" content=\"https:\/\/www.em.com.br\/emfoco\/2025\/08\/11\/isabella-lacerda-nutricionista-se-voce-e-intolerante-a-lactose-e-continua-consumindo-uma-hora-vai-dar-ruim\/\" \/>\n<meta property=\"og:site_name\" content=\"Estado de Minas - Em foco\" \/>\n<meta property=\"article:published_time\" content=\"2025-08-12T00:50:00+00:00\" \/>\n<meta property=\"article:modified_time\" content=\"2025-08-12T00:51:43+00:00\" \/>\n<meta property=\"og:image\" content=\"https:\/\/www.em.com.br\/emfoco\/wp-content\/uploads\/2025\/08\/mosaico_1754959825293.jpg\" \/>\n\t<meta property=\"og:image:width\" content=\"1280\" \/>\n\t<meta property=\"og:image:height\" content=\"720\" \/>\n\t<meta property=\"og:image:type\" content=\"image\/jpeg\" \/>\n<meta name=\"author\" content=\"Lucas Sampaio\" \/>\n<meta name=\"twitter:card\" content=\"summary_large_image\" \/>\n<meta name=\"twitter:label1\" content=\"Escrito por\" \/>\n\t<meta name=\"twitter:data1\" content=\"Lucas Sampaio\" \/>\n\t<meta name=\"twitter:label2\" content=\"Est. tempo de leitura\" \/>\n\t<meta name=\"twitter:data2\" content=\"4 minutos\" \/>\n<!-- \/ Yoast SEO plugin. -->","yoast_head_json":{"title":"Isabella Lacerda, Nutricionista: \u201cSe voc\u00ea \u00e9 intolerante \u00e0 lactose e continua consumindo, uma hora vai dar ruim\u201d - Estado de Minas - Em foco","description":"A nutricionista Isabella Lacerda explica por que consumir lactose sendo intolerante pode piorar seus sintomas e como fazer escolhas mais equilibradas.","robots":{"index":"index","follow":"follow","max-snippet":"max-snippet:-1","max-image-preview":"max-image-preview:large","max-video-preview":"max-video-preview:-1"},"canonical":"https:\/\/www.em.com.br\/emfoco\/2025\/08\/11\/isabella-lacerda-nutricionista-se-voce-e-intolerante-a-lactose-e-continua-consumindo-uma-hora-vai-dar-ruim\/","og_locale":"pt_BR","og_type":"article","og_title":"Isabella Lacerda, Nutricionista: \u201cSe voc\u00ea \u00e9 intolerante \u00e0 lactose e continua consumindo, uma hora vai dar ruim\u201d - Estado de Minas - Em foco","og_description":"A nutricionista Isabella Lacerda explica por que consumir lactose sendo intolerante pode piorar seus sintomas e como fazer escolhas mais equilibradas.","og_url":"https:\/\/www.em.com.br\/emfoco\/2025\/08\/11\/isabella-lacerda-nutricionista-se-voce-e-intolerante-a-lactose-e-continua-consumindo-uma-hora-vai-dar-ruim\/","og_site_name":"Estado de Minas - Em foco","article_published_time":"2025-08-12T00:50:00+00:00","article_modified_time":"2025-08-12T00:51:43+00:00","og_image":[{"width":1280,"height":720,"url":"https:\/\/www.em.com.br\/emfoco\/wp-content\/uploads\/2025\/08\/mosaico_1754959825293.jpg","type":"image\/jpeg"}],"author":"Lucas Sampaio","twitter_card":"summary_large_image","twitter_misc":{"Escrito por":"Lucas Sampaio","Est. tempo de leitura":"4 minutos"},"schema":{"@context":"https:\/\/schema.org","@graph":[{"@type":"WebPage","@id":"https:\/\/www.em.com.br\/emfoco\/2025\/08\/11\/isabella-lacerda-nutricionista-se-voce-e-intolerante-a-lactose-e-continua-consumindo-uma-hora-vai-dar-ruim\/","url":"https:\/\/www.em.com.br\/emfoco\/2025\/08\/11\/isabella-lacerda-nutricionista-se-voce-e-intolerante-a-lactose-e-continua-consumindo-uma-hora-vai-dar-ruim\/","name":"Isabella Lacerda, Nutricionista: \u201cSe voc\u00ea \u00e9 intolerante \u00e0 lactose e continua consumindo, uma hora vai dar ruim\u201d - Estado de Minas - Em foco","isPartOf":{"@id":"https:\/\/www.em.com.br\/emfoco\/#website"},"primaryImageOfPage":{"@id":"https:\/\/www.em.com.br\/emfoco\/2025\/08\/11\/isabella-lacerda-nutricionista-se-voce-e-intolerante-a-lactose-e-continua-consumindo-uma-hora-vai-dar-ruim\/#primaryimage"},"image":{"@id":"https:\/\/www.em.com.br\/emfoco\/2025\/08\/11\/isabella-lacerda-nutricionista-se-voce-e-intolerante-a-lactose-e-continua-consumindo-uma-hora-vai-dar-ruim\/#primaryimage"},"thumbnailUrl":"https:\/\/www.em.com.br\/emfoco\/wp-content\/uploads\/2025\/08\/mosaico_1754959825293.jpg","datePublished":"2025-08-12T00:50:00+00:00","dateModified":"2025-08-12T00:51:43+00:00","author":{"@id":"https:\/\/www.em.com.br\/emfoco\/#\/schema\/person\/9ad4c536bd87f5bb8006420332b99aef"},"description":"A nutricionista Isabella Lacerda explica por que consumir lactose sendo intolerante pode piorar seus sintomas e como fazer escolhas mais equilibradas.","breadcrumb":{"@id":"https:\/\/www.em.com.br\/emfoco\/2025\/08\/11\/isabella-lacerda-nutricionista-se-voce-e-intolerante-a-lactose-e-continua-consumindo-uma-hora-vai-dar-ruim\/#breadcrumb"},"inLanguage":"pt-BR","potentialAction":[{"@type":"ReadAction","target":["https:\/\/www.em.com.br\/emfoco\/2025\/08\/11\/isabella-lacerda-nutricionista-se-voce-e-intolerante-a-lactose-e-continua-consumindo-uma-hora-vai-dar-ruim\/"]}]},{"@type":"ImageObject","inLanguage":"pt-BR","@id":"https:\/\/www.em.com.br\/emfoco\/2025\/08\/11\/isabella-lacerda-nutricionista-se-voce-e-intolerante-a-lactose-e-continua-consumindo-uma-hora-vai-dar-ruim\/#primaryimage","url":"https:\/\/www.em.com.br\/emfoco\/wp-content\/uploads\/2025\/08\/mosaico_1754959825293.jpg","contentUrl":"https:\/\/www.em.com.br\/emfoco\/wp-content\/uploads\/2025\/08\/mosaico_1754959825293.jpg","width":1280,"height":720,"caption":"Reprodu\u00e7\u00e3o (TikTok: @isabellalacerda_nutri)"},{"@type":"BreadcrumbList","@id":"https:\/\/www.em.com.br\/emfoco\/2025\/08\/11\/isabella-lacerda-nutricionista-se-voce-e-intolerante-a-lactose-e-continua-consumindo-uma-hora-vai-dar-ruim\/#breadcrumb","itemListElement":[{"@type":"ListItem","position":1,"name":"In\u00edcio","item":"https:\/\/www.em.com.br\/emfoco\/"},{"@type":"ListItem","position":2,"name":"Isabella Lacerda, Nutricionista: \u201cSe voc\u00ea \u00e9 intolerante \u00e0 lactose e continua consumindo, uma hora vai dar ruim\u201d"}]},{"@type":"WebSite","@id":"https:\/\/www.em.com.br\/emfoco\/#website","url":"https:\/\/www.em.com.br\/emfoco\/","name":"Estado de Minas - Em foco","description":"Acompanhe as \u00faltimas not\u00edcias e fique bem informado sobre tudo o que acontece em Minas Gerais, Brasil e no mundo.","potentialAction":[{"@type":"SearchAction","target":{"@type":"EntryPoint","urlTemplate":"https:\/\/www.em.com.br\/emfoco\/?s={search_term_string}"},"query-input":{"@type":"PropertyValueSpecification","valueRequired":true,"valueName":"search_term_string"}}],"inLanguage":"pt-BR"},{"@type":"Person","@id":"https:\/\/www.em.com.br\/emfoco\/#\/schema\/person\/9ad4c536bd87f5bb8006420332b99aef","name":"Lucas Sampaio","image":{"@type":"ImageObject","inLanguage":"pt-BR","@id":"https:\/\/www.em.com.br\/emfoco\/#\/schema\/person\/image\/","url":"https:\/\/secure.gravatar.com\/avatar\/2696b9676ad143cd7135b717faf6f79f?s=96&d=mm&r=g","contentUrl":"https:\/\/secure.gravatar.com\/avatar\/2696b9676ad143cd7135b717faf6f79f?s=96&d=mm&r=g","caption":"Lucas Sampaio"},"sameAs":["https:\/\/www.em.com.br\/emfoco\/"],"url":"https:\/\/www.em.com.br\/emfoco\/author\/lucasmyth\/"}]}},"_links":{"self":[{"href":"https:\/\/www.em.com.br\/emfoco\/wp-json\/wp\/v2\/posts\/89943","targetHints":{"allow":["GET"]}}],"collection":[{"href":"https:\/\/www.em.com.br\/emfoco\/wp-json\/wp\/v2\/posts"}],"about":[{"href":"https:\/\/www.em.com.br\/emfoco\/wp-json\/wp\/v2\/types\/post"}],"author":[{"embeddable":true,"href":"https:\/\/www.em.com.br\/emfoco\/wp-json\/wp\/v2\/users\/17"}],"replies":[{"embeddable":true,"href":"https:\/\/www.em.com.br\/emfoco\/wp-json\/wp\/v2\/comments?post=89943"}],"version-history":[{"count":2,"href":"https:\/\/www.em.com.br\/emfoco\/wp-json\/wp\/v2\/posts\/89943\/revisions"}],"predecessor-version":[{"id":89948,"href":"https:\/\/www.em.com.br\/emfoco\/wp-json\/wp\/v2\/posts\/89943\/revisions\/89948"}],"wp:featuredmedia":[{"embeddable":true,"href":"https:\/\/www.em.com.br\/emfoco\/wp-json\/wp\/v2\/media\/89946"}],"wp:attachment":[{"href":"https:\/\/www.em.com.br\/emfoco\/wp-json\/wp\/v2\/media?parent=89943"}],"wp:term":[{"taxonomy":"category","embeddable":true,"href":"https:\/\/www.em.com.br\/emfoco\/wp-json\/wp\/v2\/categories?post=89943"},{"taxonomy":"post_tag","embeddable":true,"href":"https:\/\/www.em.com.br\/emfoco\/wp-json\/wp\/v2\/tags?post=89943"}],"curies":[{"name":"wp","href":"https:\/\/api.w.org\/{rel}","templated":true}]}}