{"id":89926,"date":"2025-08-12T13:38:00","date_gmt":"2025-08-12T16:38:00","guid":{"rendered":"https:\/\/www.em.com.br\/emfoco\/?p=89926"},"modified":"2025-08-11T21:34:27","modified_gmt":"2025-08-12T00:34:27","slug":"nova-regra-do-inss-facilita-a-vida-de-idosos-beneficiarios-do-bpc","status":"publish","type":"post","link":"https:\/\/www.em.com.br\/emfoco\/2025\/08\/12\/nova-regra-do-inss-facilita-a-vida-de-idosos-beneficiarios-do-bpc\/","title":{"rendered":"Nova regra do INSS facilita a vida de idosos benefici\u00e1rios do BPC"},"content":{"rendered":"\n<p>Nos \u00faltimos anos, o <strong>Instituto Nacional do Seguro Social<\/strong> (<a href=\"https:\/\/meu.inss.gov.br\/\" target=\"_blank\" rel=\"noreferrer noopener\">INSS<\/a>) tem implementado uma s\u00e9rie de altera\u00e7\u00f5es para melhorar a efici\u00eancia e a facilidade de acesso aos benef\u00edcios sociais. Recentemente, uma mudan\u00e7a significativa foi anunciada: idosos com defici\u00eancia, que s\u00e3o benefici\u00e1rios do <strong>Benef\u00edcio de Presta\u00e7\u00e3o Continuada<\/strong> (<a href=\"https:\/\/www.em.com.br\/emfoco\/2025\/08\/10\/como-as-mudancas-no-bpc-loas-vao-impactar-os-beneficiarios\/\" target=\"_blank\" rel=\"noreferrer noopener\">BPC<\/a>), n\u00e3o precisar\u00e3o mais realizar per\u00edcias de reavalia\u00e7\u00e3o a partir dos 65 anos. Esta medida, que entrou em vigor em uma quinta-feira recente, visa reduzir a burocracia e facilitar o acesso ao benef\u00edcio para os idosos.<\/p>\n\n\n\n<p>O <strong>BPC <\/strong>\u00e9 um benef\u00edcio pago a idosos de 65 anos ou mais e a pessoas com defici\u00eancia de baixa renda. Este benef\u00edcio n\u00e3o exige uma contribui\u00e7\u00e3o pr\u00e9via ao <strong>INSS <\/strong>e \u00e9 equivalente a um sal\u00e1rio m\u00ednimo mensal. Contudo, o benefici\u00e1rio precisa comprovar que sua renda familiar per capita \u00e9 inferior a um quarto do sal\u00e1rio m\u00ednimo. Com a nova regra, idosos com defici\u00eancia que completaram 65 anos est\u00e3o isentos da necessidade de passar por per\u00edcias m\u00e9dicas peri\u00f3dicas para a manuten\u00e7\u00e3o do benef\u00edcio.<\/p>\n\n\n\n<p>Al\u00e9m disso, a dispensa de per\u00edcia abre espa\u00e7o para maior inclus\u00e3o social e elimina barreiras que dificultavam o acesso de idosos ao benef\u00edcio. O objetivo \u00e9 garantir que grupos mais vulner\u00e1veis permane\u00e7am amparados sem enfrentar entraves desnecess\u00e1rios. A expectativa \u00e9 de que a medida incentive outras a\u00e7\u00f5es de simplifica\u00e7\u00e3o dentro do <strong>INSS<\/strong>, beneficiando tamb\u00e9m futuras gera\u00e7\u00f5es de usu\u00e1rios.<\/p>\n\n\n\n<h2 class=\"wp-block-heading\">Qual \u00e9 o impacto da nova regra para benefici\u00e1rios do BPC?<\/h2>\n\n\n<div class=\"wp-block-image\">\n<figure class=\"aligncenter size-large\"><img loading=\"lazy\" decoding=\"async\" width=\"1024\" height=\"576\" src=\"https:\/\/www.em.com.br\/emfoco\/wp-content\/uploads\/2025\/06\/idoso-computador_1744372658031-1024x576.jpg\" alt=\"Idosos podem pagar menos imposto e viajar de gra\u00e7a! Saiba mais\" class=\"wp-image-54992\" srcset=\"https:\/\/www.em.com.br\/emfoco\/wp-content\/uploads\/2025\/06\/idoso-computador_1744372658031-1024x576.jpg 1024w, https:\/\/www.em.com.br\/emfoco\/wp-content\/uploads\/2025\/06\/idoso-computador_1744372658031-300x169.jpg 300w, https:\/\/www.em.com.br\/emfoco\/wp-content\/uploads\/2025\/06\/idoso-computador_1744372658031-768x432.jpg 768w, https:\/\/www.em.com.br\/emfoco\/wp-content\/uploads\/2025\/06\/idoso-computador_1744372658031-750x422.jpg 750w, https:\/\/www.em.com.br\/emfoco\/wp-content\/uploads\/2025\/06\/idoso-computador_1744372658031-1140x641.jpg 1140w, https:\/\/www.em.com.br\/emfoco\/wp-content\/uploads\/2025\/06\/idoso-computador_1744372658031.jpg 1280w\" sizes=\"auto, (max-width: 1024px) 100vw, 1024px\" \/><figcaption class=\"wp-element-caption\">Senhor feliz olhando para o notebook &#8211; Cr\u00e9ditos: depositphotos.com \/ NatashaFedorova<\/figcaption><\/figure><\/div>\n\n\n<p>A nova diretriz dispensando a reavalia\u00e7\u00e3o envolve cerca de 150 mil brasileiros e foi publicada no <strong>Di\u00e1rio Oficial da Uni\u00e3o<\/strong> atrav\u00e9s da <strong><a href=\"https:\/\/www.gov.br\/transferegov\/pt-br\/legislacao\/portarias\/portaria-conjunta-mgi-mf-cgu-no-33-de-30-de-agosto-de-2023\" target=\"_blank\" rel=\"noreferrer noopener\">Portaria Conjunta n.\u00ba 33<\/a><\/strong>. Al\u00e9m dos idosos a partir de 65 anos, a portaria tamb\u00e9m beneficia outros grupos de pessoas com defici\u00eancia. A medida garante que aqueles que voltaram a receber o <strong>BPC <\/strong>ap\u00f3s uma interrup\u00e7\u00e3o, devido ao trabalho formal ou ao recebimento do aux\u00edlio-inclus\u00e3o, tamb\u00e9m sejam dispensados da per\u00edcia m\u00e9dica temporariamente.<\/p>\n\n\n\n<p>Idosos e pessoas com defici\u00eancia poder\u00e3o manter seu acesso ao benef\u00edcio com mais tranquilidade e seguran\u00e7a quanto \u00e0 continuidade do suporte financeiro. Isso diminui a ansiedade e o estresse relacionados \u00e0 necessidade constante de comprova\u00e7\u00e3o, permitindo maior dignidade e autonomia. Espera-se ainda que a medida reduza filas e sobrecargas no sistema de atendimento do <strong>INSS<\/strong>.<\/p>\n\n\n\n<p>Do ponto de vista social, a iniciativa representa um avan\u00e7o em termos de direitos humanos, j\u00e1 que promove maior equidade no acesso \u00e0 assist\u00eancia social. N\u00e3o apenas os benefici\u00e1rios diretos, mas suas fam\u00edlias e comunidades tamb\u00e9m s\u00e3o impactados positivamente. Assim, a regra amplia o alcance do <strong>BPC <\/strong>e fortalece as redes de prote\u00e7\u00e3o social existentes.<\/p>\n\n\n\n<h2 class=\"wp-block-heading\">Como funciona o Benef\u00edcio de Presta\u00e7\u00e3o Continuada?<\/h2>\n\n\n\n<p>O <strong>BPC <\/strong>\u00e9 voltado para pessoas com defici\u00eancia e idosos que atendem aos crit\u00e9rios de baixa renda espec\u00edficos. Para ser eleg\u00edvel, os candidatos devem comprovar que a renda familiar mensal per capita \u00e9 inferior a um quarto do sal\u00e1rio m\u00ednimo em vigor. Este benef\u00edcio \u00e9 crucial para proporcionar um suporte financeiro b\u00e1sico a segmentos vulner\u00e1veis da popula\u00e7\u00e3o. Com a isen\u00e7\u00e3o da per\u00edcia, espera-se que mais indiv\u00edduos possam acessar e manter este suporte sem contratempos adicionais.<\/p>\n\n\n\n<p>A solicita\u00e7\u00e3o do <strong>BPC <\/strong>ocorre principalmente de forma digital, pelo <strong>Meu INSS<\/strong>, tornando o processo mais acess\u00edvel. Apesar da facilidade, ainda \u00e9 fundamental reunir todos os documentos necess\u00e1rios e manter os dados da fam\u00edlia atualizados no <strong>Cadastro \u00danico<\/strong>. O acompanhamento cont\u00ednuo das mudan\u00e7as nas regras \u00e9 importante para que o benefici\u00e1rio n\u00e3o perca prazos ou requisitos.<\/p>\n\n\n\n<p>A dispensa de per\u00edcia para determinados grupos simplifica ainda mais o passo a passo da manuten\u00e7\u00e3o do benef\u00edcio. Quem j\u00e1 passou pela avalia\u00e7\u00e3o m\u00e9dica anterior n\u00e3o precisar\u00e1 reagendar exames ap\u00f3s os 65 anos, especialmente em casos irrevers\u00edveis. Todo o processo refor\u00e7a o papel do <strong>BPC<\/strong> na promo\u00e7\u00e3o da inclus\u00e3o social no <strong>Brasil<\/strong>.<\/p>\n\n\n\n<h2 class=\"wp-block-heading\">Quais s\u00e3o as vantagens desta mudan\u00e7a para a administra\u00e7\u00e3o p\u00fablica?<\/h2>\n\n\n\n<p>As mudan\u00e7as nas exig\u00eancias para a per\u00edcia m\u00e9dica trazem vantagens n\u00e3o apenas para os benefici\u00e1rios, mas tamb\u00e9m para a administra\u00e7\u00e3o p\u00fablica. Ao reduzir a necessidade de per\u00edcias, o <strong>INSS <\/strong>pode diminuir custos administrativos e liberar funcion\u00e1rios para outras tarefas. Isso \u00e9 visto como uma forma de aumentar a efici\u00eancia do servi\u00e7o p\u00fablico, pois diminui a carga de trabalho associada a verifica\u00e7\u00f5es m\u00e9dicas cont\u00ednuas, permitindo assim um atendimento mais \u00e1gil a outras necessidades dos cidad\u00e3os.<\/p>\n\n\n\n<p>Outro destaque \u00e9 que, com menos demanda por per\u00edcias, \u00e9 poss\u00edvel direcionar recursos e esfor\u00e7os para an\u00e1lises de casos mais complexos e para a amplia\u00e7\u00e3o dos programas sociais. O ganho em produtividade reflete diretamente na qualidade do servi\u00e7o prestado \u00e0 popula\u00e7\u00e3o. Al\u00e9m disso, a redu\u00e7\u00e3o do fluxo de pessoas em per\u00edcias m\u00e9dicas contribui para diminui\u00e7\u00e3o do tempo de espera em outros servi\u00e7os do <strong>INSS<\/strong>.<\/p>\n\n\n\n<p>Essa racionaliza\u00e7\u00e3o dos processos tamb\u00e9m impacta positivamente a imagem do \u00f3rg\u00e3o junto \u00e0 sociedade, ao demonstrar preocupa\u00e7\u00e3o com a dignidade dos benefici\u00e1rios. Medidas como essa podem servir de refer\u00eancia para ajustes em outros servi\u00e7os p\u00fablicos, promovendo um ambiente menos burocr\u00e1tico e mais eficiente no setor social brasileiro.<\/p>\n\n\n\n<h2 class=\"wp-block-heading\">Quem mais pode se beneficiar das novas diretrizes?<\/h2>\n\n\n\n<p>Al\u00e9m dos idosos com defici\u00eancia<strong> a partir de 65 anos<\/strong>, a portaria contempla pessoas cuja defici\u00eancia foi considerada permanente, irrevers\u00edvel ou sem possibilidade de recupera\u00e7\u00e3o. Enquanto n\u00e3o for criado um sistema espec\u00edfico para registro definitivo desses diagn\u00f3sticos, esses benefici\u00e1rios permanecem isentos de reavalia\u00e7\u00f5es burocr\u00e1ticas. A isen\u00e7\u00e3o estende-se tamb\u00e9m a quem teve o <strong>BPC <\/strong>suspenso e foi reativado ap\u00f3s v\u00ednculos de emprego formal ou recebimento do aux\u00edlio-inclus\u00e3o.<\/p>\n\n\n\n<p>Essas a\u00e7\u00f5es garantem prote\u00e7\u00e3o cont\u00ednua a um grupo mais amplo e, ao mesmo tempo, previnem transtornos gerados por falhas ou atrasos nos processos de per\u00edcia. O sistema se torna mais sens\u00edvel \u00e0s realidades das pessoas com defici\u00eancia, respondendo com flexibilidade \u00e0s necessidades espec\u00edficas de cada perfil. Assim, o acesso ao benef\u00edcio chega a quem realmente precisa, sem obst\u00e1culos extras.<\/p>\n\n\n\n<p>A medida pode tamb\u00e9m estimular discuss\u00f5es e avan\u00e7os futuros para outros tipos de benef\u00edcios assistenciais, que enfrentam barreiras semelhantes no acesso e manuten\u00e7\u00e3o. Com isso, espera-se gerar um efeito multiplicador, inspirando pol\u00edticas p\u00fablicas mais humanizadas e inclusivas em diferentes \u00e1reas.<\/p>\n\n\n\n<h2 class=\"wp-block-heading\">Desafios na implementa\u00e7\u00e3o das novas mudan\u00e7as<\/h2>\n\n\n\n<p>A implementa\u00e7\u00e3o de sistemas eficazes de registro dos casos de defici\u00eancia irrevers\u00edvel ainda \u00e9 um dos principais desafios. At\u00e9 que um cadastro robusto esteja dispon\u00edvel, o acompanhamento adequado de benefici\u00e1rios exige articula\u00e7\u00e3o entre diferentes setores do governo. A atualiza\u00e7\u00e3o frequente das informa\u00e7\u00f5es \u00e9 essencial para evitar fraudes e garantir justi\u00e7a na concess\u00e3o dos benef\u00edcios.<\/p>\n\n\n\n<p>A comunica\u00e7\u00e3o das novas regras para o p\u00fablico tamb\u00e9m demanda esfor\u00e7os constantes, especialmente para alcan\u00e7ar os idosos em zonas rurais ou em situa\u00e7\u00e3o de vulnerabilidade digital. Parcerias com \u00f3rg\u00e3os municipais e organiza\u00e7\u00f5es da sociedade civil s\u00e3o fundamentais para ampliar o alcance da informa\u00e7\u00e3o. Garantir que os benefici\u00e1rios estejam bem orientados reduz riscos de perda de direitos por desinforma\u00e7\u00e3o.<\/p>\n\n\n\n<p>Por fim, lidar com a resist\u00eancia institucional diante de mudan\u00e7as requer treinamento e sensibiliza\u00e7\u00e3o dos servidores, para que todos estejam aptos a lidar com as novas normas e a atender os cidad\u00e3os de forma emp\u00e1tica e eficiente. O acompanhamento dos indicadores de resultado ser\u00e1 importante para corrigir eventuais falhas e consolidar as melhorias.<\/p>\n\n\n\n<h2 class=\"wp-block-heading\">Perspectivas futuras para a assist\u00eancia social no Brasil<\/h2>\n\n\n\n<p>A moderniza\u00e7\u00e3o de processos no <strong>INSS <\/strong>abre caminho para a ado\u00e7\u00e3o de novas tecnologias e automa\u00e7\u00e3o de tarefas repetitivas nos programas sociais. Isso poder\u00e1 facilitar ainda mais o acesso a diferentes tipos de benef\u00edcios, criando ambientes cada vez mais digitais e menos dependentes de tr\u00e2mites presenciais. A tend\u00eancia \u00e9 que o governo invista de forma cont\u00ednua na digitaliza\u00e7\u00e3o dos servi\u00e7os.<\/p>\n\n\n\n<p>O di\u00e1logo com entidades de defesa dos direitos da pessoa com defici\u00eancia e de idosos pode aprimorar ainda mais as pol\u00edticas p\u00fablicas, tornando-as mais conectadas \u00e0s demandas da sociedade. A implementa\u00e7\u00e3o de canais de participa\u00e7\u00e3o social para sugest\u00f5es e reclama\u00e7\u00f5es tende a fortalecer a rela\u00e7\u00e3o entre Estado e cidad\u00e3o. O compromisso de ampliar a cobertura das redes de prote\u00e7\u00e3o social \u00e9 fundamental para o futuro.<\/p>\n\n\n\n<p>Com essas medidas, espera-se que o <strong>Brasil <\/strong>avance na constru\u00e7\u00e3o de um sistema de assist\u00eancia social mais inclusivo, menos burocr\u00e1tico e focado na dignidade das pessoas. A evolu\u00e7\u00e3o das regras do <strong>BPC <\/strong>\u00e9 um marco nesse processo, sinalizando uma nova era de respeito e garantia dos direitos para quem mais precisa do suporte p\u00fablico.<\/p>\n","protected":false},"excerpt":{"rendered":"<p>Nos \u00faltimos anos, o Instituto Nacional do Seguro Social (INSS) tem implementado uma s\u00e9rie de altera\u00e7\u00f5es para melhorar a efici\u00eancia e a facilidade de acesso aos benef\u00edcios sociais. Recentemente, uma mudan\u00e7a significativa foi anunciada: idosos com defici\u00eancia, que s\u00e3o benefici\u00e1rios do Benef\u00edcio de Presta\u00e7\u00e3o Continuada (BPC), n\u00e3o precisar\u00e3o mais realizar per\u00edcias de reavalia\u00e7\u00e3o a partir [&hellip;]<\/p>\n","protected":false},"author":20,"featured_media":80575,"comment_status":"open","ping_status":"open","sticky":false,"template":"","format":"standard","meta":{"jnews-multi-image_gallery":[],"jnews_single_post":{"format":"standard"},"jnews_primary_category":[],"jnews_social_meta":[],"jnews_override_counter":[],"footnotes":""},"categories":[28,1],"tags":[257,174,258],"class_list":["post-89926","post","type-post","status-publish","format-standard","has-post-thumbnail","hentry","category-economia","category-noticias","tag-bpc","tag-inss","tag-loas"],"yoast_head":"<!-- This site is optimized with the Yoast SEO plugin v23.8 - https:\/\/yoast.com\/wordpress\/plugins\/seo\/ -->\n<title>Nova regra do INSS facilita a vida de idosos benefici\u00e1rios do BPC - Estado de Minas - Em foco<\/title>\n<meta name=\"description\" content=\"Idosos com defici\u00eancia que recebem o BPC est\u00e3o isentos de per\u00edcia m\u00e9dica a partir dos 65 anos segundo nova regra do INSS.\" \/>\n<meta name=\"robots\" content=\"index, follow, max-snippet:-1, max-image-preview:large, max-video-preview:-1\" \/>\n<link rel=\"canonical\" href=\"https:\/\/www.em.com.br\/emfoco\/2025\/08\/12\/nova-regra-do-inss-facilita-a-vida-de-idosos-beneficiarios-do-bpc\/\" \/>\n<meta property=\"og:locale\" content=\"pt_BR\" \/>\n<meta property=\"og:type\" content=\"article\" \/>\n<meta property=\"og:title\" content=\"Nova regra do INSS facilita a vida de idosos benefici\u00e1rios do BPC - Estado de Minas - Em foco\" \/>\n<meta property=\"og:description\" content=\"Idosos com defici\u00eancia que recebem o BPC est\u00e3o isentos de per\u00edcia m\u00e9dica a partir dos 65 anos segundo nova regra do INSS.\" \/>\n<meta property=\"og:url\" content=\"https:\/\/www.em.com.br\/emfoco\/2025\/08\/12\/nova-regra-do-inss-facilita-a-vida-de-idosos-beneficiarios-do-bpc\/\" \/>\n<meta property=\"og:site_name\" content=\"Estado de Minas - Em foco\" \/>\n<meta property=\"article:published_time\" content=\"2025-08-12T16:38:00+00:00\" \/>\n<meta property=\"article:modified_time\" content=\"2025-08-12T00:34:27+00:00\" \/>\n<meta property=\"og:image\" content=\"https:\/\/www.em.com.br\/emfoco\/wp-content\/uploads\/2025\/07\/documentos_1753313354407.jpg\" \/>\n\t<meta property=\"og:image:width\" content=\"1280\" \/>\n\t<meta property=\"og:image:height\" content=\"720\" \/>\n\t<meta property=\"og:image:type\" content=\"image\/jpeg\" \/>\n<meta name=\"author\" content=\"Ingrid Diniz\" \/>\n<meta name=\"twitter:card\" content=\"summary_large_image\" \/>\n<meta name=\"twitter:label1\" content=\"Escrito por\" \/>\n\t<meta name=\"twitter:data1\" content=\"Ingrid Diniz\" \/>\n\t<meta name=\"twitter:label2\" content=\"Est. tempo de leitura\" \/>\n\t<meta name=\"twitter:data2\" content=\"8 minutos\" \/>\n<!-- \/ Yoast SEO plugin. -->","yoast_head_json":{"title":"Nova regra do INSS facilita a vida de idosos benefici\u00e1rios do BPC - Estado de Minas - Em foco","description":"Idosos com defici\u00eancia que recebem o BPC est\u00e3o isentos de per\u00edcia m\u00e9dica a partir dos 65 anos segundo nova regra do INSS.","robots":{"index":"index","follow":"follow","max-snippet":"max-snippet:-1","max-image-preview":"max-image-preview:large","max-video-preview":"max-video-preview:-1"},"canonical":"https:\/\/www.em.com.br\/emfoco\/2025\/08\/12\/nova-regra-do-inss-facilita-a-vida-de-idosos-beneficiarios-do-bpc\/","og_locale":"pt_BR","og_type":"article","og_title":"Nova regra do INSS facilita a vida de idosos benefici\u00e1rios do BPC - Estado de Minas - Em foco","og_description":"Idosos com defici\u00eancia que recebem o BPC est\u00e3o isentos de per\u00edcia m\u00e9dica a partir dos 65 anos segundo nova regra do INSS.","og_url":"https:\/\/www.em.com.br\/emfoco\/2025\/08\/12\/nova-regra-do-inss-facilita-a-vida-de-idosos-beneficiarios-do-bpc\/","og_site_name":"Estado de Minas - Em foco","article_published_time":"2025-08-12T16:38:00+00:00","article_modified_time":"2025-08-12T00:34:27+00:00","og_image":[{"width":1280,"height":720,"url":"https:\/\/www.em.com.br\/emfoco\/wp-content\/uploads\/2025\/07\/documentos_1753313354407.jpg","type":"image\/jpeg"}],"author":"Ingrid Diniz","twitter_card":"summary_large_image","twitter_misc":{"Escrito por":"Ingrid Diniz","Est. tempo de leitura":"8 minutos"},"schema":{"@context":"https:\/\/schema.org","@graph":[{"@type":"WebPage","@id":"https:\/\/www.em.com.br\/emfoco\/2025\/08\/12\/nova-regra-do-inss-facilita-a-vida-de-idosos-beneficiarios-do-bpc\/","url":"https:\/\/www.em.com.br\/emfoco\/2025\/08\/12\/nova-regra-do-inss-facilita-a-vida-de-idosos-beneficiarios-do-bpc\/","name":"Nova regra do INSS facilita a vida de idosos benefici\u00e1rios do BPC - Estado de Minas - Em foco","isPartOf":{"@id":"https:\/\/www.em.com.br\/emfoco\/#website"},"primaryImageOfPage":{"@id":"https:\/\/www.em.com.br\/emfoco\/2025\/08\/12\/nova-regra-do-inss-facilita-a-vida-de-idosos-beneficiarios-do-bpc\/#primaryimage"},"image":{"@id":"https:\/\/www.em.com.br\/emfoco\/2025\/08\/12\/nova-regra-do-inss-facilita-a-vida-de-idosos-beneficiarios-do-bpc\/#primaryimage"},"thumbnailUrl":"https:\/\/www.em.com.br\/emfoco\/wp-content\/uploads\/2025\/07\/documentos_1753313354407.jpg","datePublished":"2025-08-12T16:38:00+00:00","dateModified":"2025-08-12T00:34:27+00:00","author":{"@id":"https:\/\/www.em.com.br\/emfoco\/#\/schema\/person\/649e610b4eb8fff87ff394e54fe17b2b"},"description":"Idosos com defici\u00eancia que recebem o BPC est\u00e3o isentos de per\u00edcia m\u00e9dica a partir dos 65 anos segundo nova regra do INSS.","breadcrumb":{"@id":"https:\/\/www.em.com.br\/emfoco\/2025\/08\/12\/nova-regra-do-inss-facilita-a-vida-de-idosos-beneficiarios-do-bpc\/#breadcrumb"},"inLanguage":"pt-BR","potentialAction":[{"@type":"ReadAction","target":["https:\/\/www.em.com.br\/emfoco\/2025\/08\/12\/nova-regra-do-inss-facilita-a-vida-de-idosos-beneficiarios-do-bpc\/"]}]},{"@type":"ImageObject","inLanguage":"pt-BR","@id":"https:\/\/www.em.com.br\/emfoco\/2025\/08\/12\/nova-regra-do-inss-facilita-a-vida-de-idosos-beneficiarios-do-bpc\/#primaryimage","url":"https:\/\/www.em.com.br\/emfoco\/wp-content\/uploads\/2025\/07\/documentos_1753313354407.jpg","contentUrl":"https:\/\/www.em.com.br\/emfoco\/wp-content\/uploads\/2025\/07\/documentos_1753313354407.jpg","width":1280,"height":720,"caption":"Nova regra do Atestmed permite afastamento sem per\u00edcia - Cr\u00e9ditos: depositphotos.com \/ HayDmitriy"},{"@type":"BreadcrumbList","@id":"https:\/\/www.em.com.br\/emfoco\/2025\/08\/12\/nova-regra-do-inss-facilita-a-vida-de-idosos-beneficiarios-do-bpc\/#breadcrumb","itemListElement":[{"@type":"ListItem","position":1,"name":"In\u00edcio","item":"https:\/\/www.em.com.br\/emfoco\/"},{"@type":"ListItem","position":2,"name":"Nova regra do INSS facilita a vida de idosos benefici\u00e1rios do BPC"}]},{"@type":"WebSite","@id":"https:\/\/www.em.com.br\/emfoco\/#website","url":"https:\/\/www.em.com.br\/emfoco\/","name":"Estado de Minas - Em foco","description":"Acompanhe as \u00faltimas not\u00edcias e fique bem informado sobre tudo o que acontece em Minas Gerais, Brasil e no mundo.","potentialAction":[{"@type":"SearchAction","target":{"@type":"EntryPoint","urlTemplate":"https:\/\/www.em.com.br\/emfoco\/?s={search_term_string}"},"query-input":{"@type":"PropertyValueSpecification","valueRequired":true,"valueName":"search_term_string"}}],"inLanguage":"pt-BR"},{"@type":"Person","@id":"https:\/\/www.em.com.br\/emfoco\/#\/schema\/person\/649e610b4eb8fff87ff394e54fe17b2b","name":"Ingrid Diniz","image":{"@type":"ImageObject","inLanguage":"pt-BR","@id":"https:\/\/www.em.com.br\/emfoco\/#\/schema\/person\/image\/","url":"https:\/\/secure.gravatar.com\/avatar\/a3baa1449ec5c39b4c42babc9d4f3951?s=96&d=mm&r=g","contentUrl":"https:\/\/secure.gravatar.com\/avatar\/a3baa1449ec5c39b4c42babc9d4f3951?s=96&d=mm&r=g","caption":"Ingrid Diniz"},"sameAs":["https:\/\/www.em.com.br\/"],"url":"https:\/\/www.em.com.br\/emfoco\/author\/ingridmyth\/"}]}},"_links":{"self":[{"href":"https:\/\/www.em.com.br\/emfoco\/wp-json\/wp\/v2\/posts\/89926","targetHints":{"allow":["GET"]}}],"collection":[{"href":"https:\/\/www.em.com.br\/emfoco\/wp-json\/wp\/v2\/posts"}],"about":[{"href":"https:\/\/www.em.com.br\/emfoco\/wp-json\/wp\/v2\/types\/post"}],"author":[{"embeddable":true,"href":"https:\/\/www.em.com.br\/emfoco\/wp-json\/wp\/v2\/users\/20"}],"replies":[{"embeddable":true,"href":"https:\/\/www.em.com.br\/emfoco\/wp-json\/wp\/v2\/comments?post=89926"}],"version-history":[{"count":1,"href":"https:\/\/www.em.com.br\/emfoco\/wp-json\/wp\/v2\/posts\/89926\/revisions"}],"predecessor-version":[{"id":89939,"href":"https:\/\/www.em.com.br\/emfoco\/wp-json\/wp\/v2\/posts\/89926\/revisions\/89939"}],"wp:featuredmedia":[{"embeddable":true,"href":"https:\/\/www.em.com.br\/emfoco\/wp-json\/wp\/v2\/media\/80575"}],"wp:attachment":[{"href":"https:\/\/www.em.com.br\/emfoco\/wp-json\/wp\/v2\/media?parent=89926"}],"wp:term":[{"taxonomy":"category","embeddable":true,"href":"https:\/\/www.em.com.br\/emfoco\/wp-json\/wp\/v2\/categories?post=89926"},{"taxonomy":"post_tag","embeddable":true,"href":"https:\/\/www.em.com.br\/emfoco\/wp-json\/wp\/v2\/tags?post=89926"}],"curies":[{"name":"wp","href":"https:\/\/api.w.org\/{rel}","templated":true}]}}